{"id":5765,"date":"2021-04-14T03:44:43","date_gmt":"2021-04-14T06:44:43","guid":{"rendered":"https:\/\/radiounodigital.com\/web\/?p=5765"},"modified":"2021-04-14T09:20:48","modified_gmt":"2021-04-14T12:20:48","slug":"iggy-pop-en-la-opera-de-sidney-se-transmitira-el-21-de-abril-de-2021","status":"publish","type":"post","link":"https:\/\/radiounodigital.com\/web\/2021\/04\/14\/iggy-pop-en-la-opera-de-sidney-se-transmitira-el-21-de-abril-de-2021\/","title":{"rendered":"Iggy Pop en la \u00d3pera de S\u00eddney se transmitir\u00e1 el 21 de abril de 2021"},"content":{"rendered":"<h3>En abril de 2019, Iggy toc\u00f3 en cuatro shows con entradas agotadas en Australia.<\/h3>\n<p>Se grab\u00f3 uno de esos conciertos, en la \u00d3pera de Sydney. Este a\u00f1o, para celebrar el cumplea\u00f1os de Iggy el 21 de abril, este espect\u00e1culo muy especial en una casa muy especial se transmitir\u00e1 a nivel mundial.<\/p>\n<p><iframe loading=\"lazy\" title=\"Iggy Pop at Sydney Opera House - teaser.\" width=\"960\" height=\"540\" src=\"https:\/\/www.youtube.com\/embed\/nRaSLXR7K3o?feature=oembed\" frameborder=\"0\" allow=\"accelerometer; autoplay; clipboard-write; encrypted-media; gyroscope; picture-in-picture\" allowfullscreen><\/iframe><\/p>\n<p>&nbsp;<\/p>\n<div class=\"fb-background-color\">\n\t\t\t  <div \n\t\t\t  \tclass = \"fb-comments\" \n\t\t\t  \tdata-href = \"https:\/\/radiounodigital.com\/web\/2021\/04\/14\/iggy-pop-en-la-opera-de-sidney-se-transmitira-el-21-de-abril-de-2021\/\"\n\t\t\t  \tdata-numposts = \"10\"\n\t\t\t  \tdata-lazy = \"true\"\n\t\t\t\tdata-colorscheme = \"dark\"\n\t\t\t\tdata-order-by = \"reverse_time\"\n\t\t\t\tdata-mobile=true>\n\t\t\t  <\/div><\/div>\n\t\t  <style>\n\t\t    .fb-background-color {\n\t\t\t\tbackground: #ffffff !important;\n\t\t\t}\n\t\t\t.fb_iframe_widget_fluid_desktop iframe {\n\t\t\t    width: 100% !important;\n\t\t\t}\n\t\t  <\/style>\n\t\t  ","protected":false},"excerpt":{"rendered":"<p>En abril de 2019, Iggy toc\u00f3 en cuatro shows con entradas agotadas en Australia. Se grab\u00f3 uno de esos conciertos, en la \u00d3pera de Sydney. Este a\u00f1o, para celebrar el cumplea\u00f1os de Iggy el 21 de abril, este espect\u00e1culo muy especial en una casa muy especial se transmitir\u00e1 a nivel mundial. &nbsp;<\/p>\n","protected":false},"author":1,"featured_media":5773,"comment_status":"closed","ping_status":"open","sticky":false,"template":"","format":"standard","meta":{"footnotes":""},"categories":[180,128,1359],"tags":[631,74,653,503],"class_list":["post-5765","post","type-post","status-publish","format-standard","has-post-thumbnail","hentry","category-news","category-rock-clasico","category-videos","tag-australia","tag-en-vivo","tag-iggy-pop","tag-streaming"],"yoast_head":"<!-- This site is optimized with the Yoast SEO plugin v27.4 - https:\/\/yoast.com\/product\/yoast-seo-wordpress\/ -->\n<title>Iggy Pop en la \u00d3pera de S\u00eddney se transmitir\u00e1 el 21 de abril de 2021<\/title>\n<meta name=\"description\" content=\"Se grab\u00f3 uno de esos conciertos, en la \u00d3pera de Sydney. Este a\u00f1o, para celebrar el cumplea\u00f1os de Iggy el 21 de abril.\" \/>\n<meta name=\"robots\" content=\"index, follow, max-snippet:-1, max-image-preview:large, max-video-preview:-1\" \/>\n<link rel=\"canonical\" href=\"https:\/\/radiounodigital.com\/web\/2021\/04\/14\/iggy-pop-en-la-opera-de-sidney-se-transmitira-el-21-de-abril-de-2021\/\" \/>\n<meta property=\"og:locale\" content=\"es_ES\" \/>\n<meta property=\"og:type\" content=\"article\" \/>\n<meta property=\"og:title\" content=\"Iggy Pop en la \u00d3pera de S\u00eddney se transmitir\u00e1 el 21 de abril de 2021\" \/>\n<meta property=\"og:description\" content=\"Se grab\u00f3 uno de esos conciertos, en la \u00d3pera de Sydney. Este a\u00f1o, para celebrar el cumplea\u00f1os de Iggy el 21 de abril.\" \/>\n<meta property=\"og:url\" content=\"https:\/\/radiounodigital.com\/web\/2021\/04\/14\/iggy-pop-en-la-opera-de-sidney-se-transmitira-el-21-de-abril-de-2021\/\" \/>\n<meta property=\"og:site_name\" content=\"Radio UNO Digital\" \/>\n<meta property=\"article:published_time\" content=\"2021-04-14T06:44:43+00:00\" \/>\n<meta property=\"article:modified_time\" content=\"2021-04-14T12:20:48+00:00\" \/>\n<meta property=\"og:image\" content=\"https:\/\/radiounodigital.com\/web\/wp-content\/uploads\/2021\/04\/iggy-pop-sydney-2019-e1618402333353.jpg\" \/>\n\t<meta property=\"og:image:width\" content=\"650\" \/>\n\t<meta property=\"og:image:height\" content=\"326\" \/>\n\t<meta property=\"og:image:type\" content=\"image\/jpeg\" \/>\n<meta name=\"author\" content=\"diegoc\" \/>\n<meta name=\"twitter:card\" content=\"summary_large_image\" \/>\n<meta name=\"twitter:label1\" content=\"Escrito por\" \/>\n\t<meta name=\"twitter:data1\" content=\"diegoc\" \/>\n\t<meta name=\"twitter:label2\" content=\"Tiempo de lectura\" \/>\n\t<meta name=\"twitter:data2\" content=\"1 minuto\" \/>\n<script type=\"application\/ld+json\" class=\"yoast-schema-graph\">{\"@context\":\"https:\\\/\\\/schema.org\",\"@graph\":[{\"@type\":\"Article\",\"@id\":\"https:\\\/\\\/radiounodigital.com\\\/web\\\/2021\\\/04\\\/14\\\/iggy-pop-en-la-opera-de-sidney-se-transmitira-el-21-de-abril-de-2021\\\/#article\",\"isPartOf\":{\"@id\":\"https:\\\/\\\/radiounodigital.com\\\/web\\\/2021\\\/04\\\/14\\\/iggy-pop-en-la-opera-de-sidney-se-transmitira-el-21-de-abril-de-2021\\\/\"},\"author\":{\"name\":\"diegoc\",\"@id\":\"https:\\\/\\\/radiounodigital.com\\\/web\\\/#\\\/schema\\\/person\\\/00b93151fa54f619ecf9c183d1fc9758\"},\"headline\":\"Iggy Pop en la \u00d3pera de S\u00eddney se transmitir\u00e1 el 21 de abril de 2021\",\"datePublished\":\"2021-04-14T06:44:43+00:00\",\"dateModified\":\"2021-04-14T12:20:48+00:00\",\"mainEntityOfPage\":{\"@id\":\"https:\\\/\\\/radiounodigital.com\\\/web\\\/2021\\\/04\\\/14\\\/iggy-pop-en-la-opera-de-sidney-se-transmitira-el-21-de-abril-de-2021\\\/\"},\"wordCount\":76,\"image\":{\"@id\":\"https:\\\/\\\/radiounodigital.com\\\/web\\\/2021\\\/04\\\/14\\\/iggy-pop-en-la-opera-de-sidney-se-transmitira-el-21-de-abril-de-2021\\\/#primaryimage\"},\"thumbnailUrl\":\"https:\\\/\\\/radiounodigital.com\\\/web\\\/wp-content\\\/uploads\\\/2021\\\/04\\\/iggy-pop-sydney-2019-e1618402333353.jpg\",\"keywords\":[\"australia\",\"en vivo\",\"iggy pop\",\"streaming\"],\"articleSection\":[\"news\",\"Rock Clasico\",\"videos\"],\"inLanguage\":\"es\"},{\"@type\":\"WebPage\",\"@id\":\"https:\\\/\\\/radiounodigital.com\\\/web\\\/2021\\\/04\\\/14\\\/iggy-pop-en-la-opera-de-sidney-se-transmitira-el-21-de-abril-de-2021\\\/\",\"url\":\"https:\\\/\\\/radiounodigital.com\\\/web\\\/2021\\\/04\\\/14\\\/iggy-pop-en-la-opera-de-sidney-se-transmitira-el-21-de-abril-de-2021\\\/\",\"name\":\"Iggy Pop en la \u00d3pera de S\u00eddney se transmitir\u00e1 el 21 de abril de 2021\",\"isPartOf\":{\"@id\":\"https:\\\/\\\/radiounodigital.com\\\/web\\\/#website\"},\"primaryImageOfPage\":{\"@id\":\"https:\\\/\\\/radiounodigital.com\\\/web\\\/2021\\\/04\\\/14\\\/iggy-pop-en-la-opera-de-sidney-se-transmitira-el-21-de-abril-de-2021\\\/#primaryimage\"},\"image\":{\"@id\":\"https:\\\/\\\/radiounodigital.com\\\/web\\\/2021\\\/04\\\/14\\\/iggy-pop-en-la-opera-de-sidney-se-transmitira-el-21-de-abril-de-2021\\\/#primaryimage\"},\"thumbnailUrl\":\"https:\\\/\\\/radiounodigital.com\\\/web\\\/wp-content\\\/uploads\\\/2021\\\/04\\\/iggy-pop-sydney-2019-e1618402333353.jpg\",\"datePublished\":\"2021-04-14T06:44:43+00:00\",\"dateModified\":\"2021-04-14T12:20:48+00:00\",\"author\":{\"@id\":\"https:\\\/\\\/radiounodigital.com\\\/web\\\/#\\\/schema\\\/person\\\/00b93151fa54f619ecf9c183d1fc9758\"},\"description\":\"Se grab\u00f3 uno de esos conciertos, en la \u00d3pera de Sydney. Este a\u00f1o, para celebrar el cumplea\u00f1os de Iggy el 21 de abril.\",\"breadcrumb\":{\"@id\":\"https:\\\/\\\/radiounodigital.com\\\/web\\\/2021\\\/04\\\/14\\\/iggy-pop-en-la-opera-de-sidney-se-transmitira-el-21-de-abril-de-2021\\\/#breadcrumb\"},\"inLanguage\":\"es\",\"potentialAction\":[{\"@type\":\"ReadAction\",\"target\":[\"https:\\\/\\\/radiounodigital.com\\\/web\\\/2021\\\/04\\\/14\\\/iggy-pop-en-la-opera-de-sidney-se-transmitira-el-21-de-abril-de-2021\\\/\"]}]},{\"@type\":\"ImageObject\",\"inLanguage\":\"es\",\"@id\":\"https:\\\/\\\/radiounodigital.com\\\/web\\\/2021\\\/04\\\/14\\\/iggy-pop-en-la-opera-de-sidney-se-transmitira-el-21-de-abril-de-2021\\\/#primaryimage\",\"url\":\"https:\\\/\\\/radiounodigital.com\\\/web\\\/wp-content\\\/uploads\\\/2021\\\/04\\\/iggy-pop-sydney-2019-e1618402333353.jpg\",\"contentUrl\":\"https:\\\/\\\/radiounodigital.com\\\/web\\\/wp-content\\\/uploads\\\/2021\\\/04\\\/iggy-pop-sydney-2019-e1618402333353.jpg\",\"width\":650,\"height\":326},{\"@type\":\"BreadcrumbList\",\"@id\":\"https:\\\/\\\/radiounodigital.com\\\/web\\\/2021\\\/04\\\/14\\\/iggy-pop-en-la-opera-de-sidney-se-transmitira-el-21-de-abril-de-2021\\\/#breadcrumb\",\"itemListElement\":[{\"@type\":\"ListItem\",\"position\":1,\"name\":\"Home\",\"item\":\"https:\\\/\\\/radiounodigital.com\\\/web\\\/\"},{\"@type\":\"ListItem\",\"position\":2,\"name\":\"Iggy Pop en la \u00d3pera de S\u00eddney se transmitir\u00e1 el 21 de abril de 2021\"}]},{\"@type\":\"WebSite\",\"@id\":\"https:\\\/\\\/radiounodigital.com\\\/web\\\/#website\",\"url\":\"https:\\\/\\\/radiounodigital.com\\\/web\\\/\",\"name\":\"Radio UNO Digital\",\"description\":\"Donde la cultura del rock se siente\",\"potentialAction\":[{\"@type\":\"SearchAction\",\"target\":{\"@type\":\"EntryPoint\",\"urlTemplate\":\"https:\\\/\\\/radiounodigital.com\\\/web\\\/?s={search_term_string}\"},\"query-input\":{\"@type\":\"PropertyValueSpecification\",\"valueRequired\":true,\"valueName\":\"search_term_string\"}}],\"inLanguage\":\"es\"},{\"@type\":\"Person\",\"@id\":\"https:\\\/\\\/radiounodigital.com\\\/web\\\/#\\\/schema\\\/person\\\/00b93151fa54f619ecf9c183d1fc9758\",\"name\":\"diegoc\",\"image\":{\"@type\":\"ImageObject\",\"inLanguage\":\"es\",\"@id\":\"https:\\\/\\\/secure.gravatar.com\\\/avatar\\\/0a67041d44c702fb0660d81a5a32c7ce6007341cf92afeb718b75883bf415864?s=96&d=blank&r=g\",\"url\":\"https:\\\/\\\/secure.gravatar.com\\\/avatar\\\/0a67041d44c702fb0660d81a5a32c7ce6007341cf92afeb718b75883bf415864?s=96&d=blank&r=g\",\"contentUrl\":\"https:\\\/\\\/secure.gravatar.com\\\/avatar\\\/0a67041d44c702fb0660d81a5a32c7ce6007341cf92afeb718b75883bf415864?s=96&d=blank&r=g\",\"caption\":\"diegoc\"},\"url\":\"https:\\\/\\\/radiounodigital.com\\\/web\\\/author\\\/diegoc\\\/\"}]}<\/script>\n<!-- \/ Yoast SEO plugin. -->","yoast_head_json":{"title":"Iggy Pop en la \u00d3pera de S\u00eddney se transmitir\u00e1 el 21 de abril de 2021","description":"Se grab\u00f3 uno de esos conciertos, en la \u00d3pera de Sydney. Este a\u00f1o, para celebrar el cumplea\u00f1os de Iggy el 21 de abril.","robots":{"index":"index","follow":"follow","max-snippet":"max-snippet:-1","max-image-preview":"max-image-preview:large","max-video-preview":"max-video-preview:-1"},"canonical":"https:\/\/radiounodigital.com\/web\/2021\/04\/14\/iggy-pop-en-la-opera-de-sidney-se-transmitira-el-21-de-abril-de-2021\/","og_locale":"es_ES","og_type":"article","og_title":"Iggy Pop en la \u00d3pera de S\u00eddney se transmitir\u00e1 el 21 de abril de 2021","og_description":"Se grab\u00f3 uno de esos conciertos, en la \u00d3pera de Sydney. Este a\u00f1o, para celebrar el cumplea\u00f1os de Iggy el 21 de abril.","og_url":"https:\/\/radiounodigital.com\/web\/2021\/04\/14\/iggy-pop-en-la-opera-de-sidney-se-transmitira-el-21-de-abril-de-2021\/","og_site_name":"Radio UNO Digital","article_published_time":"2021-04-14T06:44:43+00:00","article_modified_time":"2021-04-14T12:20:48+00:00","og_image":[{"width":650,"height":326,"url":"https:\/\/radiounodigital.com\/web\/wp-content\/uploads\/2021\/04\/iggy-pop-sydney-2019-e1618402333353.jpg","type":"image\/jpeg"}],"author":"diegoc","twitter_card":"summary_large_image","twitter_misc":{"Escrito por":"diegoc","Tiempo de lectura":"1 minuto"},"schema":{"@context":"https:\/\/schema.org","@graph":[{"@type":"Article","@id":"https:\/\/radiounodigital.com\/web\/2021\/04\/14\/iggy-pop-en-la-opera-de-sidney-se-transmitira-el-21-de-abril-de-2021\/#article","isPartOf":{"@id":"https:\/\/radiounodigital.com\/web\/2021\/04\/14\/iggy-pop-en-la-opera-de-sidney-se-transmitira-el-21-de-abril-de-2021\/"},"author":{"name":"diegoc","@id":"https:\/\/radiounodigital.com\/web\/#\/schema\/person\/00b93151fa54f619ecf9c183d1fc9758"},"headline":"Iggy Pop en la \u00d3pera de S\u00eddney se transmitir\u00e1 el 21 de abril de 2021","datePublished":"2021-04-14T06:44:43+00:00","dateModified":"2021-04-14T12:20:48+00:00","mainEntityOfPage":{"@id":"https:\/\/radiounodigital.com\/web\/2021\/04\/14\/iggy-pop-en-la-opera-de-sidney-se-transmitira-el-21-de-abril-de-2021\/"},"wordCount":76,"image":{"@id":"https:\/\/radiounodigital.com\/web\/2021\/04\/14\/iggy-pop-en-la-opera-de-sidney-se-transmitira-el-21-de-abril-de-2021\/#primaryimage"},"thumbnailUrl":"https:\/\/radiounodigital.com\/web\/wp-content\/uploads\/2021\/04\/iggy-pop-sydney-2019-e1618402333353.jpg","keywords":["australia","en vivo","iggy pop","streaming"],"articleSection":["news","Rock Clasico","videos"],"inLanguage":"es"},{"@type":"WebPage","@id":"https:\/\/radiounodigital.com\/web\/2021\/04\/14\/iggy-pop-en-la-opera-de-sidney-se-transmitira-el-21-de-abril-de-2021\/","url":"https:\/\/radiounodigital.com\/web\/2021\/04\/14\/iggy-pop-en-la-opera-de-sidney-se-transmitira-el-21-de-abril-de-2021\/","name":"Iggy Pop en la \u00d3pera de S\u00eddney se transmitir\u00e1 el 21 de abril de 2021","isPartOf":{"@id":"https:\/\/radiounodigital.com\/web\/#website"},"primaryImageOfPage":{"@id":"https:\/\/radiounodigital.com\/web\/2021\/04\/14\/iggy-pop-en-la-opera-de-sidney-se-transmitira-el-21-de-abril-de-2021\/#primaryimage"},"image":{"@id":"https:\/\/radiounodigital.com\/web\/2021\/04\/14\/iggy-pop-en-la-opera-de-sidney-se-transmitira-el-21-de-abril-de-2021\/#primaryimage"},"thumbnailUrl":"https:\/\/radiounodigital.com\/web\/wp-content\/uploads\/2021\/04\/iggy-pop-sydney-2019-e1618402333353.jpg","datePublished":"2021-04-14T06:44:43+00:00","dateModified":"2021-04-14T12:20:48+00:00","author":{"@id":"https:\/\/radiounodigital.com\/web\/#\/schema\/person\/00b93151fa54f619ecf9c183d1fc9758"},"description":"Se grab\u00f3 uno de esos conciertos, en la \u00d3pera de Sydney. Este a\u00f1o, para celebrar el cumplea\u00f1os de Iggy el 21 de abril.","breadcrumb":{"@id":"https:\/\/radiounodigital.com\/web\/2021\/04\/14\/iggy-pop-en-la-opera-de-sidney-se-transmitira-el-21-de-abril-de-2021\/#breadcrumb"},"inLanguage":"es","potentialAction":[{"@type":"ReadAction","target":["https:\/\/radiounodigital.com\/web\/2021\/04\/14\/iggy-pop-en-la-opera-de-sidney-se-transmitira-el-21-de-abril-de-2021\/"]}]},{"@type":"ImageObject","inLanguage":"es","@id":"https:\/\/radiounodigital.com\/web\/2021\/04\/14\/iggy-pop-en-la-opera-de-sidney-se-transmitira-el-21-de-abril-de-2021\/#primaryimage","url":"https:\/\/radiounodigital.com\/web\/wp-content\/uploads\/2021\/04\/iggy-pop-sydney-2019-e1618402333353.jpg","contentUrl":"https:\/\/radiounodigital.com\/web\/wp-content\/uploads\/2021\/04\/iggy-pop-sydney-2019-e1618402333353.jpg","width":650,"height":326},{"@type":"BreadcrumbList","@id":"https:\/\/radiounodigital.com\/web\/2021\/04\/14\/iggy-pop-en-la-opera-de-sidney-se-transmitira-el-21-de-abril-de-2021\/#breadcrumb","itemListElement":[{"@type":"ListItem","position":1,"name":"Home","item":"https:\/\/radiounodigital.com\/web\/"},{"@type":"ListItem","position":2,"name":"Iggy Pop en la \u00d3pera de S\u00eddney se transmitir\u00e1 el 21 de abril de 2021"}]},{"@type":"WebSite","@id":"https:\/\/radiounodigital.com\/web\/#website","url":"https:\/\/radiounodigital.com\/web\/","name":"Radio UNO Digital","description":"Donde la cultura del rock se siente","potentialAction":[{"@type":"SearchAction","target":{"@type":"EntryPoint","urlTemplate":"https:\/\/radiounodigital.com\/web\/?s={search_term_string}"},"query-input":{"@type":"PropertyValueSpecification","valueRequired":true,"valueName":"search_term_string"}}],"inLanguage":"es"},{"@type":"Person","@id":"https:\/\/radiounodigital.com\/web\/#\/schema\/person\/00b93151fa54f619ecf9c183d1fc9758","name":"diegoc","image":{"@type":"ImageObject","inLanguage":"es","@id":"https:\/\/secure.gravatar.com\/avatar\/0a67041d44c702fb0660d81a5a32c7ce6007341cf92afeb718b75883bf415864?s=96&d=blank&r=g","url":"https:\/\/secure.gravatar.com\/avatar\/0a67041d44c702fb0660d81a5a32c7ce6007341cf92afeb718b75883bf415864?s=96&d=blank&r=g","contentUrl":"https:\/\/secure.gravatar.com\/avatar\/0a67041d44c702fb0660d81a5a32c7ce6007341cf92afeb718b75883bf415864?s=96&d=blank&r=g","caption":"diegoc"},"url":"https:\/\/radiounodigital.com\/web\/author\/diegoc\/"}]}},"_links":{"self":[{"href":"https:\/\/radiounodigital.com\/web\/wp-json\/wp\/v2\/posts\/5765","targetHints":{"allow":["GET"]}}],"collection":[{"href":"https:\/\/radiounodigital.com\/web\/wp-json\/wp\/v2\/posts"}],"about":[{"href":"https:\/\/radiounodigital.com\/web\/wp-json\/wp\/v2\/types\/post"}],"author":[{"embeddable":true,"href":"https:\/\/radiounodigital.com\/web\/wp-json\/wp\/v2\/users\/1"}],"replies":[{"embeddable":true,"href":"https:\/\/radiounodigital.com\/web\/wp-json\/wp\/v2\/comments?post=5765"}],"version-history":[{"count":1,"href":"https:\/\/radiounodigital.com\/web\/wp-json\/wp\/v2\/posts\/5765\/revisions"}],"predecessor-version":[{"id":5766,"href":"https:\/\/radiounodigital.com\/web\/wp-json\/wp\/v2\/posts\/5765\/revisions\/5766"}],"wp:featuredmedia":[{"embeddable":true,"href":"https:\/\/radiounodigital.com\/web\/wp-json\/wp\/v2\/media\/5773"}],"wp:attachment":[{"href":"https:\/\/radiounodigital.com\/web\/wp-json\/wp\/v2\/media?parent=5765"}],"wp:term":[{"taxonomy":"category","embeddable":true,"href":"https:\/\/radiounodigital.com\/web\/wp-json\/wp\/v2\/categories?post=5765"},{"taxonomy":"post_tag","embeddable":true,"href":"https:\/\/radiounodigital.com\/web\/wp-json\/wp\/v2\/tags?post=5765"}],"curies":[{"name":"wp","href":"https:\/\/api.w.org\/{rel}","templated":true}]}}