{"id":5798,"date":"2021-04-22T12:26:30","date_gmt":"2021-04-22T15:26:30","guid":{"rendered":"https:\/\/radiounodigital.com\/web\/?p=5798"},"modified":"2021-04-22T12:26:30","modified_gmt":"2021-04-22T15:26:30","slug":"black-stone-cherry-lanza-video-de-the-chain","status":"publish","type":"post","link":"https:\/\/radiounodigital.com\/web\/2021\/04\/22\/black-stone-cherry-lanza-video-de-the-chain\/","title":{"rendered":"Black Stone Cherry lanza video de The Chain"},"content":{"rendered":"<h3>The Chain de Black Stone Cherry es una \u00abciudad de riff\u00bb, dice el guitarrista Ben Wells. Mira el video<\/h3>\n<p><iframe loading=\"lazy\" title=\"Black Stone Cherry - The Chain (Official Music Video)\" width=\"960\" height=\"540\" src=\"https:\/\/www.youtube.com\/embed\/2Cx7VRytWOM?feature=oembed\" frameborder=\"0\" allow=\"accelerometer; autoplay; clipboard-write; encrypted-media; gyroscope; picture-in-picture\" allowfullscreen><\/iframe><\/p>\n<p>Black Stone Cherry ha lanzado un video para The Chain, el \u00faltimo sencillo del \u00e1lbum The Human Condition del a\u00f1o pasado.<\/p>\n<p>\u00ab\u00a1The Chain es una de esas canciones de BSC de &#8216;riff city&#8217;!\u00bb, Dice.<br \/>\nEl guitarrista Ben Wells. \u00abNo solo la m\u00fasica est\u00e1 totalmente en tu cara, tambi\u00e9n tiene ritmos y presenta un puente totalmente de metal, \u00a1que fue divertido de grabar! Tambi\u00e9n hay algo que decir sobre el mensaje l\u00edrico detr\u00e1s de esta canci\u00f3n. \u00a1Esperamos que lo disfrutes! \u00a1Sube el volumen! \u00bb<\/p>\n<p>El mes pasado, Black Stone Cherry lanz\u00f3 una versi\u00f3n en vivo de otra pista de Human Condition, Again. Fue tomado del evento de transmisi\u00f3n Live From The Sky de la banda que se llev\u00f3 a cabo el 30 de octubre del a\u00f1o pasado en SKyPAC, un centro de artes esc\u00e9nicas en Bowling Green, Kentucky, y se transmiti\u00f3 el mismo d\u00eda que el \u00e1lbum lleg\u00f3 a las tiendas.<\/p>\n<p>&nbsp;<\/p>\n<div class=\"fb-background-color\">\n\t\t\t  <div \n\t\t\t  \tclass = \"fb-comments\" \n\t\t\t  \tdata-href = \"https:\/\/radiounodigital.com\/web\/2021\/04\/22\/black-stone-cherry-lanza-video-de-the-chain\/\"\n\t\t\t  \tdata-numposts = \"10\"\n\t\t\t  \tdata-lazy = \"true\"\n\t\t\t\tdata-colorscheme = \"dark\"\n\t\t\t\tdata-order-by = \"reverse_time\"\n\t\t\t\tdata-mobile=true>\n\t\t\t  <\/div><\/div>\n\t\t  <style>\n\t\t    .fb-background-color {\n\t\t\t\tbackground: #ffffff !important;\n\t\t\t}\n\t\t\t.fb_iframe_widget_fluid_desktop iframe {\n\t\t\t    width: 100% !important;\n\t\t\t}\n\t\t  <\/style>\n\t\t  ","protected":false},"excerpt":{"rendered":"<p>The Chain de Black Stone Cherry es una \u00abciudad de riff\u00bb, dice el guitarrista Ben Wells. Mira el video Black Stone Cherry ha lanzado un video para The Chain, el \u00faltimo sencillo del \u00e1lbum The Human Condition del a\u00f1o pasado. \u00ab\u00a1The Chain es una de esas canciones de BSC de &#8216;riff city&#8217;!\u00bb, Dice. El guitarrista&#8230; <a href=\"https:\/\/radiounodigital.com\/web\/2021\/04\/22\/black-stone-cherry-lanza-video-de-the-chain\/\" class=\"excerpt-read-more\">Read More<\/a><\/p>\n","protected":false},"author":1,"featured_media":5799,"comment_status":"closed","ping_status":"open","sticky":false,"template":"","format":"standard","meta":{"footnotes":""},"categories":[1097,180,127,1359],"tags":[1180,1748,24],"class_list":["post-5798","post","type-post","status-publish","format-standard","has-post-thumbnail","hentry","category-lo-nuevo","category-news","category-rock","category-videos","tag-black-stone-cherry","tag-the-chain","tag-video"],"yoast_head":"<!-- This site is optimized with the Yoast SEO plugin v27.4 - https:\/\/yoast.com\/product\/yoast-seo-wordpress\/ -->\n<title>Black Stone Cherry lanza video de The Chain - Radio UNO Digital<\/title>\n<meta name=\"description\" content=\"The Chain de Black Stone Cherry es una &quot;ciudad de riff&quot;, dice el guitarrista Ben Wells. Mira el video ahora\" \/>\n<meta name=\"robots\" content=\"index, follow, max-snippet:-1, max-image-preview:large, max-video-preview:-1\" \/>\n<link rel=\"canonical\" href=\"https:\/\/radiounodigital.com\/web\/2021\/04\/22\/black-stone-cherry-lanza-video-de-the-chain\/\" \/>\n<meta property=\"og:locale\" content=\"es_ES\" \/>\n<meta property=\"og:type\" content=\"article\" \/>\n<meta property=\"og:title\" content=\"Black Stone Cherry lanza video de The Chain - Radio UNO Digital\" \/>\n<meta property=\"og:description\" content=\"The Chain de Black Stone Cherry es una &quot;ciudad de riff&quot;, dice el guitarrista Ben Wells. Mira el video ahora\" \/>\n<meta property=\"og:url\" content=\"https:\/\/radiounodigital.com\/web\/2021\/04\/22\/black-stone-cherry-lanza-video-de-the-chain\/\" \/>\n<meta property=\"og:site_name\" content=\"Radio UNO Digital\" \/>\n<meta property=\"article:published_time\" content=\"2021-04-22T15:26:30+00:00\" \/>\n<meta property=\"og:image\" content=\"https:\/\/radiounodigital.com\/web\/wp-content\/uploads\/2021\/04\/Black-Stone-Cherry-e1619105157727.jpg\" \/>\n\t<meta property=\"og:image:width\" content=\"650\" \/>\n\t<meta property=\"og:image:height\" content=\"366\" \/>\n\t<meta property=\"og:image:type\" content=\"image\/jpeg\" \/>\n<meta name=\"author\" content=\"diegoc\" \/>\n<meta name=\"twitter:card\" content=\"summary_large_image\" \/>\n<meta name=\"twitter:label1\" content=\"Escrito por\" \/>\n\t<meta name=\"twitter:data1\" content=\"diegoc\" \/>\n\t<meta name=\"twitter:label2\" content=\"Tiempo de lectura\" \/>\n\t<meta name=\"twitter:data2\" content=\"1 minuto\" \/>\n<script type=\"application\/ld+json\" class=\"yoast-schema-graph\">{\"@context\":\"https:\\\/\\\/schema.org\",\"@graph\":[{\"@type\":\"Article\",\"@id\":\"https:\\\/\\\/radiounodigital.com\\\/web\\\/2021\\\/04\\\/22\\\/black-stone-cherry-lanza-video-de-the-chain\\\/#article\",\"isPartOf\":{\"@id\":\"https:\\\/\\\/radiounodigital.com\\\/web\\\/2021\\\/04\\\/22\\\/black-stone-cherry-lanza-video-de-the-chain\\\/\"},\"author\":{\"name\":\"diegoc\",\"@id\":\"https:\\\/\\\/radiounodigital.com\\\/web\\\/#\\\/schema\\\/person\\\/00b93151fa54f619ecf9c183d1fc9758\"},\"headline\":\"Black Stone Cherry lanza video de The Chain\",\"datePublished\":\"2021-04-22T15:26:30+00:00\",\"mainEntityOfPage\":{\"@id\":\"https:\\\/\\\/radiounodigital.com\\\/web\\\/2021\\\/04\\\/22\\\/black-stone-cherry-lanza-video-de-the-chain\\\/\"},\"wordCount\":193,\"image\":{\"@id\":\"https:\\\/\\\/radiounodigital.com\\\/web\\\/2021\\\/04\\\/22\\\/black-stone-cherry-lanza-video-de-the-chain\\\/#primaryimage\"},\"thumbnailUrl\":\"https:\\\/\\\/radiounodigital.com\\\/web\\\/wp-content\\\/uploads\\\/2021\\\/04\\\/Black-Stone-Cherry-e1619105157727.jpg\",\"keywords\":[\"Black Stone Cherry\",\"the chain\",\"Video\"],\"articleSection\":[\"lo nuevo\",\"news\",\"Rock\",\"videos\"],\"inLanguage\":\"es\"},{\"@type\":\"WebPage\",\"@id\":\"https:\\\/\\\/radiounodigital.com\\\/web\\\/2021\\\/04\\\/22\\\/black-stone-cherry-lanza-video-de-the-chain\\\/\",\"url\":\"https:\\\/\\\/radiounodigital.com\\\/web\\\/2021\\\/04\\\/22\\\/black-stone-cherry-lanza-video-de-the-chain\\\/\",\"name\":\"Black Stone Cherry lanza video de The Chain - Radio UNO Digital\",\"isPartOf\":{\"@id\":\"https:\\\/\\\/radiounodigital.com\\\/web\\\/#website\"},\"primaryImageOfPage\":{\"@id\":\"https:\\\/\\\/radiounodigital.com\\\/web\\\/2021\\\/04\\\/22\\\/black-stone-cherry-lanza-video-de-the-chain\\\/#primaryimage\"},\"image\":{\"@id\":\"https:\\\/\\\/radiounodigital.com\\\/web\\\/2021\\\/04\\\/22\\\/black-stone-cherry-lanza-video-de-the-chain\\\/#primaryimage\"},\"thumbnailUrl\":\"https:\\\/\\\/radiounodigital.com\\\/web\\\/wp-content\\\/uploads\\\/2021\\\/04\\\/Black-Stone-Cherry-e1619105157727.jpg\",\"datePublished\":\"2021-04-22T15:26:30+00:00\",\"author\":{\"@id\":\"https:\\\/\\\/radiounodigital.com\\\/web\\\/#\\\/schema\\\/person\\\/00b93151fa54f619ecf9c183d1fc9758\"},\"description\":\"The Chain de Black Stone Cherry es una \\\"ciudad de riff\\\", dice el guitarrista Ben Wells. Mira el video ahora\",\"breadcrumb\":{\"@id\":\"https:\\\/\\\/radiounodigital.com\\\/web\\\/2021\\\/04\\\/22\\\/black-stone-cherry-lanza-video-de-the-chain\\\/#breadcrumb\"},\"inLanguage\":\"es\",\"potentialAction\":[{\"@type\":\"ReadAction\",\"target\":[\"https:\\\/\\\/radiounodigital.com\\\/web\\\/2021\\\/04\\\/22\\\/black-stone-cherry-lanza-video-de-the-chain\\\/\"]}]},{\"@type\":\"ImageObject\",\"inLanguage\":\"es\",\"@id\":\"https:\\\/\\\/radiounodigital.com\\\/web\\\/2021\\\/04\\\/22\\\/black-stone-cherry-lanza-video-de-the-chain\\\/#primaryimage\",\"url\":\"https:\\\/\\\/radiounodigital.com\\\/web\\\/wp-content\\\/uploads\\\/2021\\\/04\\\/Black-Stone-Cherry-e1619105157727.jpg\",\"contentUrl\":\"https:\\\/\\\/radiounodigital.com\\\/web\\\/wp-content\\\/uploads\\\/2021\\\/04\\\/Black-Stone-Cherry-e1619105157727.jpg\",\"width\":650,\"height\":366},{\"@type\":\"BreadcrumbList\",\"@id\":\"https:\\\/\\\/radiounodigital.com\\\/web\\\/2021\\\/04\\\/22\\\/black-stone-cherry-lanza-video-de-the-chain\\\/#breadcrumb\",\"itemListElement\":[{\"@type\":\"ListItem\",\"position\":1,\"name\":\"Home\",\"item\":\"https:\\\/\\\/radiounodigital.com\\\/web\\\/\"},{\"@type\":\"ListItem\",\"position\":2,\"name\":\"Black Stone Cherry lanza video de The Chain\"}]},{\"@type\":\"WebSite\",\"@id\":\"https:\\\/\\\/radiounodigital.com\\\/web\\\/#website\",\"url\":\"https:\\\/\\\/radiounodigital.com\\\/web\\\/\",\"name\":\"Radio UNO Digital\",\"description\":\"Donde la cultura del rock se siente\",\"potentialAction\":[{\"@type\":\"SearchAction\",\"target\":{\"@type\":\"EntryPoint\",\"urlTemplate\":\"https:\\\/\\\/radiounodigital.com\\\/web\\\/?s={search_term_string}\"},\"query-input\":{\"@type\":\"PropertyValueSpecification\",\"valueRequired\":true,\"valueName\":\"search_term_string\"}}],\"inLanguage\":\"es\"},{\"@type\":\"Person\",\"@id\":\"https:\\\/\\\/radiounodigital.com\\\/web\\\/#\\\/schema\\\/person\\\/00b93151fa54f619ecf9c183d1fc9758\",\"name\":\"diegoc\",\"image\":{\"@type\":\"ImageObject\",\"inLanguage\":\"es\",\"@id\":\"https:\\\/\\\/secure.gravatar.com\\\/avatar\\\/0a67041d44c702fb0660d81a5a32c7ce6007341cf92afeb718b75883bf415864?s=96&d=blank&r=g\",\"url\":\"https:\\\/\\\/secure.gravatar.com\\\/avatar\\\/0a67041d44c702fb0660d81a5a32c7ce6007341cf92afeb718b75883bf415864?s=96&d=blank&r=g\",\"contentUrl\":\"https:\\\/\\\/secure.gravatar.com\\\/avatar\\\/0a67041d44c702fb0660d81a5a32c7ce6007341cf92afeb718b75883bf415864?s=96&d=blank&r=g\",\"caption\":\"diegoc\"},\"url\":\"https:\\\/\\\/radiounodigital.com\\\/web\\\/author\\\/diegoc\\\/\"}]}<\/script>\n<!-- \/ Yoast SEO plugin. -->","yoast_head_json":{"title":"Black Stone Cherry lanza video de The Chain - Radio UNO Digital","description":"The Chain de Black Stone Cherry es una \"ciudad de riff\", dice el guitarrista Ben Wells. Mira el video ahora","robots":{"index":"index","follow":"follow","max-snippet":"max-snippet:-1","max-image-preview":"max-image-preview:large","max-video-preview":"max-video-preview:-1"},"canonical":"https:\/\/radiounodigital.com\/web\/2021\/04\/22\/black-stone-cherry-lanza-video-de-the-chain\/","og_locale":"es_ES","og_type":"article","og_title":"Black Stone Cherry lanza video de The Chain - Radio UNO Digital","og_description":"The Chain de Black Stone Cherry es una \"ciudad de riff\", dice el guitarrista Ben Wells. Mira el video ahora","og_url":"https:\/\/radiounodigital.com\/web\/2021\/04\/22\/black-stone-cherry-lanza-video-de-the-chain\/","og_site_name":"Radio UNO Digital","article_published_time":"2021-04-22T15:26:30+00:00","og_image":[{"width":650,"height":366,"url":"https:\/\/radiounodigital.com\/web\/wp-content\/uploads\/2021\/04\/Black-Stone-Cherry-e1619105157727.jpg","type":"image\/jpeg"}],"author":"diegoc","twitter_card":"summary_large_image","twitter_misc":{"Escrito por":"diegoc","Tiempo de lectura":"1 minuto"},"schema":{"@context":"https:\/\/schema.org","@graph":[{"@type":"Article","@id":"https:\/\/radiounodigital.com\/web\/2021\/04\/22\/black-stone-cherry-lanza-video-de-the-chain\/#article","isPartOf":{"@id":"https:\/\/radiounodigital.com\/web\/2021\/04\/22\/black-stone-cherry-lanza-video-de-the-chain\/"},"author":{"name":"diegoc","@id":"https:\/\/radiounodigital.com\/web\/#\/schema\/person\/00b93151fa54f619ecf9c183d1fc9758"},"headline":"Black Stone Cherry lanza video de The Chain","datePublished":"2021-04-22T15:26:30+00:00","mainEntityOfPage":{"@id":"https:\/\/radiounodigital.com\/web\/2021\/04\/22\/black-stone-cherry-lanza-video-de-the-chain\/"},"wordCount":193,"image":{"@id":"https:\/\/radiounodigital.com\/web\/2021\/04\/22\/black-stone-cherry-lanza-video-de-the-chain\/#primaryimage"},"thumbnailUrl":"https:\/\/radiounodigital.com\/web\/wp-content\/uploads\/2021\/04\/Black-Stone-Cherry-e1619105157727.jpg","keywords":["Black Stone Cherry","the chain","Video"],"articleSection":["lo nuevo","news","Rock","videos"],"inLanguage":"es"},{"@type":"WebPage","@id":"https:\/\/radiounodigital.com\/web\/2021\/04\/22\/black-stone-cherry-lanza-video-de-the-chain\/","url":"https:\/\/radiounodigital.com\/web\/2021\/04\/22\/black-stone-cherry-lanza-video-de-the-chain\/","name":"Black Stone Cherry lanza video de The Chain - Radio UNO Digital","isPartOf":{"@id":"https:\/\/radiounodigital.com\/web\/#website"},"primaryImageOfPage":{"@id":"https:\/\/radiounodigital.com\/web\/2021\/04\/22\/black-stone-cherry-lanza-video-de-the-chain\/#primaryimage"},"image":{"@id":"https:\/\/radiounodigital.com\/web\/2021\/04\/22\/black-stone-cherry-lanza-video-de-the-chain\/#primaryimage"},"thumbnailUrl":"https:\/\/radiounodigital.com\/web\/wp-content\/uploads\/2021\/04\/Black-Stone-Cherry-e1619105157727.jpg","datePublished":"2021-04-22T15:26:30+00:00","author":{"@id":"https:\/\/radiounodigital.com\/web\/#\/schema\/person\/00b93151fa54f619ecf9c183d1fc9758"},"description":"The Chain de Black Stone Cherry es una \"ciudad de riff\", dice el guitarrista Ben Wells. Mira el video ahora","breadcrumb":{"@id":"https:\/\/radiounodigital.com\/web\/2021\/04\/22\/black-stone-cherry-lanza-video-de-the-chain\/#breadcrumb"},"inLanguage":"es","potentialAction":[{"@type":"ReadAction","target":["https:\/\/radiounodigital.com\/web\/2021\/04\/22\/black-stone-cherry-lanza-video-de-the-chain\/"]}]},{"@type":"ImageObject","inLanguage":"es","@id":"https:\/\/radiounodigital.com\/web\/2021\/04\/22\/black-stone-cherry-lanza-video-de-the-chain\/#primaryimage","url":"https:\/\/radiounodigital.com\/web\/wp-content\/uploads\/2021\/04\/Black-Stone-Cherry-e1619105157727.jpg","contentUrl":"https:\/\/radiounodigital.com\/web\/wp-content\/uploads\/2021\/04\/Black-Stone-Cherry-e1619105157727.jpg","width":650,"height":366},{"@type":"BreadcrumbList","@id":"https:\/\/radiounodigital.com\/web\/2021\/04\/22\/black-stone-cherry-lanza-video-de-the-chain\/#breadcrumb","itemListElement":[{"@type":"ListItem","position":1,"name":"Home","item":"https:\/\/radiounodigital.com\/web\/"},{"@type":"ListItem","position":2,"name":"Black Stone Cherry lanza video de The Chain"}]},{"@type":"WebSite","@id":"https:\/\/radiounodigital.com\/web\/#website","url":"https:\/\/radiounodigital.com\/web\/","name":"Radio UNO Digital","description":"Donde la cultura del rock se siente","potentialAction":[{"@type":"SearchAction","target":{"@type":"EntryPoint","urlTemplate":"https:\/\/radiounodigital.com\/web\/?s={search_term_string}"},"query-input":{"@type":"PropertyValueSpecification","valueRequired":true,"valueName":"search_term_string"}}],"inLanguage":"es"},{"@type":"Person","@id":"https:\/\/radiounodigital.com\/web\/#\/schema\/person\/00b93151fa54f619ecf9c183d1fc9758","name":"diegoc","image":{"@type":"ImageObject","inLanguage":"es","@id":"https:\/\/secure.gravatar.com\/avatar\/0a67041d44c702fb0660d81a5a32c7ce6007341cf92afeb718b75883bf415864?s=96&d=blank&r=g","url":"https:\/\/secure.gravatar.com\/avatar\/0a67041d44c702fb0660d81a5a32c7ce6007341cf92afeb718b75883bf415864?s=96&d=blank&r=g","contentUrl":"https:\/\/secure.gravatar.com\/avatar\/0a67041d44c702fb0660d81a5a32c7ce6007341cf92afeb718b75883bf415864?s=96&d=blank&r=g","caption":"diegoc"},"url":"https:\/\/radiounodigital.com\/web\/author\/diegoc\/"}]}},"_links":{"self":[{"href":"https:\/\/radiounodigital.com\/web\/wp-json\/wp\/v2\/posts\/5798","targetHints":{"allow":["GET"]}}],"collection":[{"href":"https:\/\/radiounodigital.com\/web\/wp-json\/wp\/v2\/posts"}],"about":[{"href":"https:\/\/radiounodigital.com\/web\/wp-json\/wp\/v2\/types\/post"}],"author":[{"embeddable":true,"href":"https:\/\/radiounodigital.com\/web\/wp-json\/wp\/v2\/users\/1"}],"replies":[{"embeddable":true,"href":"https:\/\/radiounodigital.com\/web\/wp-json\/wp\/v2\/comments?post=5798"}],"version-history":[{"count":1,"href":"https:\/\/radiounodigital.com\/web\/wp-json\/wp\/v2\/posts\/5798\/revisions"}],"predecessor-version":[{"id":5800,"href":"https:\/\/radiounodigital.com\/web\/wp-json\/wp\/v2\/posts\/5798\/revisions\/5800"}],"wp:featuredmedia":[{"embeddable":true,"href":"https:\/\/radiounodigital.com\/web\/wp-json\/wp\/v2\/media\/5799"}],"wp:attachment":[{"href":"https:\/\/radiounodigital.com\/web\/wp-json\/wp\/v2\/media?parent=5798"}],"wp:term":[{"taxonomy":"category","embeddable":true,"href":"https:\/\/radiounodigital.com\/web\/wp-json\/wp\/v2\/categories?post=5798"},{"taxonomy":"post_tag","embeddable":true,"href":"https:\/\/radiounodigital.com\/web\/wp-json\/wp\/v2\/tags?post=5798"}],"curies":[{"name":"wp","href":"https:\/\/api.w.org\/{rel}","templated":true}]}}