{"id":5806,"date":"2021-04-23T21:29:41","date_gmt":"2021-04-24T00:29:41","guid":{"rendered":"https:\/\/radiounodigital.com\/web\/?p=5806"},"modified":"2021-04-23T21:29:41","modified_gmt":"2021-04-24T00:29:41","slug":"mammoth-wvh-de-wolfgang-van-halen-lanza-su-nuevo-sencillo-feel","status":"publish","type":"post","link":"https:\/\/radiounodigital.com\/web\/2021\/04\/23\/mammoth-wvh-de-wolfgang-van-halen-lanza-su-nuevo-sencillo-feel\/","title":{"rendered":"Mammoth WVH de Wolfgang Van Halen lanza su nuevo sencillo \u00abFeel\u00bb"},"content":{"rendered":"<h3>El proyecto en solitario de Wolfgang Van Halen, Mammoth WVH, ha lanzado \u00abFeel\u00bb, la \u00faltima pista de su pr\u00f3ximo \u00e1lbum debut.<\/h3>\n<p>Desde la primera nota, la canci\u00f3n de ritmo r\u00e1pido es impulsada por una potente guitarra y bater\u00eda. L\u00edricamente, Van Halen canta sobre una relaci\u00f3n que se ha derrumbado: \u00abSiempre fue como se supon\u00eda que deb\u00eda ser \/ Pero no fue suficiente \/ Siempre fue la forma en que pensaste en m\u00ed \/ \u00bfNo fui suficiente?\u00bb<\/p>\n<p>En una canci\u00f3n que ya est\u00e1 llena de adrenalina, podr\u00eda decirse que el momento m\u00e1s contundente llega alrededor de las 2:20 en la pista. En ese punto, Van Halen ofrece una pausa instrumental, llena de riffs pesados y rellenos de bater\u00eda atronadores, lo que es a\u00fan m\u00e1s impresionante teniendo en cuenta que \u00e9l mismo toc\u00f3 todos los instrumentos del \u00e1lbum. Luego regresa con un estribillo del coro para cerrar la pista.<\/p>\n<p><iframe loading=\"lazy\" title=\"Mammoth WVH: Feel (Official Lyric Video)\" width=\"960\" height=\"540\" src=\"https:\/\/www.youtube.com\/embed\/KSU7itWfn8Q?feature=oembed\" frameborder=\"0\" allow=\"accelerometer; autoplay; clipboard-write; encrypted-media; gyroscope; picture-in-picture\" allowfullscreen><\/iframe><\/p>\n<div class=\"fb-background-color\">\n\t\t\t  <div \n\t\t\t  \tclass = \"fb-comments\" \n\t\t\t  \tdata-href = \"https:\/\/radiounodigital.com\/web\/2021\/04\/23\/mammoth-wvh-de-wolfgang-van-halen-lanza-su-nuevo-sencillo-feel\/\"\n\t\t\t  \tdata-numposts = \"10\"\n\t\t\t  \tdata-lazy = \"true\"\n\t\t\t\tdata-colorscheme = \"dark\"\n\t\t\t\tdata-order-by = \"reverse_time\"\n\t\t\t\tdata-mobile=true>\n\t\t\t  <\/div><\/div>\n\t\t  <style>\n\t\t    .fb-background-color {\n\t\t\t\tbackground: #ffffff !important;\n\t\t\t}\n\t\t\t.fb_iframe_widget_fluid_desktop iframe {\n\t\t\t    width: 100% !important;\n\t\t\t}\n\t\t  <\/style>\n\t\t  ","protected":false},"excerpt":{"rendered":"<p>El proyecto en solitario de Wolfgang Van Halen, Mammoth WVH, ha lanzado \u00abFeel\u00bb, la \u00faltima pista de su pr\u00f3ximo \u00e1lbum debut. Desde la primera nota, la canci\u00f3n de ritmo r\u00e1pido es impulsada por una potente guitarra y bater\u00eda. L\u00edricamente, Van Halen canta sobre una relaci\u00f3n que se ha derrumbado: \u00abSiempre fue como se supon\u00eda que&#8230; <a href=\"https:\/\/radiounodigital.com\/web\/2021\/04\/23\/mammoth-wvh-de-wolfgang-van-halen-lanza-su-nuevo-sencillo-feel\/\" class=\"excerpt-read-more\">Read More<\/a><\/p>\n","protected":false},"author":1,"featured_media":5807,"comment_status":"closed","ping_status":"open","sticky":false,"template":"","format":"standard","meta":{"footnotes":""},"categories":[1097,180,127,1359],"tags":[1751,132,537,1416],"class_list":["post-5806","post","type-post","status-publish","format-standard","has-post-thumbnail","hentry","category-lo-nuevo","category-news","category-rock","category-videos","tag-feel","tag-nuevo","tag-sencillo","tag-wolfang-van-halen"],"yoast_head":"<!-- This site is optimized with the Yoast SEO plugin v27.4 - https:\/\/yoast.com\/product\/yoast-seo-wordpress\/ -->\n<title>Mammoth WVH de Wolfgang Van Halen lanza su nuevo sencillo &quot;Feel&quot;<\/title>\n<meta name=\"description\" content=\"El proyecto en solitario de Wolfgang Van Halen, Mammoth WVH, ha lanzado &quot;Feel&quot;, la \u00faltima pista de su pr\u00f3ximo \u00e1lbum debut.\" \/>\n<meta name=\"robots\" content=\"index, follow, max-snippet:-1, max-image-preview:large, max-video-preview:-1\" \/>\n<link rel=\"canonical\" href=\"https:\/\/radiounodigital.com\/web\/2021\/04\/23\/mammoth-wvh-de-wolfgang-van-halen-lanza-su-nuevo-sencillo-feel\/\" \/>\n<meta property=\"og:locale\" content=\"es_ES\" \/>\n<meta property=\"og:type\" content=\"article\" \/>\n<meta property=\"og:title\" content=\"Mammoth WVH de Wolfgang Van Halen lanza su nuevo sencillo &quot;Feel&quot;\" \/>\n<meta property=\"og:description\" content=\"El proyecto en solitario de Wolfgang Van Halen, Mammoth WVH, ha lanzado &quot;Feel&quot;, la \u00faltima pista de su pr\u00f3ximo \u00e1lbum debut.\" \/>\n<meta property=\"og:url\" content=\"https:\/\/radiounodigital.com\/web\/2021\/04\/23\/mammoth-wvh-de-wolfgang-van-halen-lanza-su-nuevo-sencillo-feel\/\" \/>\n<meta property=\"og:site_name\" content=\"Radio UNO Digital\" \/>\n<meta property=\"article:published_time\" content=\"2021-04-24T00:29:41+00:00\" \/>\n<meta property=\"og:image\" content=\"https:\/\/radiounodigital.com\/web\/wp-content\/uploads\/2021\/04\/MAMMOTH_WVH.jpg\" \/>\n\t<meta property=\"og:image:width\" content=\"720\" \/>\n\t<meta property=\"og:image:height\" content=\"434\" \/>\n\t<meta property=\"og:image:type\" content=\"image\/jpeg\" \/>\n<meta name=\"author\" content=\"diegoc\" \/>\n<meta name=\"twitter:card\" content=\"summary_large_image\" \/>\n<meta name=\"twitter:label1\" content=\"Escrito por\" \/>\n\t<meta name=\"twitter:data1\" content=\"diegoc\" \/>\n\t<meta name=\"twitter:label2\" content=\"Tiempo de lectura\" \/>\n\t<meta name=\"twitter:data2\" content=\"1 minuto\" \/>\n<script type=\"application\/ld+json\" class=\"yoast-schema-graph\">{\"@context\":\"https:\\\/\\\/schema.org\",\"@graph\":[{\"@type\":\"Article\",\"@id\":\"https:\\\/\\\/radiounodigital.com\\\/web\\\/2021\\\/04\\\/23\\\/mammoth-wvh-de-wolfgang-van-halen-lanza-su-nuevo-sencillo-feel\\\/#article\",\"isPartOf\":{\"@id\":\"https:\\\/\\\/radiounodigital.com\\\/web\\\/2021\\\/04\\\/23\\\/mammoth-wvh-de-wolfgang-van-halen-lanza-su-nuevo-sencillo-feel\\\/\"},\"author\":{\"name\":\"diegoc\",\"@id\":\"https:\\\/\\\/radiounodigital.com\\\/web\\\/#\\\/schema\\\/person\\\/00b93151fa54f619ecf9c183d1fc9758\"},\"headline\":\"Mammoth WVH de Wolfgang Van Halen lanza su nuevo sencillo \u00abFeel\u00bb\",\"datePublished\":\"2021-04-24T00:29:41+00:00\",\"mainEntityOfPage\":{\"@id\":\"https:\\\/\\\/radiounodigital.com\\\/web\\\/2021\\\/04\\\/23\\\/mammoth-wvh-de-wolfgang-van-halen-lanza-su-nuevo-sencillo-feel\\\/\"},\"wordCount\":174,\"image\":{\"@id\":\"https:\\\/\\\/radiounodigital.com\\\/web\\\/2021\\\/04\\\/23\\\/mammoth-wvh-de-wolfgang-van-halen-lanza-su-nuevo-sencillo-feel\\\/#primaryimage\"},\"thumbnailUrl\":\"https:\\\/\\\/radiounodigital.com\\\/web\\\/wp-content\\\/uploads\\\/2021\\\/04\\\/MAMMOTH_WVH.jpg\",\"keywords\":[\"feel\",\"nuevo\",\"sencillo\",\"Wolfang Van Halen\"],\"articleSection\":[\"lo nuevo\",\"news\",\"Rock\",\"videos\"],\"inLanguage\":\"es\"},{\"@type\":\"WebPage\",\"@id\":\"https:\\\/\\\/radiounodigital.com\\\/web\\\/2021\\\/04\\\/23\\\/mammoth-wvh-de-wolfgang-van-halen-lanza-su-nuevo-sencillo-feel\\\/\",\"url\":\"https:\\\/\\\/radiounodigital.com\\\/web\\\/2021\\\/04\\\/23\\\/mammoth-wvh-de-wolfgang-van-halen-lanza-su-nuevo-sencillo-feel\\\/\",\"name\":\"Mammoth WVH de Wolfgang Van Halen lanza su nuevo sencillo \\\"Feel\\\"\",\"isPartOf\":{\"@id\":\"https:\\\/\\\/radiounodigital.com\\\/web\\\/#website\"},\"primaryImageOfPage\":{\"@id\":\"https:\\\/\\\/radiounodigital.com\\\/web\\\/2021\\\/04\\\/23\\\/mammoth-wvh-de-wolfgang-van-halen-lanza-su-nuevo-sencillo-feel\\\/#primaryimage\"},\"image\":{\"@id\":\"https:\\\/\\\/radiounodigital.com\\\/web\\\/2021\\\/04\\\/23\\\/mammoth-wvh-de-wolfgang-van-halen-lanza-su-nuevo-sencillo-feel\\\/#primaryimage\"},\"thumbnailUrl\":\"https:\\\/\\\/radiounodigital.com\\\/web\\\/wp-content\\\/uploads\\\/2021\\\/04\\\/MAMMOTH_WVH.jpg\",\"datePublished\":\"2021-04-24T00:29:41+00:00\",\"author\":{\"@id\":\"https:\\\/\\\/radiounodigital.com\\\/web\\\/#\\\/schema\\\/person\\\/00b93151fa54f619ecf9c183d1fc9758\"},\"description\":\"El proyecto en solitario de Wolfgang Van Halen, Mammoth WVH, ha lanzado \\\"Feel\\\", la \u00faltima pista de su pr\u00f3ximo \u00e1lbum debut.\",\"breadcrumb\":{\"@id\":\"https:\\\/\\\/radiounodigital.com\\\/web\\\/2021\\\/04\\\/23\\\/mammoth-wvh-de-wolfgang-van-halen-lanza-su-nuevo-sencillo-feel\\\/#breadcrumb\"},\"inLanguage\":\"es\",\"potentialAction\":[{\"@type\":\"ReadAction\",\"target\":[\"https:\\\/\\\/radiounodigital.com\\\/web\\\/2021\\\/04\\\/23\\\/mammoth-wvh-de-wolfgang-van-halen-lanza-su-nuevo-sencillo-feel\\\/\"]}]},{\"@type\":\"ImageObject\",\"inLanguage\":\"es\",\"@id\":\"https:\\\/\\\/radiounodigital.com\\\/web\\\/2021\\\/04\\\/23\\\/mammoth-wvh-de-wolfgang-van-halen-lanza-su-nuevo-sencillo-feel\\\/#primaryimage\",\"url\":\"https:\\\/\\\/radiounodigital.com\\\/web\\\/wp-content\\\/uploads\\\/2021\\\/04\\\/MAMMOTH_WVH.jpg\",\"contentUrl\":\"https:\\\/\\\/radiounodigital.com\\\/web\\\/wp-content\\\/uploads\\\/2021\\\/04\\\/MAMMOTH_WVH.jpg\",\"width\":720,\"height\":434},{\"@type\":\"BreadcrumbList\",\"@id\":\"https:\\\/\\\/radiounodigital.com\\\/web\\\/2021\\\/04\\\/23\\\/mammoth-wvh-de-wolfgang-van-halen-lanza-su-nuevo-sencillo-feel\\\/#breadcrumb\",\"itemListElement\":[{\"@type\":\"ListItem\",\"position\":1,\"name\":\"Home\",\"item\":\"https:\\\/\\\/radiounodigital.com\\\/web\\\/\"},{\"@type\":\"ListItem\",\"position\":2,\"name\":\"Mammoth WVH de Wolfgang Van Halen lanza su nuevo sencillo \u00abFeel\u00bb\"}]},{\"@type\":\"WebSite\",\"@id\":\"https:\\\/\\\/radiounodigital.com\\\/web\\\/#website\",\"url\":\"https:\\\/\\\/radiounodigital.com\\\/web\\\/\",\"name\":\"Radio UNO Digital\",\"description\":\"Donde la cultura del rock se siente\",\"potentialAction\":[{\"@type\":\"SearchAction\",\"target\":{\"@type\":\"EntryPoint\",\"urlTemplate\":\"https:\\\/\\\/radiounodigital.com\\\/web\\\/?s={search_term_string}\"},\"query-input\":{\"@type\":\"PropertyValueSpecification\",\"valueRequired\":true,\"valueName\":\"search_term_string\"}}],\"inLanguage\":\"es\"},{\"@type\":\"Person\",\"@id\":\"https:\\\/\\\/radiounodigital.com\\\/web\\\/#\\\/schema\\\/person\\\/00b93151fa54f619ecf9c183d1fc9758\",\"name\":\"diegoc\",\"image\":{\"@type\":\"ImageObject\",\"inLanguage\":\"es\",\"@id\":\"https:\\\/\\\/secure.gravatar.com\\\/avatar\\\/0a67041d44c702fb0660d81a5a32c7ce6007341cf92afeb718b75883bf415864?s=96&d=blank&r=g\",\"url\":\"https:\\\/\\\/secure.gravatar.com\\\/avatar\\\/0a67041d44c702fb0660d81a5a32c7ce6007341cf92afeb718b75883bf415864?s=96&d=blank&r=g\",\"contentUrl\":\"https:\\\/\\\/secure.gravatar.com\\\/avatar\\\/0a67041d44c702fb0660d81a5a32c7ce6007341cf92afeb718b75883bf415864?s=96&d=blank&r=g\",\"caption\":\"diegoc\"},\"url\":\"https:\\\/\\\/radiounodigital.com\\\/web\\\/author\\\/diegoc\\\/\"}]}<\/script>\n<!-- \/ Yoast SEO plugin. -->","yoast_head_json":{"title":"Mammoth WVH de Wolfgang Van Halen lanza su nuevo sencillo \"Feel\"","description":"El proyecto en solitario de Wolfgang Van Halen, Mammoth WVH, ha lanzado \"Feel\", la \u00faltima pista de su pr\u00f3ximo \u00e1lbum debut.","robots":{"index":"index","follow":"follow","max-snippet":"max-snippet:-1","max-image-preview":"max-image-preview:large","max-video-preview":"max-video-preview:-1"},"canonical":"https:\/\/radiounodigital.com\/web\/2021\/04\/23\/mammoth-wvh-de-wolfgang-van-halen-lanza-su-nuevo-sencillo-feel\/","og_locale":"es_ES","og_type":"article","og_title":"Mammoth WVH de Wolfgang Van Halen lanza su nuevo sencillo \"Feel\"","og_description":"El proyecto en solitario de Wolfgang Van Halen, Mammoth WVH, ha lanzado \"Feel\", la \u00faltima pista de su pr\u00f3ximo \u00e1lbum debut.","og_url":"https:\/\/radiounodigital.com\/web\/2021\/04\/23\/mammoth-wvh-de-wolfgang-van-halen-lanza-su-nuevo-sencillo-feel\/","og_site_name":"Radio UNO Digital","article_published_time":"2021-04-24T00:29:41+00:00","og_image":[{"width":720,"height":434,"url":"https:\/\/radiounodigital.com\/web\/wp-content\/uploads\/2021\/04\/MAMMOTH_WVH.jpg","type":"image\/jpeg"}],"author":"diegoc","twitter_card":"summary_large_image","twitter_misc":{"Escrito por":"diegoc","Tiempo de lectura":"1 minuto"},"schema":{"@context":"https:\/\/schema.org","@graph":[{"@type":"Article","@id":"https:\/\/radiounodigital.com\/web\/2021\/04\/23\/mammoth-wvh-de-wolfgang-van-halen-lanza-su-nuevo-sencillo-feel\/#article","isPartOf":{"@id":"https:\/\/radiounodigital.com\/web\/2021\/04\/23\/mammoth-wvh-de-wolfgang-van-halen-lanza-su-nuevo-sencillo-feel\/"},"author":{"name":"diegoc","@id":"https:\/\/radiounodigital.com\/web\/#\/schema\/person\/00b93151fa54f619ecf9c183d1fc9758"},"headline":"Mammoth WVH de Wolfgang Van Halen lanza su nuevo sencillo \u00abFeel\u00bb","datePublished":"2021-04-24T00:29:41+00:00","mainEntityOfPage":{"@id":"https:\/\/radiounodigital.com\/web\/2021\/04\/23\/mammoth-wvh-de-wolfgang-van-halen-lanza-su-nuevo-sencillo-feel\/"},"wordCount":174,"image":{"@id":"https:\/\/radiounodigital.com\/web\/2021\/04\/23\/mammoth-wvh-de-wolfgang-van-halen-lanza-su-nuevo-sencillo-feel\/#primaryimage"},"thumbnailUrl":"https:\/\/radiounodigital.com\/web\/wp-content\/uploads\/2021\/04\/MAMMOTH_WVH.jpg","keywords":["feel","nuevo","sencillo","Wolfang Van Halen"],"articleSection":["lo nuevo","news","Rock","videos"],"inLanguage":"es"},{"@type":"WebPage","@id":"https:\/\/radiounodigital.com\/web\/2021\/04\/23\/mammoth-wvh-de-wolfgang-van-halen-lanza-su-nuevo-sencillo-feel\/","url":"https:\/\/radiounodigital.com\/web\/2021\/04\/23\/mammoth-wvh-de-wolfgang-van-halen-lanza-su-nuevo-sencillo-feel\/","name":"Mammoth WVH de Wolfgang Van Halen lanza su nuevo sencillo \"Feel\"","isPartOf":{"@id":"https:\/\/radiounodigital.com\/web\/#website"},"primaryImageOfPage":{"@id":"https:\/\/radiounodigital.com\/web\/2021\/04\/23\/mammoth-wvh-de-wolfgang-van-halen-lanza-su-nuevo-sencillo-feel\/#primaryimage"},"image":{"@id":"https:\/\/radiounodigital.com\/web\/2021\/04\/23\/mammoth-wvh-de-wolfgang-van-halen-lanza-su-nuevo-sencillo-feel\/#primaryimage"},"thumbnailUrl":"https:\/\/radiounodigital.com\/web\/wp-content\/uploads\/2021\/04\/MAMMOTH_WVH.jpg","datePublished":"2021-04-24T00:29:41+00:00","author":{"@id":"https:\/\/radiounodigital.com\/web\/#\/schema\/person\/00b93151fa54f619ecf9c183d1fc9758"},"description":"El proyecto en solitario de Wolfgang Van Halen, Mammoth WVH, ha lanzado \"Feel\", la \u00faltima pista de su pr\u00f3ximo \u00e1lbum debut.","breadcrumb":{"@id":"https:\/\/radiounodigital.com\/web\/2021\/04\/23\/mammoth-wvh-de-wolfgang-van-halen-lanza-su-nuevo-sencillo-feel\/#breadcrumb"},"inLanguage":"es","potentialAction":[{"@type":"ReadAction","target":["https:\/\/radiounodigital.com\/web\/2021\/04\/23\/mammoth-wvh-de-wolfgang-van-halen-lanza-su-nuevo-sencillo-feel\/"]}]},{"@type":"ImageObject","inLanguage":"es","@id":"https:\/\/radiounodigital.com\/web\/2021\/04\/23\/mammoth-wvh-de-wolfgang-van-halen-lanza-su-nuevo-sencillo-feel\/#primaryimage","url":"https:\/\/radiounodigital.com\/web\/wp-content\/uploads\/2021\/04\/MAMMOTH_WVH.jpg","contentUrl":"https:\/\/radiounodigital.com\/web\/wp-content\/uploads\/2021\/04\/MAMMOTH_WVH.jpg","width":720,"height":434},{"@type":"BreadcrumbList","@id":"https:\/\/radiounodigital.com\/web\/2021\/04\/23\/mammoth-wvh-de-wolfgang-van-halen-lanza-su-nuevo-sencillo-feel\/#breadcrumb","itemListElement":[{"@type":"ListItem","position":1,"name":"Home","item":"https:\/\/radiounodigital.com\/web\/"},{"@type":"ListItem","position":2,"name":"Mammoth WVH de Wolfgang Van Halen lanza su nuevo sencillo \u00abFeel\u00bb"}]},{"@type":"WebSite","@id":"https:\/\/radiounodigital.com\/web\/#website","url":"https:\/\/radiounodigital.com\/web\/","name":"Radio UNO Digital","description":"Donde la cultura del rock se siente","potentialAction":[{"@type":"SearchAction","target":{"@type":"EntryPoint","urlTemplate":"https:\/\/radiounodigital.com\/web\/?s={search_term_string}"},"query-input":{"@type":"PropertyValueSpecification","valueRequired":true,"valueName":"search_term_string"}}],"inLanguage":"es"},{"@type":"Person","@id":"https:\/\/radiounodigital.com\/web\/#\/schema\/person\/00b93151fa54f619ecf9c183d1fc9758","name":"diegoc","image":{"@type":"ImageObject","inLanguage":"es","@id":"https:\/\/secure.gravatar.com\/avatar\/0a67041d44c702fb0660d81a5a32c7ce6007341cf92afeb718b75883bf415864?s=96&d=blank&r=g","url":"https:\/\/secure.gravatar.com\/avatar\/0a67041d44c702fb0660d81a5a32c7ce6007341cf92afeb718b75883bf415864?s=96&d=blank&r=g","contentUrl":"https:\/\/secure.gravatar.com\/avatar\/0a67041d44c702fb0660d81a5a32c7ce6007341cf92afeb718b75883bf415864?s=96&d=blank&r=g","caption":"diegoc"},"url":"https:\/\/radiounodigital.com\/web\/author\/diegoc\/"}]}},"_links":{"self":[{"href":"https:\/\/radiounodigital.com\/web\/wp-json\/wp\/v2\/posts\/5806","targetHints":{"allow":["GET"]}}],"collection":[{"href":"https:\/\/radiounodigital.com\/web\/wp-json\/wp\/v2\/posts"}],"about":[{"href":"https:\/\/radiounodigital.com\/web\/wp-json\/wp\/v2\/types\/post"}],"author":[{"embeddable":true,"href":"https:\/\/radiounodigital.com\/web\/wp-json\/wp\/v2\/users\/1"}],"replies":[{"embeddable":true,"href":"https:\/\/radiounodigital.com\/web\/wp-json\/wp\/v2\/comments?post=5806"}],"version-history":[{"count":1,"href":"https:\/\/radiounodigital.com\/web\/wp-json\/wp\/v2\/posts\/5806\/revisions"}],"predecessor-version":[{"id":5808,"href":"https:\/\/radiounodigital.com\/web\/wp-json\/wp\/v2\/posts\/5806\/revisions\/5808"}],"wp:featuredmedia":[{"embeddable":true,"href":"https:\/\/radiounodigital.com\/web\/wp-json\/wp\/v2\/media\/5807"}],"wp:attachment":[{"href":"https:\/\/radiounodigital.com\/web\/wp-json\/wp\/v2\/media?parent=5806"}],"wp:term":[{"taxonomy":"category","embeddable":true,"href":"https:\/\/radiounodigital.com\/web\/wp-json\/wp\/v2\/categories?post=5806"},{"taxonomy":"post_tag","embeddable":true,"href":"https:\/\/radiounodigital.com\/web\/wp-json\/wp\/v2\/tags?post=5806"}],"curies":[{"name":"wp","href":"https:\/\/api.w.org\/{rel}","templated":true}]}}