{"id":5894,"date":"2021-05-14T01:47:30","date_gmt":"2021-05-14T04:47:30","guid":{"rendered":"https:\/\/radiounodigital.com\/web\/?p=5894"},"modified":"2021-05-10T12:57:34","modified_gmt":"2021-05-10T15:57:34","slug":"hoy-hace-23-anos-que-se-fue-el-hombre-que-vivio-a-su-manera","status":"publish","type":"post","link":"https:\/\/radiounodigital.com\/web\/2021\/05\/14\/hoy-hace-23-anos-que-se-fue-el-hombre-que-vivio-a-su-manera\/","title":{"rendered":"Hoy hace 23 a\u00f1os que se fue el hombre que vivi\u00f3 a su manera"},"content":{"rendered":"<h3>Un 14 de mayo como hoy pero de 1998 se desped\u00eda de los mortales Francis Albert Sinatra.<\/h3>\n<p>Frank fue sin duda una de las figuras m\u00e1s importantes de la m\u00fasica del siglo veinte. Fue puramente un cantante extraordinario, nunca le interes\u00f3 componer. Tomaba las obras de otros artistas y las llevaba a la cima de la fama con esa forma tan elegante y potente de interpretar.<\/p>\n<p>Sinatra es casi como los Beatles, fue el m\u00e1s grande en su estilo para la mayor\u00eda de los amantes de la buena m\u00fasica.<\/p>\n<p>\u00bfQuien no disfruta de un cl\u00e1sico de Sinatra como My Way o New York New York?<\/p>\n<p><iframe loading=\"lazy\" title=\"Theme From New York, New York [Live At Carnegie Hall, June 2\" width=\"960\" height=\"720\" src=\"https:\/\/www.youtube.com\/embed\/odNmQiSC6dY?feature=oembed\" frameborder=\"0\" allow=\"accelerometer; autoplay; clipboard-write; encrypted-media; gyroscope; picture-in-picture\" allowfullscreen><\/iframe><\/p>\n<p>&nbsp;<\/p>\n<p><iframe loading=\"lazy\" title=\"Frank Sinatra  -  My Way (HQ)\" width=\"960\" height=\"540\" src=\"https:\/\/www.youtube.com\/embed\/eH7iY-wAZ2s?feature=oembed\" frameborder=\"0\" allow=\"accelerometer; autoplay; clipboard-write; encrypted-media; gyroscope; picture-in-picture\" allowfullscreen><\/iframe><\/p>\n<p>10<\/p>\n<p>&nbsp;<\/p>\n<div class=\"fb-background-color\">\n\t\t\t  <div \n\t\t\t  \tclass = \"fb-comments\" \n\t\t\t  \tdata-href = \"https:\/\/radiounodigital.com\/web\/2021\/05\/14\/hoy-hace-23-anos-que-se-fue-el-hombre-que-vivio-a-su-manera\/\"\n\t\t\t  \tdata-numposts = \"10\"\n\t\t\t  \tdata-lazy = \"true\"\n\t\t\t\tdata-colorscheme = \"dark\"\n\t\t\t\tdata-order-by = \"reverse_time\"\n\t\t\t\tdata-mobile=true>\n\t\t\t  <\/div><\/div>\n\t\t  <style>\n\t\t    .fb-background-color {\n\t\t\t\tbackground: #ffffff !important;\n\t\t\t}\n\t\t\t.fb_iframe_widget_fluid_desktop iframe {\n\t\t\t    width: 100% !important;\n\t\t\t}\n\t\t  <\/style>\n\t\t  ","protected":false},"excerpt":{"rendered":"<p>Un 14 de mayo como hoy pero de 1998 se desped\u00eda de los mortales Francis Albert Sinatra. Frank fue sin duda una de las figuras m\u00e1s importantes de la m\u00fasica del siglo veinte. Fue puramente un cantante extraordinario, nunca le interes\u00f3 componer. Tomaba las obras de otros artistas y las llevaba a la cima de&#8230; <a href=\"https:\/\/radiounodigital.com\/web\/2021\/05\/14\/hoy-hace-23-anos-que-se-fue-el-hombre-que-vivio-a-su-manera\/\" class=\"excerpt-read-more\">Read More<\/a><\/p>\n","protected":false},"author":1,"featured_media":5895,"comment_status":"closed","ping_status":"open","sticky":false,"template":"","format":"standard","meta":{"footnotes":""},"categories":[180],"tags":[301,1795,84],"class_list":["post-5894","post","type-post","status-publish","format-standard","has-post-thumbnail","hentry","category-news","tag-aniversario","tag-frank-sinatra","tag-muerte"],"yoast_head":"<!-- This site is optimized with the Yoast SEO plugin v27.4 - https:\/\/yoast.com\/product\/yoast-seo-wordpress\/ -->\n<title>Hoy hace 23 a\u00f1os que se fue el hombre que vivi\u00f3 a su manera - Radio UNO Digital<\/title>\n<meta name=\"robots\" content=\"index, follow, max-snippet:-1, max-image-preview:large, max-video-preview:-1\" \/>\n<link rel=\"canonical\" href=\"https:\/\/radiounodigital.com\/web\/2021\/05\/14\/hoy-hace-23-anos-que-se-fue-el-hombre-que-vivio-a-su-manera\/\" \/>\n<meta property=\"og:locale\" content=\"es_ES\" \/>\n<meta property=\"og:type\" content=\"article\" \/>\n<meta property=\"og:title\" content=\"Hoy hace 23 a\u00f1os que se fue el hombre que vivi\u00f3 a su manera - Radio UNO Digital\" \/>\n<meta property=\"og:description\" content=\"Un 14 de mayo como hoy pero de 1998 se desped\u00eda de los mortales Francis Albert Sinatra. Frank fue sin duda una de las figuras m\u00e1s importantes de la m\u00fasica del siglo veinte. Fue puramente un cantante extraordinario, nunca le interes\u00f3 componer. Tomaba las obras de otros artistas y las llevaba a la cima de... Read More\" \/>\n<meta property=\"og:url\" content=\"https:\/\/radiounodigital.com\/web\/2021\/05\/14\/hoy-hace-23-anos-que-se-fue-el-hombre-que-vivio-a-su-manera\/\" \/>\n<meta property=\"og:site_name\" content=\"Radio UNO Digital\" \/>\n<meta property=\"article:published_time\" content=\"2021-05-14T04:47:30+00:00\" \/>\n<meta property=\"og:image\" content=\"https:\/\/radiounodigital.com\/web\/wp-content\/uploads\/2021\/05\/sinatra.jpg\" \/>\n\t<meta property=\"og:image:width\" content=\"650\" \/>\n\t<meta property=\"og:image:height\" content=\"366\" \/>\n\t<meta property=\"og:image:type\" content=\"image\/jpeg\" \/>\n<meta name=\"author\" content=\"diegoc\" \/>\n<meta name=\"twitter:card\" content=\"summary_large_image\" \/>\n<meta name=\"twitter:label1\" content=\"Escrito por\" \/>\n\t<meta name=\"twitter:data1\" content=\"diegoc\" \/>\n\t<meta name=\"twitter:label2\" content=\"Tiempo de lectura\" \/>\n\t<meta name=\"twitter:data2\" content=\"1 minuto\" \/>\n<script type=\"application\/ld+json\" class=\"yoast-schema-graph\">{\"@context\":\"https:\\\/\\\/schema.org\",\"@graph\":[{\"@type\":\"Article\",\"@id\":\"https:\\\/\\\/radiounodigital.com\\\/web\\\/2021\\\/05\\\/14\\\/hoy-hace-23-anos-que-se-fue-el-hombre-que-vivio-a-su-manera\\\/#article\",\"isPartOf\":{\"@id\":\"https:\\\/\\\/radiounodigital.com\\\/web\\\/2021\\\/05\\\/14\\\/hoy-hace-23-anos-que-se-fue-el-hombre-que-vivio-a-su-manera\\\/\"},\"author\":{\"name\":\"diegoc\",\"@id\":\"https:\\\/\\\/radiounodigital.com\\\/web\\\/#\\\/schema\\\/person\\\/00b93151fa54f619ecf9c183d1fc9758\"},\"headline\":\"Hoy hace 23 a\u00f1os que se fue el hombre que vivi\u00f3 a su manera\",\"datePublished\":\"2021-05-14T04:47:30+00:00\",\"mainEntityOfPage\":{\"@id\":\"https:\\\/\\\/radiounodigital.com\\\/web\\\/2021\\\/05\\\/14\\\/hoy-hace-23-anos-que-se-fue-el-hombre-que-vivio-a-su-manera\\\/\"},\"wordCount\":143,\"image\":{\"@id\":\"https:\\\/\\\/radiounodigital.com\\\/web\\\/2021\\\/05\\\/14\\\/hoy-hace-23-anos-que-se-fue-el-hombre-que-vivio-a-su-manera\\\/#primaryimage\"},\"thumbnailUrl\":\"https:\\\/\\\/radiounodigital.com\\\/web\\\/wp-content\\\/uploads\\\/2021\\\/05\\\/sinatra.jpg\",\"keywords\":[\"aniversario\",\"frank sinatra\",\"muerte\"],\"articleSection\":[\"news\"],\"inLanguage\":\"es\"},{\"@type\":\"WebPage\",\"@id\":\"https:\\\/\\\/radiounodigital.com\\\/web\\\/2021\\\/05\\\/14\\\/hoy-hace-23-anos-que-se-fue-el-hombre-que-vivio-a-su-manera\\\/\",\"url\":\"https:\\\/\\\/radiounodigital.com\\\/web\\\/2021\\\/05\\\/14\\\/hoy-hace-23-anos-que-se-fue-el-hombre-que-vivio-a-su-manera\\\/\",\"name\":\"Hoy hace 23 a\u00f1os que se fue el hombre que vivi\u00f3 a su manera - Radio UNO Digital\",\"isPartOf\":{\"@id\":\"https:\\\/\\\/radiounodigital.com\\\/web\\\/#website\"},\"primaryImageOfPage\":{\"@id\":\"https:\\\/\\\/radiounodigital.com\\\/web\\\/2021\\\/05\\\/14\\\/hoy-hace-23-anos-que-se-fue-el-hombre-que-vivio-a-su-manera\\\/#primaryimage\"},\"image\":{\"@id\":\"https:\\\/\\\/radiounodigital.com\\\/web\\\/2021\\\/05\\\/14\\\/hoy-hace-23-anos-que-se-fue-el-hombre-que-vivio-a-su-manera\\\/#primaryimage\"},\"thumbnailUrl\":\"https:\\\/\\\/radiounodigital.com\\\/web\\\/wp-content\\\/uploads\\\/2021\\\/05\\\/sinatra.jpg\",\"datePublished\":\"2021-05-14T04:47:30+00:00\",\"author\":{\"@id\":\"https:\\\/\\\/radiounodigital.com\\\/web\\\/#\\\/schema\\\/person\\\/00b93151fa54f619ecf9c183d1fc9758\"},\"breadcrumb\":{\"@id\":\"https:\\\/\\\/radiounodigital.com\\\/web\\\/2021\\\/05\\\/14\\\/hoy-hace-23-anos-que-se-fue-el-hombre-que-vivio-a-su-manera\\\/#breadcrumb\"},\"inLanguage\":\"es\",\"potentialAction\":[{\"@type\":\"ReadAction\",\"target\":[\"https:\\\/\\\/radiounodigital.com\\\/web\\\/2021\\\/05\\\/14\\\/hoy-hace-23-anos-que-se-fue-el-hombre-que-vivio-a-su-manera\\\/\"]}]},{\"@type\":\"ImageObject\",\"inLanguage\":\"es\",\"@id\":\"https:\\\/\\\/radiounodigital.com\\\/web\\\/2021\\\/05\\\/14\\\/hoy-hace-23-anos-que-se-fue-el-hombre-que-vivio-a-su-manera\\\/#primaryimage\",\"url\":\"https:\\\/\\\/radiounodigital.com\\\/web\\\/wp-content\\\/uploads\\\/2021\\\/05\\\/sinatra.jpg\",\"contentUrl\":\"https:\\\/\\\/radiounodigital.com\\\/web\\\/wp-content\\\/uploads\\\/2021\\\/05\\\/sinatra.jpg\",\"width\":650,\"height\":366,\"caption\":\"Mandatory Credit: Photo by Berliner Studio\\\/BEI\\\/Shutterstock (4667902f) Frank Sinatra Berliner book\"},{\"@type\":\"BreadcrumbList\",\"@id\":\"https:\\\/\\\/radiounodigital.com\\\/web\\\/2021\\\/05\\\/14\\\/hoy-hace-23-anos-que-se-fue-el-hombre-que-vivio-a-su-manera\\\/#breadcrumb\",\"itemListElement\":[{\"@type\":\"ListItem\",\"position\":1,\"name\":\"Home\",\"item\":\"https:\\\/\\\/radiounodigital.com\\\/web\\\/\"},{\"@type\":\"ListItem\",\"position\":2,\"name\":\"Hoy hace 23 a\u00f1os que se fue el hombre que vivi\u00f3 a su manera\"}]},{\"@type\":\"WebSite\",\"@id\":\"https:\\\/\\\/radiounodigital.com\\\/web\\\/#website\",\"url\":\"https:\\\/\\\/radiounodigital.com\\\/web\\\/\",\"name\":\"Radio UNO Digital\",\"description\":\"Donde la cultura del rock se siente\",\"potentialAction\":[{\"@type\":\"SearchAction\",\"target\":{\"@type\":\"EntryPoint\",\"urlTemplate\":\"https:\\\/\\\/radiounodigital.com\\\/web\\\/?s={search_term_string}\"},\"query-input\":{\"@type\":\"PropertyValueSpecification\",\"valueRequired\":true,\"valueName\":\"search_term_string\"}}],\"inLanguage\":\"es\"},{\"@type\":\"Person\",\"@id\":\"https:\\\/\\\/radiounodigital.com\\\/web\\\/#\\\/schema\\\/person\\\/00b93151fa54f619ecf9c183d1fc9758\",\"name\":\"diegoc\",\"image\":{\"@type\":\"ImageObject\",\"inLanguage\":\"es\",\"@id\":\"https:\\\/\\\/secure.gravatar.com\\\/avatar\\\/0a67041d44c702fb0660d81a5a32c7ce6007341cf92afeb718b75883bf415864?s=96&d=blank&r=g\",\"url\":\"https:\\\/\\\/secure.gravatar.com\\\/avatar\\\/0a67041d44c702fb0660d81a5a32c7ce6007341cf92afeb718b75883bf415864?s=96&d=blank&r=g\",\"contentUrl\":\"https:\\\/\\\/secure.gravatar.com\\\/avatar\\\/0a67041d44c702fb0660d81a5a32c7ce6007341cf92afeb718b75883bf415864?s=96&d=blank&r=g\",\"caption\":\"diegoc\"},\"url\":\"https:\\\/\\\/radiounodigital.com\\\/web\\\/author\\\/diegoc\\\/\"}]}<\/script>\n<!-- \/ Yoast SEO plugin. -->","yoast_head_json":{"title":"Hoy hace 23 a\u00f1os que se fue el hombre que vivi\u00f3 a su manera - Radio UNO Digital","robots":{"index":"index","follow":"follow","max-snippet":"max-snippet:-1","max-image-preview":"max-image-preview:large","max-video-preview":"max-video-preview:-1"},"canonical":"https:\/\/radiounodigital.com\/web\/2021\/05\/14\/hoy-hace-23-anos-que-se-fue-el-hombre-que-vivio-a-su-manera\/","og_locale":"es_ES","og_type":"article","og_title":"Hoy hace 23 a\u00f1os que se fue el hombre que vivi\u00f3 a su manera - Radio UNO Digital","og_description":"Un 14 de mayo como hoy pero de 1998 se desped\u00eda de los mortales Francis Albert Sinatra. Frank fue sin duda una de las figuras m\u00e1s importantes de la m\u00fasica del siglo veinte. Fue puramente un cantante extraordinario, nunca le interes\u00f3 componer. Tomaba las obras de otros artistas y las llevaba a la cima de... Read More","og_url":"https:\/\/radiounodigital.com\/web\/2021\/05\/14\/hoy-hace-23-anos-que-se-fue-el-hombre-que-vivio-a-su-manera\/","og_site_name":"Radio UNO Digital","article_published_time":"2021-05-14T04:47:30+00:00","og_image":[{"width":650,"height":366,"url":"https:\/\/radiounodigital.com\/web\/wp-content\/uploads\/2021\/05\/sinatra.jpg","type":"image\/jpeg"}],"author":"diegoc","twitter_card":"summary_large_image","twitter_misc":{"Escrito por":"diegoc","Tiempo de lectura":"1 minuto"},"schema":{"@context":"https:\/\/schema.org","@graph":[{"@type":"Article","@id":"https:\/\/radiounodigital.com\/web\/2021\/05\/14\/hoy-hace-23-anos-que-se-fue-el-hombre-que-vivio-a-su-manera\/#article","isPartOf":{"@id":"https:\/\/radiounodigital.com\/web\/2021\/05\/14\/hoy-hace-23-anos-que-se-fue-el-hombre-que-vivio-a-su-manera\/"},"author":{"name":"diegoc","@id":"https:\/\/radiounodigital.com\/web\/#\/schema\/person\/00b93151fa54f619ecf9c183d1fc9758"},"headline":"Hoy hace 23 a\u00f1os que se fue el hombre que vivi\u00f3 a su manera","datePublished":"2021-05-14T04:47:30+00:00","mainEntityOfPage":{"@id":"https:\/\/radiounodigital.com\/web\/2021\/05\/14\/hoy-hace-23-anos-que-se-fue-el-hombre-que-vivio-a-su-manera\/"},"wordCount":143,"image":{"@id":"https:\/\/radiounodigital.com\/web\/2021\/05\/14\/hoy-hace-23-anos-que-se-fue-el-hombre-que-vivio-a-su-manera\/#primaryimage"},"thumbnailUrl":"https:\/\/radiounodigital.com\/web\/wp-content\/uploads\/2021\/05\/sinatra.jpg","keywords":["aniversario","frank sinatra","muerte"],"articleSection":["news"],"inLanguage":"es"},{"@type":"WebPage","@id":"https:\/\/radiounodigital.com\/web\/2021\/05\/14\/hoy-hace-23-anos-que-se-fue-el-hombre-que-vivio-a-su-manera\/","url":"https:\/\/radiounodigital.com\/web\/2021\/05\/14\/hoy-hace-23-anos-que-se-fue-el-hombre-que-vivio-a-su-manera\/","name":"Hoy hace 23 a\u00f1os que se fue el hombre que vivi\u00f3 a su manera - Radio UNO Digital","isPartOf":{"@id":"https:\/\/radiounodigital.com\/web\/#website"},"primaryImageOfPage":{"@id":"https:\/\/radiounodigital.com\/web\/2021\/05\/14\/hoy-hace-23-anos-que-se-fue-el-hombre-que-vivio-a-su-manera\/#primaryimage"},"image":{"@id":"https:\/\/radiounodigital.com\/web\/2021\/05\/14\/hoy-hace-23-anos-que-se-fue-el-hombre-que-vivio-a-su-manera\/#primaryimage"},"thumbnailUrl":"https:\/\/radiounodigital.com\/web\/wp-content\/uploads\/2021\/05\/sinatra.jpg","datePublished":"2021-05-14T04:47:30+00:00","author":{"@id":"https:\/\/radiounodigital.com\/web\/#\/schema\/person\/00b93151fa54f619ecf9c183d1fc9758"},"breadcrumb":{"@id":"https:\/\/radiounodigital.com\/web\/2021\/05\/14\/hoy-hace-23-anos-que-se-fue-el-hombre-que-vivio-a-su-manera\/#breadcrumb"},"inLanguage":"es","potentialAction":[{"@type":"ReadAction","target":["https:\/\/radiounodigital.com\/web\/2021\/05\/14\/hoy-hace-23-anos-que-se-fue-el-hombre-que-vivio-a-su-manera\/"]}]},{"@type":"ImageObject","inLanguage":"es","@id":"https:\/\/radiounodigital.com\/web\/2021\/05\/14\/hoy-hace-23-anos-que-se-fue-el-hombre-que-vivio-a-su-manera\/#primaryimage","url":"https:\/\/radiounodigital.com\/web\/wp-content\/uploads\/2021\/05\/sinatra.jpg","contentUrl":"https:\/\/radiounodigital.com\/web\/wp-content\/uploads\/2021\/05\/sinatra.jpg","width":650,"height":366,"caption":"Mandatory Credit: Photo by Berliner Studio\/BEI\/Shutterstock (4667902f) Frank Sinatra Berliner book"},{"@type":"BreadcrumbList","@id":"https:\/\/radiounodigital.com\/web\/2021\/05\/14\/hoy-hace-23-anos-que-se-fue-el-hombre-que-vivio-a-su-manera\/#breadcrumb","itemListElement":[{"@type":"ListItem","position":1,"name":"Home","item":"https:\/\/radiounodigital.com\/web\/"},{"@type":"ListItem","position":2,"name":"Hoy hace 23 a\u00f1os que se fue el hombre que vivi\u00f3 a su manera"}]},{"@type":"WebSite","@id":"https:\/\/radiounodigital.com\/web\/#website","url":"https:\/\/radiounodigital.com\/web\/","name":"Radio UNO Digital","description":"Donde la cultura del rock se siente","potentialAction":[{"@type":"SearchAction","target":{"@type":"EntryPoint","urlTemplate":"https:\/\/radiounodigital.com\/web\/?s={search_term_string}"},"query-input":{"@type":"PropertyValueSpecification","valueRequired":true,"valueName":"search_term_string"}}],"inLanguage":"es"},{"@type":"Person","@id":"https:\/\/radiounodigital.com\/web\/#\/schema\/person\/00b93151fa54f619ecf9c183d1fc9758","name":"diegoc","image":{"@type":"ImageObject","inLanguage":"es","@id":"https:\/\/secure.gravatar.com\/avatar\/0a67041d44c702fb0660d81a5a32c7ce6007341cf92afeb718b75883bf415864?s=96&d=blank&r=g","url":"https:\/\/secure.gravatar.com\/avatar\/0a67041d44c702fb0660d81a5a32c7ce6007341cf92afeb718b75883bf415864?s=96&d=blank&r=g","contentUrl":"https:\/\/secure.gravatar.com\/avatar\/0a67041d44c702fb0660d81a5a32c7ce6007341cf92afeb718b75883bf415864?s=96&d=blank&r=g","caption":"diegoc"},"url":"https:\/\/radiounodigital.com\/web\/author\/diegoc\/"}]}},"_links":{"self":[{"href":"https:\/\/radiounodigital.com\/web\/wp-json\/wp\/v2\/posts\/5894","targetHints":{"allow":["GET"]}}],"collection":[{"href":"https:\/\/radiounodigital.com\/web\/wp-json\/wp\/v2\/posts"}],"about":[{"href":"https:\/\/radiounodigital.com\/web\/wp-json\/wp\/v2\/types\/post"}],"author":[{"embeddable":true,"href":"https:\/\/radiounodigital.com\/web\/wp-json\/wp\/v2\/users\/1"}],"replies":[{"embeddable":true,"href":"https:\/\/radiounodigital.com\/web\/wp-json\/wp\/v2\/comments?post=5894"}],"version-history":[{"count":1,"href":"https:\/\/radiounodigital.com\/web\/wp-json\/wp\/v2\/posts\/5894\/revisions"}],"predecessor-version":[{"id":5896,"href":"https:\/\/radiounodigital.com\/web\/wp-json\/wp\/v2\/posts\/5894\/revisions\/5896"}],"wp:featuredmedia":[{"embeddable":true,"href":"https:\/\/radiounodigital.com\/web\/wp-json\/wp\/v2\/media\/5895"}],"wp:attachment":[{"href":"https:\/\/radiounodigital.com\/web\/wp-json\/wp\/v2\/media?parent=5894"}],"wp:term":[{"taxonomy":"category","embeddable":true,"href":"https:\/\/radiounodigital.com\/web\/wp-json\/wp\/v2\/categories?post=5894"},{"taxonomy":"post_tag","embeddable":true,"href":"https:\/\/radiounodigital.com\/web\/wp-json\/wp\/v2\/tags?post=5894"}],"curies":[{"name":"wp","href":"https:\/\/api.w.org\/{rel}","templated":true}]}}