{"id":5903,"date":"2021-05-11T10:23:53","date_gmt":"2021-05-11T13:23:53","guid":{"rendered":"https:\/\/radiounodigital.com\/web\/?p=5903"},"modified":"2021-05-11T11:26:25","modified_gmt":"2021-05-11T14:26:25","slug":"tedeschi-trucks-band-anuncia-el-album-layla-revisited","status":"publish","type":"post","link":"https:\/\/radiounodigital.com\/web\/2021\/05\/11\/tedeschi-trucks-band-anuncia-el-album-layla-revisited\/","title":{"rendered":"Tedeschi Trucks Band anuncia el \u00e1lbum \u00abLayla Revisited\u00bb"},"content":{"rendered":"<h3>Tedeschi Trucks Band ha anunciado Layla Revisited (Live at LOCKN &#8216;), un LP de concierto grabado con el l\u00edder de Phish, Trey Anastasio.<\/h3>\n<p>Capturada durante una actuaci\u00f3n el 24 de agosto de 2019, en el Festival LOCKN &#8216;en Arrington, Virginia, Layla Revisited encuentra a Tedeschi Trucks Band interpretando el cl\u00e1sico LP de 1970 de Derek y los Dominos Layla and Other Assorted Love Songs en su totalidad.<\/p>\n<p>La actuaci\u00f3n especial fue una sorpresa para los asistentes esa noche. Aunque Tedeschi Trucks Band hab\u00eda anunciado que Anastasio se unir\u00eda a ellos, ninguno de los artistas revel\u00f3 que rendir\u00edan homenaje al \u00e1lbum Derek and the Dominos. A\u00fan as\u00ed, Tedeschi Trucks Band tiene una adoraci\u00f3n bien documentada por el supergrupo.<\/p>\n<p>\u00abCuando comenc\u00e9 a tocar la guitarra, el sonido del slide de Duane Allman era casi una obsesi\u00f3n\u00bb, dijo Derek Trucks, cuyo nombre se inspir\u00f3 en Derek and the Dominos, en un comunicado de prensa. \u201cSu interpretaci\u00f3n en &#8216;Layla&#8217; sigue siendo una de las marcas m\u00e1s importantes para m\u00ed. El esp\u00edritu, la alegr\u00eda, la temeridad y la inevitabilidad de ello. Mi padre pon\u00eda ese disco para que mi hermano y yo nos qued\u00e1ramos dormidos y lo grabara a\u00fan m\u00e1s en mi ADN \u00ab.<\/p>\n<p>Layla and Other Assorted Love Songs se lanz\u00f3 originalmente el 9 de noviembre de 1970, coincidentemente el mismo d\u00eda en que naci\u00f3 Susan Tedeschi.<\/p>\n<p>Puedes ver la lista de canciones de Layla Revisited (Live at LOCKN &#8216;) a continuaci\u00f3n. El LP se lanzar\u00e1 el 16 de julio, pero los fan\u00e1ticos pueden probarlo por primera vez viendo una presentaci\u00f3n de \u00abWhy Does Love Got to Be So Sad?\u00bb debajo.<\/p>\n<p>Tedeschi Trucks Band &#8211; \u00bfPor qu\u00e9 el amor tiene que ser tan triste? (Video Musical Oficial)<br \/>\nSuscr\u00edbete a Ultimate Classic Rock en<\/p>\n<p>A pesar de que su gira anual Wheels of Soul se pospuso hasta 2022, Tedeschi Trucks Band saldr\u00e1 a la carretera este verano para la gira Fireside Live. La banda actuar\u00e1 en anfiteatros al aire libre de capacidad reducida, autocines y configuraciones de c\u00e1psulas en un esfuerzo por mantener la seguridad de los fan\u00e1ticos y la tripulaci\u00f3n a ra\u00edz de la pandemia de coronavirus.<strong>Tedeschi Trucks<\/strong><\/p>\n<p><iframe loading=\"lazy\" title=\"Tedeschi Trucks Band - Why Does Love Got To Be So Sad? (Official Music Video)\" width=\"960\" height=\"540\" src=\"https:\/\/www.youtube.com\/embed\/dkhaMFSep0I?feature=oembed\" frameborder=\"0\" allow=\"accelerometer; autoplay; clipboard-write; encrypted-media; gyroscope; picture-in-picture\" allowfullscreen><\/iframe><\/p>\n<p><strong>Band, \u2018Layla Revisited (Live at LOCKN&#8217;)\u2019\u00a0Track Listing<\/strong><br \/>\n1. \u201cI Looked Away\u201d<br \/>\n2. \u201cBell Bottom Blues\u201d<br \/>\n3. \u201cKeep On Growing\u201d<br \/>\n4. \u201cNobody Knows You When You\u2019re Down and Out\u201d<br \/>\n5. \u201cI Am Yours\u201d<br \/>\n6. \u201cAnyday\u201d<br \/>\n7. \u201cKey to the Highway\u201d<br \/>\n8. \u201cTell the Truth\u201d<br \/>\n9. \u201cWhy Does Love Got to Be So Sad?\u201d<br \/>\n10. \u201cHave You Ever Loved a Woman?\u201d<br \/>\n11. \u201cLittle Wing\u201d<br \/>\n12. \u201cIt\u2019s Too Late\u201d<br \/>\n13. \u201cLayla\u201d<br \/>\n14. \u201cThorn Tree In the Garden\u201d (studio)<\/p>\n<div class=\"fb-background-color\">\n\t\t\t  <div \n\t\t\t  \tclass = \"fb-comments\" \n\t\t\t  \tdata-href = \"https:\/\/radiounodigital.com\/web\/2021\/05\/11\/tedeschi-trucks-band-anuncia-el-album-layla-revisited\/\"\n\t\t\t  \tdata-numposts = \"10\"\n\t\t\t  \tdata-lazy = \"true\"\n\t\t\t\tdata-colorscheme = \"dark\"\n\t\t\t\tdata-order-by = \"reverse_time\"\n\t\t\t\tdata-mobile=true>\n\t\t\t  <\/div><\/div>\n\t\t  <style>\n\t\t    .fb-background-color {\n\t\t\t\tbackground: #ffffff !important;\n\t\t\t}\n\t\t\t.fb_iframe_widget_fluid_desktop iframe {\n\t\t\t    width: 100% !important;\n\t\t\t}\n\t\t  <\/style>\n\t\t  ","protected":false},"excerpt":{"rendered":"<p>Tedeschi Trucks Band ha anunciado Layla Revisited (Live at LOCKN &#8216;), un LP de concierto grabado con el l\u00edder de Phish, Trey Anastasio. Capturada durante una actuaci\u00f3n el 24 de agosto de 2019, en el Festival LOCKN &#8216;en Arrington, Virginia, Layla Revisited encuentra a Tedeschi Trucks Band interpretando el cl\u00e1sico LP de 1970 de Derek&#8230; <a href=\"https:\/\/radiounodigital.com\/web\/2021\/05\/11\/tedeschi-trucks-band-anuncia-el-album-layla-revisited\/\" class=\"excerpt-read-more\">Read More<\/a><\/p>\n","protected":false},"author":1,"featured_media":5905,"comment_status":"closed","ping_status":"open","sticky":false,"template":"","format":"standard","meta":{"footnotes":""},"categories":[126,179,1098,1097,180,1359],"tags":[121,529,1800,173],"class_list":["post-5903","post","type-post","status-publish","format-standard","has-post-thumbnail","hentry","category-blues","category-covers","category-estrenos","category-lo-nuevo","category-news","category-videos","tag-album","tag-lanzamiento","tag-layla-revisited","tag-tedeschi-trucks-band"],"yoast_head":"<!-- This site is optimized with the Yoast SEO plugin v27.4 - https:\/\/yoast.com\/product\/yoast-seo-wordpress\/ -->\n<title>Tedeschi Trucks Band anuncia el \u00e1lbum &quot;Layla Revisited&quot; - Radio UNO Digital<\/title>\n<meta name=\"robots\" content=\"index, follow, max-snippet:-1, max-image-preview:large, max-video-preview:-1\" \/>\n<link rel=\"canonical\" href=\"https:\/\/radiounodigital.com\/web\/2021\/05\/11\/tedeschi-trucks-band-anuncia-el-album-layla-revisited\/\" \/>\n<meta property=\"og:locale\" content=\"es_ES\" \/>\n<meta property=\"og:type\" content=\"article\" \/>\n<meta property=\"og:title\" content=\"Tedeschi Trucks Band anuncia el \u00e1lbum &quot;Layla Revisited&quot; - Radio UNO Digital\" \/>\n<meta property=\"og:description\" content=\"Tedeschi Trucks Band ha anunciado Layla Revisited (Live at LOCKN &#8216;), un LP de concierto grabado con el l\u00edder de Phish, Trey Anastasio. Capturada durante una actuaci\u00f3n el 24 de agosto de 2019, en el Festival LOCKN &#8216;en Arrington, Virginia, Layla Revisited encuentra a Tedeschi Trucks Band interpretando el cl\u00e1sico LP de 1970 de Derek... Read More\" \/>\n<meta property=\"og:url\" content=\"https:\/\/radiounodigital.com\/web\/2021\/05\/11\/tedeschi-trucks-band-anuncia-el-album-layla-revisited\/\" \/>\n<meta property=\"og:site_name\" content=\"Radio UNO Digital\" \/>\n<meta property=\"article:published_time\" content=\"2021-05-11T13:23:53+00:00\" \/>\n<meta property=\"article:modified_time\" content=\"2021-05-11T14:26:25+00:00\" \/>\n<meta property=\"og:image\" content=\"https:\/\/radiounodigital.com\/web\/wp-content\/uploads\/2021\/05\/TTB-laylarevisited.jpg\" \/>\n\t<meta property=\"og:image:width\" content=\"1200\" \/>\n\t<meta property=\"og:image:height\" content=\"675\" \/>\n\t<meta property=\"og:image:type\" content=\"image\/jpeg\" \/>\n<meta name=\"author\" content=\"diegoc\" \/>\n<meta name=\"twitter:card\" content=\"summary_large_image\" \/>\n<meta name=\"twitter:label1\" content=\"Escrito por\" \/>\n\t<meta name=\"twitter:data1\" content=\"diegoc\" \/>\n\t<meta name=\"twitter:label2\" content=\"Tiempo de lectura\" \/>\n\t<meta name=\"twitter:data2\" content=\"2 minutos\" \/>\n<script type=\"application\/ld+json\" class=\"yoast-schema-graph\">{\"@context\":\"https:\\\/\\\/schema.org\",\"@graph\":[{\"@type\":\"Article\",\"@id\":\"https:\\\/\\\/radiounodigital.com\\\/web\\\/2021\\\/05\\\/11\\\/tedeschi-trucks-band-anuncia-el-album-layla-revisited\\\/#article\",\"isPartOf\":{\"@id\":\"https:\\\/\\\/radiounodigital.com\\\/web\\\/2021\\\/05\\\/11\\\/tedeschi-trucks-band-anuncia-el-album-layla-revisited\\\/\"},\"author\":{\"name\":\"diegoc\",\"@id\":\"https:\\\/\\\/radiounodigital.com\\\/web\\\/#\\\/schema\\\/person\\\/00b93151fa54f619ecf9c183d1fc9758\"},\"headline\":\"Tedeschi Trucks Band anuncia el \u00e1lbum \u00abLayla Revisited\u00bb\",\"datePublished\":\"2021-05-11T13:23:53+00:00\",\"dateModified\":\"2021-05-11T14:26:25+00:00\",\"mainEntityOfPage\":{\"@id\":\"https:\\\/\\\/radiounodigital.com\\\/web\\\/2021\\\/05\\\/11\\\/tedeschi-trucks-band-anuncia-el-album-layla-revisited\\\/\"},\"wordCount\":449,\"image\":{\"@id\":\"https:\\\/\\\/radiounodigital.com\\\/web\\\/2021\\\/05\\\/11\\\/tedeschi-trucks-band-anuncia-el-album-layla-revisited\\\/#primaryimage\"},\"thumbnailUrl\":\"https:\\\/\\\/radiounodigital.com\\\/web\\\/wp-content\\\/uploads\\\/2021\\\/05\\\/TTB-laylarevisited.jpg\",\"keywords\":[\"album\",\"lanzamiento\",\"layla revisited\",\"TEDESCHI TRUCKS BAND\"],\"articleSection\":[\"Blues\",\"Covers\",\"estrenos\",\"lo nuevo\",\"news\",\"videos\"],\"inLanguage\":\"es\"},{\"@type\":\"WebPage\",\"@id\":\"https:\\\/\\\/radiounodigital.com\\\/web\\\/2021\\\/05\\\/11\\\/tedeschi-trucks-band-anuncia-el-album-layla-revisited\\\/\",\"url\":\"https:\\\/\\\/radiounodigital.com\\\/web\\\/2021\\\/05\\\/11\\\/tedeschi-trucks-band-anuncia-el-album-layla-revisited\\\/\",\"name\":\"Tedeschi Trucks Band anuncia el \u00e1lbum \\\"Layla Revisited\\\" - Radio UNO Digital\",\"isPartOf\":{\"@id\":\"https:\\\/\\\/radiounodigital.com\\\/web\\\/#website\"},\"primaryImageOfPage\":{\"@id\":\"https:\\\/\\\/radiounodigital.com\\\/web\\\/2021\\\/05\\\/11\\\/tedeschi-trucks-band-anuncia-el-album-layla-revisited\\\/#primaryimage\"},\"image\":{\"@id\":\"https:\\\/\\\/radiounodigital.com\\\/web\\\/2021\\\/05\\\/11\\\/tedeschi-trucks-band-anuncia-el-album-layla-revisited\\\/#primaryimage\"},\"thumbnailUrl\":\"https:\\\/\\\/radiounodigital.com\\\/web\\\/wp-content\\\/uploads\\\/2021\\\/05\\\/TTB-laylarevisited.jpg\",\"datePublished\":\"2021-05-11T13:23:53+00:00\",\"dateModified\":\"2021-05-11T14:26:25+00:00\",\"author\":{\"@id\":\"https:\\\/\\\/radiounodigital.com\\\/web\\\/#\\\/schema\\\/person\\\/00b93151fa54f619ecf9c183d1fc9758\"},\"breadcrumb\":{\"@id\":\"https:\\\/\\\/radiounodigital.com\\\/web\\\/2021\\\/05\\\/11\\\/tedeschi-trucks-band-anuncia-el-album-layla-revisited\\\/#breadcrumb\"},\"inLanguage\":\"es\",\"potentialAction\":[{\"@type\":\"ReadAction\",\"target\":[\"https:\\\/\\\/radiounodigital.com\\\/web\\\/2021\\\/05\\\/11\\\/tedeschi-trucks-band-anuncia-el-album-layla-revisited\\\/\"]}]},{\"@type\":\"ImageObject\",\"inLanguage\":\"es\",\"@id\":\"https:\\\/\\\/radiounodigital.com\\\/web\\\/2021\\\/05\\\/11\\\/tedeschi-trucks-band-anuncia-el-album-layla-revisited\\\/#primaryimage\",\"url\":\"https:\\\/\\\/radiounodigital.com\\\/web\\\/wp-content\\\/uploads\\\/2021\\\/05\\\/TTB-laylarevisited.jpg\",\"contentUrl\":\"https:\\\/\\\/radiounodigital.com\\\/web\\\/wp-content\\\/uploads\\\/2021\\\/05\\\/TTB-laylarevisited.jpg\",\"width\":1200,\"height\":675},{\"@type\":\"BreadcrumbList\",\"@id\":\"https:\\\/\\\/radiounodigital.com\\\/web\\\/2021\\\/05\\\/11\\\/tedeschi-trucks-band-anuncia-el-album-layla-revisited\\\/#breadcrumb\",\"itemListElement\":[{\"@type\":\"ListItem\",\"position\":1,\"name\":\"Home\",\"item\":\"https:\\\/\\\/radiounodigital.com\\\/web\\\/\"},{\"@type\":\"ListItem\",\"position\":2,\"name\":\"Tedeschi Trucks Band anuncia el \u00e1lbum \u00abLayla Revisited\u00bb\"}]},{\"@type\":\"WebSite\",\"@id\":\"https:\\\/\\\/radiounodigital.com\\\/web\\\/#website\",\"url\":\"https:\\\/\\\/radiounodigital.com\\\/web\\\/\",\"name\":\"Radio UNO Digital\",\"description\":\"Donde la cultura del rock se siente\",\"potentialAction\":[{\"@type\":\"SearchAction\",\"target\":{\"@type\":\"EntryPoint\",\"urlTemplate\":\"https:\\\/\\\/radiounodigital.com\\\/web\\\/?s={search_term_string}\"},\"query-input\":{\"@type\":\"PropertyValueSpecification\",\"valueRequired\":true,\"valueName\":\"search_term_string\"}}],\"inLanguage\":\"es\"},{\"@type\":\"Person\",\"@id\":\"https:\\\/\\\/radiounodigital.com\\\/web\\\/#\\\/schema\\\/person\\\/00b93151fa54f619ecf9c183d1fc9758\",\"name\":\"diegoc\",\"image\":{\"@type\":\"ImageObject\",\"inLanguage\":\"es\",\"@id\":\"https:\\\/\\\/secure.gravatar.com\\\/avatar\\\/0a67041d44c702fb0660d81a5a32c7ce6007341cf92afeb718b75883bf415864?s=96&d=blank&r=g\",\"url\":\"https:\\\/\\\/secure.gravatar.com\\\/avatar\\\/0a67041d44c702fb0660d81a5a32c7ce6007341cf92afeb718b75883bf415864?s=96&d=blank&r=g\",\"contentUrl\":\"https:\\\/\\\/secure.gravatar.com\\\/avatar\\\/0a67041d44c702fb0660d81a5a32c7ce6007341cf92afeb718b75883bf415864?s=96&d=blank&r=g\",\"caption\":\"diegoc\"},\"url\":\"https:\\\/\\\/radiounodigital.com\\\/web\\\/author\\\/diegoc\\\/\"}]}<\/script>\n<!-- \/ Yoast SEO plugin. -->","yoast_head_json":{"title":"Tedeschi Trucks Band anuncia el \u00e1lbum \"Layla Revisited\" - Radio UNO Digital","robots":{"index":"index","follow":"follow","max-snippet":"max-snippet:-1","max-image-preview":"max-image-preview:large","max-video-preview":"max-video-preview:-1"},"canonical":"https:\/\/radiounodigital.com\/web\/2021\/05\/11\/tedeschi-trucks-band-anuncia-el-album-layla-revisited\/","og_locale":"es_ES","og_type":"article","og_title":"Tedeschi Trucks Band anuncia el \u00e1lbum \"Layla Revisited\" - Radio UNO Digital","og_description":"Tedeschi Trucks Band ha anunciado Layla Revisited (Live at LOCKN &#8216;), un LP de concierto grabado con el l\u00edder de Phish, Trey Anastasio. Capturada durante una actuaci\u00f3n el 24 de agosto de 2019, en el Festival LOCKN &#8216;en Arrington, Virginia, Layla Revisited encuentra a Tedeschi Trucks Band interpretando el cl\u00e1sico LP de 1970 de Derek... Read More","og_url":"https:\/\/radiounodigital.com\/web\/2021\/05\/11\/tedeschi-trucks-band-anuncia-el-album-layla-revisited\/","og_site_name":"Radio UNO Digital","article_published_time":"2021-05-11T13:23:53+00:00","article_modified_time":"2021-05-11T14:26:25+00:00","og_image":[{"width":1200,"height":675,"url":"https:\/\/radiounodigital.com\/web\/wp-content\/uploads\/2021\/05\/TTB-laylarevisited.jpg","type":"image\/jpeg"}],"author":"diegoc","twitter_card":"summary_large_image","twitter_misc":{"Escrito por":"diegoc","Tiempo de lectura":"2 minutos"},"schema":{"@context":"https:\/\/schema.org","@graph":[{"@type":"Article","@id":"https:\/\/radiounodigital.com\/web\/2021\/05\/11\/tedeschi-trucks-band-anuncia-el-album-layla-revisited\/#article","isPartOf":{"@id":"https:\/\/radiounodigital.com\/web\/2021\/05\/11\/tedeschi-trucks-band-anuncia-el-album-layla-revisited\/"},"author":{"name":"diegoc","@id":"https:\/\/radiounodigital.com\/web\/#\/schema\/person\/00b93151fa54f619ecf9c183d1fc9758"},"headline":"Tedeschi Trucks Band anuncia el \u00e1lbum \u00abLayla Revisited\u00bb","datePublished":"2021-05-11T13:23:53+00:00","dateModified":"2021-05-11T14:26:25+00:00","mainEntityOfPage":{"@id":"https:\/\/radiounodigital.com\/web\/2021\/05\/11\/tedeschi-trucks-band-anuncia-el-album-layla-revisited\/"},"wordCount":449,"image":{"@id":"https:\/\/radiounodigital.com\/web\/2021\/05\/11\/tedeschi-trucks-band-anuncia-el-album-layla-revisited\/#primaryimage"},"thumbnailUrl":"https:\/\/radiounodigital.com\/web\/wp-content\/uploads\/2021\/05\/TTB-laylarevisited.jpg","keywords":["album","lanzamiento","layla revisited","TEDESCHI TRUCKS BAND"],"articleSection":["Blues","Covers","estrenos","lo nuevo","news","videos"],"inLanguage":"es"},{"@type":"WebPage","@id":"https:\/\/radiounodigital.com\/web\/2021\/05\/11\/tedeschi-trucks-band-anuncia-el-album-layla-revisited\/","url":"https:\/\/radiounodigital.com\/web\/2021\/05\/11\/tedeschi-trucks-band-anuncia-el-album-layla-revisited\/","name":"Tedeschi Trucks Band anuncia el \u00e1lbum \"Layla Revisited\" - Radio UNO Digital","isPartOf":{"@id":"https:\/\/radiounodigital.com\/web\/#website"},"primaryImageOfPage":{"@id":"https:\/\/radiounodigital.com\/web\/2021\/05\/11\/tedeschi-trucks-band-anuncia-el-album-layla-revisited\/#primaryimage"},"image":{"@id":"https:\/\/radiounodigital.com\/web\/2021\/05\/11\/tedeschi-trucks-band-anuncia-el-album-layla-revisited\/#primaryimage"},"thumbnailUrl":"https:\/\/radiounodigital.com\/web\/wp-content\/uploads\/2021\/05\/TTB-laylarevisited.jpg","datePublished":"2021-05-11T13:23:53+00:00","dateModified":"2021-05-11T14:26:25+00:00","author":{"@id":"https:\/\/radiounodigital.com\/web\/#\/schema\/person\/00b93151fa54f619ecf9c183d1fc9758"},"breadcrumb":{"@id":"https:\/\/radiounodigital.com\/web\/2021\/05\/11\/tedeschi-trucks-band-anuncia-el-album-layla-revisited\/#breadcrumb"},"inLanguage":"es","potentialAction":[{"@type":"ReadAction","target":["https:\/\/radiounodigital.com\/web\/2021\/05\/11\/tedeschi-trucks-band-anuncia-el-album-layla-revisited\/"]}]},{"@type":"ImageObject","inLanguage":"es","@id":"https:\/\/radiounodigital.com\/web\/2021\/05\/11\/tedeschi-trucks-band-anuncia-el-album-layla-revisited\/#primaryimage","url":"https:\/\/radiounodigital.com\/web\/wp-content\/uploads\/2021\/05\/TTB-laylarevisited.jpg","contentUrl":"https:\/\/radiounodigital.com\/web\/wp-content\/uploads\/2021\/05\/TTB-laylarevisited.jpg","width":1200,"height":675},{"@type":"BreadcrumbList","@id":"https:\/\/radiounodigital.com\/web\/2021\/05\/11\/tedeschi-trucks-band-anuncia-el-album-layla-revisited\/#breadcrumb","itemListElement":[{"@type":"ListItem","position":1,"name":"Home","item":"https:\/\/radiounodigital.com\/web\/"},{"@type":"ListItem","position":2,"name":"Tedeschi Trucks Band anuncia el \u00e1lbum \u00abLayla Revisited\u00bb"}]},{"@type":"WebSite","@id":"https:\/\/radiounodigital.com\/web\/#website","url":"https:\/\/radiounodigital.com\/web\/","name":"Radio UNO Digital","description":"Donde la cultura del rock se siente","potentialAction":[{"@type":"SearchAction","target":{"@type":"EntryPoint","urlTemplate":"https:\/\/radiounodigital.com\/web\/?s={search_term_string}"},"query-input":{"@type":"PropertyValueSpecification","valueRequired":true,"valueName":"search_term_string"}}],"inLanguage":"es"},{"@type":"Person","@id":"https:\/\/radiounodigital.com\/web\/#\/schema\/person\/00b93151fa54f619ecf9c183d1fc9758","name":"diegoc","image":{"@type":"ImageObject","inLanguage":"es","@id":"https:\/\/secure.gravatar.com\/avatar\/0a67041d44c702fb0660d81a5a32c7ce6007341cf92afeb718b75883bf415864?s=96&d=blank&r=g","url":"https:\/\/secure.gravatar.com\/avatar\/0a67041d44c702fb0660d81a5a32c7ce6007341cf92afeb718b75883bf415864?s=96&d=blank&r=g","contentUrl":"https:\/\/secure.gravatar.com\/avatar\/0a67041d44c702fb0660d81a5a32c7ce6007341cf92afeb718b75883bf415864?s=96&d=blank&r=g","caption":"diegoc"},"url":"https:\/\/radiounodigital.com\/web\/author\/diegoc\/"}]}},"_links":{"self":[{"href":"https:\/\/radiounodigital.com\/web\/wp-json\/wp\/v2\/posts\/5903","targetHints":{"allow":["GET"]}}],"collection":[{"href":"https:\/\/radiounodigital.com\/web\/wp-json\/wp\/v2\/posts"}],"about":[{"href":"https:\/\/radiounodigital.com\/web\/wp-json\/wp\/v2\/types\/post"}],"author":[{"embeddable":true,"href":"https:\/\/radiounodigital.com\/web\/wp-json\/wp\/v2\/users\/1"}],"replies":[{"embeddable":true,"href":"https:\/\/radiounodigital.com\/web\/wp-json\/wp\/v2\/comments?post=5903"}],"version-history":[{"count":1,"href":"https:\/\/radiounodigital.com\/web\/wp-json\/wp\/v2\/posts\/5903\/revisions"}],"predecessor-version":[{"id":5904,"href":"https:\/\/radiounodigital.com\/web\/wp-json\/wp\/v2\/posts\/5903\/revisions\/5904"}],"wp:featuredmedia":[{"embeddable":true,"href":"https:\/\/radiounodigital.com\/web\/wp-json\/wp\/v2\/media\/5905"}],"wp:attachment":[{"href":"https:\/\/radiounodigital.com\/web\/wp-json\/wp\/v2\/media?parent=5903"}],"wp:term":[{"taxonomy":"category","embeddable":true,"href":"https:\/\/radiounodigital.com\/web\/wp-json\/wp\/v2\/categories?post=5903"},{"taxonomy":"post_tag","embeddable":true,"href":"https:\/\/radiounodigital.com\/web\/wp-json\/wp\/v2\/tags?post=5903"}],"curies":[{"name":"wp","href":"https:\/\/api.w.org\/{rel}","templated":true}]}}