{"id":5958,"date":"2021-06-01T23:02:12","date_gmt":"2021-06-02T02:02:12","guid":{"rendered":"https:\/\/radiounodigital.com\/web\/?p=5958"},"modified":"2021-06-01T23:02:12","modified_gmt":"2021-06-02T02:02:12","slug":"alanis-morisette-la-promesa-vigente","status":"publish","type":"post","link":"https:\/\/radiounodigital.com\/web\/2021\/06\/01\/alanis-morisette-la-promesa-vigente\/","title":{"rendered":"Alanis Morisette: La promesa vigente"},"content":{"rendered":"<h3>Un d\u00eda como hoy hace 47 a\u00f1os nac\u00eda Alanis Nadine Morissette en Ottawa, Canada.<\/h3>\n<p>Su punto m\u00e1ximo fue en el arranque all\u00e1 por 1995 con aquel formidable \u00e1lbum titulado Jagged little pill, que hasta el d\u00eda de hoy sigue siendo una referencia de la d\u00e9cada del 90.<\/p>\n<p>Llegar a la cima con tu primer disco parece dejar una tarea m\u00e1s que dif\u00edcil para el resto del camino, pero no por eso vamos a dejar de reconocer el talento de esta joven artista que por aquellos tiempos se dec\u00eda que estaba apadrinada por la reina del pop Madonna.<\/p>\n<p>Hoy es su cumplea\u00f1os numero 47 as\u00ed que vamos a dejarnos de rodeos y a escuchar buena m\u00fasica.<\/p>\n<p><iframe loading=\"lazy\" title=\"YouTube video player\" src=\"https:\/\/www.youtube.com\/embed\/Olk6lIR7wDg?list=PLaFHewP8K7d_mcqAf_bhIGtygjaiZdXGK\" width=\"560\" height=\"315\" frameborder=\"0\" allowfullscreen=\"allowfullscreen\"><span data-mce-type=\"bookmark\" style=\"display: inline-block; width: 0px; overflow: hidden; line-height: 0;\" class=\"mce_SELRES_start\">\ufeff<\/span><\/iframe><\/p>\n<p>&nbsp;<\/p>\n<p>&nbsp;<\/p>\n<p>&nbsp;<\/p>\n<div class=\"fb-background-color\">\n\t\t\t  <div \n\t\t\t  \tclass = \"fb-comments\" \n\t\t\t  \tdata-href = \"https:\/\/radiounodigital.com\/web\/2021\/06\/01\/alanis-morisette-la-promesa-vigente\/\"\n\t\t\t  \tdata-numposts = \"10\"\n\t\t\t  \tdata-lazy = \"true\"\n\t\t\t\tdata-colorscheme = \"dark\"\n\t\t\t\tdata-order-by = \"reverse_time\"\n\t\t\t\tdata-mobile=true>\n\t\t\t  <\/div><\/div>\n\t\t  <style>\n\t\t    .fb-background-color {\n\t\t\t\tbackground: #ffffff !important;\n\t\t\t}\n\t\t\t.fb_iframe_widget_fluid_desktop iframe {\n\t\t\t    width: 100% !important;\n\t\t\t}\n\t\t  <\/style>\n\t\t  ","protected":false},"excerpt":{"rendered":"<p>Un d\u00eda como hoy hace 47 a\u00f1os nac\u00eda Alanis Nadine Morissette en Ottawa, Canada. Su punto m\u00e1ximo fue en el arranque all\u00e1 por 1995 con aquel formidable \u00e1lbum titulado Jagged little pill, que hasta el d\u00eda de hoy sigue siendo una referencia de la d\u00e9cada del 90. Llegar a la cima con tu primer disco&#8230; <a href=\"https:\/\/radiounodigital.com\/web\/2021\/06\/01\/alanis-morisette-la-promesa-vigente\/\" class=\"excerpt-read-more\">Read More<\/a><\/p>\n","protected":false},"author":1,"featured_media":5959,"comment_status":"closed","ping_status":"open","sticky":false,"template":"","format":"standard","meta":{"footnotes":""},"categories":[1547,180],"tags":[773],"class_list":["post-5958","post","type-post","status-publish","format-standard","has-post-thumbnail","hentry","category-cumpleanos","category-news","tag-alanis-morisette"],"yoast_head":"<!-- This site is optimized with the Yoast SEO plugin v27.4 - https:\/\/yoast.com\/product\/yoast-seo-wordpress\/ -->\n<title>Alanis Morisette: La promesa vigente - Radio UNO Digital<\/title>\n<meta name=\"robots\" content=\"index, follow, max-snippet:-1, max-image-preview:large, max-video-preview:-1\" \/>\n<link rel=\"canonical\" href=\"https:\/\/radiounodigital.com\/web\/2021\/06\/01\/alanis-morisette-la-promesa-vigente\/\" \/>\n<meta property=\"og:locale\" content=\"es_ES\" \/>\n<meta property=\"og:type\" content=\"article\" \/>\n<meta property=\"og:title\" content=\"Alanis Morisette: La promesa vigente - Radio UNO Digital\" \/>\n<meta property=\"og:description\" content=\"Un d\u00eda como hoy hace 47 a\u00f1os nac\u00eda Alanis Nadine Morissette en Ottawa, Canada. Su punto m\u00e1ximo fue en el arranque all\u00e1 por 1995 con aquel formidable \u00e1lbum titulado Jagged little pill, que hasta el d\u00eda de hoy sigue siendo una referencia de la d\u00e9cada del 90. Llegar a la cima con tu primer disco... Read More\" \/>\n<meta property=\"og:url\" content=\"https:\/\/radiounodigital.com\/web\/2021\/06\/01\/alanis-morisette-la-promesa-vigente\/\" \/>\n<meta property=\"og:site_name\" content=\"Radio UNO Digital\" \/>\n<meta property=\"article:published_time\" content=\"2021-06-02T02:02:12+00:00\" \/>\n<meta property=\"og:image\" content=\"https:\/\/radiounodigital.com\/web\/wp-content\/uploads\/2021\/06\/alanis-e1622599320798.jpg\" \/>\n\t<meta property=\"og:image:width\" content=\"650\" \/>\n\t<meta property=\"og:image:height\" content=\"366\" \/>\n\t<meta property=\"og:image:type\" content=\"image\/jpeg\" \/>\n<meta name=\"author\" content=\"diegoc\" \/>\n<meta name=\"twitter:card\" content=\"summary_large_image\" \/>\n<meta name=\"twitter:label1\" content=\"Escrito por\" \/>\n\t<meta name=\"twitter:data1\" content=\"diegoc\" \/>\n\t<meta name=\"twitter:label2\" content=\"Tiempo de lectura\" \/>\n\t<meta name=\"twitter:data2\" content=\"1 minuto\" \/>\n<script type=\"application\/ld+json\" class=\"yoast-schema-graph\">{\"@context\":\"https:\\\/\\\/schema.org\",\"@graph\":[{\"@type\":\"Article\",\"@id\":\"https:\\\/\\\/radiounodigital.com\\\/web\\\/2021\\\/06\\\/01\\\/alanis-morisette-la-promesa-vigente\\\/#article\",\"isPartOf\":{\"@id\":\"https:\\\/\\\/radiounodigital.com\\\/web\\\/2021\\\/06\\\/01\\\/alanis-morisette-la-promesa-vigente\\\/\"},\"author\":{\"name\":\"diegoc\",\"@id\":\"https:\\\/\\\/radiounodigital.com\\\/web\\\/#\\\/schema\\\/person\\\/00b93151fa54f619ecf9c183d1fc9758\"},\"headline\":\"Alanis Morisette: La promesa vigente\",\"datePublished\":\"2021-06-02T02:02:12+00:00\",\"mainEntityOfPage\":{\"@id\":\"https:\\\/\\\/radiounodigital.com\\\/web\\\/2021\\\/06\\\/01\\\/alanis-morisette-la-promesa-vigente\\\/\"},\"wordCount\":130,\"image\":{\"@id\":\"https:\\\/\\\/radiounodigital.com\\\/web\\\/2021\\\/06\\\/01\\\/alanis-morisette-la-promesa-vigente\\\/#primaryimage\"},\"thumbnailUrl\":\"https:\\\/\\\/radiounodigital.com\\\/web\\\/wp-content\\\/uploads\\\/2021\\\/06\\\/alanis-e1622599320798.jpg\",\"keywords\":[\"alanis morisette\"],\"articleSection\":[\"cumplea\u00f1os\",\"news\"],\"inLanguage\":\"es\"},{\"@type\":\"WebPage\",\"@id\":\"https:\\\/\\\/radiounodigital.com\\\/web\\\/2021\\\/06\\\/01\\\/alanis-morisette-la-promesa-vigente\\\/\",\"url\":\"https:\\\/\\\/radiounodigital.com\\\/web\\\/2021\\\/06\\\/01\\\/alanis-morisette-la-promesa-vigente\\\/\",\"name\":\"Alanis Morisette: La promesa vigente - Radio UNO Digital\",\"isPartOf\":{\"@id\":\"https:\\\/\\\/radiounodigital.com\\\/web\\\/#website\"},\"primaryImageOfPage\":{\"@id\":\"https:\\\/\\\/radiounodigital.com\\\/web\\\/2021\\\/06\\\/01\\\/alanis-morisette-la-promesa-vigente\\\/#primaryimage\"},\"image\":{\"@id\":\"https:\\\/\\\/radiounodigital.com\\\/web\\\/2021\\\/06\\\/01\\\/alanis-morisette-la-promesa-vigente\\\/#primaryimage\"},\"thumbnailUrl\":\"https:\\\/\\\/radiounodigital.com\\\/web\\\/wp-content\\\/uploads\\\/2021\\\/06\\\/alanis-e1622599320798.jpg\",\"datePublished\":\"2021-06-02T02:02:12+00:00\",\"author\":{\"@id\":\"https:\\\/\\\/radiounodigital.com\\\/web\\\/#\\\/schema\\\/person\\\/00b93151fa54f619ecf9c183d1fc9758\"},\"breadcrumb\":{\"@id\":\"https:\\\/\\\/radiounodigital.com\\\/web\\\/2021\\\/06\\\/01\\\/alanis-morisette-la-promesa-vigente\\\/#breadcrumb\"},\"inLanguage\":\"es\",\"potentialAction\":[{\"@type\":\"ReadAction\",\"target\":[\"https:\\\/\\\/radiounodigital.com\\\/web\\\/2021\\\/06\\\/01\\\/alanis-morisette-la-promesa-vigente\\\/\"]}]},{\"@type\":\"ImageObject\",\"inLanguage\":\"es\",\"@id\":\"https:\\\/\\\/radiounodigital.com\\\/web\\\/2021\\\/06\\\/01\\\/alanis-morisette-la-promesa-vigente\\\/#primaryimage\",\"url\":\"https:\\\/\\\/radiounodigital.com\\\/web\\\/wp-content\\\/uploads\\\/2021\\\/06\\\/alanis-e1622599320798.jpg\",\"contentUrl\":\"https:\\\/\\\/radiounodigital.com\\\/web\\\/wp-content\\\/uploads\\\/2021\\\/06\\\/alanis-e1622599320798.jpg\",\"width\":650,\"height\":366},{\"@type\":\"BreadcrumbList\",\"@id\":\"https:\\\/\\\/radiounodigital.com\\\/web\\\/2021\\\/06\\\/01\\\/alanis-morisette-la-promesa-vigente\\\/#breadcrumb\",\"itemListElement\":[{\"@type\":\"ListItem\",\"position\":1,\"name\":\"Home\",\"item\":\"https:\\\/\\\/radiounodigital.com\\\/web\\\/\"},{\"@type\":\"ListItem\",\"position\":2,\"name\":\"Alanis Morisette: La promesa vigente\"}]},{\"@type\":\"WebSite\",\"@id\":\"https:\\\/\\\/radiounodigital.com\\\/web\\\/#website\",\"url\":\"https:\\\/\\\/radiounodigital.com\\\/web\\\/\",\"name\":\"Radio UNO Digital\",\"description\":\"Donde la cultura del rock se siente\",\"potentialAction\":[{\"@type\":\"SearchAction\",\"target\":{\"@type\":\"EntryPoint\",\"urlTemplate\":\"https:\\\/\\\/radiounodigital.com\\\/web\\\/?s={search_term_string}\"},\"query-input\":{\"@type\":\"PropertyValueSpecification\",\"valueRequired\":true,\"valueName\":\"search_term_string\"}}],\"inLanguage\":\"es\"},{\"@type\":\"Person\",\"@id\":\"https:\\\/\\\/radiounodigital.com\\\/web\\\/#\\\/schema\\\/person\\\/00b93151fa54f619ecf9c183d1fc9758\",\"name\":\"diegoc\",\"image\":{\"@type\":\"ImageObject\",\"inLanguage\":\"es\",\"@id\":\"https:\\\/\\\/secure.gravatar.com\\\/avatar\\\/0a67041d44c702fb0660d81a5a32c7ce6007341cf92afeb718b75883bf415864?s=96&d=blank&r=g\",\"url\":\"https:\\\/\\\/secure.gravatar.com\\\/avatar\\\/0a67041d44c702fb0660d81a5a32c7ce6007341cf92afeb718b75883bf415864?s=96&d=blank&r=g\",\"contentUrl\":\"https:\\\/\\\/secure.gravatar.com\\\/avatar\\\/0a67041d44c702fb0660d81a5a32c7ce6007341cf92afeb718b75883bf415864?s=96&d=blank&r=g\",\"caption\":\"diegoc\"},\"url\":\"https:\\\/\\\/radiounodigital.com\\\/web\\\/author\\\/diegoc\\\/\"}]}<\/script>\n<!-- \/ Yoast SEO plugin. -->","yoast_head_json":{"title":"Alanis Morisette: La promesa vigente - Radio UNO Digital","robots":{"index":"index","follow":"follow","max-snippet":"max-snippet:-1","max-image-preview":"max-image-preview:large","max-video-preview":"max-video-preview:-1"},"canonical":"https:\/\/radiounodigital.com\/web\/2021\/06\/01\/alanis-morisette-la-promesa-vigente\/","og_locale":"es_ES","og_type":"article","og_title":"Alanis Morisette: La promesa vigente - Radio UNO Digital","og_description":"Un d\u00eda como hoy hace 47 a\u00f1os nac\u00eda Alanis Nadine Morissette en Ottawa, Canada. Su punto m\u00e1ximo fue en el arranque all\u00e1 por 1995 con aquel formidable \u00e1lbum titulado Jagged little pill, que hasta el d\u00eda de hoy sigue siendo una referencia de la d\u00e9cada del 90. Llegar a la cima con tu primer disco... Read More","og_url":"https:\/\/radiounodigital.com\/web\/2021\/06\/01\/alanis-morisette-la-promesa-vigente\/","og_site_name":"Radio UNO Digital","article_published_time":"2021-06-02T02:02:12+00:00","og_image":[{"width":650,"height":366,"url":"https:\/\/radiounodigital.com\/web\/wp-content\/uploads\/2021\/06\/alanis-e1622599320798.jpg","type":"image\/jpeg"}],"author":"diegoc","twitter_card":"summary_large_image","twitter_misc":{"Escrito por":"diegoc","Tiempo de lectura":"1 minuto"},"schema":{"@context":"https:\/\/schema.org","@graph":[{"@type":"Article","@id":"https:\/\/radiounodigital.com\/web\/2021\/06\/01\/alanis-morisette-la-promesa-vigente\/#article","isPartOf":{"@id":"https:\/\/radiounodigital.com\/web\/2021\/06\/01\/alanis-morisette-la-promesa-vigente\/"},"author":{"name":"diegoc","@id":"https:\/\/radiounodigital.com\/web\/#\/schema\/person\/00b93151fa54f619ecf9c183d1fc9758"},"headline":"Alanis Morisette: La promesa vigente","datePublished":"2021-06-02T02:02:12+00:00","mainEntityOfPage":{"@id":"https:\/\/radiounodigital.com\/web\/2021\/06\/01\/alanis-morisette-la-promesa-vigente\/"},"wordCount":130,"image":{"@id":"https:\/\/radiounodigital.com\/web\/2021\/06\/01\/alanis-morisette-la-promesa-vigente\/#primaryimage"},"thumbnailUrl":"https:\/\/radiounodigital.com\/web\/wp-content\/uploads\/2021\/06\/alanis-e1622599320798.jpg","keywords":["alanis morisette"],"articleSection":["cumplea\u00f1os","news"],"inLanguage":"es"},{"@type":"WebPage","@id":"https:\/\/radiounodigital.com\/web\/2021\/06\/01\/alanis-morisette-la-promesa-vigente\/","url":"https:\/\/radiounodigital.com\/web\/2021\/06\/01\/alanis-morisette-la-promesa-vigente\/","name":"Alanis Morisette: La promesa vigente - Radio UNO Digital","isPartOf":{"@id":"https:\/\/radiounodigital.com\/web\/#website"},"primaryImageOfPage":{"@id":"https:\/\/radiounodigital.com\/web\/2021\/06\/01\/alanis-morisette-la-promesa-vigente\/#primaryimage"},"image":{"@id":"https:\/\/radiounodigital.com\/web\/2021\/06\/01\/alanis-morisette-la-promesa-vigente\/#primaryimage"},"thumbnailUrl":"https:\/\/radiounodigital.com\/web\/wp-content\/uploads\/2021\/06\/alanis-e1622599320798.jpg","datePublished":"2021-06-02T02:02:12+00:00","author":{"@id":"https:\/\/radiounodigital.com\/web\/#\/schema\/person\/00b93151fa54f619ecf9c183d1fc9758"},"breadcrumb":{"@id":"https:\/\/radiounodigital.com\/web\/2021\/06\/01\/alanis-morisette-la-promesa-vigente\/#breadcrumb"},"inLanguage":"es","potentialAction":[{"@type":"ReadAction","target":["https:\/\/radiounodigital.com\/web\/2021\/06\/01\/alanis-morisette-la-promesa-vigente\/"]}]},{"@type":"ImageObject","inLanguage":"es","@id":"https:\/\/radiounodigital.com\/web\/2021\/06\/01\/alanis-morisette-la-promesa-vigente\/#primaryimage","url":"https:\/\/radiounodigital.com\/web\/wp-content\/uploads\/2021\/06\/alanis-e1622599320798.jpg","contentUrl":"https:\/\/radiounodigital.com\/web\/wp-content\/uploads\/2021\/06\/alanis-e1622599320798.jpg","width":650,"height":366},{"@type":"BreadcrumbList","@id":"https:\/\/radiounodigital.com\/web\/2021\/06\/01\/alanis-morisette-la-promesa-vigente\/#breadcrumb","itemListElement":[{"@type":"ListItem","position":1,"name":"Home","item":"https:\/\/radiounodigital.com\/web\/"},{"@type":"ListItem","position":2,"name":"Alanis Morisette: La promesa vigente"}]},{"@type":"WebSite","@id":"https:\/\/radiounodigital.com\/web\/#website","url":"https:\/\/radiounodigital.com\/web\/","name":"Radio UNO Digital","description":"Donde la cultura del rock se siente","potentialAction":[{"@type":"SearchAction","target":{"@type":"EntryPoint","urlTemplate":"https:\/\/radiounodigital.com\/web\/?s={search_term_string}"},"query-input":{"@type":"PropertyValueSpecification","valueRequired":true,"valueName":"search_term_string"}}],"inLanguage":"es"},{"@type":"Person","@id":"https:\/\/radiounodigital.com\/web\/#\/schema\/person\/00b93151fa54f619ecf9c183d1fc9758","name":"diegoc","image":{"@type":"ImageObject","inLanguage":"es","@id":"https:\/\/secure.gravatar.com\/avatar\/0a67041d44c702fb0660d81a5a32c7ce6007341cf92afeb718b75883bf415864?s=96&d=blank&r=g","url":"https:\/\/secure.gravatar.com\/avatar\/0a67041d44c702fb0660d81a5a32c7ce6007341cf92afeb718b75883bf415864?s=96&d=blank&r=g","contentUrl":"https:\/\/secure.gravatar.com\/avatar\/0a67041d44c702fb0660d81a5a32c7ce6007341cf92afeb718b75883bf415864?s=96&d=blank&r=g","caption":"diegoc"},"url":"https:\/\/radiounodigital.com\/web\/author\/diegoc\/"}]}},"_links":{"self":[{"href":"https:\/\/radiounodigital.com\/web\/wp-json\/wp\/v2\/posts\/5958","targetHints":{"allow":["GET"]}}],"collection":[{"href":"https:\/\/radiounodigital.com\/web\/wp-json\/wp\/v2\/posts"}],"about":[{"href":"https:\/\/radiounodigital.com\/web\/wp-json\/wp\/v2\/types\/post"}],"author":[{"embeddable":true,"href":"https:\/\/radiounodigital.com\/web\/wp-json\/wp\/v2\/users\/1"}],"replies":[{"embeddable":true,"href":"https:\/\/radiounodigital.com\/web\/wp-json\/wp\/v2\/comments?post=5958"}],"version-history":[{"count":1,"href":"https:\/\/radiounodigital.com\/web\/wp-json\/wp\/v2\/posts\/5958\/revisions"}],"predecessor-version":[{"id":5960,"href":"https:\/\/radiounodigital.com\/web\/wp-json\/wp\/v2\/posts\/5958\/revisions\/5960"}],"wp:featuredmedia":[{"embeddable":true,"href":"https:\/\/radiounodigital.com\/web\/wp-json\/wp\/v2\/media\/5959"}],"wp:attachment":[{"href":"https:\/\/radiounodigital.com\/web\/wp-json\/wp\/v2\/media?parent=5958"}],"wp:term":[{"taxonomy":"category","embeddable":true,"href":"https:\/\/radiounodigital.com\/web\/wp-json\/wp\/v2\/categories?post=5958"},{"taxonomy":"post_tag","embeddable":true,"href":"https:\/\/radiounodigital.com\/web\/wp-json\/wp\/v2\/tags?post=5958"}],"curies":[{"name":"wp","href":"https:\/\/api.w.org\/{rel}","templated":true}]}}