{"id":6043,"date":"2021-06-24T07:24:53","date_gmt":"2021-06-24T10:24:53","guid":{"rendered":"https:\/\/radiounodigital.com\/web\/?p=6043"},"modified":"2021-06-24T07:24:53","modified_gmt":"2021-06-24T10:24:53","slug":"mi-corazon-es-argentino-pero-mi-alma-es-uruguaya-porque-ahi-es-donde-naci","status":"publish","type":"post","link":"https:\/\/radiounodigital.com\/web\/2021\/06\/24\/mi-corazon-es-argentino-pero-mi-alma-es-uruguaya-porque-ahi-es-donde-naci\/","title":{"rendered":"\u00abMi coraz\u00f3n es argentino, pero mi alma es uruguaya, porque ah\u00ed es donde nac\u00ed\u00bb"},"content":{"rendered":"<h3>Los periodistas escrib\u00edan a menudo que Gardel era uruguayo, nacido en Tacuaremb\u00f3.<\/h3>\n<p>En el diario El Tel\u00e9grafo (Paysand\u00fa, Uruguay, 25 de octubre de 1933), Gardel dec\u00eda: \u00abSoy uruguayo, nacido en Tacuaremb\u00f3\u00bb. En la edici\u00f3n de junio de 1935 de la revista Caretas de Antioquia, Colombia, Gardel dec\u00eda: \u00abMi coraz\u00f3n es argentino, pero mi alma es uruguaya, porque ah\u00ed es donde nac\u00ed\u00bb. En 1931, Gardel escribi\u00f3 en un documento testificado: \u00abSoy franc\u00e9s, nacido en Toulouse el 11 de diciembre de 1890, hijo de Berthe Gardes\u00bb.<\/p>\n<p>El legado de Gardel est\u00e1 \u00edntimamente ligado al tango. Por su canto de tango, Gardel todav\u00eda es venerado desde Tokio hasta Buenos Aires. Un dicho popular en Argentina, que sirve como testimonio de su popularidad de larga data, afirma: \u00abGardel canta mejor cada d\u00eda\u00bb.<\/p>\n<p><iframe loading=\"lazy\" title=\"Por una Cabeza (Original) - Tango - Carlos Gardel\" width=\"960\" height=\"720\" src=\"https:\/\/www.youtube.com\/embed\/SJ1aTPM-dyE?feature=oembed\" frameborder=\"0\" allow=\"accelerometer; autoplay; clipboard-write; encrypted-media; gyroscope; picture-in-picture\" allowfullscreen><\/iframe><\/p>\n<p>&nbsp;<\/p>\n<p><iframe loading=\"lazy\" title=\"CARLOS GARDEL &quot; Mi Buenos Aires Querido &quot; - Color -\" width=\"960\" height=\"720\" src=\"https:\/\/www.youtube.com\/embed\/tsAQZRYilFs?feature=oembed\" frameborder=\"0\" allow=\"accelerometer; autoplay; clipboard-write; encrypted-media; gyroscope; picture-in-picture\" allowfullscreen><\/iframe><\/p>\n<p>&nbsp;<\/p>\n<div class=\"fb-background-color\">\n\t\t\t  <div \n\t\t\t  \tclass = \"fb-comments\" \n\t\t\t  \tdata-href = \"https:\/\/radiounodigital.com\/web\/2021\/06\/24\/mi-corazon-es-argentino-pero-mi-alma-es-uruguaya-porque-ahi-es-donde-naci\/\"\n\t\t\t  \tdata-numposts = \"10\"\n\t\t\t  \tdata-lazy = \"true\"\n\t\t\t\tdata-colorscheme = \"dark\"\n\t\t\t\tdata-order-by = \"reverse_time\"\n\t\t\t\tdata-mobile=true>\n\t\t\t  <\/div><\/div>\n\t\t  <style>\n\t\t    .fb-background-color {\n\t\t\t\tbackground: #ffffff !important;\n\t\t\t}\n\t\t\t.fb_iframe_widget_fluid_desktop iframe {\n\t\t\t    width: 100% !important;\n\t\t\t}\n\t\t  <\/style>\n\t\t  ","protected":false},"excerpt":{"rendered":"<p>Los periodistas escrib\u00edan a menudo que Gardel era uruguayo, nacido en Tacuaremb\u00f3. En el diario El Tel\u00e9grafo (Paysand\u00fa, Uruguay, 25 de octubre de 1933), Gardel dec\u00eda: \u00abSoy uruguayo, nacido en Tacuaremb\u00f3\u00bb. En la edici\u00f3n de junio de 1935 de la revista Caretas de Antioquia, Colombia, Gardel dec\u00eda: \u00abMi coraz\u00f3n es argentino, pero mi alma es&#8230; <a href=\"https:\/\/radiounodigital.com\/web\/2021\/06\/24\/mi-corazon-es-argentino-pero-mi-alma-es-uruguaya-porque-ahi-es-donde-naci\/\" class=\"excerpt-read-more\">Read More<\/a><\/p>\n","protected":false},"author":1,"featured_media":6044,"comment_status":"closed","ping_status":"open","sticky":false,"template":"","format":"standard","meta":{"footnotes":""},"categories":[180],"tags":[519,301,1872,1871,1873,84],"class_list":["post-6043","post","type-post","status-publish","format-standard","has-post-thumbnail","hentry","category-news","tag-accidente","tag-aniversario","tag-avion","tag-carlos-gardel","tag-medellin","tag-muerte"],"yoast_head":"<!-- This site is optimized with the Yoast SEO plugin v27.5 - https:\/\/yoast.com\/product\/yoast-seo-wordpress\/ -->\n<title>&quot;Mi coraz\u00f3n es argentino, pero mi alma es uruguaya, porque ah\u00ed es donde nac\u00ed&quot; - Radio UNO Digital<\/title>\n<meta name=\"robots\" content=\"index, follow, max-snippet:-1, max-image-preview:large, max-video-preview:-1\" \/>\n<link rel=\"canonical\" href=\"https:\/\/radiounodigital.com\/web\/2021\/06\/24\/mi-corazon-es-argentino-pero-mi-alma-es-uruguaya-porque-ahi-es-donde-naci\/\" \/>\n<meta property=\"og:locale\" content=\"es_ES\" \/>\n<meta property=\"og:type\" content=\"article\" \/>\n<meta property=\"og:title\" content=\"&quot;Mi coraz\u00f3n es argentino, pero mi alma es uruguaya, porque ah\u00ed es donde nac\u00ed&quot; - Radio UNO Digital\" \/>\n<meta property=\"og:description\" content=\"Los periodistas escrib\u00edan a menudo que Gardel era uruguayo, nacido en Tacuaremb\u00f3. En el diario El Tel\u00e9grafo (Paysand\u00fa, Uruguay, 25 de octubre de 1933), Gardel dec\u00eda: \u00abSoy uruguayo, nacido en Tacuaremb\u00f3\u00bb. En la edici\u00f3n de junio de 1935 de la revista Caretas de Antioquia, Colombia, Gardel dec\u00eda: \u00abMi coraz\u00f3n es argentino, pero mi alma es... Read More\" \/>\n<meta property=\"og:url\" content=\"https:\/\/radiounodigital.com\/web\/2021\/06\/24\/mi-corazon-es-argentino-pero-mi-alma-es-uruguaya-porque-ahi-es-donde-naci\/\" \/>\n<meta property=\"og:site_name\" content=\"Radio UNO Digital\" \/>\n<meta property=\"article:published_time\" content=\"2021-06-24T10:24:53+00:00\" \/>\n<meta property=\"og:image\" content=\"https:\/\/radiounodigital.com\/web\/wp-content\/uploads\/2021\/06\/Carlos-Gardel.jpg\" \/>\n\t<meta property=\"og:image:width\" content=\"750\" \/>\n\t<meta property=\"og:image:height\" content=\"430\" \/>\n\t<meta property=\"og:image:type\" content=\"image\/jpeg\" \/>\n<meta name=\"author\" content=\"diegoc\" \/>\n<meta name=\"twitter:card\" content=\"summary_large_image\" \/>\n<meta name=\"twitter:label1\" content=\"Escrito por\" \/>\n\t<meta name=\"twitter:data1\" content=\"diegoc\" \/>\n\t<meta name=\"twitter:label2\" content=\"Tiempo de lectura\" \/>\n\t<meta name=\"twitter:data2\" content=\"1 minuto\" \/>\n<script type=\"application\/ld+json\" class=\"yoast-schema-graph\">{\"@context\":\"https:\\\/\\\/schema.org\",\"@graph\":[{\"@type\":\"Article\",\"@id\":\"https:\\\/\\\/radiounodigital.com\\\/web\\\/2021\\\/06\\\/24\\\/mi-corazon-es-argentino-pero-mi-alma-es-uruguaya-porque-ahi-es-donde-naci\\\/#article\",\"isPartOf\":{\"@id\":\"https:\\\/\\\/radiounodigital.com\\\/web\\\/2021\\\/06\\\/24\\\/mi-corazon-es-argentino-pero-mi-alma-es-uruguaya-porque-ahi-es-donde-naci\\\/\"},\"author\":{\"name\":\"diegoc\",\"@id\":\"https:\\\/\\\/radiounodigital.com\\\/web\\\/#\\\/schema\\\/person\\\/00b93151fa54f619ecf9c183d1fc9758\"},\"headline\":\"\u00abMi coraz\u00f3n es argentino, pero mi alma es uruguaya, porque ah\u00ed es donde nac\u00ed\u00bb\",\"datePublished\":\"2021-06-24T10:24:53+00:00\",\"mainEntityOfPage\":{\"@id\":\"https:\\\/\\\/radiounodigital.com\\\/web\\\/2021\\\/06\\\/24\\\/mi-corazon-es-argentino-pero-mi-alma-es-uruguaya-porque-ahi-es-donde-naci\\\/\"},\"wordCount\":163,\"image\":{\"@id\":\"https:\\\/\\\/radiounodigital.com\\\/web\\\/2021\\\/06\\\/24\\\/mi-corazon-es-argentino-pero-mi-alma-es-uruguaya-porque-ahi-es-donde-naci\\\/#primaryimage\"},\"thumbnailUrl\":\"https:\\\/\\\/radiounodigital.com\\\/web\\\/wp-content\\\/uploads\\\/2021\\\/06\\\/Carlos-Gardel.jpg\",\"keywords\":[\"accidente\",\"aniversario\",\"avion\",\"carlos gardel\",\"medellin\",\"muerte\"],\"articleSection\":[\"news\"],\"inLanguage\":\"es\"},{\"@type\":\"WebPage\",\"@id\":\"https:\\\/\\\/radiounodigital.com\\\/web\\\/2021\\\/06\\\/24\\\/mi-corazon-es-argentino-pero-mi-alma-es-uruguaya-porque-ahi-es-donde-naci\\\/\",\"url\":\"https:\\\/\\\/radiounodigital.com\\\/web\\\/2021\\\/06\\\/24\\\/mi-corazon-es-argentino-pero-mi-alma-es-uruguaya-porque-ahi-es-donde-naci\\\/\",\"name\":\"\\\"Mi coraz\u00f3n es argentino, pero mi alma es uruguaya, porque ah\u00ed es donde nac\u00ed\\\" - Radio UNO Digital\",\"isPartOf\":{\"@id\":\"https:\\\/\\\/radiounodigital.com\\\/web\\\/#website\"},\"primaryImageOfPage\":{\"@id\":\"https:\\\/\\\/radiounodigital.com\\\/web\\\/2021\\\/06\\\/24\\\/mi-corazon-es-argentino-pero-mi-alma-es-uruguaya-porque-ahi-es-donde-naci\\\/#primaryimage\"},\"image\":{\"@id\":\"https:\\\/\\\/radiounodigital.com\\\/web\\\/2021\\\/06\\\/24\\\/mi-corazon-es-argentino-pero-mi-alma-es-uruguaya-porque-ahi-es-donde-naci\\\/#primaryimage\"},\"thumbnailUrl\":\"https:\\\/\\\/radiounodigital.com\\\/web\\\/wp-content\\\/uploads\\\/2021\\\/06\\\/Carlos-Gardel.jpg\",\"datePublished\":\"2021-06-24T10:24:53+00:00\",\"author\":{\"@id\":\"https:\\\/\\\/radiounodigital.com\\\/web\\\/#\\\/schema\\\/person\\\/00b93151fa54f619ecf9c183d1fc9758\"},\"breadcrumb\":{\"@id\":\"https:\\\/\\\/radiounodigital.com\\\/web\\\/2021\\\/06\\\/24\\\/mi-corazon-es-argentino-pero-mi-alma-es-uruguaya-porque-ahi-es-donde-naci\\\/#breadcrumb\"},\"inLanguage\":\"es\",\"potentialAction\":[{\"@type\":\"ReadAction\",\"target\":[\"https:\\\/\\\/radiounodigital.com\\\/web\\\/2021\\\/06\\\/24\\\/mi-corazon-es-argentino-pero-mi-alma-es-uruguaya-porque-ahi-es-donde-naci\\\/\"]}]},{\"@type\":\"ImageObject\",\"inLanguage\":\"es\",\"@id\":\"https:\\\/\\\/radiounodigital.com\\\/web\\\/2021\\\/06\\\/24\\\/mi-corazon-es-argentino-pero-mi-alma-es-uruguaya-porque-ahi-es-donde-naci\\\/#primaryimage\",\"url\":\"https:\\\/\\\/radiounodigital.com\\\/web\\\/wp-content\\\/uploads\\\/2021\\\/06\\\/Carlos-Gardel.jpg\",\"contentUrl\":\"https:\\\/\\\/radiounodigital.com\\\/web\\\/wp-content\\\/uploads\\\/2021\\\/06\\\/Carlos-Gardel.jpg\",\"width\":750,\"height\":430},{\"@type\":\"BreadcrumbList\",\"@id\":\"https:\\\/\\\/radiounodigital.com\\\/web\\\/2021\\\/06\\\/24\\\/mi-corazon-es-argentino-pero-mi-alma-es-uruguaya-porque-ahi-es-donde-naci\\\/#breadcrumb\",\"itemListElement\":[{\"@type\":\"ListItem\",\"position\":1,\"name\":\"Home\",\"item\":\"https:\\\/\\\/radiounodigital.com\\\/web\\\/\"},{\"@type\":\"ListItem\",\"position\":2,\"name\":\"\u00abMi coraz\u00f3n es argentino, pero mi alma es uruguaya, porque ah\u00ed es donde nac\u00ed\u00bb\"}]},{\"@type\":\"WebSite\",\"@id\":\"https:\\\/\\\/radiounodigital.com\\\/web\\\/#website\",\"url\":\"https:\\\/\\\/radiounodigital.com\\\/web\\\/\",\"name\":\"Radio UNO Digital\",\"description\":\"Donde la cultura del rock se siente\",\"potentialAction\":[{\"@type\":\"SearchAction\",\"target\":{\"@type\":\"EntryPoint\",\"urlTemplate\":\"https:\\\/\\\/radiounodigital.com\\\/web\\\/?s={search_term_string}\"},\"query-input\":{\"@type\":\"PropertyValueSpecification\",\"valueRequired\":true,\"valueName\":\"search_term_string\"}}],\"inLanguage\":\"es\"},{\"@type\":\"Person\",\"@id\":\"https:\\\/\\\/radiounodigital.com\\\/web\\\/#\\\/schema\\\/person\\\/00b93151fa54f619ecf9c183d1fc9758\",\"name\":\"diegoc\",\"image\":{\"@type\":\"ImageObject\",\"inLanguage\":\"es\",\"@id\":\"https:\\\/\\\/secure.gravatar.com\\\/avatar\\\/0a67041d44c702fb0660d81a5a32c7ce6007341cf92afeb718b75883bf415864?s=96&d=blank&r=g\",\"url\":\"https:\\\/\\\/secure.gravatar.com\\\/avatar\\\/0a67041d44c702fb0660d81a5a32c7ce6007341cf92afeb718b75883bf415864?s=96&d=blank&r=g\",\"contentUrl\":\"https:\\\/\\\/secure.gravatar.com\\\/avatar\\\/0a67041d44c702fb0660d81a5a32c7ce6007341cf92afeb718b75883bf415864?s=96&d=blank&r=g\",\"caption\":\"diegoc\"},\"url\":\"https:\\\/\\\/radiounodigital.com\\\/web\\\/author\\\/diegoc\\\/\"}]}<\/script>\n<!-- \/ Yoast SEO plugin. -->","yoast_head_json":{"title":"\"Mi coraz\u00f3n es argentino, pero mi alma es uruguaya, porque ah\u00ed es donde nac\u00ed\" - Radio UNO Digital","robots":{"index":"index","follow":"follow","max-snippet":"max-snippet:-1","max-image-preview":"max-image-preview:large","max-video-preview":"max-video-preview:-1"},"canonical":"https:\/\/radiounodigital.com\/web\/2021\/06\/24\/mi-corazon-es-argentino-pero-mi-alma-es-uruguaya-porque-ahi-es-donde-naci\/","og_locale":"es_ES","og_type":"article","og_title":"\"Mi coraz\u00f3n es argentino, pero mi alma es uruguaya, porque ah\u00ed es donde nac\u00ed\" - Radio UNO Digital","og_description":"Los periodistas escrib\u00edan a menudo que Gardel era uruguayo, nacido en Tacuaremb\u00f3. En el diario El Tel\u00e9grafo (Paysand\u00fa, Uruguay, 25 de octubre de 1933), Gardel dec\u00eda: \u00abSoy uruguayo, nacido en Tacuaremb\u00f3\u00bb. En la edici\u00f3n de junio de 1935 de la revista Caretas de Antioquia, Colombia, Gardel dec\u00eda: \u00abMi coraz\u00f3n es argentino, pero mi alma es... Read More","og_url":"https:\/\/radiounodigital.com\/web\/2021\/06\/24\/mi-corazon-es-argentino-pero-mi-alma-es-uruguaya-porque-ahi-es-donde-naci\/","og_site_name":"Radio UNO Digital","article_published_time":"2021-06-24T10:24:53+00:00","og_image":[{"width":750,"height":430,"url":"https:\/\/radiounodigital.com\/web\/wp-content\/uploads\/2021\/06\/Carlos-Gardel.jpg","type":"image\/jpeg"}],"author":"diegoc","twitter_card":"summary_large_image","twitter_misc":{"Escrito por":"diegoc","Tiempo de lectura":"1 minuto"},"schema":{"@context":"https:\/\/schema.org","@graph":[{"@type":"Article","@id":"https:\/\/radiounodigital.com\/web\/2021\/06\/24\/mi-corazon-es-argentino-pero-mi-alma-es-uruguaya-porque-ahi-es-donde-naci\/#article","isPartOf":{"@id":"https:\/\/radiounodigital.com\/web\/2021\/06\/24\/mi-corazon-es-argentino-pero-mi-alma-es-uruguaya-porque-ahi-es-donde-naci\/"},"author":{"name":"diegoc","@id":"https:\/\/radiounodigital.com\/web\/#\/schema\/person\/00b93151fa54f619ecf9c183d1fc9758"},"headline":"\u00abMi coraz\u00f3n es argentino, pero mi alma es uruguaya, porque ah\u00ed es donde nac\u00ed\u00bb","datePublished":"2021-06-24T10:24:53+00:00","mainEntityOfPage":{"@id":"https:\/\/radiounodigital.com\/web\/2021\/06\/24\/mi-corazon-es-argentino-pero-mi-alma-es-uruguaya-porque-ahi-es-donde-naci\/"},"wordCount":163,"image":{"@id":"https:\/\/radiounodigital.com\/web\/2021\/06\/24\/mi-corazon-es-argentino-pero-mi-alma-es-uruguaya-porque-ahi-es-donde-naci\/#primaryimage"},"thumbnailUrl":"https:\/\/radiounodigital.com\/web\/wp-content\/uploads\/2021\/06\/Carlos-Gardel.jpg","keywords":["accidente","aniversario","avion","carlos gardel","medellin","muerte"],"articleSection":["news"],"inLanguage":"es"},{"@type":"WebPage","@id":"https:\/\/radiounodigital.com\/web\/2021\/06\/24\/mi-corazon-es-argentino-pero-mi-alma-es-uruguaya-porque-ahi-es-donde-naci\/","url":"https:\/\/radiounodigital.com\/web\/2021\/06\/24\/mi-corazon-es-argentino-pero-mi-alma-es-uruguaya-porque-ahi-es-donde-naci\/","name":"\"Mi coraz\u00f3n es argentino, pero mi alma es uruguaya, porque ah\u00ed es donde nac\u00ed\" - Radio UNO Digital","isPartOf":{"@id":"https:\/\/radiounodigital.com\/web\/#website"},"primaryImageOfPage":{"@id":"https:\/\/radiounodigital.com\/web\/2021\/06\/24\/mi-corazon-es-argentino-pero-mi-alma-es-uruguaya-porque-ahi-es-donde-naci\/#primaryimage"},"image":{"@id":"https:\/\/radiounodigital.com\/web\/2021\/06\/24\/mi-corazon-es-argentino-pero-mi-alma-es-uruguaya-porque-ahi-es-donde-naci\/#primaryimage"},"thumbnailUrl":"https:\/\/radiounodigital.com\/web\/wp-content\/uploads\/2021\/06\/Carlos-Gardel.jpg","datePublished":"2021-06-24T10:24:53+00:00","author":{"@id":"https:\/\/radiounodigital.com\/web\/#\/schema\/person\/00b93151fa54f619ecf9c183d1fc9758"},"breadcrumb":{"@id":"https:\/\/radiounodigital.com\/web\/2021\/06\/24\/mi-corazon-es-argentino-pero-mi-alma-es-uruguaya-porque-ahi-es-donde-naci\/#breadcrumb"},"inLanguage":"es","potentialAction":[{"@type":"ReadAction","target":["https:\/\/radiounodigital.com\/web\/2021\/06\/24\/mi-corazon-es-argentino-pero-mi-alma-es-uruguaya-porque-ahi-es-donde-naci\/"]}]},{"@type":"ImageObject","inLanguage":"es","@id":"https:\/\/radiounodigital.com\/web\/2021\/06\/24\/mi-corazon-es-argentino-pero-mi-alma-es-uruguaya-porque-ahi-es-donde-naci\/#primaryimage","url":"https:\/\/radiounodigital.com\/web\/wp-content\/uploads\/2021\/06\/Carlos-Gardel.jpg","contentUrl":"https:\/\/radiounodigital.com\/web\/wp-content\/uploads\/2021\/06\/Carlos-Gardel.jpg","width":750,"height":430},{"@type":"BreadcrumbList","@id":"https:\/\/radiounodigital.com\/web\/2021\/06\/24\/mi-corazon-es-argentino-pero-mi-alma-es-uruguaya-porque-ahi-es-donde-naci\/#breadcrumb","itemListElement":[{"@type":"ListItem","position":1,"name":"Home","item":"https:\/\/radiounodigital.com\/web\/"},{"@type":"ListItem","position":2,"name":"\u00abMi coraz\u00f3n es argentino, pero mi alma es uruguaya, porque ah\u00ed es donde nac\u00ed\u00bb"}]},{"@type":"WebSite","@id":"https:\/\/radiounodigital.com\/web\/#website","url":"https:\/\/radiounodigital.com\/web\/","name":"Radio UNO Digital","description":"Donde la cultura del rock se siente","potentialAction":[{"@type":"SearchAction","target":{"@type":"EntryPoint","urlTemplate":"https:\/\/radiounodigital.com\/web\/?s={search_term_string}"},"query-input":{"@type":"PropertyValueSpecification","valueRequired":true,"valueName":"search_term_string"}}],"inLanguage":"es"},{"@type":"Person","@id":"https:\/\/radiounodigital.com\/web\/#\/schema\/person\/00b93151fa54f619ecf9c183d1fc9758","name":"diegoc","image":{"@type":"ImageObject","inLanguage":"es","@id":"https:\/\/secure.gravatar.com\/avatar\/0a67041d44c702fb0660d81a5a32c7ce6007341cf92afeb718b75883bf415864?s=96&d=blank&r=g","url":"https:\/\/secure.gravatar.com\/avatar\/0a67041d44c702fb0660d81a5a32c7ce6007341cf92afeb718b75883bf415864?s=96&d=blank&r=g","contentUrl":"https:\/\/secure.gravatar.com\/avatar\/0a67041d44c702fb0660d81a5a32c7ce6007341cf92afeb718b75883bf415864?s=96&d=blank&r=g","caption":"diegoc"},"url":"https:\/\/radiounodigital.com\/web\/author\/diegoc\/"}]}},"_links":{"self":[{"href":"https:\/\/radiounodigital.com\/web\/wp-json\/wp\/v2\/posts\/6043","targetHints":{"allow":["GET"]}}],"collection":[{"href":"https:\/\/radiounodigital.com\/web\/wp-json\/wp\/v2\/posts"}],"about":[{"href":"https:\/\/radiounodigital.com\/web\/wp-json\/wp\/v2\/types\/post"}],"author":[{"embeddable":true,"href":"https:\/\/radiounodigital.com\/web\/wp-json\/wp\/v2\/users\/1"}],"replies":[{"embeddable":true,"href":"https:\/\/radiounodigital.com\/web\/wp-json\/wp\/v2\/comments?post=6043"}],"version-history":[{"count":1,"href":"https:\/\/radiounodigital.com\/web\/wp-json\/wp\/v2\/posts\/6043\/revisions"}],"predecessor-version":[{"id":6045,"href":"https:\/\/radiounodigital.com\/web\/wp-json\/wp\/v2\/posts\/6043\/revisions\/6045"}],"wp:featuredmedia":[{"embeddable":true,"href":"https:\/\/radiounodigital.com\/web\/wp-json\/wp\/v2\/media\/6044"}],"wp:attachment":[{"href":"https:\/\/radiounodigital.com\/web\/wp-json\/wp\/v2\/media?parent=6043"}],"wp:term":[{"taxonomy":"category","embeddable":true,"href":"https:\/\/radiounodigital.com\/web\/wp-json\/wp\/v2\/categories?post=6043"},{"taxonomy":"post_tag","embeddable":true,"href":"https:\/\/radiounodigital.com\/web\/wp-json\/wp\/v2\/tags?post=6043"}],"curies":[{"name":"wp","href":"https:\/\/api.w.org\/{rel}","templated":true}]}}