{"id":6065,"date":"2021-06-29T17:41:46","date_gmt":"2021-06-29T20:41:46","guid":{"rendered":"https:\/\/radiounodigital.com\/web\/?p=6065"},"modified":"2021-06-29T17:41:46","modified_gmt":"2021-06-29T20:41:46","slug":"la-historia-de-scott-weiland-se-convertira-en-una-pelicula-de-hollywood","status":"publish","type":"post","link":"https:\/\/radiounodigital.com\/web\/2021\/06\/29\/la-historia-de-scott-weiland-se-convertira-en-una-pelicula-de-hollywood\/","title":{"rendered":"La historia de Scott Weiland se convertir\u00e1 en una pel\u00edcula de Hollywood"},"content":{"rendered":"<h3>La autobiograf\u00eda de 2011 de Scott Weiland Not Dead And Not For Sale se convertir\u00e1 en una pel\u00edcula.<\/h3>\n<p>Not Dead And Not For Sale, la autobiograf\u00eda de 2011 del fallecido cantante de Stone Temple Pilots \/ Velvet Revolver Scott Weiland, se convertir\u00e1 en una pel\u00edcula titulada Paper Heart.<\/p>\n<p>Los derechos cinematogr\u00e1ficos del libro han sido adquiridos por la productora de Los \u00c1ngeles Dark Pictures y el productor Orian Williams, quiz\u00e1s mejor conocido por Control, la pel\u00edcula biogr\u00e1fica sobre Ian Curtis de Joy Division. Jennifer Erwin, fan de Stone Temple Pilots y cofundadora de Dark Pictures con la ex agente especial del FBI Anne Beagan, escribir\u00e1 el gui\u00f3n.<\/p>\n<p>\u00abEs un honor tener la confianza para contar la historia de Scott\u00bb, dice Erwin, \u00aby la capacidad de retratar los lados menos conocidos de \u00e9l: el hombre cari\u00f1oso y tierno que era, el atleta de secundaria que era, el alma melanc\u00f3lica que era\u00bb. y el legendario l\u00edder que siempre ser\u00e1 \u00ab.<br \/>\n\u00abScott era glamoroso, complicado y herido\u00bb, agrega Beagan. \u00abSu infancia tuvo un gran efecto en su lucha contra la adicci\u00f3n\u00bb.<br \/>\n\u00abQueremos hacer la pel\u00edcula m\u00e1s aut\u00e9ntica posible sobre este notable artista\u00bb, dice Williams. \u00abM\u00e1s all\u00e1 de las memorables memorias de Scott, conectarse con los m\u00e1s cercanos a Scott es importante para obtener los detalles correctos. Tambi\u00e9n estamos encantados de tener acceso a su m\u00fasica in\u00e9dita para la pel\u00edcula \u00ab.<\/p>\n<p>Scott Weiland estuvo al frente de Stone Temple Pilots de 1989 a 2002 antes de unirse a Velvet Revolver en 2003. Se fue en 2008 y regres\u00f3 a STP, quien finalmente lo despidi\u00f3 en 2013. Weiland fue encontrado muerto en la litera de su autob\u00fas de gira justo antes de las 9 pm el 3 de diciembre. , 2015, en el estacionamiento de un hotel al sur de Minneapolis.<\/p>\n<div class=\"fb-background-color\">\n\t\t\t  <div \n\t\t\t  \tclass = \"fb-comments\" \n\t\t\t  \tdata-href = \"https:\/\/radiounodigital.com\/web\/2021\/06\/29\/la-historia-de-scott-weiland-se-convertira-en-una-pelicula-de-hollywood\/\"\n\t\t\t  \tdata-numposts = \"10\"\n\t\t\t  \tdata-lazy = \"true\"\n\t\t\t\tdata-colorscheme = \"dark\"\n\t\t\t\tdata-order-by = \"reverse_time\"\n\t\t\t\tdata-mobile=true>\n\t\t\t  <\/div><\/div>\n\t\t  <style>\n\t\t    .fb-background-color {\n\t\t\t\tbackground: #ffffff !important;\n\t\t\t}\n\t\t\t.fb_iframe_widget_fluid_desktop iframe {\n\t\t\t    width: 100% !important;\n\t\t\t}\n\t\t  <\/style>\n\t\t  ","protected":false},"excerpt":{"rendered":"<p>La autobiograf\u00eda de 2011 de Scott Weiland Not Dead And Not For Sale se convertir\u00e1 en una pel\u00edcula. Not Dead And Not For Sale, la autobiograf\u00eda de 2011 del fallecido cantante de Stone Temple Pilots \/ Velvet Revolver Scott Weiland, se convertir\u00e1 en una pel\u00edcula titulada Paper Heart. Los derechos cinematogr\u00e1ficos del libro han sido&#8230; <a href=\"https:\/\/radiounodigital.com\/web\/2021\/06\/29\/la-historia-de-scott-weiland-se-convertira-en-una-pelicula-de-hollywood\/\" class=\"excerpt-read-more\">Read More<\/a><\/p>\n","protected":false},"author":1,"featured_media":6067,"comment_status":"closed","ping_status":"open","sticky":false,"template":"","format":"standard","meta":{"footnotes":""},"categories":[180,127],"tags":[],"class_list":["post-6065","post","type-post","status-publish","format-standard","has-post-thumbnail","hentry","category-news","category-rock"],"yoast_head":"<!-- This site is optimized with the Yoast SEO plugin v27.4 - https:\/\/yoast.com\/product\/yoast-seo-wordpress\/ -->\n<title>La historia de Scott Weiland se convertir\u00e1 en una pel\u00edcula de Hollywood - Radio UNO Digital<\/title>\n<meta name=\"description\" content=\"La autobiograf\u00eda de 2011 de Scott Weiland Not Dead And Not For Sale se convertir\u00e1 en una pel\u00edcula.\" \/>\n<meta name=\"robots\" content=\"index, follow, max-snippet:-1, max-image-preview:large, max-video-preview:-1\" \/>\n<link rel=\"canonical\" href=\"https:\/\/radiounodigital.com\/web\/2021\/06\/29\/la-historia-de-scott-weiland-se-convertira-en-una-pelicula-de-hollywood\/\" \/>\n<meta property=\"og:locale\" content=\"es_ES\" \/>\n<meta property=\"og:type\" content=\"article\" \/>\n<meta property=\"og:title\" content=\"La historia de Scott Weiland se convertir\u00e1 en una pel\u00edcula de Hollywood - Radio UNO Digital\" \/>\n<meta property=\"og:description\" content=\"La autobiograf\u00eda de 2011 de Scott Weiland Not Dead And Not For Sale se convertir\u00e1 en una pel\u00edcula.\" \/>\n<meta property=\"og:url\" content=\"https:\/\/radiounodigital.com\/web\/2021\/06\/29\/la-historia-de-scott-weiland-se-convertira-en-una-pelicula-de-hollywood\/\" \/>\n<meta property=\"og:site_name\" content=\"Radio UNO Digital\" \/>\n<meta property=\"article:published_time\" content=\"2021-06-29T20:41:46+00:00\" \/>\n<meta property=\"og:image\" content=\"https:\/\/radiounodigital.com\/web\/wp-content\/uploads\/2021\/06\/scott-weiland.jpg\" \/>\n\t<meta property=\"og:image:width\" content=\"1296\" \/>\n\t<meta property=\"og:image:height\" content=\"730\" \/>\n\t<meta property=\"og:image:type\" content=\"image\/jpeg\" \/>\n<meta name=\"author\" content=\"diegoc\" \/>\n<meta name=\"twitter:card\" content=\"summary_large_image\" \/>\n<meta name=\"twitter:label1\" content=\"Escrito por\" \/>\n\t<meta name=\"twitter:data1\" content=\"diegoc\" \/>\n\t<meta name=\"twitter:label2\" content=\"Tiempo de lectura\" \/>\n\t<meta name=\"twitter:data2\" content=\"2 minutos\" \/>\n<script type=\"application\/ld+json\" class=\"yoast-schema-graph\">{\"@context\":\"https:\\\/\\\/schema.org\",\"@graph\":[{\"@type\":\"Article\",\"@id\":\"https:\\\/\\\/radiounodigital.com\\\/web\\\/2021\\\/06\\\/29\\\/la-historia-de-scott-weiland-se-convertira-en-una-pelicula-de-hollywood\\\/#article\",\"isPartOf\":{\"@id\":\"https:\\\/\\\/radiounodigital.com\\\/web\\\/2021\\\/06\\\/29\\\/la-historia-de-scott-weiland-se-convertira-en-una-pelicula-de-hollywood\\\/\"},\"author\":{\"name\":\"diegoc\",\"@id\":\"https:\\\/\\\/radiounodigital.com\\\/web\\\/#\\\/schema\\\/person\\\/00b93151fa54f619ecf9c183d1fc9758\"},\"headline\":\"La historia de Scott Weiland se convertir\u00e1 en una pel\u00edcula de Hollywood\",\"datePublished\":\"2021-06-29T20:41:46+00:00\",\"mainEntityOfPage\":{\"@id\":\"https:\\\/\\\/radiounodigital.com\\\/web\\\/2021\\\/06\\\/29\\\/la-historia-de-scott-weiland-se-convertira-en-una-pelicula-de-hollywood\\\/\"},\"wordCount\":318,\"image\":{\"@id\":\"https:\\\/\\\/radiounodigital.com\\\/web\\\/2021\\\/06\\\/29\\\/la-historia-de-scott-weiland-se-convertira-en-una-pelicula-de-hollywood\\\/#primaryimage\"},\"thumbnailUrl\":\"https:\\\/\\\/radiounodigital.com\\\/web\\\/wp-content\\\/uploads\\\/2021\\\/06\\\/scott-weiland.jpg\",\"articleSection\":[\"news\",\"Rock\"],\"inLanguage\":\"es\"},{\"@type\":\"WebPage\",\"@id\":\"https:\\\/\\\/radiounodigital.com\\\/web\\\/2021\\\/06\\\/29\\\/la-historia-de-scott-weiland-se-convertira-en-una-pelicula-de-hollywood\\\/\",\"url\":\"https:\\\/\\\/radiounodigital.com\\\/web\\\/2021\\\/06\\\/29\\\/la-historia-de-scott-weiland-se-convertira-en-una-pelicula-de-hollywood\\\/\",\"name\":\"La historia de Scott Weiland se convertir\u00e1 en una pel\u00edcula de Hollywood - Radio UNO Digital\",\"isPartOf\":{\"@id\":\"https:\\\/\\\/radiounodigital.com\\\/web\\\/#website\"},\"primaryImageOfPage\":{\"@id\":\"https:\\\/\\\/radiounodigital.com\\\/web\\\/2021\\\/06\\\/29\\\/la-historia-de-scott-weiland-se-convertira-en-una-pelicula-de-hollywood\\\/#primaryimage\"},\"image\":{\"@id\":\"https:\\\/\\\/radiounodigital.com\\\/web\\\/2021\\\/06\\\/29\\\/la-historia-de-scott-weiland-se-convertira-en-una-pelicula-de-hollywood\\\/#primaryimage\"},\"thumbnailUrl\":\"https:\\\/\\\/radiounodigital.com\\\/web\\\/wp-content\\\/uploads\\\/2021\\\/06\\\/scott-weiland.jpg\",\"datePublished\":\"2021-06-29T20:41:46+00:00\",\"author\":{\"@id\":\"https:\\\/\\\/radiounodigital.com\\\/web\\\/#\\\/schema\\\/person\\\/00b93151fa54f619ecf9c183d1fc9758\"},\"description\":\"La autobiograf\u00eda de 2011 de Scott Weiland Not Dead And Not For Sale se convertir\u00e1 en una pel\u00edcula.\",\"breadcrumb\":{\"@id\":\"https:\\\/\\\/radiounodigital.com\\\/web\\\/2021\\\/06\\\/29\\\/la-historia-de-scott-weiland-se-convertira-en-una-pelicula-de-hollywood\\\/#breadcrumb\"},\"inLanguage\":\"es\",\"potentialAction\":[{\"@type\":\"ReadAction\",\"target\":[\"https:\\\/\\\/radiounodigital.com\\\/web\\\/2021\\\/06\\\/29\\\/la-historia-de-scott-weiland-se-convertira-en-una-pelicula-de-hollywood\\\/\"]}]},{\"@type\":\"ImageObject\",\"inLanguage\":\"es\",\"@id\":\"https:\\\/\\\/radiounodigital.com\\\/web\\\/2021\\\/06\\\/29\\\/la-historia-de-scott-weiland-se-convertira-en-una-pelicula-de-hollywood\\\/#primaryimage\",\"url\":\"https:\\\/\\\/radiounodigital.com\\\/web\\\/wp-content\\\/uploads\\\/2021\\\/06\\\/scott-weiland.jpg\",\"contentUrl\":\"https:\\\/\\\/radiounodigital.com\\\/web\\\/wp-content\\\/uploads\\\/2021\\\/06\\\/scott-weiland.jpg\",\"width\":1296,\"height\":730},{\"@type\":\"BreadcrumbList\",\"@id\":\"https:\\\/\\\/radiounodigital.com\\\/web\\\/2021\\\/06\\\/29\\\/la-historia-de-scott-weiland-se-convertira-en-una-pelicula-de-hollywood\\\/#breadcrumb\",\"itemListElement\":[{\"@type\":\"ListItem\",\"position\":1,\"name\":\"Home\",\"item\":\"https:\\\/\\\/radiounodigital.com\\\/web\\\/\"},{\"@type\":\"ListItem\",\"position\":2,\"name\":\"La historia de Scott Weiland se convertir\u00e1 en una pel\u00edcula de Hollywood\"}]},{\"@type\":\"WebSite\",\"@id\":\"https:\\\/\\\/radiounodigital.com\\\/web\\\/#website\",\"url\":\"https:\\\/\\\/radiounodigital.com\\\/web\\\/\",\"name\":\"Radio UNO Digital\",\"description\":\"Donde la cultura del rock se siente\",\"potentialAction\":[{\"@type\":\"SearchAction\",\"target\":{\"@type\":\"EntryPoint\",\"urlTemplate\":\"https:\\\/\\\/radiounodigital.com\\\/web\\\/?s={search_term_string}\"},\"query-input\":{\"@type\":\"PropertyValueSpecification\",\"valueRequired\":true,\"valueName\":\"search_term_string\"}}],\"inLanguage\":\"es\"},{\"@type\":\"Person\",\"@id\":\"https:\\\/\\\/radiounodigital.com\\\/web\\\/#\\\/schema\\\/person\\\/00b93151fa54f619ecf9c183d1fc9758\",\"name\":\"diegoc\",\"image\":{\"@type\":\"ImageObject\",\"inLanguage\":\"es\",\"@id\":\"https:\\\/\\\/secure.gravatar.com\\\/avatar\\\/0a67041d44c702fb0660d81a5a32c7ce6007341cf92afeb718b75883bf415864?s=96&d=blank&r=g\",\"url\":\"https:\\\/\\\/secure.gravatar.com\\\/avatar\\\/0a67041d44c702fb0660d81a5a32c7ce6007341cf92afeb718b75883bf415864?s=96&d=blank&r=g\",\"contentUrl\":\"https:\\\/\\\/secure.gravatar.com\\\/avatar\\\/0a67041d44c702fb0660d81a5a32c7ce6007341cf92afeb718b75883bf415864?s=96&d=blank&r=g\",\"caption\":\"diegoc\"},\"url\":\"https:\\\/\\\/radiounodigital.com\\\/web\\\/author\\\/diegoc\\\/\"}]}<\/script>\n<!-- \/ Yoast SEO plugin. -->","yoast_head_json":{"title":"La historia de Scott Weiland se convertir\u00e1 en una pel\u00edcula de Hollywood - Radio UNO Digital","description":"La autobiograf\u00eda de 2011 de Scott Weiland Not Dead And Not For Sale se convertir\u00e1 en una pel\u00edcula.","robots":{"index":"index","follow":"follow","max-snippet":"max-snippet:-1","max-image-preview":"max-image-preview:large","max-video-preview":"max-video-preview:-1"},"canonical":"https:\/\/radiounodigital.com\/web\/2021\/06\/29\/la-historia-de-scott-weiland-se-convertira-en-una-pelicula-de-hollywood\/","og_locale":"es_ES","og_type":"article","og_title":"La historia de Scott Weiland se convertir\u00e1 en una pel\u00edcula de Hollywood - Radio UNO Digital","og_description":"La autobiograf\u00eda de 2011 de Scott Weiland Not Dead And Not For Sale se convertir\u00e1 en una pel\u00edcula.","og_url":"https:\/\/radiounodigital.com\/web\/2021\/06\/29\/la-historia-de-scott-weiland-se-convertira-en-una-pelicula-de-hollywood\/","og_site_name":"Radio UNO Digital","article_published_time":"2021-06-29T20:41:46+00:00","og_image":[{"width":1296,"height":730,"url":"https:\/\/radiounodigital.com\/web\/wp-content\/uploads\/2021\/06\/scott-weiland.jpg","type":"image\/jpeg"}],"author":"diegoc","twitter_card":"summary_large_image","twitter_misc":{"Escrito por":"diegoc","Tiempo de lectura":"2 minutos"},"schema":{"@context":"https:\/\/schema.org","@graph":[{"@type":"Article","@id":"https:\/\/radiounodigital.com\/web\/2021\/06\/29\/la-historia-de-scott-weiland-se-convertira-en-una-pelicula-de-hollywood\/#article","isPartOf":{"@id":"https:\/\/radiounodigital.com\/web\/2021\/06\/29\/la-historia-de-scott-weiland-se-convertira-en-una-pelicula-de-hollywood\/"},"author":{"name":"diegoc","@id":"https:\/\/radiounodigital.com\/web\/#\/schema\/person\/00b93151fa54f619ecf9c183d1fc9758"},"headline":"La historia de Scott Weiland se convertir\u00e1 en una pel\u00edcula de Hollywood","datePublished":"2021-06-29T20:41:46+00:00","mainEntityOfPage":{"@id":"https:\/\/radiounodigital.com\/web\/2021\/06\/29\/la-historia-de-scott-weiland-se-convertira-en-una-pelicula-de-hollywood\/"},"wordCount":318,"image":{"@id":"https:\/\/radiounodigital.com\/web\/2021\/06\/29\/la-historia-de-scott-weiland-se-convertira-en-una-pelicula-de-hollywood\/#primaryimage"},"thumbnailUrl":"https:\/\/radiounodigital.com\/web\/wp-content\/uploads\/2021\/06\/scott-weiland.jpg","articleSection":["news","Rock"],"inLanguage":"es"},{"@type":"WebPage","@id":"https:\/\/radiounodigital.com\/web\/2021\/06\/29\/la-historia-de-scott-weiland-se-convertira-en-una-pelicula-de-hollywood\/","url":"https:\/\/radiounodigital.com\/web\/2021\/06\/29\/la-historia-de-scott-weiland-se-convertira-en-una-pelicula-de-hollywood\/","name":"La historia de Scott Weiland se convertir\u00e1 en una pel\u00edcula de Hollywood - Radio UNO Digital","isPartOf":{"@id":"https:\/\/radiounodigital.com\/web\/#website"},"primaryImageOfPage":{"@id":"https:\/\/radiounodigital.com\/web\/2021\/06\/29\/la-historia-de-scott-weiland-se-convertira-en-una-pelicula-de-hollywood\/#primaryimage"},"image":{"@id":"https:\/\/radiounodigital.com\/web\/2021\/06\/29\/la-historia-de-scott-weiland-se-convertira-en-una-pelicula-de-hollywood\/#primaryimage"},"thumbnailUrl":"https:\/\/radiounodigital.com\/web\/wp-content\/uploads\/2021\/06\/scott-weiland.jpg","datePublished":"2021-06-29T20:41:46+00:00","author":{"@id":"https:\/\/radiounodigital.com\/web\/#\/schema\/person\/00b93151fa54f619ecf9c183d1fc9758"},"description":"La autobiograf\u00eda de 2011 de Scott Weiland Not Dead And Not For Sale se convertir\u00e1 en una pel\u00edcula.","breadcrumb":{"@id":"https:\/\/radiounodigital.com\/web\/2021\/06\/29\/la-historia-de-scott-weiland-se-convertira-en-una-pelicula-de-hollywood\/#breadcrumb"},"inLanguage":"es","potentialAction":[{"@type":"ReadAction","target":["https:\/\/radiounodigital.com\/web\/2021\/06\/29\/la-historia-de-scott-weiland-se-convertira-en-una-pelicula-de-hollywood\/"]}]},{"@type":"ImageObject","inLanguage":"es","@id":"https:\/\/radiounodigital.com\/web\/2021\/06\/29\/la-historia-de-scott-weiland-se-convertira-en-una-pelicula-de-hollywood\/#primaryimage","url":"https:\/\/radiounodigital.com\/web\/wp-content\/uploads\/2021\/06\/scott-weiland.jpg","contentUrl":"https:\/\/radiounodigital.com\/web\/wp-content\/uploads\/2021\/06\/scott-weiland.jpg","width":1296,"height":730},{"@type":"BreadcrumbList","@id":"https:\/\/radiounodigital.com\/web\/2021\/06\/29\/la-historia-de-scott-weiland-se-convertira-en-una-pelicula-de-hollywood\/#breadcrumb","itemListElement":[{"@type":"ListItem","position":1,"name":"Home","item":"https:\/\/radiounodigital.com\/web\/"},{"@type":"ListItem","position":2,"name":"La historia de Scott Weiland se convertir\u00e1 en una pel\u00edcula de Hollywood"}]},{"@type":"WebSite","@id":"https:\/\/radiounodigital.com\/web\/#website","url":"https:\/\/radiounodigital.com\/web\/","name":"Radio UNO Digital","description":"Donde la cultura del rock se siente","potentialAction":[{"@type":"SearchAction","target":{"@type":"EntryPoint","urlTemplate":"https:\/\/radiounodigital.com\/web\/?s={search_term_string}"},"query-input":{"@type":"PropertyValueSpecification","valueRequired":true,"valueName":"search_term_string"}}],"inLanguage":"es"},{"@type":"Person","@id":"https:\/\/radiounodigital.com\/web\/#\/schema\/person\/00b93151fa54f619ecf9c183d1fc9758","name":"diegoc","image":{"@type":"ImageObject","inLanguage":"es","@id":"https:\/\/secure.gravatar.com\/avatar\/0a67041d44c702fb0660d81a5a32c7ce6007341cf92afeb718b75883bf415864?s=96&d=blank&r=g","url":"https:\/\/secure.gravatar.com\/avatar\/0a67041d44c702fb0660d81a5a32c7ce6007341cf92afeb718b75883bf415864?s=96&d=blank&r=g","contentUrl":"https:\/\/secure.gravatar.com\/avatar\/0a67041d44c702fb0660d81a5a32c7ce6007341cf92afeb718b75883bf415864?s=96&d=blank&r=g","caption":"diegoc"},"url":"https:\/\/radiounodigital.com\/web\/author\/diegoc\/"}]}},"_links":{"self":[{"href":"https:\/\/radiounodigital.com\/web\/wp-json\/wp\/v2\/posts\/6065","targetHints":{"allow":["GET"]}}],"collection":[{"href":"https:\/\/radiounodigital.com\/web\/wp-json\/wp\/v2\/posts"}],"about":[{"href":"https:\/\/radiounodigital.com\/web\/wp-json\/wp\/v2\/types\/post"}],"author":[{"embeddable":true,"href":"https:\/\/radiounodigital.com\/web\/wp-json\/wp\/v2\/users\/1"}],"replies":[{"embeddable":true,"href":"https:\/\/radiounodigital.com\/web\/wp-json\/wp\/v2\/comments?post=6065"}],"version-history":[{"count":1,"href":"https:\/\/radiounodigital.com\/web\/wp-json\/wp\/v2\/posts\/6065\/revisions"}],"predecessor-version":[{"id":6066,"href":"https:\/\/radiounodigital.com\/web\/wp-json\/wp\/v2\/posts\/6065\/revisions\/6066"}],"wp:featuredmedia":[{"embeddable":true,"href":"https:\/\/radiounodigital.com\/web\/wp-json\/wp\/v2\/media\/6067"}],"wp:attachment":[{"href":"https:\/\/radiounodigital.com\/web\/wp-json\/wp\/v2\/media?parent=6065"}],"wp:term":[{"taxonomy":"category","embeddable":true,"href":"https:\/\/radiounodigital.com\/web\/wp-json\/wp\/v2\/categories?post=6065"},{"taxonomy":"post_tag","embeddable":true,"href":"https:\/\/radiounodigital.com\/web\/wp-json\/wp\/v2\/tags?post=6065"}],"curies":[{"name":"wp","href":"https:\/\/api.w.org\/{rel}","templated":true}]}}