{"id":6072,"date":"2021-07-01T11:23:28","date_gmt":"2021-07-01T14:23:28","guid":{"rendered":"https:\/\/radiounodigital.com\/web\/?p=6072"},"modified":"2021-07-01T11:23:28","modified_gmt":"2021-07-01T14:23:28","slug":"ozzy-osbourne-festeja-40-anos-de-diary-of-a-madman","status":"publish","type":"post","link":"https:\/\/radiounodigital.com\/web\/2021\/07\/01\/ozzy-osbourne-festeja-40-anos-de-diary-of-a-madman\/","title":{"rendered":"Ozzy Osbourne festeja 40 a\u00f1os de Diary of a Madman"},"content":{"rendered":"<h3>\u00a1Diary of a Madam de Ozzy Osbourne se celebrar\u00e1 a trav\u00e9s de Funko Pop! Figura de vinilo.<\/h3>\n<p>\u00a140 a\u00f1os del Diario de un loco de Ozzy Osbourne para celebrarlo con Funko Pop! Homenaje a la figura de vinilo<br \/>\nCuando los arque\u00f3logos del futuro ahonden en los escombros que ha dejado 2021, \u00a1nos preguntamos qu\u00e9 har\u00e1n con todo el Funko Pop! cifras. Desde sus inicios en 1998, la compa\u00f1\u00eda de juguetes de Washington Funko ha lanzado algo en la regi\u00f3n de 20,000 productos, con un \u00e9nfasis temprano en las mu\u00f1ecas Wacky Wobbler bobblehead superadas por el gran \u00e9xito de su Pop! Figuras de vinilo.<\/p>\n<p>Estas figuras supuestamente lindas ahora son un negocio enorme: en 2018, \u00a1Pop! Los juguetes de vinilo generaron m\u00e1s de $ 600 millones en ingresos para la empresa matriz, con m\u00fasicos como Alice Cooper, Elton John, Billy Idol, Iggy Pop y Kurt Cobain con sus im\u00e1genes oficiales representadas en forma de cloruro de polivinilo altamente deseable.<\/p>\n<p>\u00a1Ahora, despu\u00e9s de lanzar un pop de Ozzy Osbourne! Figura de vinilo y agregando a su serie Funko Pop Albums con un lanzamiento de Black Sabbath Album a fines del a\u00f1o pasado, Funko ha dado un paso m\u00e1s hacia la inmortalidad de juguetes coleccionables al desatar una figura que celebra el 40 aniversario del Diario de un loco de Ozzy Osbourne.<\/p>\n<p>\u00abNunca olvides d\u00f3nde comenz\u00f3\u00bb, exclaman los fabricantes, \u00abo el viaje que se desarroll\u00f3 a lo largo del camino, al recopilar este \u00e1lbum especial de Pop! De Diary of a Madman que presenta un Pop! Ozzy Osbourne (como se ve en la portada del \u00e1lbum) y la car\u00e1tula del \u00e1lbum empaquetada en una funda protectora que se puede colgar en la pared.<\/p>\n<p>\u00abEl interior de Pop! Est\u00e1 asegurado a la caja para mantener su pantalla impecable y sin ser molestada por toda la m\u00fasica heavy metal y los golpes de cabeza que son inevitables. La figura de vinilo mide aproximadamente 4 pulgadas de alto\u00bb.<\/p>\n<p>La figura es parte de la gama Popapolooza 2021 de Funko, que tambi\u00e9n incluye Green Day, Ghost, Twenty One Pilots, John Lennon y m\u00e1s.<\/p>\n<p>\u00a1El diario de Ozzy Osbourne de un loco Funko Pop! La figura de vinilo est\u00e1 disponible para <a href=\"https:\/\/www.amazon.com\/dp\/B08T6H2N3L?tag=georiot-us-default-20&amp;ascsubtag=loudersound-row-1894952629078673700-20&amp;geniuslink=true\">reservar ahora.<\/a><\/p>\n<blockquote class=\"instagram-media\" style=\"background: #FFF; border: 0; border-radius: 3px; box-shadow: 0 0 1px 0 rgba(0,0,0,0.5),0 1px 10px 0 rgba(0,0,0,0.15); margin: 1px; max-width: 540px; min-width: 326px; padding: 0; width: calc(100% - 2px);\" data-instgrm-captioned=\"\" data-instgrm-permalink=\"https:\/\/www.instagram.com\/p\/CQwH5ZjH5uf\/?utm_source=ig_embed&amp;utm_campaign=loading\" data-instgrm-version=\"13\">\n<div style=\"padding: 16px;\">\n<p>&nbsp;<\/p>\n<div style=\"display: flex; flex-direction: row; align-items: center;\">\n<div style=\"background-color: #f4f4f4; border-radius: 50%; flex-grow: 0; height: 40px; margin-right: 14px; width: 40px;\"><\/div>\n<div style=\"display: flex; flex-direction: column; flex-grow: 1; justify-content: center;\">\n<div style=\"background-color: #f4f4f4; border-radius: 4px; flex-grow: 0; height: 14px; margin-bottom: 6px; width: 100px;\"><\/div>\n<div style=\"background-color: #f4f4f4; border-radius: 4px; flex-grow: 0; height: 14px; width: 60px;\"><\/div>\n<\/div>\n<\/div>\n<div style=\"padding: 19% 0;\"><\/div>\n<div style=\"display: block; height: 50px; margin: 0 auto 12px; width: 50px;\"><\/div>\n<div style=\"padding-top: 8px;\">\n<div style=\"color: #3897f0; font-family: Arial,sans-serif; font-size: 14px; font-style: normal; font-weight: 550; line-height: 18px;\">Ver esta publicaci\u00f3n en Instagram<\/div>\n<\/div>\n<div style=\"padding: 12.5% 0;\"><\/div>\n<div style=\"display: flex; flex-direction: row; margin-bottom: 14px; align-items: center;\">\n<div>\n<div style=\"background-color: #f4f4f4; border-radius: 50%; height: 12.5px; width: 12.5px; transform: translateX(0px) translateY(7px);\"><\/div>\n<div style=\"background-color: #f4f4f4; height: 12.5px; transform: rotate(-45deg) translateX(3px) translateY(1px); width: 12.5px; flex-grow: 0; margin-right: 14px; margin-left: 2px;\"><\/div>\n<div style=\"background-color: #f4f4f4; border-radius: 50%; height: 12.5px; width: 12.5px; transform: translateX(9px) translateY(-18px);\"><\/div>\n<\/div>\n<div style=\"margin-left: 8px;\">\n<div style=\"background-color: #f4f4f4; border-radius: 50%; flex-grow: 0; height: 20px; width: 20px;\"><\/div>\n<div style=\"width: 0; height: 0; border-top: 2px solid transparent; border-left: 6px solid #f4f4f4; border-bottom: 2px solid transparent; transform: translateX(16px) translateY(-4px) rotate(30deg);\"><\/div>\n<\/div>\n<div style=\"margin-left: auto;\">\n<div style=\"width: 0px; border-top: 8px solid #F4F4F4; border-right: 8px solid transparent; transform: translateY(16px);\"><\/div>\n<div style=\"background-color: #f4f4f4; flex-grow: 0; height: 12px; width: 16px; transform: translateY(-4px);\"><\/div>\n<div style=\"width: 0; height: 0; border-top: 8px solid #F4F4F4; border-left: 8px solid transparent; transform: translateY(-4px) translateX(8px);\"><\/div>\n<\/div>\n<\/div>\n<div style=\"display: flex; flex-direction: column; flex-grow: 1; justify-content: center; margin-bottom: 24px;\">\n<div style=\"background-color: #f4f4f4; border-radius: 4px; flex-grow: 0; height: 14px; margin-bottom: 6px; width: 224px;\"><\/div>\n<div style=\"background-color: #f4f4f4; border-radius: 4px; flex-grow: 0; height: 14px; width: 144px;\"><\/div>\n<\/div>\n<p>&nbsp;<\/p>\n<p style=\"color: #c9c8cd; font-family: Arial,sans-serif; font-size: 14px; line-height: 17px; margin-bottom: 0; margin-top: 8px; overflow: hidden; padding: 8px 0 7px; text-align: center; text-overflow: ellipsis; white-space: nowrap;\"><a style=\"color: #c9c8cd; font-family: Arial,sans-serif; font-size: 14px; font-style: normal; font-weight: normal; line-height: 17px; text-decoration: none;\" href=\"https:\/\/www.instagram.com\/p\/CQwH5ZjH5uf\/?utm_source=ig_embed&amp;utm_campaign=loading\" target=\"_blank\" rel=\"noopener\">Una publicaci\u00f3n compartida por Funko (@originalfunko)<\/a><\/p>\n<\/div>\n<\/blockquote>\n<p><script async src=\"\/\/www.instagram.com\/embed.js\"><\/script><\/p>\n<div class=\"fb-background-color\">\n\t\t\t  <div \n\t\t\t  \tclass = \"fb-comments\" \n\t\t\t  \tdata-href = \"https:\/\/radiounodigital.com\/web\/2021\/07\/01\/ozzy-osbourne-festeja-40-anos-de-diary-of-a-madman\/\"\n\t\t\t  \tdata-numposts = \"10\"\n\t\t\t  \tdata-lazy = \"true\"\n\t\t\t\tdata-colorscheme = \"dark\"\n\t\t\t\tdata-order-by = \"reverse_time\"\n\t\t\t\tdata-mobile=true>\n\t\t\t  <\/div><\/div>\n\t\t  <style>\n\t\t    .fb-background-color {\n\t\t\t\tbackground: #ffffff !important;\n\t\t\t}\n\t\t\t.fb_iframe_widget_fluid_desktop iframe {\n\t\t\t    width: 100% !important;\n\t\t\t}\n\t\t  <\/style>\n\t\t  ","protected":false},"excerpt":{"rendered":"<p>\u00a1Diary of a Madam de Ozzy Osbourne se celebrar\u00e1 a trav\u00e9s de Funko Pop! Figura de vinilo. \u00a140 a\u00f1os del Diario de un loco de Ozzy Osbourne para celebrarlo con Funko Pop! Homenaje a la figura de vinilo Cuando los arque\u00f3logos del futuro ahonden en los escombros que ha dejado 2021, \u00a1nos preguntamos qu\u00e9 har\u00e1n&#8230; <a href=\"https:\/\/radiounodigital.com\/web\/2021\/07\/01\/ozzy-osbourne-festeja-40-anos-de-diary-of-a-madman\/\" class=\"excerpt-read-more\">Read More<\/a><\/p>\n","protected":false},"author":1,"featured_media":6074,"comment_status":"closed","ping_status":"open","sticky":false,"template":"","format":"standard","meta":{"footnotes":""},"categories":[1547,180,128],"tags":[1886,301,1885,1884],"class_list":["post-6072","post","type-post","status-publish","format-standard","has-post-thumbnail","hentry","category-cumpleanos","category-news","category-rock-clasico","tag-40-years","tag-aniversario","tag-diary-of-a-madman","tag-ozzt-osbourne"],"yoast_head":"<!-- This site is optimized with the Yoast SEO plugin v27.4 - https:\/\/yoast.com\/product\/yoast-seo-wordpress\/ -->\n<title>Ozzy Osbourne festeja 40 a\u00f1os de Diary of a Madman - Radio UNO Digital<\/title>\n<meta name=\"robots\" content=\"index, follow, max-snippet:-1, max-image-preview:large, max-video-preview:-1\" \/>\n<link rel=\"canonical\" href=\"https:\/\/radiounodigital.com\/web\/2021\/07\/01\/ozzy-osbourne-festeja-40-anos-de-diary-of-a-madman\/\" \/>\n<meta property=\"og:locale\" content=\"es_ES\" \/>\n<meta property=\"og:type\" content=\"article\" \/>\n<meta property=\"og:title\" content=\"Ozzy Osbourne festeja 40 a\u00f1os de Diary of a Madman - Radio UNO Digital\" \/>\n<meta property=\"og:description\" content=\"\u00a1Diary of a Madam de Ozzy Osbourne se celebrar\u00e1 a trav\u00e9s de Funko Pop! Figura de vinilo. \u00a140 a\u00f1os del Diario de un loco de Ozzy Osbourne para celebrarlo con Funko Pop! Homenaje a la figura de vinilo Cuando los arque\u00f3logos del futuro ahonden en los escombros que ha dejado 2021, \u00a1nos preguntamos qu\u00e9 har\u00e1n... Read More\" \/>\n<meta property=\"og:url\" content=\"https:\/\/radiounodigital.com\/web\/2021\/07\/01\/ozzy-osbourne-festeja-40-anos-de-diary-of-a-madman\/\" \/>\n<meta property=\"og:site_name\" content=\"Radio UNO Digital\" \/>\n<meta property=\"article:published_time\" content=\"2021-07-01T14:23:28+00:00\" \/>\n<meta property=\"og:image\" content=\"https:\/\/radiounodigital.com\/web\/wp-content\/uploads\/2021\/07\/ozzy-diary-of-a-madman-40-years-e1625149384390.jpg\" \/>\n\t<meta property=\"og:image:width\" content=\"650\" \/>\n\t<meta property=\"og:image:height\" content=\"366\" \/>\n\t<meta property=\"og:image:type\" content=\"image\/jpeg\" \/>\n<meta name=\"author\" content=\"diegoc\" \/>\n<meta name=\"twitter:card\" content=\"summary_large_image\" \/>\n<meta name=\"twitter:label1\" content=\"Escrito por\" \/>\n\t<meta name=\"twitter:data1\" content=\"diegoc\" \/>\n\t<meta name=\"twitter:label2\" content=\"Tiempo de lectura\" \/>\n\t<meta name=\"twitter:data2\" content=\"2 minutos\" \/>\n<script type=\"application\/ld+json\" class=\"yoast-schema-graph\">{\"@context\":\"https:\\\/\\\/schema.org\",\"@graph\":[{\"@type\":\"Article\",\"@id\":\"https:\\\/\\\/radiounodigital.com\\\/web\\\/2021\\\/07\\\/01\\\/ozzy-osbourne-festeja-40-anos-de-diary-of-a-madman\\\/#article\",\"isPartOf\":{\"@id\":\"https:\\\/\\\/radiounodigital.com\\\/web\\\/2021\\\/07\\\/01\\\/ozzy-osbourne-festeja-40-anos-de-diary-of-a-madman\\\/\"},\"author\":{\"name\":\"diegoc\",\"@id\":\"https:\\\/\\\/radiounodigital.com\\\/web\\\/#\\\/schema\\\/person\\\/00b93151fa54f619ecf9c183d1fc9758\"},\"headline\":\"Ozzy Osbourne festeja 40 a\u00f1os de Diary of a Madman\",\"datePublished\":\"2021-07-01T14:23:28+00:00\",\"mainEntityOfPage\":{\"@id\":\"https:\\\/\\\/radiounodigital.com\\\/web\\\/2021\\\/07\\\/01\\\/ozzy-osbourne-festeja-40-anos-de-diary-of-a-madman\\\/\"},\"wordCount\":398,\"image\":{\"@id\":\"https:\\\/\\\/radiounodigital.com\\\/web\\\/2021\\\/07\\\/01\\\/ozzy-osbourne-festeja-40-anos-de-diary-of-a-madman\\\/#primaryimage\"},\"thumbnailUrl\":\"https:\\\/\\\/radiounodigital.com\\\/web\\\/wp-content\\\/uploads\\\/2021\\\/07\\\/ozzy-diary-of-a-madman-40-years-e1625149384390.jpg\",\"keywords\":[\"40 years\",\"aniversario\",\"diary of a madman\",\"ozzt osbourne\"],\"articleSection\":[\"cumplea\u00f1os\",\"news\",\"Rock Clasico\"],\"inLanguage\":\"es\"},{\"@type\":\"WebPage\",\"@id\":\"https:\\\/\\\/radiounodigital.com\\\/web\\\/2021\\\/07\\\/01\\\/ozzy-osbourne-festeja-40-anos-de-diary-of-a-madman\\\/\",\"url\":\"https:\\\/\\\/radiounodigital.com\\\/web\\\/2021\\\/07\\\/01\\\/ozzy-osbourne-festeja-40-anos-de-diary-of-a-madman\\\/\",\"name\":\"Ozzy Osbourne festeja 40 a\u00f1os de Diary of a Madman - Radio UNO Digital\",\"isPartOf\":{\"@id\":\"https:\\\/\\\/radiounodigital.com\\\/web\\\/#website\"},\"primaryImageOfPage\":{\"@id\":\"https:\\\/\\\/radiounodigital.com\\\/web\\\/2021\\\/07\\\/01\\\/ozzy-osbourne-festeja-40-anos-de-diary-of-a-madman\\\/#primaryimage\"},\"image\":{\"@id\":\"https:\\\/\\\/radiounodigital.com\\\/web\\\/2021\\\/07\\\/01\\\/ozzy-osbourne-festeja-40-anos-de-diary-of-a-madman\\\/#primaryimage\"},\"thumbnailUrl\":\"https:\\\/\\\/radiounodigital.com\\\/web\\\/wp-content\\\/uploads\\\/2021\\\/07\\\/ozzy-diary-of-a-madman-40-years-e1625149384390.jpg\",\"datePublished\":\"2021-07-01T14:23:28+00:00\",\"author\":{\"@id\":\"https:\\\/\\\/radiounodigital.com\\\/web\\\/#\\\/schema\\\/person\\\/00b93151fa54f619ecf9c183d1fc9758\"},\"breadcrumb\":{\"@id\":\"https:\\\/\\\/radiounodigital.com\\\/web\\\/2021\\\/07\\\/01\\\/ozzy-osbourne-festeja-40-anos-de-diary-of-a-madman\\\/#breadcrumb\"},\"inLanguage\":\"es\",\"potentialAction\":[{\"@type\":\"ReadAction\",\"target\":[\"https:\\\/\\\/radiounodigital.com\\\/web\\\/2021\\\/07\\\/01\\\/ozzy-osbourne-festeja-40-anos-de-diary-of-a-madman\\\/\"]}]},{\"@type\":\"ImageObject\",\"inLanguage\":\"es\",\"@id\":\"https:\\\/\\\/radiounodigital.com\\\/web\\\/2021\\\/07\\\/01\\\/ozzy-osbourne-festeja-40-anos-de-diary-of-a-madman\\\/#primaryimage\",\"url\":\"https:\\\/\\\/radiounodigital.com\\\/web\\\/wp-content\\\/uploads\\\/2021\\\/07\\\/ozzy-diary-of-a-madman-40-years-e1625149384390.jpg\",\"contentUrl\":\"https:\\\/\\\/radiounodigital.com\\\/web\\\/wp-content\\\/uploads\\\/2021\\\/07\\\/ozzy-diary-of-a-madman-40-years-e1625149384390.jpg\",\"width\":650,\"height\":366},{\"@type\":\"BreadcrumbList\",\"@id\":\"https:\\\/\\\/radiounodigital.com\\\/web\\\/2021\\\/07\\\/01\\\/ozzy-osbourne-festeja-40-anos-de-diary-of-a-madman\\\/#breadcrumb\",\"itemListElement\":[{\"@type\":\"ListItem\",\"position\":1,\"name\":\"Home\",\"item\":\"https:\\\/\\\/radiounodigital.com\\\/web\\\/\"},{\"@type\":\"ListItem\",\"position\":2,\"name\":\"Ozzy Osbourne festeja 40 a\u00f1os de Diary of a Madman\"}]},{\"@type\":\"WebSite\",\"@id\":\"https:\\\/\\\/radiounodigital.com\\\/web\\\/#website\",\"url\":\"https:\\\/\\\/radiounodigital.com\\\/web\\\/\",\"name\":\"Radio UNO Digital\",\"description\":\"Donde la cultura del rock se siente\",\"potentialAction\":[{\"@type\":\"SearchAction\",\"target\":{\"@type\":\"EntryPoint\",\"urlTemplate\":\"https:\\\/\\\/radiounodigital.com\\\/web\\\/?s={search_term_string}\"},\"query-input\":{\"@type\":\"PropertyValueSpecification\",\"valueRequired\":true,\"valueName\":\"search_term_string\"}}],\"inLanguage\":\"es\"},{\"@type\":\"Person\",\"@id\":\"https:\\\/\\\/radiounodigital.com\\\/web\\\/#\\\/schema\\\/person\\\/00b93151fa54f619ecf9c183d1fc9758\",\"name\":\"diegoc\",\"image\":{\"@type\":\"ImageObject\",\"inLanguage\":\"es\",\"@id\":\"https:\\\/\\\/secure.gravatar.com\\\/avatar\\\/0a67041d44c702fb0660d81a5a32c7ce6007341cf92afeb718b75883bf415864?s=96&d=blank&r=g\",\"url\":\"https:\\\/\\\/secure.gravatar.com\\\/avatar\\\/0a67041d44c702fb0660d81a5a32c7ce6007341cf92afeb718b75883bf415864?s=96&d=blank&r=g\",\"contentUrl\":\"https:\\\/\\\/secure.gravatar.com\\\/avatar\\\/0a67041d44c702fb0660d81a5a32c7ce6007341cf92afeb718b75883bf415864?s=96&d=blank&r=g\",\"caption\":\"diegoc\"},\"url\":\"https:\\\/\\\/radiounodigital.com\\\/web\\\/author\\\/diegoc\\\/\"}]}<\/script>\n<!-- \/ Yoast SEO plugin. -->","yoast_head_json":{"title":"Ozzy Osbourne festeja 40 a\u00f1os de Diary of a Madman - Radio UNO Digital","robots":{"index":"index","follow":"follow","max-snippet":"max-snippet:-1","max-image-preview":"max-image-preview:large","max-video-preview":"max-video-preview:-1"},"canonical":"https:\/\/radiounodigital.com\/web\/2021\/07\/01\/ozzy-osbourne-festeja-40-anos-de-diary-of-a-madman\/","og_locale":"es_ES","og_type":"article","og_title":"Ozzy Osbourne festeja 40 a\u00f1os de Diary of a Madman - Radio UNO Digital","og_description":"\u00a1Diary of a Madam de Ozzy Osbourne se celebrar\u00e1 a trav\u00e9s de Funko Pop! Figura de vinilo. \u00a140 a\u00f1os del Diario de un loco de Ozzy Osbourne para celebrarlo con Funko Pop! Homenaje a la figura de vinilo Cuando los arque\u00f3logos del futuro ahonden en los escombros que ha dejado 2021, \u00a1nos preguntamos qu\u00e9 har\u00e1n... Read More","og_url":"https:\/\/radiounodigital.com\/web\/2021\/07\/01\/ozzy-osbourne-festeja-40-anos-de-diary-of-a-madman\/","og_site_name":"Radio UNO Digital","article_published_time":"2021-07-01T14:23:28+00:00","og_image":[{"width":650,"height":366,"url":"https:\/\/radiounodigital.com\/web\/wp-content\/uploads\/2021\/07\/ozzy-diary-of-a-madman-40-years-e1625149384390.jpg","type":"image\/jpeg"}],"author":"diegoc","twitter_card":"summary_large_image","twitter_misc":{"Escrito por":"diegoc","Tiempo de lectura":"2 minutos"},"schema":{"@context":"https:\/\/schema.org","@graph":[{"@type":"Article","@id":"https:\/\/radiounodigital.com\/web\/2021\/07\/01\/ozzy-osbourne-festeja-40-anos-de-diary-of-a-madman\/#article","isPartOf":{"@id":"https:\/\/radiounodigital.com\/web\/2021\/07\/01\/ozzy-osbourne-festeja-40-anos-de-diary-of-a-madman\/"},"author":{"name":"diegoc","@id":"https:\/\/radiounodigital.com\/web\/#\/schema\/person\/00b93151fa54f619ecf9c183d1fc9758"},"headline":"Ozzy Osbourne festeja 40 a\u00f1os de Diary of a Madman","datePublished":"2021-07-01T14:23:28+00:00","mainEntityOfPage":{"@id":"https:\/\/radiounodigital.com\/web\/2021\/07\/01\/ozzy-osbourne-festeja-40-anos-de-diary-of-a-madman\/"},"wordCount":398,"image":{"@id":"https:\/\/radiounodigital.com\/web\/2021\/07\/01\/ozzy-osbourne-festeja-40-anos-de-diary-of-a-madman\/#primaryimage"},"thumbnailUrl":"https:\/\/radiounodigital.com\/web\/wp-content\/uploads\/2021\/07\/ozzy-diary-of-a-madman-40-years-e1625149384390.jpg","keywords":["40 years","aniversario","diary of a madman","ozzt osbourne"],"articleSection":["cumplea\u00f1os","news","Rock Clasico"],"inLanguage":"es"},{"@type":"WebPage","@id":"https:\/\/radiounodigital.com\/web\/2021\/07\/01\/ozzy-osbourne-festeja-40-anos-de-diary-of-a-madman\/","url":"https:\/\/radiounodigital.com\/web\/2021\/07\/01\/ozzy-osbourne-festeja-40-anos-de-diary-of-a-madman\/","name":"Ozzy Osbourne festeja 40 a\u00f1os de Diary of a Madman - Radio UNO Digital","isPartOf":{"@id":"https:\/\/radiounodigital.com\/web\/#website"},"primaryImageOfPage":{"@id":"https:\/\/radiounodigital.com\/web\/2021\/07\/01\/ozzy-osbourne-festeja-40-anos-de-diary-of-a-madman\/#primaryimage"},"image":{"@id":"https:\/\/radiounodigital.com\/web\/2021\/07\/01\/ozzy-osbourne-festeja-40-anos-de-diary-of-a-madman\/#primaryimage"},"thumbnailUrl":"https:\/\/radiounodigital.com\/web\/wp-content\/uploads\/2021\/07\/ozzy-diary-of-a-madman-40-years-e1625149384390.jpg","datePublished":"2021-07-01T14:23:28+00:00","author":{"@id":"https:\/\/radiounodigital.com\/web\/#\/schema\/person\/00b93151fa54f619ecf9c183d1fc9758"},"breadcrumb":{"@id":"https:\/\/radiounodigital.com\/web\/2021\/07\/01\/ozzy-osbourne-festeja-40-anos-de-diary-of-a-madman\/#breadcrumb"},"inLanguage":"es","potentialAction":[{"@type":"ReadAction","target":["https:\/\/radiounodigital.com\/web\/2021\/07\/01\/ozzy-osbourne-festeja-40-anos-de-diary-of-a-madman\/"]}]},{"@type":"ImageObject","inLanguage":"es","@id":"https:\/\/radiounodigital.com\/web\/2021\/07\/01\/ozzy-osbourne-festeja-40-anos-de-diary-of-a-madman\/#primaryimage","url":"https:\/\/radiounodigital.com\/web\/wp-content\/uploads\/2021\/07\/ozzy-diary-of-a-madman-40-years-e1625149384390.jpg","contentUrl":"https:\/\/radiounodigital.com\/web\/wp-content\/uploads\/2021\/07\/ozzy-diary-of-a-madman-40-years-e1625149384390.jpg","width":650,"height":366},{"@type":"BreadcrumbList","@id":"https:\/\/radiounodigital.com\/web\/2021\/07\/01\/ozzy-osbourne-festeja-40-anos-de-diary-of-a-madman\/#breadcrumb","itemListElement":[{"@type":"ListItem","position":1,"name":"Home","item":"https:\/\/radiounodigital.com\/web\/"},{"@type":"ListItem","position":2,"name":"Ozzy Osbourne festeja 40 a\u00f1os de Diary of a Madman"}]},{"@type":"WebSite","@id":"https:\/\/radiounodigital.com\/web\/#website","url":"https:\/\/radiounodigital.com\/web\/","name":"Radio UNO Digital","description":"Donde la cultura del rock se siente","potentialAction":[{"@type":"SearchAction","target":{"@type":"EntryPoint","urlTemplate":"https:\/\/radiounodigital.com\/web\/?s={search_term_string}"},"query-input":{"@type":"PropertyValueSpecification","valueRequired":true,"valueName":"search_term_string"}}],"inLanguage":"es"},{"@type":"Person","@id":"https:\/\/radiounodigital.com\/web\/#\/schema\/person\/00b93151fa54f619ecf9c183d1fc9758","name":"diegoc","image":{"@type":"ImageObject","inLanguage":"es","@id":"https:\/\/secure.gravatar.com\/avatar\/0a67041d44c702fb0660d81a5a32c7ce6007341cf92afeb718b75883bf415864?s=96&d=blank&r=g","url":"https:\/\/secure.gravatar.com\/avatar\/0a67041d44c702fb0660d81a5a32c7ce6007341cf92afeb718b75883bf415864?s=96&d=blank&r=g","contentUrl":"https:\/\/secure.gravatar.com\/avatar\/0a67041d44c702fb0660d81a5a32c7ce6007341cf92afeb718b75883bf415864?s=96&d=blank&r=g","caption":"diegoc"},"url":"https:\/\/radiounodigital.com\/web\/author\/diegoc\/"}]}},"_links":{"self":[{"href":"https:\/\/radiounodigital.com\/web\/wp-json\/wp\/v2\/posts\/6072","targetHints":{"allow":["GET"]}}],"collection":[{"href":"https:\/\/radiounodigital.com\/web\/wp-json\/wp\/v2\/posts"}],"about":[{"href":"https:\/\/radiounodigital.com\/web\/wp-json\/wp\/v2\/types\/post"}],"author":[{"embeddable":true,"href":"https:\/\/radiounodigital.com\/web\/wp-json\/wp\/v2\/users\/1"}],"replies":[{"embeddable":true,"href":"https:\/\/radiounodigital.com\/web\/wp-json\/wp\/v2\/comments?post=6072"}],"version-history":[{"count":2,"href":"https:\/\/radiounodigital.com\/web\/wp-json\/wp\/v2\/posts\/6072\/revisions"}],"predecessor-version":[{"id":6075,"href":"https:\/\/radiounodigital.com\/web\/wp-json\/wp\/v2\/posts\/6072\/revisions\/6075"}],"wp:featuredmedia":[{"embeddable":true,"href":"https:\/\/radiounodigital.com\/web\/wp-json\/wp\/v2\/media\/6074"}],"wp:attachment":[{"href":"https:\/\/radiounodigital.com\/web\/wp-json\/wp\/v2\/media?parent=6072"}],"wp:term":[{"taxonomy":"category","embeddable":true,"href":"https:\/\/radiounodigital.com\/web\/wp-json\/wp\/v2\/categories?post=6072"},{"taxonomy":"post_tag","embeddable":true,"href":"https:\/\/radiounodigital.com\/web\/wp-json\/wp\/v2\/tags?post=6072"}],"curies":[{"name":"wp","href":"https:\/\/api.w.org\/{rel}","templated":true}]}}