{"id":6079,"date":"2021-07-03T06:44:56","date_gmt":"2021-07-03T09:44:56","guid":{"rendered":"https:\/\/radiounodigital.com\/web\/?p=6079"},"modified":"2021-07-04T07:12:50","modified_gmt":"2021-07-04T10:12:50","slug":"brian-jones-y-jim-morrison-ingresaron-al-club-el-mismo-dia","status":"publish","type":"post","link":"https:\/\/radiounodigital.com\/web\/2021\/07\/03\/brian-jones-y-jim-morrison-ingresaron-al-club-el-mismo-dia\/","title":{"rendered":"Brian Jones y Jim Morrison ingresaron al club el mismo d\u00eda"},"content":{"rendered":"<h3>Un 3 de julio como hoy se iban de este mundo dos grandes de la historia del rock e ingresaban sin saberlo a\u00fan al club de los 27.<\/h3>\n<p>Ciertamente es dif\u00edcil decir cu\u00e1ndo se comenz\u00f3 a hablar del hoy afamado club de los 27, una sociedad imaginaria y privilegiada al mismo tiempo como maldita.<\/p>\n<p>Grandes artistas de aquella \u00e9poca murieron a los 27 a\u00f1os de edad. El primero de ellos fue Brian Jones un d\u00eda como hoy de 1969, seguido por Jimi Hendrix y Janis Joplin en 1970 y luego por el legendario l\u00edder vocal de The Doors Jim Morrison tambi\u00e9n un d\u00eda como pero de 1971.<\/p>\n<p>M\u00e1s tarde se les unir\u00eda Kurt Cobain y Amy Winehouse al club que algunos expertos indican comenz\u00f3 en 1938 con la confusa muerte de Robert Johnson.<\/p>\n<p><iframe loading=\"lazy\" title=\"\u00bfQui\u00e9n fue Brian Jones? | Mini documental\" width=\"960\" height=\"540\" src=\"https:\/\/www.youtube.com\/embed\/PjsbpMdflSk?feature=oembed\" frameborder=\"0\" allow=\"accelerometer; autoplay; clipboard-write; encrypted-media; gyroscope; picture-in-picture\" allowfullscreen><\/iframe><\/p>\n<p>&nbsp;<\/p>\n<p><iframe loading=\"lazy\" title=\"La vida de Jim Morrison el poeta rebelde \/ HISTORIA The Doors\" width=\"960\" height=\"540\" src=\"https:\/\/www.youtube.com\/embed\/vQr2hgcqieY?feature=oembed\" frameborder=\"0\" allow=\"accelerometer; autoplay; clipboard-write; encrypted-media; gyroscope; picture-in-picture\" allowfullscreen><\/iframe><\/p>\n<p>&nbsp;<\/p>\n<p>&nbsp;<\/p>\n<p>&nbsp;<\/p>\n<div class=\"fb-background-color\">\n\t\t\t  <div \n\t\t\t  \tclass = \"fb-comments\" \n\t\t\t  \tdata-href = \"https:\/\/radiounodigital.com\/web\/2021\/07\/03\/brian-jones-y-jim-morrison-ingresaron-al-club-el-mismo-dia\/\"\n\t\t\t  \tdata-numposts = \"10\"\n\t\t\t  \tdata-lazy = \"true\"\n\t\t\t\tdata-colorscheme = \"dark\"\n\t\t\t\tdata-order-by = \"reverse_time\"\n\t\t\t\tdata-mobile=true>\n\t\t\t  <\/div><\/div>\n\t\t  <style>\n\t\t    .fb-background-color {\n\t\t\t\tbackground: #ffffff !important;\n\t\t\t}\n\t\t\t.fb_iframe_widget_fluid_desktop iframe {\n\t\t\t    width: 100% !important;\n\t\t\t}\n\t\t  <\/style>\n\t\t  ","protected":false},"excerpt":{"rendered":"<p>Un 3 de julio como hoy se iban de este mundo dos grandes de la historia del rock e ingresaban sin saberlo a\u00fan al club de los 27. Ciertamente es dif\u00edcil decir cu\u00e1ndo se comenz\u00f3 a hablar del hoy afamado club de los 27, una sociedad imaginaria y privilegiada al mismo tiempo como maldita. Grandes&#8230; <a href=\"https:\/\/radiounodigital.com\/web\/2021\/07\/03\/brian-jones-y-jim-morrison-ingresaron-al-club-el-mismo-dia\/\" class=\"excerpt-read-more\">Read More<\/a><\/p>\n","protected":false},"author":1,"featured_media":6083,"comment_status":"closed","ping_status":"open","sticky":false,"template":"","format":"standard","meta":{"footnotes":""},"categories":[180,128],"tags":[1892,214,1891,1889,84,73,1890],"class_list":["post-6079","post","type-post","status-publish","format-standard","has-post-thumbnail","hentry","category-news","category-rock-clasico","tag-3-de-julio","tag-brian-johnson","tag-club-de-los-27","tag-jim-morrison","tag-muerte","tag-rolling-stones","tag-the-doors"],"yoast_head":"<!-- This site is optimized with the Yoast SEO plugin v27.4 - https:\/\/yoast.com\/product\/yoast-seo-wordpress\/ -->\n<title>Brian Jones y Jim Morrison ingresaron al club el mismo d\u00eda - Radio UNO Digital<\/title>\n<meta name=\"robots\" content=\"index, follow, max-snippet:-1, max-image-preview:large, max-video-preview:-1\" \/>\n<link rel=\"canonical\" href=\"https:\/\/radiounodigital.com\/web\/2021\/07\/03\/brian-jones-y-jim-morrison-ingresaron-al-club-el-mismo-dia\/\" \/>\n<meta property=\"og:locale\" content=\"es_ES\" \/>\n<meta property=\"og:type\" content=\"article\" \/>\n<meta property=\"og:title\" content=\"Brian Jones y Jim Morrison ingresaron al club el mismo d\u00eda - Radio UNO Digital\" \/>\n<meta property=\"og:description\" content=\"Un 3 de julio como hoy se iban de este mundo dos grandes de la historia del rock e ingresaban sin saberlo a\u00fan al club de los 27. Ciertamente es dif\u00edcil decir cu\u00e1ndo se comenz\u00f3 a hablar del hoy afamado club de los 27, una sociedad imaginaria y privilegiada al mismo tiempo como maldita. Grandes... Read More\" \/>\n<meta property=\"og:url\" content=\"https:\/\/radiounodigital.com\/web\/2021\/07\/03\/brian-jones-y-jim-morrison-ingresaron-al-club-el-mismo-dia\/\" \/>\n<meta property=\"og:site_name\" content=\"Radio UNO Digital\" \/>\n<meta property=\"article:published_time\" content=\"2021-07-03T09:44:56+00:00\" \/>\n<meta property=\"article:modified_time\" content=\"2021-07-04T10:12:50+00:00\" \/>\n<meta property=\"og:image\" content=\"https:\/\/radiounodigital.com\/web\/wp-content\/uploads\/2021\/07\/poema-jim-morrison-brian-jones-e1625393555965.jpg\" \/>\n\t<meta property=\"og:image:width\" content=\"650\" \/>\n\t<meta property=\"og:image:height\" content=\"343\" \/>\n\t<meta property=\"og:image:type\" content=\"image\/jpeg\" \/>\n<meta name=\"author\" content=\"diegoc\" \/>\n<meta name=\"twitter:card\" content=\"summary_large_image\" \/>\n<meta name=\"twitter:label1\" content=\"Escrito por\" \/>\n\t<meta name=\"twitter:data1\" content=\"diegoc\" \/>\n\t<meta name=\"twitter:label2\" content=\"Tiempo de lectura\" \/>\n\t<meta name=\"twitter:data2\" content=\"1 minuto\" \/>\n<script type=\"application\/ld+json\" class=\"yoast-schema-graph\">{\"@context\":\"https:\\\/\\\/schema.org\",\"@graph\":[{\"@type\":\"Article\",\"@id\":\"https:\\\/\\\/radiounodigital.com\\\/web\\\/2021\\\/07\\\/03\\\/brian-jones-y-jim-morrison-ingresaron-al-club-el-mismo-dia\\\/#article\",\"isPartOf\":{\"@id\":\"https:\\\/\\\/radiounodigital.com\\\/web\\\/2021\\\/07\\\/03\\\/brian-jones-y-jim-morrison-ingresaron-al-club-el-mismo-dia\\\/\"},\"author\":{\"name\":\"diegoc\",\"@id\":\"https:\\\/\\\/radiounodigital.com\\\/web\\\/#\\\/schema\\\/person\\\/00b93151fa54f619ecf9c183d1fc9758\"},\"headline\":\"Brian Jones y Jim Morrison ingresaron al club el mismo d\u00eda\",\"datePublished\":\"2021-07-03T09:44:56+00:00\",\"dateModified\":\"2021-07-04T10:12:50+00:00\",\"mainEntityOfPage\":{\"@id\":\"https:\\\/\\\/radiounodigital.com\\\/web\\\/2021\\\/07\\\/03\\\/brian-jones-y-jim-morrison-ingresaron-al-club-el-mismo-dia\\\/\"},\"wordCount\":166,\"image\":{\"@id\":\"https:\\\/\\\/radiounodigital.com\\\/web\\\/2021\\\/07\\\/03\\\/brian-jones-y-jim-morrison-ingresaron-al-club-el-mismo-dia\\\/#primaryimage\"},\"thumbnailUrl\":\"https:\\\/\\\/radiounodigital.com\\\/web\\\/wp-content\\\/uploads\\\/2021\\\/07\\\/poema-jim-morrison-brian-jones-e1625393555965.jpg\",\"keywords\":[\"3 de julio\",\"brian johnson\",\"club de los 27\",\"jim morrison\",\"muerte\",\"rolling stones\",\"the doors\"],\"articleSection\":[\"news\",\"Rock Clasico\"],\"inLanguage\":\"es\"},{\"@type\":\"WebPage\",\"@id\":\"https:\\\/\\\/radiounodigital.com\\\/web\\\/2021\\\/07\\\/03\\\/brian-jones-y-jim-morrison-ingresaron-al-club-el-mismo-dia\\\/\",\"url\":\"https:\\\/\\\/radiounodigital.com\\\/web\\\/2021\\\/07\\\/03\\\/brian-jones-y-jim-morrison-ingresaron-al-club-el-mismo-dia\\\/\",\"name\":\"Brian Jones y Jim Morrison ingresaron al club el mismo d\u00eda - Radio UNO Digital\",\"isPartOf\":{\"@id\":\"https:\\\/\\\/radiounodigital.com\\\/web\\\/#website\"},\"primaryImageOfPage\":{\"@id\":\"https:\\\/\\\/radiounodigital.com\\\/web\\\/2021\\\/07\\\/03\\\/brian-jones-y-jim-morrison-ingresaron-al-club-el-mismo-dia\\\/#primaryimage\"},\"image\":{\"@id\":\"https:\\\/\\\/radiounodigital.com\\\/web\\\/2021\\\/07\\\/03\\\/brian-jones-y-jim-morrison-ingresaron-al-club-el-mismo-dia\\\/#primaryimage\"},\"thumbnailUrl\":\"https:\\\/\\\/radiounodigital.com\\\/web\\\/wp-content\\\/uploads\\\/2021\\\/07\\\/poema-jim-morrison-brian-jones-e1625393555965.jpg\",\"datePublished\":\"2021-07-03T09:44:56+00:00\",\"dateModified\":\"2021-07-04T10:12:50+00:00\",\"author\":{\"@id\":\"https:\\\/\\\/radiounodigital.com\\\/web\\\/#\\\/schema\\\/person\\\/00b93151fa54f619ecf9c183d1fc9758\"},\"breadcrumb\":{\"@id\":\"https:\\\/\\\/radiounodigital.com\\\/web\\\/2021\\\/07\\\/03\\\/brian-jones-y-jim-morrison-ingresaron-al-club-el-mismo-dia\\\/#breadcrumb\"},\"inLanguage\":\"es\",\"potentialAction\":[{\"@type\":\"ReadAction\",\"target\":[\"https:\\\/\\\/radiounodigital.com\\\/web\\\/2021\\\/07\\\/03\\\/brian-jones-y-jim-morrison-ingresaron-al-club-el-mismo-dia\\\/\"]}]},{\"@type\":\"ImageObject\",\"inLanguage\":\"es\",\"@id\":\"https:\\\/\\\/radiounodigital.com\\\/web\\\/2021\\\/07\\\/03\\\/brian-jones-y-jim-morrison-ingresaron-al-club-el-mismo-dia\\\/#primaryimage\",\"url\":\"https:\\\/\\\/radiounodigital.com\\\/web\\\/wp-content\\\/uploads\\\/2021\\\/07\\\/poema-jim-morrison-brian-jones-e1625393555965.jpg\",\"contentUrl\":\"https:\\\/\\\/radiounodigital.com\\\/web\\\/wp-content\\\/uploads\\\/2021\\\/07\\\/poema-jim-morrison-brian-jones-e1625393555965.jpg\",\"width\":650,\"height\":343},{\"@type\":\"BreadcrumbList\",\"@id\":\"https:\\\/\\\/radiounodigital.com\\\/web\\\/2021\\\/07\\\/03\\\/brian-jones-y-jim-morrison-ingresaron-al-club-el-mismo-dia\\\/#breadcrumb\",\"itemListElement\":[{\"@type\":\"ListItem\",\"position\":1,\"name\":\"Home\",\"item\":\"https:\\\/\\\/radiounodigital.com\\\/web\\\/\"},{\"@type\":\"ListItem\",\"position\":2,\"name\":\"Brian Jones y Jim Morrison ingresaron al club el mismo d\u00eda\"}]},{\"@type\":\"WebSite\",\"@id\":\"https:\\\/\\\/radiounodigital.com\\\/web\\\/#website\",\"url\":\"https:\\\/\\\/radiounodigital.com\\\/web\\\/\",\"name\":\"Radio UNO Digital\",\"description\":\"Donde la cultura del rock se siente\",\"potentialAction\":[{\"@type\":\"SearchAction\",\"target\":{\"@type\":\"EntryPoint\",\"urlTemplate\":\"https:\\\/\\\/radiounodigital.com\\\/web\\\/?s={search_term_string}\"},\"query-input\":{\"@type\":\"PropertyValueSpecification\",\"valueRequired\":true,\"valueName\":\"search_term_string\"}}],\"inLanguage\":\"es\"},{\"@type\":\"Person\",\"@id\":\"https:\\\/\\\/radiounodigital.com\\\/web\\\/#\\\/schema\\\/person\\\/00b93151fa54f619ecf9c183d1fc9758\",\"name\":\"diegoc\",\"image\":{\"@type\":\"ImageObject\",\"inLanguage\":\"es\",\"@id\":\"https:\\\/\\\/secure.gravatar.com\\\/avatar\\\/0a67041d44c702fb0660d81a5a32c7ce6007341cf92afeb718b75883bf415864?s=96&d=blank&r=g\",\"url\":\"https:\\\/\\\/secure.gravatar.com\\\/avatar\\\/0a67041d44c702fb0660d81a5a32c7ce6007341cf92afeb718b75883bf415864?s=96&d=blank&r=g\",\"contentUrl\":\"https:\\\/\\\/secure.gravatar.com\\\/avatar\\\/0a67041d44c702fb0660d81a5a32c7ce6007341cf92afeb718b75883bf415864?s=96&d=blank&r=g\",\"caption\":\"diegoc\"},\"url\":\"https:\\\/\\\/radiounodigital.com\\\/web\\\/author\\\/diegoc\\\/\"}]}<\/script>\n<!-- \/ Yoast SEO plugin. -->","yoast_head_json":{"title":"Brian Jones y Jim Morrison ingresaron al club el mismo d\u00eda - Radio UNO Digital","robots":{"index":"index","follow":"follow","max-snippet":"max-snippet:-1","max-image-preview":"max-image-preview:large","max-video-preview":"max-video-preview:-1"},"canonical":"https:\/\/radiounodigital.com\/web\/2021\/07\/03\/brian-jones-y-jim-morrison-ingresaron-al-club-el-mismo-dia\/","og_locale":"es_ES","og_type":"article","og_title":"Brian Jones y Jim Morrison ingresaron al club el mismo d\u00eda - Radio UNO Digital","og_description":"Un 3 de julio como hoy se iban de este mundo dos grandes de la historia del rock e ingresaban sin saberlo a\u00fan al club de los 27. Ciertamente es dif\u00edcil decir cu\u00e1ndo se comenz\u00f3 a hablar del hoy afamado club de los 27, una sociedad imaginaria y privilegiada al mismo tiempo como maldita. Grandes... Read More","og_url":"https:\/\/radiounodigital.com\/web\/2021\/07\/03\/brian-jones-y-jim-morrison-ingresaron-al-club-el-mismo-dia\/","og_site_name":"Radio UNO Digital","article_published_time":"2021-07-03T09:44:56+00:00","article_modified_time":"2021-07-04T10:12:50+00:00","og_image":[{"width":650,"height":343,"url":"https:\/\/radiounodigital.com\/web\/wp-content\/uploads\/2021\/07\/poema-jim-morrison-brian-jones-e1625393555965.jpg","type":"image\/jpeg"}],"author":"diegoc","twitter_card":"summary_large_image","twitter_misc":{"Escrito por":"diegoc","Tiempo de lectura":"1 minuto"},"schema":{"@context":"https:\/\/schema.org","@graph":[{"@type":"Article","@id":"https:\/\/radiounodigital.com\/web\/2021\/07\/03\/brian-jones-y-jim-morrison-ingresaron-al-club-el-mismo-dia\/#article","isPartOf":{"@id":"https:\/\/radiounodigital.com\/web\/2021\/07\/03\/brian-jones-y-jim-morrison-ingresaron-al-club-el-mismo-dia\/"},"author":{"name":"diegoc","@id":"https:\/\/radiounodigital.com\/web\/#\/schema\/person\/00b93151fa54f619ecf9c183d1fc9758"},"headline":"Brian Jones y Jim Morrison ingresaron al club el mismo d\u00eda","datePublished":"2021-07-03T09:44:56+00:00","dateModified":"2021-07-04T10:12:50+00:00","mainEntityOfPage":{"@id":"https:\/\/radiounodigital.com\/web\/2021\/07\/03\/brian-jones-y-jim-morrison-ingresaron-al-club-el-mismo-dia\/"},"wordCount":166,"image":{"@id":"https:\/\/radiounodigital.com\/web\/2021\/07\/03\/brian-jones-y-jim-morrison-ingresaron-al-club-el-mismo-dia\/#primaryimage"},"thumbnailUrl":"https:\/\/radiounodigital.com\/web\/wp-content\/uploads\/2021\/07\/poema-jim-morrison-brian-jones-e1625393555965.jpg","keywords":["3 de julio","brian johnson","club de los 27","jim morrison","muerte","rolling stones","the doors"],"articleSection":["news","Rock Clasico"],"inLanguage":"es"},{"@type":"WebPage","@id":"https:\/\/radiounodigital.com\/web\/2021\/07\/03\/brian-jones-y-jim-morrison-ingresaron-al-club-el-mismo-dia\/","url":"https:\/\/radiounodigital.com\/web\/2021\/07\/03\/brian-jones-y-jim-morrison-ingresaron-al-club-el-mismo-dia\/","name":"Brian Jones y Jim Morrison ingresaron al club el mismo d\u00eda - Radio UNO Digital","isPartOf":{"@id":"https:\/\/radiounodigital.com\/web\/#website"},"primaryImageOfPage":{"@id":"https:\/\/radiounodigital.com\/web\/2021\/07\/03\/brian-jones-y-jim-morrison-ingresaron-al-club-el-mismo-dia\/#primaryimage"},"image":{"@id":"https:\/\/radiounodigital.com\/web\/2021\/07\/03\/brian-jones-y-jim-morrison-ingresaron-al-club-el-mismo-dia\/#primaryimage"},"thumbnailUrl":"https:\/\/radiounodigital.com\/web\/wp-content\/uploads\/2021\/07\/poema-jim-morrison-brian-jones-e1625393555965.jpg","datePublished":"2021-07-03T09:44:56+00:00","dateModified":"2021-07-04T10:12:50+00:00","author":{"@id":"https:\/\/radiounodigital.com\/web\/#\/schema\/person\/00b93151fa54f619ecf9c183d1fc9758"},"breadcrumb":{"@id":"https:\/\/radiounodigital.com\/web\/2021\/07\/03\/brian-jones-y-jim-morrison-ingresaron-al-club-el-mismo-dia\/#breadcrumb"},"inLanguage":"es","potentialAction":[{"@type":"ReadAction","target":["https:\/\/radiounodigital.com\/web\/2021\/07\/03\/brian-jones-y-jim-morrison-ingresaron-al-club-el-mismo-dia\/"]}]},{"@type":"ImageObject","inLanguage":"es","@id":"https:\/\/radiounodigital.com\/web\/2021\/07\/03\/brian-jones-y-jim-morrison-ingresaron-al-club-el-mismo-dia\/#primaryimage","url":"https:\/\/radiounodigital.com\/web\/wp-content\/uploads\/2021\/07\/poema-jim-morrison-brian-jones-e1625393555965.jpg","contentUrl":"https:\/\/radiounodigital.com\/web\/wp-content\/uploads\/2021\/07\/poema-jim-morrison-brian-jones-e1625393555965.jpg","width":650,"height":343},{"@type":"BreadcrumbList","@id":"https:\/\/radiounodigital.com\/web\/2021\/07\/03\/brian-jones-y-jim-morrison-ingresaron-al-club-el-mismo-dia\/#breadcrumb","itemListElement":[{"@type":"ListItem","position":1,"name":"Home","item":"https:\/\/radiounodigital.com\/web\/"},{"@type":"ListItem","position":2,"name":"Brian Jones y Jim Morrison ingresaron al club el mismo d\u00eda"}]},{"@type":"WebSite","@id":"https:\/\/radiounodigital.com\/web\/#website","url":"https:\/\/radiounodigital.com\/web\/","name":"Radio UNO Digital","description":"Donde la cultura del rock se siente","potentialAction":[{"@type":"SearchAction","target":{"@type":"EntryPoint","urlTemplate":"https:\/\/radiounodigital.com\/web\/?s={search_term_string}"},"query-input":{"@type":"PropertyValueSpecification","valueRequired":true,"valueName":"search_term_string"}}],"inLanguage":"es"},{"@type":"Person","@id":"https:\/\/radiounodigital.com\/web\/#\/schema\/person\/00b93151fa54f619ecf9c183d1fc9758","name":"diegoc","image":{"@type":"ImageObject","inLanguage":"es","@id":"https:\/\/secure.gravatar.com\/avatar\/0a67041d44c702fb0660d81a5a32c7ce6007341cf92afeb718b75883bf415864?s=96&d=blank&r=g","url":"https:\/\/secure.gravatar.com\/avatar\/0a67041d44c702fb0660d81a5a32c7ce6007341cf92afeb718b75883bf415864?s=96&d=blank&r=g","contentUrl":"https:\/\/secure.gravatar.com\/avatar\/0a67041d44c702fb0660d81a5a32c7ce6007341cf92afeb718b75883bf415864?s=96&d=blank&r=g","caption":"diegoc"},"url":"https:\/\/radiounodigital.com\/web\/author\/diegoc\/"}]}},"_links":{"self":[{"href":"https:\/\/radiounodigital.com\/web\/wp-json\/wp\/v2\/posts\/6079","targetHints":{"allow":["GET"]}}],"collection":[{"href":"https:\/\/radiounodigital.com\/web\/wp-json\/wp\/v2\/posts"}],"about":[{"href":"https:\/\/radiounodigital.com\/web\/wp-json\/wp\/v2\/types\/post"}],"author":[{"embeddable":true,"href":"https:\/\/radiounodigital.com\/web\/wp-json\/wp\/v2\/users\/1"}],"replies":[{"embeddable":true,"href":"https:\/\/radiounodigital.com\/web\/wp-json\/wp\/v2\/comments?post=6079"}],"version-history":[{"count":1,"href":"https:\/\/radiounodigital.com\/web\/wp-json\/wp\/v2\/posts\/6079\/revisions"}],"predecessor-version":[{"id":6084,"href":"https:\/\/radiounodigital.com\/web\/wp-json\/wp\/v2\/posts\/6079\/revisions\/6084"}],"wp:featuredmedia":[{"embeddable":true,"href":"https:\/\/radiounodigital.com\/web\/wp-json\/wp\/v2\/media\/6083"}],"wp:attachment":[{"href":"https:\/\/radiounodigital.com\/web\/wp-json\/wp\/v2\/media?parent=6079"}],"wp:term":[{"taxonomy":"category","embeddable":true,"href":"https:\/\/radiounodigital.com\/web\/wp-json\/wp\/v2\/categories?post=6079"},{"taxonomy":"post_tag","embeddable":true,"href":"https:\/\/radiounodigital.com\/web\/wp-json\/wp\/v2\/tags?post=6079"}],"curies":[{"name":"wp","href":"https:\/\/api.w.org\/{rel}","templated":true}]}}