{"id":6091,"date":"2021-07-05T08:22:17","date_gmt":"2021-07-05T11:22:17","guid":{"rendered":"https:\/\/radiounodigital.com\/web\/?p=6091"},"modified":"2021-07-05T08:22:17","modified_gmt":"2021-07-05T11:22:17","slug":"tedeschi-trucks-band-y-un-cover-a-derek-and-the-dominos-de-tell-the-truth","status":"publish","type":"post","link":"https:\/\/radiounodigital.com\/web\/2021\/07\/05\/tedeschi-trucks-band-y-un-cover-a-derek-and-the-dominos-de-tell-the-truth\/","title":{"rendered":"Tedeschi Trucks Band y un cover a Derek and the Dominos de Tell the Truth"},"content":{"rendered":"<h3>Trey Anastasio de Phish se une a Tedeschi Trucks Band para una poderosa versi\u00f3n de Derek and the Dominos &#8216;Tell the Truth del pr\u00f3ximo \u00e1lbum Layla Revisited.<\/h3>\n<p>Tedeschi Trucks Band ha lanzado otro video del pr\u00f3ximo Layla Revisited (Live at Lockn \u2019), la portada completa de su \u00e1lbum del cl\u00e1sico Layla And Other Assorted Love Songs de Derek &amp; The Dominos.<\/p>\n<p>El \u00faltimo lanzamiento, Why Does Love Got To Be So Sad fue lanzado en mayo, es su versi\u00f3n de Tell The Truth, una canci\u00f3n originalmente grabada en Londres en 1970 durante las sesiones del cl\u00e1sico \u00e1lbum triple de George Harrison All Things Must Pass. Producido por Phil Spector, fue lanzado como el primer sencillo de Derek &amp; The Dominos, pero se convirti\u00f3 en un elemento de colecci\u00f3n instant\u00e1neo despu\u00e9s de que la banda, insatisfecha con su actuaci\u00f3n, exigiera que se retirara de la venta.<\/p>\n<p>Tell The Truth se volvi\u00f3 a grabar para Layla And Other Assorted Love Songs, un \u00e1lbum lanzado el 9 de noviembre de 1970, el d\u00eda en que naci\u00f3 Susan Tedeschi.<br \/>\nLayla Revisited (Live at Lockn &#8216;) se grab\u00f3 el 24 de agosto de 2019 en el Lockin&#8217; Festival en Arrington, VA, durante el segundo de los dos sets interpretados por la banda, a quienes se unieron en el escenario para el set el principal de Phish, Trey Anastasio y el guitarrista. Doyle Bramhall II, quien previamente colabor\u00f3 \u200b\u200ben varios \u00e1lbumes con Derek &amp; The Dominos, Eric Clapton.<br \/>\nEl \u00e1lbum, que termina con una versi\u00f3n de estudio de Thorn Tree In The Garden grabada por Trucks y Tedeschi, se lanzar\u00e1 en CD, triple vinilo y como archivos digitales de alta calidad de 24 bits y 192 kHz. Saldr\u00e1 a la venta el 16 de julio y est\u00e1 disponible para <a href=\"https:\/\/found.ee\/TTBLaylaRevisited\">reservar ahora.<\/a><\/p>\n<p><iframe loading=\"lazy\" title=\"Tedeschi Trucks Band - Tell The Truth (Official Music Video)\" width=\"960\" height=\"540\" src=\"https:\/\/www.youtube.com\/embed\/fuHWqBsZi_c?feature=oembed\" frameborder=\"0\" allow=\"accelerometer; autoplay; clipboard-write; encrypted-media; gyroscope; picture-in-picture\" allowfullscreen><\/iframe><\/p>\n<div class=\"fb-background-color\">\n\t\t\t  <div \n\t\t\t  \tclass = \"fb-comments\" \n\t\t\t  \tdata-href = \"https:\/\/radiounodigital.com\/web\/2021\/07\/05\/tedeschi-trucks-band-y-un-cover-a-derek-and-the-dominos-de-tell-the-truth\/\"\n\t\t\t  \tdata-numposts = \"10\"\n\t\t\t  \tdata-lazy = \"true\"\n\t\t\t\tdata-colorscheme = \"dark\"\n\t\t\t\tdata-order-by = \"reverse_time\"\n\t\t\t\tdata-mobile=true>\n\t\t\t  <\/div><\/div>\n\t\t  <style>\n\t\t    .fb-background-color {\n\t\t\t\tbackground: #ffffff !important;\n\t\t\t}\n\t\t\t.fb_iframe_widget_fluid_desktop iframe {\n\t\t\t    width: 100% !important;\n\t\t\t}\n\t\t  <\/style>\n\t\t  ","protected":false},"excerpt":{"rendered":"<p>Trey Anastasio de Phish se une a Tedeschi Trucks Band para una poderosa versi\u00f3n de Derek and the Dominos &#8216;Tell the Truth del pr\u00f3ximo \u00e1lbum Layla Revisited. Tedeschi Trucks Band ha lanzado otro video del pr\u00f3ximo Layla Revisited (Live at Lockn \u2019), la portada completa de su \u00e1lbum del cl\u00e1sico Layla And Other Assorted Love&#8230; <a href=\"https:\/\/radiounodigital.com\/web\/2021\/07\/05\/tedeschi-trucks-band-y-un-cover-a-derek-and-the-dominos-de-tell-the-truth\/\" class=\"excerpt-read-more\">Read More<\/a><\/p>\n","protected":false},"author":1,"featured_media":6092,"comment_status":"closed","ping_status":"open","sticky":false,"template":"","format":"standard","meta":{"footnotes":""},"categories":[184,126,179,180,1359],"tags":[182,1899,1800,173,1898],"class_list":["post-6091","post","type-post","status-publish","format-standard","has-post-thumbnail","hentry","category-1001-canciones","category-blues","category-covers","category-news","category-videos","tag-cover","tag-derek-and-the-dominoes","tag-layla-revisited","tag-tedeschi-trucks-band","tag-tell-the-truth"],"yoast_head":"<!-- This site is optimized with the Yoast SEO plugin v27.4 - https:\/\/yoast.com\/product\/yoast-seo-wordpress\/ -->\n<title>Tedeschi Trucks Band y un cover a Derek and the Dominos de Tell the Truth - Radio UNO Digital<\/title>\n<meta name=\"robots\" content=\"index, follow, max-snippet:-1, max-image-preview:large, max-video-preview:-1\" \/>\n<link rel=\"canonical\" href=\"https:\/\/radiounodigital.com\/web\/2021\/07\/05\/tedeschi-trucks-band-y-un-cover-a-derek-and-the-dominos-de-tell-the-truth\/\" \/>\n<meta property=\"og:locale\" content=\"es_ES\" \/>\n<meta property=\"og:type\" content=\"article\" \/>\n<meta property=\"og:title\" content=\"Tedeschi Trucks Band y un cover a Derek and the Dominos de Tell the Truth - Radio UNO Digital\" \/>\n<meta property=\"og:description\" content=\"Trey Anastasio de Phish se une a Tedeschi Trucks Band para una poderosa versi\u00f3n de Derek and the Dominos &#8216;Tell the Truth del pr\u00f3ximo \u00e1lbum Layla Revisited. Tedeschi Trucks Band ha lanzado otro video del pr\u00f3ximo Layla Revisited (Live at Lockn \u2019), la portada completa de su \u00e1lbum del cl\u00e1sico Layla And Other Assorted Love... Read More\" \/>\n<meta property=\"og:url\" content=\"https:\/\/radiounodigital.com\/web\/2021\/07\/05\/tedeschi-trucks-band-y-un-cover-a-derek-and-the-dominos-de-tell-the-truth\/\" \/>\n<meta property=\"og:site_name\" content=\"Radio UNO Digital\" \/>\n<meta property=\"article:published_time\" content=\"2021-07-05T11:22:17+00:00\" \/>\n<meta property=\"og:image\" content=\"https:\/\/radiounodigital.com\/web\/wp-content\/uploads\/2021\/07\/tedeschi-trucks-tell-the-truth-e1625484124373.jpg\" \/>\n\t<meta property=\"og:image:width\" content=\"650\" \/>\n\t<meta property=\"og:image:height\" content=\"435\" \/>\n\t<meta property=\"og:image:type\" content=\"image\/jpeg\" \/>\n<meta name=\"author\" content=\"diegoc\" \/>\n<meta name=\"twitter:card\" content=\"summary_large_image\" \/>\n<meta name=\"twitter:label1\" content=\"Escrito por\" \/>\n\t<meta name=\"twitter:data1\" content=\"diegoc\" \/>\n\t<meta name=\"twitter:label2\" content=\"Tiempo de lectura\" \/>\n\t<meta name=\"twitter:data2\" content=\"2 minutos\" \/>\n<script type=\"application\/ld+json\" class=\"yoast-schema-graph\">{\"@context\":\"https:\\\/\\\/schema.org\",\"@graph\":[{\"@type\":\"Article\",\"@id\":\"https:\\\/\\\/radiounodigital.com\\\/web\\\/2021\\\/07\\\/05\\\/tedeschi-trucks-band-y-un-cover-a-derek-and-the-dominos-de-tell-the-truth\\\/#article\",\"isPartOf\":{\"@id\":\"https:\\\/\\\/radiounodigital.com\\\/web\\\/2021\\\/07\\\/05\\\/tedeschi-trucks-band-y-un-cover-a-derek-and-the-dominos-de-tell-the-truth\\\/\"},\"author\":{\"name\":\"diegoc\",\"@id\":\"https:\\\/\\\/radiounodigital.com\\\/web\\\/#\\\/schema\\\/person\\\/00b93151fa54f619ecf9c183d1fc9758\"},\"headline\":\"Tedeschi Trucks Band y un cover a Derek and the Dominos de Tell the Truth\",\"datePublished\":\"2021-07-05T11:22:17+00:00\",\"mainEntityOfPage\":{\"@id\":\"https:\\\/\\\/radiounodigital.com\\\/web\\\/2021\\\/07\\\/05\\\/tedeschi-trucks-band-y-un-cover-a-derek-and-the-dominos-de-tell-the-truth\\\/\"},\"wordCount\":318,\"image\":{\"@id\":\"https:\\\/\\\/radiounodigital.com\\\/web\\\/2021\\\/07\\\/05\\\/tedeschi-trucks-band-y-un-cover-a-derek-and-the-dominos-de-tell-the-truth\\\/#primaryimage\"},\"thumbnailUrl\":\"https:\\\/\\\/radiounodigital.com\\\/web\\\/wp-content\\\/uploads\\\/2021\\\/07\\\/tedeschi-trucks-tell-the-truth-e1625484124373.jpg\",\"keywords\":[\"cover\",\"derek and the dominoes\",\"layla revisited\",\"TEDESCHI TRUCKS BAND\",\"tell the truth\"],\"articleSection\":[\"1001 Canciones\",\"Blues\",\"Covers\",\"news\",\"videos\"],\"inLanguage\":\"es\"},{\"@type\":\"WebPage\",\"@id\":\"https:\\\/\\\/radiounodigital.com\\\/web\\\/2021\\\/07\\\/05\\\/tedeschi-trucks-band-y-un-cover-a-derek-and-the-dominos-de-tell-the-truth\\\/\",\"url\":\"https:\\\/\\\/radiounodigital.com\\\/web\\\/2021\\\/07\\\/05\\\/tedeschi-trucks-band-y-un-cover-a-derek-and-the-dominos-de-tell-the-truth\\\/\",\"name\":\"Tedeschi Trucks Band y un cover a Derek and the Dominos de Tell the Truth - Radio UNO Digital\",\"isPartOf\":{\"@id\":\"https:\\\/\\\/radiounodigital.com\\\/web\\\/#website\"},\"primaryImageOfPage\":{\"@id\":\"https:\\\/\\\/radiounodigital.com\\\/web\\\/2021\\\/07\\\/05\\\/tedeschi-trucks-band-y-un-cover-a-derek-and-the-dominos-de-tell-the-truth\\\/#primaryimage\"},\"image\":{\"@id\":\"https:\\\/\\\/radiounodigital.com\\\/web\\\/2021\\\/07\\\/05\\\/tedeschi-trucks-band-y-un-cover-a-derek-and-the-dominos-de-tell-the-truth\\\/#primaryimage\"},\"thumbnailUrl\":\"https:\\\/\\\/radiounodigital.com\\\/web\\\/wp-content\\\/uploads\\\/2021\\\/07\\\/tedeschi-trucks-tell-the-truth-e1625484124373.jpg\",\"datePublished\":\"2021-07-05T11:22:17+00:00\",\"author\":{\"@id\":\"https:\\\/\\\/radiounodigital.com\\\/web\\\/#\\\/schema\\\/person\\\/00b93151fa54f619ecf9c183d1fc9758\"},\"breadcrumb\":{\"@id\":\"https:\\\/\\\/radiounodigital.com\\\/web\\\/2021\\\/07\\\/05\\\/tedeschi-trucks-band-y-un-cover-a-derek-and-the-dominos-de-tell-the-truth\\\/#breadcrumb\"},\"inLanguage\":\"es\",\"potentialAction\":[{\"@type\":\"ReadAction\",\"target\":[\"https:\\\/\\\/radiounodigital.com\\\/web\\\/2021\\\/07\\\/05\\\/tedeschi-trucks-band-y-un-cover-a-derek-and-the-dominos-de-tell-the-truth\\\/\"]}]},{\"@type\":\"ImageObject\",\"inLanguage\":\"es\",\"@id\":\"https:\\\/\\\/radiounodigital.com\\\/web\\\/2021\\\/07\\\/05\\\/tedeschi-trucks-band-y-un-cover-a-derek-and-the-dominos-de-tell-the-truth\\\/#primaryimage\",\"url\":\"https:\\\/\\\/radiounodigital.com\\\/web\\\/wp-content\\\/uploads\\\/2021\\\/07\\\/tedeschi-trucks-tell-the-truth-e1625484124373.jpg\",\"contentUrl\":\"https:\\\/\\\/radiounodigital.com\\\/web\\\/wp-content\\\/uploads\\\/2021\\\/07\\\/tedeschi-trucks-tell-the-truth-e1625484124373.jpg\",\"width\":650,\"height\":435},{\"@type\":\"BreadcrumbList\",\"@id\":\"https:\\\/\\\/radiounodigital.com\\\/web\\\/2021\\\/07\\\/05\\\/tedeschi-trucks-band-y-un-cover-a-derek-and-the-dominos-de-tell-the-truth\\\/#breadcrumb\",\"itemListElement\":[{\"@type\":\"ListItem\",\"position\":1,\"name\":\"Home\",\"item\":\"https:\\\/\\\/radiounodigital.com\\\/web\\\/\"},{\"@type\":\"ListItem\",\"position\":2,\"name\":\"Tedeschi Trucks Band y un cover a Derek and the Dominos de Tell the Truth\"}]},{\"@type\":\"WebSite\",\"@id\":\"https:\\\/\\\/radiounodigital.com\\\/web\\\/#website\",\"url\":\"https:\\\/\\\/radiounodigital.com\\\/web\\\/\",\"name\":\"Radio UNO Digital\",\"description\":\"Donde la cultura del rock se siente\",\"potentialAction\":[{\"@type\":\"SearchAction\",\"target\":{\"@type\":\"EntryPoint\",\"urlTemplate\":\"https:\\\/\\\/radiounodigital.com\\\/web\\\/?s={search_term_string}\"},\"query-input\":{\"@type\":\"PropertyValueSpecification\",\"valueRequired\":true,\"valueName\":\"search_term_string\"}}],\"inLanguage\":\"es\"},{\"@type\":\"Person\",\"@id\":\"https:\\\/\\\/radiounodigital.com\\\/web\\\/#\\\/schema\\\/person\\\/00b93151fa54f619ecf9c183d1fc9758\",\"name\":\"diegoc\",\"image\":{\"@type\":\"ImageObject\",\"inLanguage\":\"es\",\"@id\":\"https:\\\/\\\/secure.gravatar.com\\\/avatar\\\/0a67041d44c702fb0660d81a5a32c7ce6007341cf92afeb718b75883bf415864?s=96&d=blank&r=g\",\"url\":\"https:\\\/\\\/secure.gravatar.com\\\/avatar\\\/0a67041d44c702fb0660d81a5a32c7ce6007341cf92afeb718b75883bf415864?s=96&d=blank&r=g\",\"contentUrl\":\"https:\\\/\\\/secure.gravatar.com\\\/avatar\\\/0a67041d44c702fb0660d81a5a32c7ce6007341cf92afeb718b75883bf415864?s=96&d=blank&r=g\",\"caption\":\"diegoc\"},\"url\":\"https:\\\/\\\/radiounodigital.com\\\/web\\\/author\\\/diegoc\\\/\"}]}<\/script>\n<!-- \/ Yoast SEO plugin. -->","yoast_head_json":{"title":"Tedeschi Trucks Band y un cover a Derek and the Dominos de Tell the Truth - Radio UNO Digital","robots":{"index":"index","follow":"follow","max-snippet":"max-snippet:-1","max-image-preview":"max-image-preview:large","max-video-preview":"max-video-preview:-1"},"canonical":"https:\/\/radiounodigital.com\/web\/2021\/07\/05\/tedeschi-trucks-band-y-un-cover-a-derek-and-the-dominos-de-tell-the-truth\/","og_locale":"es_ES","og_type":"article","og_title":"Tedeschi Trucks Band y un cover a Derek and the Dominos de Tell the Truth - Radio UNO Digital","og_description":"Trey Anastasio de Phish se une a Tedeschi Trucks Band para una poderosa versi\u00f3n de Derek and the Dominos &#8216;Tell the Truth del pr\u00f3ximo \u00e1lbum Layla Revisited. Tedeschi Trucks Band ha lanzado otro video del pr\u00f3ximo Layla Revisited (Live at Lockn \u2019), la portada completa de su \u00e1lbum del cl\u00e1sico Layla And Other Assorted Love... Read More","og_url":"https:\/\/radiounodigital.com\/web\/2021\/07\/05\/tedeschi-trucks-band-y-un-cover-a-derek-and-the-dominos-de-tell-the-truth\/","og_site_name":"Radio UNO Digital","article_published_time":"2021-07-05T11:22:17+00:00","og_image":[{"width":650,"height":435,"url":"https:\/\/radiounodigital.com\/web\/wp-content\/uploads\/2021\/07\/tedeschi-trucks-tell-the-truth-e1625484124373.jpg","type":"image\/jpeg"}],"author":"diegoc","twitter_card":"summary_large_image","twitter_misc":{"Escrito por":"diegoc","Tiempo de lectura":"2 minutos"},"schema":{"@context":"https:\/\/schema.org","@graph":[{"@type":"Article","@id":"https:\/\/radiounodigital.com\/web\/2021\/07\/05\/tedeschi-trucks-band-y-un-cover-a-derek-and-the-dominos-de-tell-the-truth\/#article","isPartOf":{"@id":"https:\/\/radiounodigital.com\/web\/2021\/07\/05\/tedeschi-trucks-band-y-un-cover-a-derek-and-the-dominos-de-tell-the-truth\/"},"author":{"name":"diegoc","@id":"https:\/\/radiounodigital.com\/web\/#\/schema\/person\/00b93151fa54f619ecf9c183d1fc9758"},"headline":"Tedeschi Trucks Band y un cover a Derek and the Dominos de Tell the Truth","datePublished":"2021-07-05T11:22:17+00:00","mainEntityOfPage":{"@id":"https:\/\/radiounodigital.com\/web\/2021\/07\/05\/tedeschi-trucks-band-y-un-cover-a-derek-and-the-dominos-de-tell-the-truth\/"},"wordCount":318,"image":{"@id":"https:\/\/radiounodigital.com\/web\/2021\/07\/05\/tedeschi-trucks-band-y-un-cover-a-derek-and-the-dominos-de-tell-the-truth\/#primaryimage"},"thumbnailUrl":"https:\/\/radiounodigital.com\/web\/wp-content\/uploads\/2021\/07\/tedeschi-trucks-tell-the-truth-e1625484124373.jpg","keywords":["cover","derek and the dominoes","layla revisited","TEDESCHI TRUCKS BAND","tell the truth"],"articleSection":["1001 Canciones","Blues","Covers","news","videos"],"inLanguage":"es"},{"@type":"WebPage","@id":"https:\/\/radiounodigital.com\/web\/2021\/07\/05\/tedeschi-trucks-band-y-un-cover-a-derek-and-the-dominos-de-tell-the-truth\/","url":"https:\/\/radiounodigital.com\/web\/2021\/07\/05\/tedeschi-trucks-band-y-un-cover-a-derek-and-the-dominos-de-tell-the-truth\/","name":"Tedeschi Trucks Band y un cover a Derek and the Dominos de Tell the Truth - Radio UNO Digital","isPartOf":{"@id":"https:\/\/radiounodigital.com\/web\/#website"},"primaryImageOfPage":{"@id":"https:\/\/radiounodigital.com\/web\/2021\/07\/05\/tedeschi-trucks-band-y-un-cover-a-derek-and-the-dominos-de-tell-the-truth\/#primaryimage"},"image":{"@id":"https:\/\/radiounodigital.com\/web\/2021\/07\/05\/tedeschi-trucks-band-y-un-cover-a-derek-and-the-dominos-de-tell-the-truth\/#primaryimage"},"thumbnailUrl":"https:\/\/radiounodigital.com\/web\/wp-content\/uploads\/2021\/07\/tedeschi-trucks-tell-the-truth-e1625484124373.jpg","datePublished":"2021-07-05T11:22:17+00:00","author":{"@id":"https:\/\/radiounodigital.com\/web\/#\/schema\/person\/00b93151fa54f619ecf9c183d1fc9758"},"breadcrumb":{"@id":"https:\/\/radiounodigital.com\/web\/2021\/07\/05\/tedeschi-trucks-band-y-un-cover-a-derek-and-the-dominos-de-tell-the-truth\/#breadcrumb"},"inLanguage":"es","potentialAction":[{"@type":"ReadAction","target":["https:\/\/radiounodigital.com\/web\/2021\/07\/05\/tedeschi-trucks-band-y-un-cover-a-derek-and-the-dominos-de-tell-the-truth\/"]}]},{"@type":"ImageObject","inLanguage":"es","@id":"https:\/\/radiounodigital.com\/web\/2021\/07\/05\/tedeschi-trucks-band-y-un-cover-a-derek-and-the-dominos-de-tell-the-truth\/#primaryimage","url":"https:\/\/radiounodigital.com\/web\/wp-content\/uploads\/2021\/07\/tedeschi-trucks-tell-the-truth-e1625484124373.jpg","contentUrl":"https:\/\/radiounodigital.com\/web\/wp-content\/uploads\/2021\/07\/tedeschi-trucks-tell-the-truth-e1625484124373.jpg","width":650,"height":435},{"@type":"BreadcrumbList","@id":"https:\/\/radiounodigital.com\/web\/2021\/07\/05\/tedeschi-trucks-band-y-un-cover-a-derek-and-the-dominos-de-tell-the-truth\/#breadcrumb","itemListElement":[{"@type":"ListItem","position":1,"name":"Home","item":"https:\/\/radiounodigital.com\/web\/"},{"@type":"ListItem","position":2,"name":"Tedeschi Trucks Band y un cover a Derek and the Dominos de Tell the Truth"}]},{"@type":"WebSite","@id":"https:\/\/radiounodigital.com\/web\/#website","url":"https:\/\/radiounodigital.com\/web\/","name":"Radio UNO Digital","description":"Donde la cultura del rock se siente","potentialAction":[{"@type":"SearchAction","target":{"@type":"EntryPoint","urlTemplate":"https:\/\/radiounodigital.com\/web\/?s={search_term_string}"},"query-input":{"@type":"PropertyValueSpecification","valueRequired":true,"valueName":"search_term_string"}}],"inLanguage":"es"},{"@type":"Person","@id":"https:\/\/radiounodigital.com\/web\/#\/schema\/person\/00b93151fa54f619ecf9c183d1fc9758","name":"diegoc","image":{"@type":"ImageObject","inLanguage":"es","@id":"https:\/\/secure.gravatar.com\/avatar\/0a67041d44c702fb0660d81a5a32c7ce6007341cf92afeb718b75883bf415864?s=96&d=blank&r=g","url":"https:\/\/secure.gravatar.com\/avatar\/0a67041d44c702fb0660d81a5a32c7ce6007341cf92afeb718b75883bf415864?s=96&d=blank&r=g","contentUrl":"https:\/\/secure.gravatar.com\/avatar\/0a67041d44c702fb0660d81a5a32c7ce6007341cf92afeb718b75883bf415864?s=96&d=blank&r=g","caption":"diegoc"},"url":"https:\/\/radiounodigital.com\/web\/author\/diegoc\/"}]}},"_links":{"self":[{"href":"https:\/\/radiounodigital.com\/web\/wp-json\/wp\/v2\/posts\/6091","targetHints":{"allow":["GET"]}}],"collection":[{"href":"https:\/\/radiounodigital.com\/web\/wp-json\/wp\/v2\/posts"}],"about":[{"href":"https:\/\/radiounodigital.com\/web\/wp-json\/wp\/v2\/types\/post"}],"author":[{"embeddable":true,"href":"https:\/\/radiounodigital.com\/web\/wp-json\/wp\/v2\/users\/1"}],"replies":[{"embeddable":true,"href":"https:\/\/radiounodigital.com\/web\/wp-json\/wp\/v2\/comments?post=6091"}],"version-history":[{"count":1,"href":"https:\/\/radiounodigital.com\/web\/wp-json\/wp\/v2\/posts\/6091\/revisions"}],"predecessor-version":[{"id":6093,"href":"https:\/\/radiounodigital.com\/web\/wp-json\/wp\/v2\/posts\/6091\/revisions\/6093"}],"wp:featuredmedia":[{"embeddable":true,"href":"https:\/\/radiounodigital.com\/web\/wp-json\/wp\/v2\/media\/6092"}],"wp:attachment":[{"href":"https:\/\/radiounodigital.com\/web\/wp-json\/wp\/v2\/media?parent=6091"}],"wp:term":[{"taxonomy":"category","embeddable":true,"href":"https:\/\/radiounodigital.com\/web\/wp-json\/wp\/v2\/categories?post=6091"},{"taxonomy":"post_tag","embeddable":true,"href":"https:\/\/radiounodigital.com\/web\/wp-json\/wp\/v2\/tags?post=6091"}],"curies":[{"name":"wp","href":"https:\/\/api.w.org\/{rel}","templated":true}]}}