{"id":6121,"date":"2021-07-16T10:37:25","date_gmt":"2021-07-16T13:37:25","guid":{"rendered":"https:\/\/radiounodigital.com\/web\/?p=6121"},"modified":"2021-07-17T10:49:17","modified_gmt":"2021-07-17T13:49:17","slug":"johnny-winter-quien-dijo-que-el-blues-pertenece-a-los-negros","status":"publish","type":"post","link":"https:\/\/radiounodigital.com\/web\/2021\/07\/16\/johnny-winter-quien-dijo-que-el-blues-pertenece-a-los-negros\/","title":{"rendered":"Johnny Winter, \u00bfQuien dijo que el blues pertenece a los negros?"},"content":{"rendered":"<h3>Un d\u00eda como hoy en 2014 mor\u00eda a los 70 a\u00f1os este incre\u00edble guitarrista albino, un grande respetado por la comunidad entera del blues.<\/h3>\n<p>Si hay alguien que pudo demostrar que el blues no es un sentimiento exclusivo de la comunidad afro americana, ese fue Johnny Winter. Lo mismo se decia de Janis Joplin, quien fue apodada la Diosa blanca del blues.<\/p>\n<p>A nosotros nos encanta Johnny Winter con su particular estilo de tocar y esa voz tan blusera como el mejor de los artistas de piel morena.<\/p>\n<p>Podr\u00eda decirse que te extra\u00f1amos mucho desde tu partida, si, eso sin lugar a dudas porque quienes no pudimos verte en vivo ya no tenemos esa chance, pero si con la m\u00fasica que nos has dejado.<\/p>\n<p>Gracias Johnny !!<\/p>\n<p>&nbsp;<\/p>\n<p><iframe loading=\"lazy\" title=\"Johnny Winter - SUZIE Q (Live at Rockpalast)\" width=\"960\" height=\"540\" src=\"https:\/\/www.youtube.com\/embed\/QII1YfFVhNU?feature=oembed\" frameborder=\"0\" allow=\"accelerometer; autoplay; clipboard-write; encrypted-media; gyroscope; picture-in-picture\" allowfullscreen><\/iframe><\/p>\n<p>&nbsp;<\/p>\n<p><iframe loading=\"lazy\" title=\"Johnny Winter - Highway 61 Revisited Live 2007 @ Crossroads Festival\" width=\"960\" height=\"720\" src=\"https:\/\/www.youtube.com\/embed\/qNW0pioGSFU?feature=oembed\" frameborder=\"0\" allow=\"accelerometer; autoplay; clipboard-write; encrypted-media; gyroscope; picture-in-picture\" allowfullscreen><\/iframe><\/p>\n<div class=\"fb-background-color\">\n\t\t\t  <div \n\t\t\t  \tclass = \"fb-comments\" \n\t\t\t  \tdata-href = \"https:\/\/radiounodigital.com\/web\/2021\/07\/16\/johnny-winter-quien-dijo-que-el-blues-pertenece-a-los-negros\/\"\n\t\t\t  \tdata-numposts = \"10\"\n\t\t\t  \tdata-lazy = \"true\"\n\t\t\t\tdata-colorscheme = \"dark\"\n\t\t\t\tdata-order-by = \"reverse_time\"\n\t\t\t\tdata-mobile=true>\n\t\t\t  <\/div><\/div>\n\t\t  <style>\n\t\t    .fb-background-color {\n\t\t\t\tbackground: #ffffff !important;\n\t\t\t}\n\t\t\t.fb_iframe_widget_fluid_desktop iframe {\n\t\t\t    width: 100% !important;\n\t\t\t}\n\t\t  <\/style>\n\t\t  ","protected":false},"excerpt":{"rendered":"<p>Un d\u00eda como hoy en 2014 mor\u00eda a los 70 a\u00f1os este incre\u00edble guitarrista albino, un grande respetado por la comunidad entera del blues. Si hay alguien que pudo demostrar que el blues no es un sentimiento exclusivo de la comunidad afro americana, ese fue Johnny Winter. Lo mismo se decia de Janis Joplin, quien&#8230; <a href=\"https:\/\/radiounodigital.com\/web\/2021\/07\/16\/johnny-winter-quien-dijo-que-el-blues-pertenece-a-los-negros\/\" class=\"excerpt-read-more\">Read More<\/a><\/p>\n","protected":false},"author":1,"featured_media":4188,"comment_status":"closed","ping_status":"open","sticky":false,"template":"","format":"standard","meta":{"footnotes":""},"categories":[126,180,1359],"tags":[1109,301,79,1102,84],"class_list":["post-6121","post","type-post","status-publish","format-standard","has-post-thumbnail","hentry","category-blues","category-news","category-videos","tag-albino","tag-aniversario","tag-blues","tag-johnny-winter","tag-muerte"],"yoast_head":"<!-- This site is optimized with the Yoast SEO plugin v27.5 - https:\/\/yoast.com\/product\/yoast-seo-wordpress\/ -->\n<title>Johnny Winter, \u00bfQuien dijo que el blues pertenece a los negros? - Radio UNO Digital<\/title>\n<meta name=\"robots\" content=\"index, follow, max-snippet:-1, max-image-preview:large, max-video-preview:-1\" \/>\n<link rel=\"canonical\" href=\"https:\/\/radiounodigital.com\/web\/2021\/07\/16\/johnny-winter-quien-dijo-que-el-blues-pertenece-a-los-negros\/\" \/>\n<meta property=\"og:locale\" content=\"es_ES\" \/>\n<meta property=\"og:type\" content=\"article\" \/>\n<meta property=\"og:title\" content=\"Johnny Winter, \u00bfQuien dijo que el blues pertenece a los negros? - Radio UNO Digital\" \/>\n<meta property=\"og:description\" content=\"Un d\u00eda como hoy en 2014 mor\u00eda a los 70 a\u00f1os este incre\u00edble guitarrista albino, un grande respetado por la comunidad entera del blues. Si hay alguien que pudo demostrar que el blues no es un sentimiento exclusivo de la comunidad afro americana, ese fue Johnny Winter. Lo mismo se decia de Janis Joplin, quien... Read More\" \/>\n<meta property=\"og:url\" content=\"https:\/\/radiounodigital.com\/web\/2021\/07\/16\/johnny-winter-quien-dijo-que-el-blues-pertenece-a-los-negros\/\" \/>\n<meta property=\"og:site_name\" content=\"Radio UNO Digital\" \/>\n<meta property=\"article:published_time\" content=\"2021-07-16T13:37:25+00:00\" \/>\n<meta property=\"article:modified_time\" content=\"2021-07-17T13:49:17+00:00\" \/>\n<meta property=\"og:image\" content=\"https:\/\/radiounodigital.com\/web\/wp-content\/uploads\/2020\/07\/johnny-winter-wwodstock.jpg\" \/>\n\t<meta property=\"og:image:width\" content=\"792\" \/>\n\t<meta property=\"og:image:height\" content=\"583\" \/>\n\t<meta property=\"og:image:type\" content=\"image\/jpeg\" \/>\n<meta name=\"author\" content=\"diegoc\" \/>\n<meta name=\"twitter:card\" content=\"summary_large_image\" \/>\n<meta name=\"twitter:label1\" content=\"Escrito por\" \/>\n\t<meta name=\"twitter:data1\" content=\"diegoc\" \/>\n\t<meta name=\"twitter:label2\" content=\"Tiempo de lectura\" \/>\n\t<meta name=\"twitter:data2\" content=\"1 minuto\" \/>\n<script type=\"application\/ld+json\" class=\"yoast-schema-graph\">{\"@context\":\"https:\\\/\\\/schema.org\",\"@graph\":[{\"@type\":\"Article\",\"@id\":\"https:\\\/\\\/radiounodigital.com\\\/web\\\/2021\\\/07\\\/16\\\/johnny-winter-quien-dijo-que-el-blues-pertenece-a-los-negros\\\/#article\",\"isPartOf\":{\"@id\":\"https:\\\/\\\/radiounodigital.com\\\/web\\\/2021\\\/07\\\/16\\\/johnny-winter-quien-dijo-que-el-blues-pertenece-a-los-negros\\\/\"},\"author\":{\"name\":\"diegoc\",\"@id\":\"https:\\\/\\\/radiounodigital.com\\\/web\\\/#\\\/schema\\\/person\\\/00b93151fa54f619ecf9c183d1fc9758\"},\"headline\":\"Johnny Winter, \u00bfQuien dijo que el blues pertenece a los negros?\",\"datePublished\":\"2021-07-16T13:37:25+00:00\",\"dateModified\":\"2021-07-17T13:49:17+00:00\",\"mainEntityOfPage\":{\"@id\":\"https:\\\/\\\/radiounodigital.com\\\/web\\\/2021\\\/07\\\/16\\\/johnny-winter-quien-dijo-que-el-blues-pertenece-a-los-negros\\\/\"},\"wordCount\":160,\"image\":{\"@id\":\"https:\\\/\\\/radiounodigital.com\\\/web\\\/2021\\\/07\\\/16\\\/johnny-winter-quien-dijo-que-el-blues-pertenece-a-los-negros\\\/#primaryimage\"},\"thumbnailUrl\":\"https:\\\/\\\/radiounodigital.com\\\/web\\\/wp-content\\\/uploads\\\/2020\\\/07\\\/johnny-winter-wwodstock.jpg\",\"keywords\":[\"albino\",\"aniversario\",\"blues\",\"johnny winter\",\"muerte\"],\"articleSection\":[\"Blues\",\"news\",\"videos\"],\"inLanguage\":\"es\"},{\"@type\":\"WebPage\",\"@id\":\"https:\\\/\\\/radiounodigital.com\\\/web\\\/2021\\\/07\\\/16\\\/johnny-winter-quien-dijo-que-el-blues-pertenece-a-los-negros\\\/\",\"url\":\"https:\\\/\\\/radiounodigital.com\\\/web\\\/2021\\\/07\\\/16\\\/johnny-winter-quien-dijo-que-el-blues-pertenece-a-los-negros\\\/\",\"name\":\"Johnny Winter, \u00bfQuien dijo que el blues pertenece a los negros? - Radio UNO Digital\",\"isPartOf\":{\"@id\":\"https:\\\/\\\/radiounodigital.com\\\/web\\\/#website\"},\"primaryImageOfPage\":{\"@id\":\"https:\\\/\\\/radiounodigital.com\\\/web\\\/2021\\\/07\\\/16\\\/johnny-winter-quien-dijo-que-el-blues-pertenece-a-los-negros\\\/#primaryimage\"},\"image\":{\"@id\":\"https:\\\/\\\/radiounodigital.com\\\/web\\\/2021\\\/07\\\/16\\\/johnny-winter-quien-dijo-que-el-blues-pertenece-a-los-negros\\\/#primaryimage\"},\"thumbnailUrl\":\"https:\\\/\\\/radiounodigital.com\\\/web\\\/wp-content\\\/uploads\\\/2020\\\/07\\\/johnny-winter-wwodstock.jpg\",\"datePublished\":\"2021-07-16T13:37:25+00:00\",\"dateModified\":\"2021-07-17T13:49:17+00:00\",\"author\":{\"@id\":\"https:\\\/\\\/radiounodigital.com\\\/web\\\/#\\\/schema\\\/person\\\/00b93151fa54f619ecf9c183d1fc9758\"},\"breadcrumb\":{\"@id\":\"https:\\\/\\\/radiounodigital.com\\\/web\\\/2021\\\/07\\\/16\\\/johnny-winter-quien-dijo-que-el-blues-pertenece-a-los-negros\\\/#breadcrumb\"},\"inLanguage\":\"es\",\"potentialAction\":[{\"@type\":\"ReadAction\",\"target\":[\"https:\\\/\\\/radiounodigital.com\\\/web\\\/2021\\\/07\\\/16\\\/johnny-winter-quien-dijo-que-el-blues-pertenece-a-los-negros\\\/\"]}]},{\"@type\":\"ImageObject\",\"inLanguage\":\"es\",\"@id\":\"https:\\\/\\\/radiounodigital.com\\\/web\\\/2021\\\/07\\\/16\\\/johnny-winter-quien-dijo-que-el-blues-pertenece-a-los-negros\\\/#primaryimage\",\"url\":\"https:\\\/\\\/radiounodigital.com\\\/web\\\/wp-content\\\/uploads\\\/2020\\\/07\\\/johnny-winter-wwodstock.jpg\",\"contentUrl\":\"https:\\\/\\\/radiounodigital.com\\\/web\\\/wp-content\\\/uploads\\\/2020\\\/07\\\/johnny-winter-wwodstock.jpg\",\"width\":792,\"height\":583},{\"@type\":\"BreadcrumbList\",\"@id\":\"https:\\\/\\\/radiounodigital.com\\\/web\\\/2021\\\/07\\\/16\\\/johnny-winter-quien-dijo-que-el-blues-pertenece-a-los-negros\\\/#breadcrumb\",\"itemListElement\":[{\"@type\":\"ListItem\",\"position\":1,\"name\":\"Home\",\"item\":\"https:\\\/\\\/radiounodigital.com\\\/web\\\/\"},{\"@type\":\"ListItem\",\"position\":2,\"name\":\"Johnny Winter, \u00bfQuien dijo que el blues pertenece a los negros?\"}]},{\"@type\":\"WebSite\",\"@id\":\"https:\\\/\\\/radiounodigital.com\\\/web\\\/#website\",\"url\":\"https:\\\/\\\/radiounodigital.com\\\/web\\\/\",\"name\":\"Radio UNO Digital\",\"description\":\"Donde la cultura del rock se siente\",\"potentialAction\":[{\"@type\":\"SearchAction\",\"target\":{\"@type\":\"EntryPoint\",\"urlTemplate\":\"https:\\\/\\\/radiounodigital.com\\\/web\\\/?s={search_term_string}\"},\"query-input\":{\"@type\":\"PropertyValueSpecification\",\"valueRequired\":true,\"valueName\":\"search_term_string\"}}],\"inLanguage\":\"es\"},{\"@type\":\"Person\",\"@id\":\"https:\\\/\\\/radiounodigital.com\\\/web\\\/#\\\/schema\\\/person\\\/00b93151fa54f619ecf9c183d1fc9758\",\"name\":\"diegoc\",\"image\":{\"@type\":\"ImageObject\",\"inLanguage\":\"es\",\"@id\":\"https:\\\/\\\/secure.gravatar.com\\\/avatar\\\/0a67041d44c702fb0660d81a5a32c7ce6007341cf92afeb718b75883bf415864?s=96&d=blank&r=g\",\"url\":\"https:\\\/\\\/secure.gravatar.com\\\/avatar\\\/0a67041d44c702fb0660d81a5a32c7ce6007341cf92afeb718b75883bf415864?s=96&d=blank&r=g\",\"contentUrl\":\"https:\\\/\\\/secure.gravatar.com\\\/avatar\\\/0a67041d44c702fb0660d81a5a32c7ce6007341cf92afeb718b75883bf415864?s=96&d=blank&r=g\",\"caption\":\"diegoc\"},\"url\":\"https:\\\/\\\/radiounodigital.com\\\/web\\\/author\\\/diegoc\\\/\"}]}<\/script>\n<!-- \/ Yoast SEO plugin. -->","yoast_head_json":{"title":"Johnny Winter, \u00bfQuien dijo que el blues pertenece a los negros? - Radio UNO Digital","robots":{"index":"index","follow":"follow","max-snippet":"max-snippet:-1","max-image-preview":"max-image-preview:large","max-video-preview":"max-video-preview:-1"},"canonical":"https:\/\/radiounodigital.com\/web\/2021\/07\/16\/johnny-winter-quien-dijo-que-el-blues-pertenece-a-los-negros\/","og_locale":"es_ES","og_type":"article","og_title":"Johnny Winter, \u00bfQuien dijo que el blues pertenece a los negros? - Radio UNO Digital","og_description":"Un d\u00eda como hoy en 2014 mor\u00eda a los 70 a\u00f1os este incre\u00edble guitarrista albino, un grande respetado por la comunidad entera del blues. Si hay alguien que pudo demostrar que el blues no es un sentimiento exclusivo de la comunidad afro americana, ese fue Johnny Winter. Lo mismo se decia de Janis Joplin, quien... Read More","og_url":"https:\/\/radiounodigital.com\/web\/2021\/07\/16\/johnny-winter-quien-dijo-que-el-blues-pertenece-a-los-negros\/","og_site_name":"Radio UNO Digital","article_published_time":"2021-07-16T13:37:25+00:00","article_modified_time":"2021-07-17T13:49:17+00:00","og_image":[{"width":792,"height":583,"url":"https:\/\/radiounodigital.com\/web\/wp-content\/uploads\/2020\/07\/johnny-winter-wwodstock.jpg","type":"image\/jpeg"}],"author":"diegoc","twitter_card":"summary_large_image","twitter_misc":{"Escrito por":"diegoc","Tiempo de lectura":"1 minuto"},"schema":{"@context":"https:\/\/schema.org","@graph":[{"@type":"Article","@id":"https:\/\/radiounodigital.com\/web\/2021\/07\/16\/johnny-winter-quien-dijo-que-el-blues-pertenece-a-los-negros\/#article","isPartOf":{"@id":"https:\/\/radiounodigital.com\/web\/2021\/07\/16\/johnny-winter-quien-dijo-que-el-blues-pertenece-a-los-negros\/"},"author":{"name":"diegoc","@id":"https:\/\/radiounodigital.com\/web\/#\/schema\/person\/00b93151fa54f619ecf9c183d1fc9758"},"headline":"Johnny Winter, \u00bfQuien dijo que el blues pertenece a los negros?","datePublished":"2021-07-16T13:37:25+00:00","dateModified":"2021-07-17T13:49:17+00:00","mainEntityOfPage":{"@id":"https:\/\/radiounodigital.com\/web\/2021\/07\/16\/johnny-winter-quien-dijo-que-el-blues-pertenece-a-los-negros\/"},"wordCount":160,"image":{"@id":"https:\/\/radiounodigital.com\/web\/2021\/07\/16\/johnny-winter-quien-dijo-que-el-blues-pertenece-a-los-negros\/#primaryimage"},"thumbnailUrl":"https:\/\/radiounodigital.com\/web\/wp-content\/uploads\/2020\/07\/johnny-winter-wwodstock.jpg","keywords":["albino","aniversario","blues","johnny winter","muerte"],"articleSection":["Blues","news","videos"],"inLanguage":"es"},{"@type":"WebPage","@id":"https:\/\/radiounodigital.com\/web\/2021\/07\/16\/johnny-winter-quien-dijo-que-el-blues-pertenece-a-los-negros\/","url":"https:\/\/radiounodigital.com\/web\/2021\/07\/16\/johnny-winter-quien-dijo-que-el-blues-pertenece-a-los-negros\/","name":"Johnny Winter, \u00bfQuien dijo que el blues pertenece a los negros? - Radio UNO Digital","isPartOf":{"@id":"https:\/\/radiounodigital.com\/web\/#website"},"primaryImageOfPage":{"@id":"https:\/\/radiounodigital.com\/web\/2021\/07\/16\/johnny-winter-quien-dijo-que-el-blues-pertenece-a-los-negros\/#primaryimage"},"image":{"@id":"https:\/\/radiounodigital.com\/web\/2021\/07\/16\/johnny-winter-quien-dijo-que-el-blues-pertenece-a-los-negros\/#primaryimage"},"thumbnailUrl":"https:\/\/radiounodigital.com\/web\/wp-content\/uploads\/2020\/07\/johnny-winter-wwodstock.jpg","datePublished":"2021-07-16T13:37:25+00:00","dateModified":"2021-07-17T13:49:17+00:00","author":{"@id":"https:\/\/radiounodigital.com\/web\/#\/schema\/person\/00b93151fa54f619ecf9c183d1fc9758"},"breadcrumb":{"@id":"https:\/\/radiounodigital.com\/web\/2021\/07\/16\/johnny-winter-quien-dijo-que-el-blues-pertenece-a-los-negros\/#breadcrumb"},"inLanguage":"es","potentialAction":[{"@type":"ReadAction","target":["https:\/\/radiounodigital.com\/web\/2021\/07\/16\/johnny-winter-quien-dijo-que-el-blues-pertenece-a-los-negros\/"]}]},{"@type":"ImageObject","inLanguage":"es","@id":"https:\/\/radiounodigital.com\/web\/2021\/07\/16\/johnny-winter-quien-dijo-que-el-blues-pertenece-a-los-negros\/#primaryimage","url":"https:\/\/radiounodigital.com\/web\/wp-content\/uploads\/2020\/07\/johnny-winter-wwodstock.jpg","contentUrl":"https:\/\/radiounodigital.com\/web\/wp-content\/uploads\/2020\/07\/johnny-winter-wwodstock.jpg","width":792,"height":583},{"@type":"BreadcrumbList","@id":"https:\/\/radiounodigital.com\/web\/2021\/07\/16\/johnny-winter-quien-dijo-que-el-blues-pertenece-a-los-negros\/#breadcrumb","itemListElement":[{"@type":"ListItem","position":1,"name":"Home","item":"https:\/\/radiounodigital.com\/web\/"},{"@type":"ListItem","position":2,"name":"Johnny Winter, \u00bfQuien dijo que el blues pertenece a los negros?"}]},{"@type":"WebSite","@id":"https:\/\/radiounodigital.com\/web\/#website","url":"https:\/\/radiounodigital.com\/web\/","name":"Radio UNO Digital","description":"Donde la cultura del rock se siente","potentialAction":[{"@type":"SearchAction","target":{"@type":"EntryPoint","urlTemplate":"https:\/\/radiounodigital.com\/web\/?s={search_term_string}"},"query-input":{"@type":"PropertyValueSpecification","valueRequired":true,"valueName":"search_term_string"}}],"inLanguage":"es"},{"@type":"Person","@id":"https:\/\/radiounodigital.com\/web\/#\/schema\/person\/00b93151fa54f619ecf9c183d1fc9758","name":"diegoc","image":{"@type":"ImageObject","inLanguage":"es","@id":"https:\/\/secure.gravatar.com\/avatar\/0a67041d44c702fb0660d81a5a32c7ce6007341cf92afeb718b75883bf415864?s=96&d=blank&r=g","url":"https:\/\/secure.gravatar.com\/avatar\/0a67041d44c702fb0660d81a5a32c7ce6007341cf92afeb718b75883bf415864?s=96&d=blank&r=g","contentUrl":"https:\/\/secure.gravatar.com\/avatar\/0a67041d44c702fb0660d81a5a32c7ce6007341cf92afeb718b75883bf415864?s=96&d=blank&r=g","caption":"diegoc"},"url":"https:\/\/radiounodigital.com\/web\/author\/diegoc\/"}]}},"_links":{"self":[{"href":"https:\/\/radiounodigital.com\/web\/wp-json\/wp\/v2\/posts\/6121","targetHints":{"allow":["GET"]}}],"collection":[{"href":"https:\/\/radiounodigital.com\/web\/wp-json\/wp\/v2\/posts"}],"about":[{"href":"https:\/\/radiounodigital.com\/web\/wp-json\/wp\/v2\/types\/post"}],"author":[{"embeddable":true,"href":"https:\/\/radiounodigital.com\/web\/wp-json\/wp\/v2\/users\/1"}],"replies":[{"embeddable":true,"href":"https:\/\/radiounodigital.com\/web\/wp-json\/wp\/v2\/comments?post=6121"}],"version-history":[{"count":1,"href":"https:\/\/radiounodigital.com\/web\/wp-json\/wp\/v2\/posts\/6121\/revisions"}],"predecessor-version":[{"id":6122,"href":"https:\/\/radiounodigital.com\/web\/wp-json\/wp\/v2\/posts\/6121\/revisions\/6122"}],"wp:featuredmedia":[{"embeddable":true,"href":"https:\/\/radiounodigital.com\/web\/wp-json\/wp\/v2\/media\/4188"}],"wp:attachment":[{"href":"https:\/\/radiounodigital.com\/web\/wp-json\/wp\/v2\/media?parent=6121"}],"wp:term":[{"taxonomy":"category","embeddable":true,"href":"https:\/\/radiounodigital.com\/web\/wp-json\/wp\/v2\/categories?post=6121"},{"taxonomy":"post_tag","embeddable":true,"href":"https:\/\/radiounodigital.com\/web\/wp-json\/wp\/v2\/tags?post=6121"}],"curies":[{"name":"wp","href":"https:\/\/api.w.org\/{rel}","templated":true}]}}