{"id":6135,"date":"2021-07-20T00:54:52","date_gmt":"2021-07-20T03:54:52","guid":{"rendered":"https:\/\/radiounodigital.com\/web\/?p=6135"},"modified":"2021-07-19T22:13:57","modified_gmt":"2021-07-20T01:13:57","slug":"chris-cornell-la-potencia-vocal-del-rock","status":"publish","type":"post","link":"https:\/\/radiounodigital.com\/web\/2021\/07\/20\/chris-cornell-la-potencia-vocal-del-rock\/","title":{"rendered":"Chris Cornell, la potencia vocal del rock"},"content":{"rendered":"<h3>Chris Cornell nac\u00eda un d\u00eda como hoy en 1964, hace exactamente 57 a\u00f1os, pero lamentablemente ya no lo tenemos con nosotros.<\/h3>\n<p>Su prodigiosa voz, con un registro potente y estremecedor, nos dejo en octubre de 2017.<\/p>\n<p>Chris es uno de esos artistas que ocupa un lugar de privilegio en nuestro playlist de la radio, y no que hablar en los oidos de los amantes del rock. Lider\u00f3 como todos ustedes bien saben, a dos grandes bandas como lo fueron Soundgarden y Audioslave.<\/p>\n<p>No queremos darles m\u00e1s lata, porque nuestro objetivo es disfrutar de buena m\u00fasica. Si queres m\u00e1s informaci\u00f3n ya sabes donde podes conseguir<\/p>\n<p><iframe loading=\"lazy\" title=\"Soundgarden - Black Hole Sun (Live From The Artists Den)\" width=\"960\" height=\"540\" src=\"https:\/\/www.youtube.com\/embed\/O3APMu6zIiM?feature=oembed\" frameborder=\"0\" allow=\"accelerometer; autoplay; clipboard-write; encrypted-media; gyroscope; picture-in-picture\" allowfullscreen><\/iframe><\/p>\n<p><iframe loading=\"lazy\" title=\"Audioslave - Like a Stone (Official Video)\" width=\"960\" height=\"720\" src=\"https:\/\/www.youtube.com\/embed\/7QU1nvuxaMA?feature=oembed\" frameborder=\"0\" allow=\"accelerometer; autoplay; clipboard-write; encrypted-media; gyroscope; picture-in-picture\" allowfullscreen><\/iframe><\/p>\n<p><iframe loading=\"lazy\" title=\"Chris Cornell - Patience (Official Video)\" width=\"960\" height=\"540\" src=\"https:\/\/www.youtube.com\/embed\/myZ32Pf-5PE?feature=oembed\" frameborder=\"0\" allow=\"accelerometer; autoplay; clipboard-write; encrypted-media; gyroscope; picture-in-picture\" allowfullscreen><\/iframe><\/p>\n<p><iframe loading=\"lazy\" title=\"Billie Jean [Cover] by Chris Cornell - Unplugged in Sweden\" width=\"960\" height=\"720\" src=\"https:\/\/www.youtube.com\/embed\/z48RC_S8h3w?list=PL6D2D064DF7324F3A\" frameborder=\"0\" allow=\"accelerometer; autoplay; clipboard-write; encrypted-media; gyroscope; picture-in-picture\" allowfullscreen><\/iframe><\/p>\n<p><iframe loading=\"lazy\" title=\"Chris Cornell - You&#039;ve Got to Hide Your Love Away (Beatles)\" width=\"960\" height=\"720\" src=\"https:\/\/www.youtube.com\/embed\/kKAp9hXk-o0?list=PL6D2D064DF7324F3A\" frameborder=\"0\" allow=\"accelerometer; autoplay; clipboard-write; encrypted-media; gyroscope; picture-in-picture\" allowfullscreen><\/iframe><\/p>\n<p>&nbsp;<\/p>\n<div class=\"fb-background-color\">\n\t\t\t  <div \n\t\t\t  \tclass = \"fb-comments\" \n\t\t\t  \tdata-href = \"https:\/\/radiounodigital.com\/web\/2021\/07\/20\/chris-cornell-la-potencia-vocal-del-rock\/\"\n\t\t\t  \tdata-numposts = \"10\"\n\t\t\t  \tdata-lazy = \"true\"\n\t\t\t\tdata-colorscheme = \"dark\"\n\t\t\t\tdata-order-by = \"reverse_time\"\n\t\t\t\tdata-mobile=true>\n\t\t\t  <\/div><\/div>\n\t\t  <style>\n\t\t    .fb-background-color {\n\t\t\t\tbackground: #ffffff !important;\n\t\t\t}\n\t\t\t.fb_iframe_widget_fluid_desktop iframe {\n\t\t\t    width: 100% !important;\n\t\t\t}\n\t\t  <\/style>\n\t\t  ","protected":false},"excerpt":{"rendered":"<p>Chris Cornell nac\u00eda un d\u00eda como hoy en 1964, hace exactamente 57 a\u00f1os, pero lamentablemente ya no lo tenemos con nosotros. Su prodigiosa voz, con un registro potente y estremecedor, nos dejo en octubre de 2017. Chris es uno de esos artistas que ocupa un lugar de privilegio en nuestro playlist de la radio, y&#8230; <a href=\"https:\/\/radiounodigital.com\/web\/2021\/07\/20\/chris-cornell-la-potencia-vocal-del-rock\/\" class=\"excerpt-read-more\">Read More<\/a><\/p>\n","protected":false},"author":1,"featured_media":6136,"comment_status":"closed","ping_status":"open","sticky":false,"template":"","format":"standard","meta":{"footnotes":""},"categories":[1547,180,128,1359],"tags":[1916,1122,472,114],"class_list":["post-6135","post","type-post","status-publish","format-standard","has-post-thumbnail","hentry","category-cumpleanos","category-news","category-rock-clasico","category-videos","tag-audioslave","tag-chris-cornell","tag-cumpleanos","tag-soundgarden"],"yoast_head":"<!-- This site is optimized with the Yoast SEO plugin v27.4 - https:\/\/yoast.com\/product\/yoast-seo-wordpress\/ -->\n<title>Chris Cornell, la potencia vocal del rock - Radio UNO Digital<\/title>\n<meta name=\"robots\" content=\"index, follow, max-snippet:-1, max-image-preview:large, max-video-preview:-1\" \/>\n<link rel=\"canonical\" href=\"https:\/\/radiounodigital.com\/web\/2021\/07\/20\/chris-cornell-la-potencia-vocal-del-rock\/\" \/>\n<meta property=\"og:locale\" content=\"es_ES\" \/>\n<meta property=\"og:type\" content=\"article\" \/>\n<meta property=\"og:title\" content=\"Chris Cornell, la potencia vocal del rock - Radio UNO Digital\" \/>\n<meta property=\"og:description\" content=\"Chris Cornell nac\u00eda un d\u00eda como hoy en 1964, hace exactamente 57 a\u00f1os, pero lamentablemente ya no lo tenemos con nosotros. Su prodigiosa voz, con un registro potente y estremecedor, nos dejo en octubre de 2017. Chris es uno de esos artistas que ocupa un lugar de privilegio en nuestro playlist de la radio, y... Read More\" \/>\n<meta property=\"og:url\" content=\"https:\/\/radiounodigital.com\/web\/2021\/07\/20\/chris-cornell-la-potencia-vocal-del-rock\/\" \/>\n<meta property=\"og:site_name\" content=\"Radio UNO Digital\" \/>\n<meta property=\"article:published_time\" content=\"2021-07-20T03:54:52+00:00\" \/>\n<meta property=\"og:image\" content=\"https:\/\/radiounodigital.com\/web\/wp-content\/uploads\/2021\/07\/Chris-Cornell-e1626743271790.jpg\" \/>\n\t<meta property=\"og:image:width\" content=\"650\" \/>\n\t<meta property=\"og:image:height\" content=\"398\" \/>\n\t<meta property=\"og:image:type\" content=\"image\/jpeg\" \/>\n<meta name=\"author\" content=\"diegoc\" \/>\n<meta name=\"twitter:card\" content=\"summary_large_image\" \/>\n<meta name=\"twitter:label1\" content=\"Escrito por\" \/>\n\t<meta name=\"twitter:data1\" content=\"diegoc\" \/>\n\t<meta name=\"twitter:label2\" content=\"Tiempo de lectura\" \/>\n\t<meta name=\"twitter:data2\" content=\"1 minuto\" \/>\n<script type=\"application\/ld+json\" class=\"yoast-schema-graph\">{\"@context\":\"https:\\\/\\\/schema.org\",\"@graph\":[{\"@type\":\"Article\",\"@id\":\"https:\\\/\\\/radiounodigital.com\\\/web\\\/2021\\\/07\\\/20\\\/chris-cornell-la-potencia-vocal-del-rock\\\/#article\",\"isPartOf\":{\"@id\":\"https:\\\/\\\/radiounodigital.com\\\/web\\\/2021\\\/07\\\/20\\\/chris-cornell-la-potencia-vocal-del-rock\\\/\"},\"author\":{\"name\":\"diegoc\",\"@id\":\"https:\\\/\\\/radiounodigital.com\\\/web\\\/#\\\/schema\\\/person\\\/00b93151fa54f619ecf9c183d1fc9758\"},\"headline\":\"Chris Cornell, la potencia vocal del rock\",\"datePublished\":\"2021-07-20T03:54:52+00:00\",\"mainEntityOfPage\":{\"@id\":\"https:\\\/\\\/radiounodigital.com\\\/web\\\/2021\\\/07\\\/20\\\/chris-cornell-la-potencia-vocal-del-rock\\\/\"},\"wordCount\":187,\"image\":{\"@id\":\"https:\\\/\\\/radiounodigital.com\\\/web\\\/2021\\\/07\\\/20\\\/chris-cornell-la-potencia-vocal-del-rock\\\/#primaryimage\"},\"thumbnailUrl\":\"https:\\\/\\\/radiounodigital.com\\\/web\\\/wp-content\\\/uploads\\\/2021\\\/07\\\/Chris-Cornell-e1626743271790.jpg\",\"keywords\":[\"audioslave\",\"chris cornell\",\"cumplea\u00f1os\",\"Soundgarden\"],\"articleSection\":[\"cumplea\u00f1os\",\"news\",\"Rock Clasico\",\"videos\"],\"inLanguage\":\"es\"},{\"@type\":\"WebPage\",\"@id\":\"https:\\\/\\\/radiounodigital.com\\\/web\\\/2021\\\/07\\\/20\\\/chris-cornell-la-potencia-vocal-del-rock\\\/\",\"url\":\"https:\\\/\\\/radiounodigital.com\\\/web\\\/2021\\\/07\\\/20\\\/chris-cornell-la-potencia-vocal-del-rock\\\/\",\"name\":\"Chris Cornell, la potencia vocal del rock - Radio UNO Digital\",\"isPartOf\":{\"@id\":\"https:\\\/\\\/radiounodigital.com\\\/web\\\/#website\"},\"primaryImageOfPage\":{\"@id\":\"https:\\\/\\\/radiounodigital.com\\\/web\\\/2021\\\/07\\\/20\\\/chris-cornell-la-potencia-vocal-del-rock\\\/#primaryimage\"},\"image\":{\"@id\":\"https:\\\/\\\/radiounodigital.com\\\/web\\\/2021\\\/07\\\/20\\\/chris-cornell-la-potencia-vocal-del-rock\\\/#primaryimage\"},\"thumbnailUrl\":\"https:\\\/\\\/radiounodigital.com\\\/web\\\/wp-content\\\/uploads\\\/2021\\\/07\\\/Chris-Cornell-e1626743271790.jpg\",\"datePublished\":\"2021-07-20T03:54:52+00:00\",\"author\":{\"@id\":\"https:\\\/\\\/radiounodigital.com\\\/web\\\/#\\\/schema\\\/person\\\/00b93151fa54f619ecf9c183d1fc9758\"},\"breadcrumb\":{\"@id\":\"https:\\\/\\\/radiounodigital.com\\\/web\\\/2021\\\/07\\\/20\\\/chris-cornell-la-potencia-vocal-del-rock\\\/#breadcrumb\"},\"inLanguage\":\"es\",\"potentialAction\":[{\"@type\":\"ReadAction\",\"target\":[\"https:\\\/\\\/radiounodigital.com\\\/web\\\/2021\\\/07\\\/20\\\/chris-cornell-la-potencia-vocal-del-rock\\\/\"]}]},{\"@type\":\"ImageObject\",\"inLanguage\":\"es\",\"@id\":\"https:\\\/\\\/radiounodigital.com\\\/web\\\/2021\\\/07\\\/20\\\/chris-cornell-la-potencia-vocal-del-rock\\\/#primaryimage\",\"url\":\"https:\\\/\\\/radiounodigital.com\\\/web\\\/wp-content\\\/uploads\\\/2021\\\/07\\\/Chris-Cornell-e1626743271790.jpg\",\"contentUrl\":\"https:\\\/\\\/radiounodigital.com\\\/web\\\/wp-content\\\/uploads\\\/2021\\\/07\\\/Chris-Cornell-e1626743271790.jpg\",\"width\":650,\"height\":398},{\"@type\":\"BreadcrumbList\",\"@id\":\"https:\\\/\\\/radiounodigital.com\\\/web\\\/2021\\\/07\\\/20\\\/chris-cornell-la-potencia-vocal-del-rock\\\/#breadcrumb\",\"itemListElement\":[{\"@type\":\"ListItem\",\"position\":1,\"name\":\"Home\",\"item\":\"https:\\\/\\\/radiounodigital.com\\\/web\\\/\"},{\"@type\":\"ListItem\",\"position\":2,\"name\":\"Chris Cornell, la potencia vocal del rock\"}]},{\"@type\":\"WebSite\",\"@id\":\"https:\\\/\\\/radiounodigital.com\\\/web\\\/#website\",\"url\":\"https:\\\/\\\/radiounodigital.com\\\/web\\\/\",\"name\":\"Radio UNO Digital\",\"description\":\"Donde la cultura del rock se siente\",\"potentialAction\":[{\"@type\":\"SearchAction\",\"target\":{\"@type\":\"EntryPoint\",\"urlTemplate\":\"https:\\\/\\\/radiounodigital.com\\\/web\\\/?s={search_term_string}\"},\"query-input\":{\"@type\":\"PropertyValueSpecification\",\"valueRequired\":true,\"valueName\":\"search_term_string\"}}],\"inLanguage\":\"es\"},{\"@type\":\"Person\",\"@id\":\"https:\\\/\\\/radiounodigital.com\\\/web\\\/#\\\/schema\\\/person\\\/00b93151fa54f619ecf9c183d1fc9758\",\"name\":\"diegoc\",\"image\":{\"@type\":\"ImageObject\",\"inLanguage\":\"es\",\"@id\":\"https:\\\/\\\/secure.gravatar.com\\\/avatar\\\/0a67041d44c702fb0660d81a5a32c7ce6007341cf92afeb718b75883bf415864?s=96&d=blank&r=g\",\"url\":\"https:\\\/\\\/secure.gravatar.com\\\/avatar\\\/0a67041d44c702fb0660d81a5a32c7ce6007341cf92afeb718b75883bf415864?s=96&d=blank&r=g\",\"contentUrl\":\"https:\\\/\\\/secure.gravatar.com\\\/avatar\\\/0a67041d44c702fb0660d81a5a32c7ce6007341cf92afeb718b75883bf415864?s=96&d=blank&r=g\",\"caption\":\"diegoc\"},\"url\":\"https:\\\/\\\/radiounodigital.com\\\/web\\\/author\\\/diegoc\\\/\"}]}<\/script>\n<!-- \/ Yoast SEO plugin. -->","yoast_head_json":{"title":"Chris Cornell, la potencia vocal del rock - Radio UNO Digital","robots":{"index":"index","follow":"follow","max-snippet":"max-snippet:-1","max-image-preview":"max-image-preview:large","max-video-preview":"max-video-preview:-1"},"canonical":"https:\/\/radiounodigital.com\/web\/2021\/07\/20\/chris-cornell-la-potencia-vocal-del-rock\/","og_locale":"es_ES","og_type":"article","og_title":"Chris Cornell, la potencia vocal del rock - Radio UNO Digital","og_description":"Chris Cornell nac\u00eda un d\u00eda como hoy en 1964, hace exactamente 57 a\u00f1os, pero lamentablemente ya no lo tenemos con nosotros. Su prodigiosa voz, con un registro potente y estremecedor, nos dejo en octubre de 2017. Chris es uno de esos artistas que ocupa un lugar de privilegio en nuestro playlist de la radio, y... Read More","og_url":"https:\/\/radiounodigital.com\/web\/2021\/07\/20\/chris-cornell-la-potencia-vocal-del-rock\/","og_site_name":"Radio UNO Digital","article_published_time":"2021-07-20T03:54:52+00:00","og_image":[{"width":650,"height":398,"url":"https:\/\/radiounodigital.com\/web\/wp-content\/uploads\/2021\/07\/Chris-Cornell-e1626743271790.jpg","type":"image\/jpeg"}],"author":"diegoc","twitter_card":"summary_large_image","twitter_misc":{"Escrito por":"diegoc","Tiempo de lectura":"1 minuto"},"schema":{"@context":"https:\/\/schema.org","@graph":[{"@type":"Article","@id":"https:\/\/radiounodigital.com\/web\/2021\/07\/20\/chris-cornell-la-potencia-vocal-del-rock\/#article","isPartOf":{"@id":"https:\/\/radiounodigital.com\/web\/2021\/07\/20\/chris-cornell-la-potencia-vocal-del-rock\/"},"author":{"name":"diegoc","@id":"https:\/\/radiounodigital.com\/web\/#\/schema\/person\/00b93151fa54f619ecf9c183d1fc9758"},"headline":"Chris Cornell, la potencia vocal del rock","datePublished":"2021-07-20T03:54:52+00:00","mainEntityOfPage":{"@id":"https:\/\/radiounodigital.com\/web\/2021\/07\/20\/chris-cornell-la-potencia-vocal-del-rock\/"},"wordCount":187,"image":{"@id":"https:\/\/radiounodigital.com\/web\/2021\/07\/20\/chris-cornell-la-potencia-vocal-del-rock\/#primaryimage"},"thumbnailUrl":"https:\/\/radiounodigital.com\/web\/wp-content\/uploads\/2021\/07\/Chris-Cornell-e1626743271790.jpg","keywords":["audioslave","chris cornell","cumplea\u00f1os","Soundgarden"],"articleSection":["cumplea\u00f1os","news","Rock Clasico","videos"],"inLanguage":"es"},{"@type":"WebPage","@id":"https:\/\/radiounodigital.com\/web\/2021\/07\/20\/chris-cornell-la-potencia-vocal-del-rock\/","url":"https:\/\/radiounodigital.com\/web\/2021\/07\/20\/chris-cornell-la-potencia-vocal-del-rock\/","name":"Chris Cornell, la potencia vocal del rock - Radio UNO Digital","isPartOf":{"@id":"https:\/\/radiounodigital.com\/web\/#website"},"primaryImageOfPage":{"@id":"https:\/\/radiounodigital.com\/web\/2021\/07\/20\/chris-cornell-la-potencia-vocal-del-rock\/#primaryimage"},"image":{"@id":"https:\/\/radiounodigital.com\/web\/2021\/07\/20\/chris-cornell-la-potencia-vocal-del-rock\/#primaryimage"},"thumbnailUrl":"https:\/\/radiounodigital.com\/web\/wp-content\/uploads\/2021\/07\/Chris-Cornell-e1626743271790.jpg","datePublished":"2021-07-20T03:54:52+00:00","author":{"@id":"https:\/\/radiounodigital.com\/web\/#\/schema\/person\/00b93151fa54f619ecf9c183d1fc9758"},"breadcrumb":{"@id":"https:\/\/radiounodigital.com\/web\/2021\/07\/20\/chris-cornell-la-potencia-vocal-del-rock\/#breadcrumb"},"inLanguage":"es","potentialAction":[{"@type":"ReadAction","target":["https:\/\/radiounodigital.com\/web\/2021\/07\/20\/chris-cornell-la-potencia-vocal-del-rock\/"]}]},{"@type":"ImageObject","inLanguage":"es","@id":"https:\/\/radiounodigital.com\/web\/2021\/07\/20\/chris-cornell-la-potencia-vocal-del-rock\/#primaryimage","url":"https:\/\/radiounodigital.com\/web\/wp-content\/uploads\/2021\/07\/Chris-Cornell-e1626743271790.jpg","contentUrl":"https:\/\/radiounodigital.com\/web\/wp-content\/uploads\/2021\/07\/Chris-Cornell-e1626743271790.jpg","width":650,"height":398},{"@type":"BreadcrumbList","@id":"https:\/\/radiounodigital.com\/web\/2021\/07\/20\/chris-cornell-la-potencia-vocal-del-rock\/#breadcrumb","itemListElement":[{"@type":"ListItem","position":1,"name":"Home","item":"https:\/\/radiounodigital.com\/web\/"},{"@type":"ListItem","position":2,"name":"Chris Cornell, la potencia vocal del rock"}]},{"@type":"WebSite","@id":"https:\/\/radiounodigital.com\/web\/#website","url":"https:\/\/radiounodigital.com\/web\/","name":"Radio UNO Digital","description":"Donde la cultura del rock se siente","potentialAction":[{"@type":"SearchAction","target":{"@type":"EntryPoint","urlTemplate":"https:\/\/radiounodigital.com\/web\/?s={search_term_string}"},"query-input":{"@type":"PropertyValueSpecification","valueRequired":true,"valueName":"search_term_string"}}],"inLanguage":"es"},{"@type":"Person","@id":"https:\/\/radiounodigital.com\/web\/#\/schema\/person\/00b93151fa54f619ecf9c183d1fc9758","name":"diegoc","image":{"@type":"ImageObject","inLanguage":"es","@id":"https:\/\/secure.gravatar.com\/avatar\/0a67041d44c702fb0660d81a5a32c7ce6007341cf92afeb718b75883bf415864?s=96&d=blank&r=g","url":"https:\/\/secure.gravatar.com\/avatar\/0a67041d44c702fb0660d81a5a32c7ce6007341cf92afeb718b75883bf415864?s=96&d=blank&r=g","contentUrl":"https:\/\/secure.gravatar.com\/avatar\/0a67041d44c702fb0660d81a5a32c7ce6007341cf92afeb718b75883bf415864?s=96&d=blank&r=g","caption":"diegoc"},"url":"https:\/\/radiounodigital.com\/web\/author\/diegoc\/"}]}},"_links":{"self":[{"href":"https:\/\/radiounodigital.com\/web\/wp-json\/wp\/v2\/posts\/6135","targetHints":{"allow":["GET"]}}],"collection":[{"href":"https:\/\/radiounodigital.com\/web\/wp-json\/wp\/v2\/posts"}],"about":[{"href":"https:\/\/radiounodigital.com\/web\/wp-json\/wp\/v2\/types\/post"}],"author":[{"embeddable":true,"href":"https:\/\/radiounodigital.com\/web\/wp-json\/wp\/v2\/users\/1"}],"replies":[{"embeddable":true,"href":"https:\/\/radiounodigital.com\/web\/wp-json\/wp\/v2\/comments?post=6135"}],"version-history":[{"count":1,"href":"https:\/\/radiounodigital.com\/web\/wp-json\/wp\/v2\/posts\/6135\/revisions"}],"predecessor-version":[{"id":6137,"href":"https:\/\/radiounodigital.com\/web\/wp-json\/wp\/v2\/posts\/6135\/revisions\/6137"}],"wp:featuredmedia":[{"embeddable":true,"href":"https:\/\/radiounodigital.com\/web\/wp-json\/wp\/v2\/media\/6136"}],"wp:attachment":[{"href":"https:\/\/radiounodigital.com\/web\/wp-json\/wp\/v2\/media?parent=6135"}],"wp:term":[{"taxonomy":"category","embeddable":true,"href":"https:\/\/radiounodigital.com\/web\/wp-json\/wp\/v2\/categories?post=6135"},{"taxonomy":"post_tag","embeddable":true,"href":"https:\/\/radiounodigital.com\/web\/wp-json\/wp\/v2\/tags?post=6135"}],"curies":[{"name":"wp","href":"https:\/\/api.w.org\/{rel}","templated":true}]}}