{"id":6145,"date":"2021-07-23T08:36:29","date_gmt":"2021-07-23T11:36:29","guid":{"rendered":"https:\/\/radiounodigital.com\/web\/?p=6145"},"modified":"2021-07-23T08:36:29","modified_gmt":"2021-07-23T11:36:29","slug":"amy-winehouse-la-ultima-incorporacion-del-club-de-los-27","status":"publish","type":"post","link":"https:\/\/radiounodigital.com\/web\/2021\/07\/23\/amy-winehouse-la-ultima-incorporacion-del-club-de-los-27\/","title":{"rendered":"Amy Winehouse: La ultima incorporaci\u00f3n del Club de los 27"},"content":{"rendered":"<h3>Pareciera que fue ayer, sin embargo han pasado tan solo 10 a\u00f1os en que Amy Winehouse decidiera ingresar al Club de los 27.<\/h3>\n<p>Algunos podr\u00edan pensar que es un honor integrar ese Club, simplemente por el hecho de pertenecer a una elite muy limitada de artistas que lo integran, desde Roberto Johnson en la d\u00e9cada del 30, pasando luego por Brian Jones, Jimi Hendrix, Janis Joplin, Jim Morrison, Kurt Cobain y en \u00faltima instancia Amy .<\/p>\n<p>La m\u00fasica que nos dejo es el consuelo que alimenta el alma cada vez que la escuchamos, y la pucha que da bronca, porque si a los 27 a\u00f1os ya se convert\u00eda en una leyenda, no podemos ni pensar lo que pudiera haber hecho el resto de su vida.<\/p>\n<p>Hoy, les proponemos como de costumbre disfrutar de su m\u00fasica, m\u00e1s un documental para quienes sean m\u00e1s nuevos y conozcan mucho sobre esta genialidad de artista que el destino nos robo tan pronto.<\/p>\n<p><iframe loading=\"lazy\" title=\"Amy Winehouse (Full) The Untold  Story - Documentary Channel 5\" width=\"960\" height=\"540\" src=\"https:\/\/www.youtube.com\/embed\/djNWXp8ON3Y?feature=oembed\" frameborder=\"0\" allow=\"accelerometer; autoplay; clipboard-write; encrypted-media; gyroscope; picture-in-picture\" allowfullscreen><\/iframe><\/p>\n<p>&nbsp;<\/p>\n<p><iframe loading=\"lazy\" title=\"YouTube video player\" src=\"https:\/\/www.youtube.com\/embed\/PLuf3VsrO4g?list=PLrgsJVGY4cVQxTPy1tAcrPbsOTdXHWKfK\" width=\"650\" height=\"360\" frameborder=\"0\" allowfullscreen=\"allowfullscreen\"><span data-mce-type=\"bookmark\" style=\"display: inline-block; width: 0px; overflow: hidden; line-height: 0;\" class=\"mce_SELRES_start\">\ufeff<\/span><span data-mce-type=\"bookmark\" style=\"display: inline-block; width: 0px; overflow: hidden; line-height: 0;\" class=\"mce_SELRES_start\">\ufeff<\/span><\/iframe><\/p>\n<div class=\"fb-background-color\">\n\t\t\t  <div \n\t\t\t  \tclass = \"fb-comments\" \n\t\t\t  \tdata-href = \"https:\/\/radiounodigital.com\/web\/2021\/07\/23\/amy-winehouse-la-ultima-incorporacion-del-club-de-los-27\/\"\n\t\t\t  \tdata-numposts = \"10\"\n\t\t\t  \tdata-lazy = \"true\"\n\t\t\t\tdata-colorscheme = \"dark\"\n\t\t\t\tdata-order-by = \"reverse_time\"\n\t\t\t\tdata-mobile=true>\n\t\t\t  <\/div><\/div>\n\t\t  <style>\n\t\t    .fb-background-color {\n\t\t\t\tbackground: #ffffff !important;\n\t\t\t}\n\t\t\t.fb_iframe_widget_fluid_desktop iframe {\n\t\t\t    width: 100% !important;\n\t\t\t}\n\t\t  <\/style>\n\t\t  ","protected":false},"excerpt":{"rendered":"<p>Pareciera que fue ayer, sin embargo han pasado tan solo 10 a\u00f1os en que Amy Winehouse decidiera ingresar al Club de los 27. Algunos podr\u00edan pensar que es un honor integrar ese Club, simplemente por el hecho de pertenecer a una elite muy limitada de artistas que lo integran, desde Roberto Johnson en la d\u00e9cada&#8230; <a href=\"https:\/\/radiounodigital.com\/web\/2021\/07\/23\/amy-winehouse-la-ultima-incorporacion-del-club-de-los-27\/\" class=\"excerpt-read-more\">Read More<\/a><\/p>\n","protected":false},"author":1,"featured_media":6146,"comment_status":"closed","ping_status":"open","sticky":false,"template":"","format":"standard","meta":{"footnotes":""},"categories":[180],"tags":[1918,513,301,1891,84],"class_list":["post-6145","post","type-post","status-publish","format-standard","has-post-thumbnail","hentry","category-news","tag-23-de-julio","tag-amy-winehouse","tag-aniversario","tag-club-de-los-27","tag-muerte"],"yoast_head":"<!-- This site is optimized with the Yoast SEO plugin v27.4 - https:\/\/yoast.com\/product\/yoast-seo-wordpress\/ -->\n<title>Amy Winehouse: La ultima incorporaci\u00f3n del Club de los 27 - Radio UNO Digital<\/title>\n<meta name=\"description\" content=\"Pareciera que fue ayer, sin embargo han pasado tan solo 10 a\u00f1os en que Amy Winehouse decidiera ingresar al Club de los 27.\" \/>\n<meta name=\"robots\" content=\"index, follow, max-snippet:-1, max-image-preview:large, max-video-preview:-1\" \/>\n<link rel=\"canonical\" href=\"https:\/\/radiounodigital.com\/web\/2021\/07\/23\/amy-winehouse-la-ultima-incorporacion-del-club-de-los-27\/\" \/>\n<meta property=\"og:locale\" content=\"es_ES\" \/>\n<meta property=\"og:type\" content=\"article\" \/>\n<meta property=\"og:title\" content=\"Amy Winehouse: La ultima incorporaci\u00f3n del Club de los 27 - Radio UNO Digital\" \/>\n<meta property=\"og:description\" content=\"Pareciera que fue ayer, sin embargo han pasado tan solo 10 a\u00f1os en que Amy Winehouse decidiera ingresar al Club de los 27.\" \/>\n<meta property=\"og:url\" content=\"https:\/\/radiounodigital.com\/web\/2021\/07\/23\/amy-winehouse-la-ultima-incorporacion-del-club-de-los-27\/\" \/>\n<meta property=\"og:site_name\" content=\"Radio UNO Digital\" \/>\n<meta property=\"article:published_time\" content=\"2021-07-23T11:36:29+00:00\" \/>\n<meta property=\"og:image\" content=\"https:\/\/radiounodigital.com\/web\/wp-content\/uploads\/2021\/07\/amy-winehouse-e1627040168976.jpg\" \/>\n\t<meta property=\"og:image:width\" content=\"650\" \/>\n\t<meta property=\"og:image:height\" content=\"419\" \/>\n\t<meta property=\"og:image:type\" content=\"image\/jpeg\" \/>\n<meta name=\"author\" content=\"diegoc\" \/>\n<meta name=\"twitter:card\" content=\"summary_large_image\" \/>\n<meta name=\"twitter:label1\" content=\"Escrito por\" \/>\n\t<meta name=\"twitter:data1\" content=\"diegoc\" \/>\n\t<meta name=\"twitter:label2\" content=\"Tiempo de lectura\" \/>\n\t<meta name=\"twitter:data2\" content=\"1 minuto\" \/>\n<script type=\"application\/ld+json\" class=\"yoast-schema-graph\">{\"@context\":\"https:\\\/\\\/schema.org\",\"@graph\":[{\"@type\":\"Article\",\"@id\":\"https:\\\/\\\/radiounodigital.com\\\/web\\\/2021\\\/07\\\/23\\\/amy-winehouse-la-ultima-incorporacion-del-club-de-los-27\\\/#article\",\"isPartOf\":{\"@id\":\"https:\\\/\\\/radiounodigital.com\\\/web\\\/2021\\\/07\\\/23\\\/amy-winehouse-la-ultima-incorporacion-del-club-de-los-27\\\/\"},\"author\":{\"name\":\"diegoc\",\"@id\":\"https:\\\/\\\/radiounodigital.com\\\/web\\\/#\\\/schema\\\/person\\\/00b93151fa54f619ecf9c183d1fc9758\"},\"headline\":\"Amy Winehouse: La ultima incorporaci\u00f3n del Club de los 27\",\"datePublished\":\"2021-07-23T11:36:29+00:00\",\"mainEntityOfPage\":{\"@id\":\"https:\\\/\\\/radiounodigital.com\\\/web\\\/2021\\\/07\\\/23\\\/amy-winehouse-la-ultima-incorporacion-del-club-de-los-27\\\/\"},\"wordCount\":182,\"image\":{\"@id\":\"https:\\\/\\\/radiounodigital.com\\\/web\\\/2021\\\/07\\\/23\\\/amy-winehouse-la-ultima-incorporacion-del-club-de-los-27\\\/#primaryimage\"},\"thumbnailUrl\":\"https:\\\/\\\/radiounodigital.com\\\/web\\\/wp-content\\\/uploads\\\/2021\\\/07\\\/amy-winehouse-e1627040168976.jpg\",\"keywords\":[\"23 de julio\",\"Amy Winehouse\",\"aniversario\",\"club de los 27\",\"muerte\"],\"articleSection\":[\"news\"],\"inLanguage\":\"es\"},{\"@type\":\"WebPage\",\"@id\":\"https:\\\/\\\/radiounodigital.com\\\/web\\\/2021\\\/07\\\/23\\\/amy-winehouse-la-ultima-incorporacion-del-club-de-los-27\\\/\",\"url\":\"https:\\\/\\\/radiounodigital.com\\\/web\\\/2021\\\/07\\\/23\\\/amy-winehouse-la-ultima-incorporacion-del-club-de-los-27\\\/\",\"name\":\"Amy Winehouse: La ultima incorporaci\u00f3n del Club de los 27 - Radio UNO Digital\",\"isPartOf\":{\"@id\":\"https:\\\/\\\/radiounodigital.com\\\/web\\\/#website\"},\"primaryImageOfPage\":{\"@id\":\"https:\\\/\\\/radiounodigital.com\\\/web\\\/2021\\\/07\\\/23\\\/amy-winehouse-la-ultima-incorporacion-del-club-de-los-27\\\/#primaryimage\"},\"image\":{\"@id\":\"https:\\\/\\\/radiounodigital.com\\\/web\\\/2021\\\/07\\\/23\\\/amy-winehouse-la-ultima-incorporacion-del-club-de-los-27\\\/#primaryimage\"},\"thumbnailUrl\":\"https:\\\/\\\/radiounodigital.com\\\/web\\\/wp-content\\\/uploads\\\/2021\\\/07\\\/amy-winehouse-e1627040168976.jpg\",\"datePublished\":\"2021-07-23T11:36:29+00:00\",\"author\":{\"@id\":\"https:\\\/\\\/radiounodigital.com\\\/web\\\/#\\\/schema\\\/person\\\/00b93151fa54f619ecf9c183d1fc9758\"},\"description\":\"Pareciera que fue ayer, sin embargo han pasado tan solo 10 a\u00f1os en que Amy Winehouse decidiera ingresar al Club de los 27.\",\"breadcrumb\":{\"@id\":\"https:\\\/\\\/radiounodigital.com\\\/web\\\/2021\\\/07\\\/23\\\/amy-winehouse-la-ultima-incorporacion-del-club-de-los-27\\\/#breadcrumb\"},\"inLanguage\":\"es\",\"potentialAction\":[{\"@type\":\"ReadAction\",\"target\":[\"https:\\\/\\\/radiounodigital.com\\\/web\\\/2021\\\/07\\\/23\\\/amy-winehouse-la-ultima-incorporacion-del-club-de-los-27\\\/\"]}]},{\"@type\":\"ImageObject\",\"inLanguage\":\"es\",\"@id\":\"https:\\\/\\\/radiounodigital.com\\\/web\\\/2021\\\/07\\\/23\\\/amy-winehouse-la-ultima-incorporacion-del-club-de-los-27\\\/#primaryimage\",\"url\":\"https:\\\/\\\/radiounodigital.com\\\/web\\\/wp-content\\\/uploads\\\/2021\\\/07\\\/amy-winehouse-e1627040168976.jpg\",\"contentUrl\":\"https:\\\/\\\/radiounodigital.com\\\/web\\\/wp-content\\\/uploads\\\/2021\\\/07\\\/amy-winehouse-e1627040168976.jpg\",\"width\":650,\"height\":419},{\"@type\":\"BreadcrumbList\",\"@id\":\"https:\\\/\\\/radiounodigital.com\\\/web\\\/2021\\\/07\\\/23\\\/amy-winehouse-la-ultima-incorporacion-del-club-de-los-27\\\/#breadcrumb\",\"itemListElement\":[{\"@type\":\"ListItem\",\"position\":1,\"name\":\"Home\",\"item\":\"https:\\\/\\\/radiounodigital.com\\\/web\\\/\"},{\"@type\":\"ListItem\",\"position\":2,\"name\":\"Amy Winehouse: La ultima incorporaci\u00f3n del Club de los 27\"}]},{\"@type\":\"WebSite\",\"@id\":\"https:\\\/\\\/radiounodigital.com\\\/web\\\/#website\",\"url\":\"https:\\\/\\\/radiounodigital.com\\\/web\\\/\",\"name\":\"Radio UNO Digital\",\"description\":\"Donde la cultura del rock se siente\",\"potentialAction\":[{\"@type\":\"SearchAction\",\"target\":{\"@type\":\"EntryPoint\",\"urlTemplate\":\"https:\\\/\\\/radiounodigital.com\\\/web\\\/?s={search_term_string}\"},\"query-input\":{\"@type\":\"PropertyValueSpecification\",\"valueRequired\":true,\"valueName\":\"search_term_string\"}}],\"inLanguage\":\"es\"},{\"@type\":\"Person\",\"@id\":\"https:\\\/\\\/radiounodigital.com\\\/web\\\/#\\\/schema\\\/person\\\/00b93151fa54f619ecf9c183d1fc9758\",\"name\":\"diegoc\",\"image\":{\"@type\":\"ImageObject\",\"inLanguage\":\"es\",\"@id\":\"https:\\\/\\\/secure.gravatar.com\\\/avatar\\\/0a67041d44c702fb0660d81a5a32c7ce6007341cf92afeb718b75883bf415864?s=96&d=blank&r=g\",\"url\":\"https:\\\/\\\/secure.gravatar.com\\\/avatar\\\/0a67041d44c702fb0660d81a5a32c7ce6007341cf92afeb718b75883bf415864?s=96&d=blank&r=g\",\"contentUrl\":\"https:\\\/\\\/secure.gravatar.com\\\/avatar\\\/0a67041d44c702fb0660d81a5a32c7ce6007341cf92afeb718b75883bf415864?s=96&d=blank&r=g\",\"caption\":\"diegoc\"},\"url\":\"https:\\\/\\\/radiounodigital.com\\\/web\\\/author\\\/diegoc\\\/\"}]}<\/script>\n<!-- \/ Yoast SEO plugin. -->","yoast_head_json":{"title":"Amy Winehouse: La ultima incorporaci\u00f3n del Club de los 27 - Radio UNO Digital","description":"Pareciera que fue ayer, sin embargo han pasado tan solo 10 a\u00f1os en que Amy Winehouse decidiera ingresar al Club de los 27.","robots":{"index":"index","follow":"follow","max-snippet":"max-snippet:-1","max-image-preview":"max-image-preview:large","max-video-preview":"max-video-preview:-1"},"canonical":"https:\/\/radiounodigital.com\/web\/2021\/07\/23\/amy-winehouse-la-ultima-incorporacion-del-club-de-los-27\/","og_locale":"es_ES","og_type":"article","og_title":"Amy Winehouse: La ultima incorporaci\u00f3n del Club de los 27 - Radio UNO Digital","og_description":"Pareciera que fue ayer, sin embargo han pasado tan solo 10 a\u00f1os en que Amy Winehouse decidiera ingresar al Club de los 27.","og_url":"https:\/\/radiounodigital.com\/web\/2021\/07\/23\/amy-winehouse-la-ultima-incorporacion-del-club-de-los-27\/","og_site_name":"Radio UNO Digital","article_published_time":"2021-07-23T11:36:29+00:00","og_image":[{"width":650,"height":419,"url":"https:\/\/radiounodigital.com\/web\/wp-content\/uploads\/2021\/07\/amy-winehouse-e1627040168976.jpg","type":"image\/jpeg"}],"author":"diegoc","twitter_card":"summary_large_image","twitter_misc":{"Escrito por":"diegoc","Tiempo de lectura":"1 minuto"},"schema":{"@context":"https:\/\/schema.org","@graph":[{"@type":"Article","@id":"https:\/\/radiounodigital.com\/web\/2021\/07\/23\/amy-winehouse-la-ultima-incorporacion-del-club-de-los-27\/#article","isPartOf":{"@id":"https:\/\/radiounodigital.com\/web\/2021\/07\/23\/amy-winehouse-la-ultima-incorporacion-del-club-de-los-27\/"},"author":{"name":"diegoc","@id":"https:\/\/radiounodigital.com\/web\/#\/schema\/person\/00b93151fa54f619ecf9c183d1fc9758"},"headline":"Amy Winehouse: La ultima incorporaci\u00f3n del Club de los 27","datePublished":"2021-07-23T11:36:29+00:00","mainEntityOfPage":{"@id":"https:\/\/radiounodigital.com\/web\/2021\/07\/23\/amy-winehouse-la-ultima-incorporacion-del-club-de-los-27\/"},"wordCount":182,"image":{"@id":"https:\/\/radiounodigital.com\/web\/2021\/07\/23\/amy-winehouse-la-ultima-incorporacion-del-club-de-los-27\/#primaryimage"},"thumbnailUrl":"https:\/\/radiounodigital.com\/web\/wp-content\/uploads\/2021\/07\/amy-winehouse-e1627040168976.jpg","keywords":["23 de julio","Amy Winehouse","aniversario","club de los 27","muerte"],"articleSection":["news"],"inLanguage":"es"},{"@type":"WebPage","@id":"https:\/\/radiounodigital.com\/web\/2021\/07\/23\/amy-winehouse-la-ultima-incorporacion-del-club-de-los-27\/","url":"https:\/\/radiounodigital.com\/web\/2021\/07\/23\/amy-winehouse-la-ultima-incorporacion-del-club-de-los-27\/","name":"Amy Winehouse: La ultima incorporaci\u00f3n del Club de los 27 - Radio UNO Digital","isPartOf":{"@id":"https:\/\/radiounodigital.com\/web\/#website"},"primaryImageOfPage":{"@id":"https:\/\/radiounodigital.com\/web\/2021\/07\/23\/amy-winehouse-la-ultima-incorporacion-del-club-de-los-27\/#primaryimage"},"image":{"@id":"https:\/\/radiounodigital.com\/web\/2021\/07\/23\/amy-winehouse-la-ultima-incorporacion-del-club-de-los-27\/#primaryimage"},"thumbnailUrl":"https:\/\/radiounodigital.com\/web\/wp-content\/uploads\/2021\/07\/amy-winehouse-e1627040168976.jpg","datePublished":"2021-07-23T11:36:29+00:00","author":{"@id":"https:\/\/radiounodigital.com\/web\/#\/schema\/person\/00b93151fa54f619ecf9c183d1fc9758"},"description":"Pareciera que fue ayer, sin embargo han pasado tan solo 10 a\u00f1os en que Amy Winehouse decidiera ingresar al Club de los 27.","breadcrumb":{"@id":"https:\/\/radiounodigital.com\/web\/2021\/07\/23\/amy-winehouse-la-ultima-incorporacion-del-club-de-los-27\/#breadcrumb"},"inLanguage":"es","potentialAction":[{"@type":"ReadAction","target":["https:\/\/radiounodigital.com\/web\/2021\/07\/23\/amy-winehouse-la-ultima-incorporacion-del-club-de-los-27\/"]}]},{"@type":"ImageObject","inLanguage":"es","@id":"https:\/\/radiounodigital.com\/web\/2021\/07\/23\/amy-winehouse-la-ultima-incorporacion-del-club-de-los-27\/#primaryimage","url":"https:\/\/radiounodigital.com\/web\/wp-content\/uploads\/2021\/07\/amy-winehouse-e1627040168976.jpg","contentUrl":"https:\/\/radiounodigital.com\/web\/wp-content\/uploads\/2021\/07\/amy-winehouse-e1627040168976.jpg","width":650,"height":419},{"@type":"BreadcrumbList","@id":"https:\/\/radiounodigital.com\/web\/2021\/07\/23\/amy-winehouse-la-ultima-incorporacion-del-club-de-los-27\/#breadcrumb","itemListElement":[{"@type":"ListItem","position":1,"name":"Home","item":"https:\/\/radiounodigital.com\/web\/"},{"@type":"ListItem","position":2,"name":"Amy Winehouse: La ultima incorporaci\u00f3n del Club de los 27"}]},{"@type":"WebSite","@id":"https:\/\/radiounodigital.com\/web\/#website","url":"https:\/\/radiounodigital.com\/web\/","name":"Radio UNO Digital","description":"Donde la cultura del rock se siente","potentialAction":[{"@type":"SearchAction","target":{"@type":"EntryPoint","urlTemplate":"https:\/\/radiounodigital.com\/web\/?s={search_term_string}"},"query-input":{"@type":"PropertyValueSpecification","valueRequired":true,"valueName":"search_term_string"}}],"inLanguage":"es"},{"@type":"Person","@id":"https:\/\/radiounodigital.com\/web\/#\/schema\/person\/00b93151fa54f619ecf9c183d1fc9758","name":"diegoc","image":{"@type":"ImageObject","inLanguage":"es","@id":"https:\/\/secure.gravatar.com\/avatar\/0a67041d44c702fb0660d81a5a32c7ce6007341cf92afeb718b75883bf415864?s=96&d=blank&r=g","url":"https:\/\/secure.gravatar.com\/avatar\/0a67041d44c702fb0660d81a5a32c7ce6007341cf92afeb718b75883bf415864?s=96&d=blank&r=g","contentUrl":"https:\/\/secure.gravatar.com\/avatar\/0a67041d44c702fb0660d81a5a32c7ce6007341cf92afeb718b75883bf415864?s=96&d=blank&r=g","caption":"diegoc"},"url":"https:\/\/radiounodigital.com\/web\/author\/diegoc\/"}]}},"_links":{"self":[{"href":"https:\/\/radiounodigital.com\/web\/wp-json\/wp\/v2\/posts\/6145","targetHints":{"allow":["GET"]}}],"collection":[{"href":"https:\/\/radiounodigital.com\/web\/wp-json\/wp\/v2\/posts"}],"about":[{"href":"https:\/\/radiounodigital.com\/web\/wp-json\/wp\/v2\/types\/post"}],"author":[{"embeddable":true,"href":"https:\/\/radiounodigital.com\/web\/wp-json\/wp\/v2\/users\/1"}],"replies":[{"embeddable":true,"href":"https:\/\/radiounodigital.com\/web\/wp-json\/wp\/v2\/comments?post=6145"}],"version-history":[{"count":1,"href":"https:\/\/radiounodigital.com\/web\/wp-json\/wp\/v2\/posts\/6145\/revisions"}],"predecessor-version":[{"id":6147,"href":"https:\/\/radiounodigital.com\/web\/wp-json\/wp\/v2\/posts\/6145\/revisions\/6147"}],"wp:featuredmedia":[{"embeddable":true,"href":"https:\/\/radiounodigital.com\/web\/wp-json\/wp\/v2\/media\/6146"}],"wp:attachment":[{"href":"https:\/\/radiounodigital.com\/web\/wp-json\/wp\/v2\/media?parent=6145"}],"wp:term":[{"taxonomy":"category","embeddable":true,"href":"https:\/\/radiounodigital.com\/web\/wp-json\/wp\/v2\/categories?post=6145"},{"taxonomy":"post_tag","embeddable":true,"href":"https:\/\/radiounodigital.com\/web\/wp-json\/wp\/v2\/tags?post=6145"}],"curies":[{"name":"wp","href":"https:\/\/api.w.org\/{rel}","templated":true}]}}