{"id":6161,"date":"2021-07-27T07:55:13","date_gmt":"2021-07-27T10:55:13","guid":{"rendered":"https:\/\/radiounodigital.com\/web\/?p=6161"},"modified":"2021-07-27T07:55:13","modified_gmt":"2021-07-27T10:55:13","slug":"green-day-vuelve-a-los-escenario-con-homenaje-a-kiss","status":"publish","type":"post","link":"https:\/\/radiounodigital.com\/web\/2021\/07\/27\/green-day-vuelve-a-los-escenario-con-homenaje-a-kiss\/","title":{"rendered":"Green Day vuelve a los escenario con homenaje a KISS"},"content":{"rendered":"<h3>La retrasada Hella Mega Tour con Green Day, Weezer y Fall Out Boy dio el punta pie inicial este fin de semana en Texas.<\/h3>\n<p><iframe loading=\"lazy\" title=\"Green Day - Kiss \/ Rock &amp; Roll All Nite - Live - Globe Life Park - Dallas TX - July 24, 2021\" width=\"960\" height=\"540\" src=\"https:\/\/www.youtube.com\/embed\/-r7uKHLM7yc?feature=oembed\" frameborder=\"0\" allow=\"accelerometer; autoplay; clipboard-write; encrypted-media; gyroscope; picture-in-picture\" allowfullscreen><\/iframe><\/p>\n<p>La primera fecha de la retrasada Hella Mega Tour, con Green Day, Weezer y Fall Out Boy, finalmente tuvo lugar, en el Globe Life Field en Arlington, Dallas, Texas.<\/p>\n<p>La gira Hella Mega se anunci\u00f3 originalmente en septiembre de 2019, y las tres bandas deb\u00edan comenzar una serie de fechas a ambos lados del mundo en marzo de 2020. Para marcar el anuncio, las tres bandas lanzaron un sencillo el mismo d\u00eda: Green Day lanz\u00f3 Father of All, Weezer eligi\u00f3 The End Of The Game, y Fall Out Boy lanz\u00f3 Dear Future (Hands Up), que cont\u00f3 con una contribuci\u00f3n invitada con Wyclef Jean.<\/p>\n<p>El conjunto de fechas original se pospuso, pero la nueva serie de fechas estadounidenses finalmente se confirm\u00f3 en mayo de este a\u00f1o.<\/p>\n<p>La primera de las fechas reprogramadas tuvo lugar en Arlington el s\u00e1bado, y Green Day se sum\u00f3 a la naturaleza emocional del regreso con una escandalosa versi\u00f3n del cl\u00e1sico Rock and Roll All Nite de 1975 de Kiss. Otras canciones interpretadas por la banda incluyeron el abridor American Idiot, Boulevard of Broken Dreams, Welcome to Paradise, When I Come Around, introducido por el riff de You Shook Me All Night Long de AC \/ DC, Wake Me Up When September Ends y el cierre Good. Riddance (tiempo de tu vida). Mira el Setlists completo a continuaci\u00f3n:<\/p>\n<h4 id=\"hella-mega-tour-opening-night-setlists\">Hella Mega Tour: opening night setlist:<\/h4>\n<p><strong>Green Day<br \/>\n<\/strong>American Idiot<br \/>\nHoliday<br \/>\nKnow Your Enemy<br \/>\nPollyanna<br \/>\nBoulevard of Broken Dreams<br \/>\nLongview<br \/>\nWelcome to Paradise<br \/>\nHitchin&#8217; a Ride<br \/>\nRock and Roll All Nite<br \/>\nBrain Stew<br \/>\nSt. Jimmy<br \/>\nWhen I Come Around<br \/>\n21 Guns<br \/>\nMinority<br \/>\nKnowledge<br \/>\nBasket Case<br \/>\nShe<br \/>\nWake Me Up When September Ends<br \/>\nStill Breathing<br \/>\nJesus of Suburbia<br \/>\nGood Riddance (Time of Your Life)<\/p>\n<p>Los fundadores de Kiss, Gene Simmons y Paul Stanley, tuitearon su aprobaci\u00f3n, y Stanley comparti\u00f3 un video de la actuaci\u00f3n y escribi\u00f3 \u00ab\u00a1Esta noche en Dallas! \u00a1Otra raz\u00f3n para amar a Green Day!\u00bb, Mientras que Simmons escribi\u00f3 un mensaje a\u00fan m\u00e1s geogr\u00e1ficamente descarriado, compartiendo el mismo video. pero colocando el espect\u00e1culo en Houston.<\/p>\n<blockquote class=\"twitter-tweet\">\n<p dir=\"ltr\" lang=\"en\">\u201cTonight In DALLAS!\u201d Another reason to love <a href=\"https:\/\/twitter.com\/GreenDay?ref_src=twsrc%5Etfw\">@GreenDay<\/a>! <a href=\"https:\/\/t.co\/dPXgicnlEE\">pic.twitter.com\/dPXgicnlEE<\/a><\/p>\n<p>\u2014 Paul Stanley (@PaulStanleyLive) <a href=\"https:\/\/twitter.com\/PaulStanleyLive\/status\/1419159992607903747?ref_src=twsrc%5Etfw\">July 25, 2021<\/a><\/p><\/blockquote>\n<p><script async src=\"https:\/\/platform.twitter.com\/widgets.js\" charset=\"utf-8\"><\/script><\/p>\n<blockquote class=\"twitter-tweet\">\n<p dir=\"ltr\" lang=\"en\">\u2066<a href=\"https:\/\/twitter.com\/GreenDay?ref_src=twsrc%5Etfw\">@GreenDay<\/a>\u2069. In Houston yesterday! Thank you, Gentlemen. <a href=\"https:\/\/t.co\/IW4Hx5go2i\">pic.twitter.com\/IW4Hx5go2i<\/a><\/p>\n<p>\u2014 Gene Simmons (@genesimmons) <a href=\"https:\/\/twitter.com\/genesimmons\/status\/1419145047858053121?ref_src=twsrc%5Etfw\">July 25, 2021<\/a><\/p><\/blockquote>\n<p><script async src=\"https:\/\/platform.twitter.com\/widgets.js\" charset=\"utf-8\"><\/script><\/p>\n<div class=\"fb-background-color\">\n\t\t\t  <div \n\t\t\t  \tclass = \"fb-comments\" \n\t\t\t  \tdata-href = \"https:\/\/radiounodigital.com\/web\/2021\/07\/27\/green-day-vuelve-a-los-escenario-con-homenaje-a-kiss\/\"\n\t\t\t  \tdata-numposts = \"10\"\n\t\t\t  \tdata-lazy = \"true\"\n\t\t\t\tdata-colorscheme = \"dark\"\n\t\t\t\tdata-order-by = \"reverse_time\"\n\t\t\t\tdata-mobile=true>\n\t\t\t  <\/div><\/div>\n\t\t  <style>\n\t\t    .fb-background-color {\n\t\t\t\tbackground: #ffffff !important;\n\t\t\t}\n\t\t\t.fb_iframe_widget_fluid_desktop iframe {\n\t\t\t    width: 100% !important;\n\t\t\t}\n\t\t  <\/style>\n\t\t  ","protected":false},"excerpt":{"rendered":"<p>La retrasada Hella Mega Tour con Green Day, Weezer y Fall Out Boy dio el punta pie inicial este fin de semana en Texas. La primera fecha de la retrasada Hella Mega Tour, con Green Day, Weezer y Fall Out Boy, finalmente tuvo lugar, en el Globe Life Field en Arlington, Dallas, Texas. La gira&#8230; <a href=\"https:\/\/radiounodigital.com\/web\/2021\/07\/27\/green-day-vuelve-a-los-escenario-con-homenaje-a-kiss\/\" class=\"excerpt-read-more\">Read More<\/a><\/p>\n","protected":false},"author":1,"featured_media":6162,"comment_status":"closed","ping_status":"open","sticky":false,"template":"","format":"standard","meta":{"footnotes":""},"categories":[179,180,1359],"tags":[182,1558,547,1928],"class_list":["post-6161","post","type-post","status-publish","format-standard","has-post-thumbnail","hentry","category-covers","category-news","category-videos","tag-cover","tag-green-day","tag-kiss","tag-rock-and-roll-all-nite"],"yoast_head":"<!-- This site is optimized with the Yoast SEO plugin v27.4 - https:\/\/yoast.com\/product\/yoast-seo-wordpress\/ -->\n<title>Green Day vuelve a los escenario con homenaje a KISS - Radio UNO Digital<\/title>\n<meta name=\"robots\" content=\"index, follow, max-snippet:-1, max-image-preview:large, max-video-preview:-1\" \/>\n<link rel=\"canonical\" href=\"https:\/\/radiounodigital.com\/web\/2021\/07\/27\/green-day-vuelve-a-los-escenario-con-homenaje-a-kiss\/\" \/>\n<meta property=\"og:locale\" content=\"es_ES\" \/>\n<meta property=\"og:type\" content=\"article\" \/>\n<meta property=\"og:title\" content=\"Green Day vuelve a los escenario con homenaje a KISS - Radio UNO Digital\" \/>\n<meta property=\"og:description\" content=\"La retrasada Hella Mega Tour con Green Day, Weezer y Fall Out Boy dio el punta pie inicial este fin de semana en Texas. La primera fecha de la retrasada Hella Mega Tour, con Green Day, Weezer y Fall Out Boy, finalmente tuvo lugar, en el Globe Life Field en Arlington, Dallas, Texas. La gira... Read More\" \/>\n<meta property=\"og:url\" content=\"https:\/\/radiounodigital.com\/web\/2021\/07\/27\/green-day-vuelve-a-los-escenario-con-homenaje-a-kiss\/\" \/>\n<meta property=\"og:site_name\" content=\"Radio UNO Digital\" \/>\n<meta property=\"article:published_time\" content=\"2021-07-27T10:55:13+00:00\" \/>\n<meta property=\"og:image\" content=\"https:\/\/radiounodigital.com\/web\/wp-content\/uploads\/2021\/07\/2013GREENDAY_AB-2240813-e1627383296568.jpg\" \/>\n\t<meta property=\"og:image:width\" content=\"650\" \/>\n\t<meta property=\"og:image:height\" content=\"434\" \/>\n\t<meta property=\"og:image:type\" content=\"image\/jpeg\" \/>\n<meta name=\"author\" content=\"diegoc\" \/>\n<meta name=\"twitter:card\" content=\"summary_large_image\" \/>\n<meta name=\"twitter:label1\" content=\"Escrito por\" \/>\n\t<meta name=\"twitter:data1\" content=\"diegoc\" \/>\n\t<meta name=\"twitter:label2\" content=\"Tiempo de lectura\" \/>\n\t<meta name=\"twitter:data2\" content=\"2 minutos\" \/>\n<script type=\"application\/ld+json\" class=\"yoast-schema-graph\">{\"@context\":\"https:\\\/\\\/schema.org\",\"@graph\":[{\"@type\":\"Article\",\"@id\":\"https:\\\/\\\/radiounodigital.com\\\/web\\\/2021\\\/07\\\/27\\\/green-day-vuelve-a-los-escenario-con-homenaje-a-kiss\\\/#article\",\"isPartOf\":{\"@id\":\"https:\\\/\\\/radiounodigital.com\\\/web\\\/2021\\\/07\\\/27\\\/green-day-vuelve-a-los-escenario-con-homenaje-a-kiss\\\/\"},\"author\":{\"name\":\"diegoc\",\"@id\":\"https:\\\/\\\/radiounodigital.com\\\/web\\\/#\\\/schema\\\/person\\\/00b93151fa54f619ecf9c183d1fc9758\"},\"headline\":\"Green Day vuelve a los escenario con homenaje a KISS\",\"datePublished\":\"2021-07-27T10:55:13+00:00\",\"mainEntityOfPage\":{\"@id\":\"https:\\\/\\\/radiounodigital.com\\\/web\\\/2021\\\/07\\\/27\\\/green-day-vuelve-a-los-escenario-con-homenaje-a-kiss\\\/\"},\"wordCount\":421,\"image\":{\"@id\":\"https:\\\/\\\/radiounodigital.com\\\/web\\\/2021\\\/07\\\/27\\\/green-day-vuelve-a-los-escenario-con-homenaje-a-kiss\\\/#primaryimage\"},\"thumbnailUrl\":\"https:\\\/\\\/radiounodigital.com\\\/web\\\/wp-content\\\/uploads\\\/2021\\\/07\\\/2013GREENDAY_AB-2240813-e1627383296568.jpg\",\"keywords\":[\"cover\",\"green day\",\"kiss\",\"rock and roll all nite\"],\"articleSection\":[\"Covers\",\"news\",\"videos\"],\"inLanguage\":\"es\"},{\"@type\":\"WebPage\",\"@id\":\"https:\\\/\\\/radiounodigital.com\\\/web\\\/2021\\\/07\\\/27\\\/green-day-vuelve-a-los-escenario-con-homenaje-a-kiss\\\/\",\"url\":\"https:\\\/\\\/radiounodigital.com\\\/web\\\/2021\\\/07\\\/27\\\/green-day-vuelve-a-los-escenario-con-homenaje-a-kiss\\\/\",\"name\":\"Green Day vuelve a los escenario con homenaje a KISS - Radio UNO Digital\",\"isPartOf\":{\"@id\":\"https:\\\/\\\/radiounodigital.com\\\/web\\\/#website\"},\"primaryImageOfPage\":{\"@id\":\"https:\\\/\\\/radiounodigital.com\\\/web\\\/2021\\\/07\\\/27\\\/green-day-vuelve-a-los-escenario-con-homenaje-a-kiss\\\/#primaryimage\"},\"image\":{\"@id\":\"https:\\\/\\\/radiounodigital.com\\\/web\\\/2021\\\/07\\\/27\\\/green-day-vuelve-a-los-escenario-con-homenaje-a-kiss\\\/#primaryimage\"},\"thumbnailUrl\":\"https:\\\/\\\/radiounodigital.com\\\/web\\\/wp-content\\\/uploads\\\/2021\\\/07\\\/2013GREENDAY_AB-2240813-e1627383296568.jpg\",\"datePublished\":\"2021-07-27T10:55:13+00:00\",\"author\":{\"@id\":\"https:\\\/\\\/radiounodigital.com\\\/web\\\/#\\\/schema\\\/person\\\/00b93151fa54f619ecf9c183d1fc9758\"},\"breadcrumb\":{\"@id\":\"https:\\\/\\\/radiounodigital.com\\\/web\\\/2021\\\/07\\\/27\\\/green-day-vuelve-a-los-escenario-con-homenaje-a-kiss\\\/#breadcrumb\"},\"inLanguage\":\"es\",\"potentialAction\":[{\"@type\":\"ReadAction\",\"target\":[\"https:\\\/\\\/radiounodigital.com\\\/web\\\/2021\\\/07\\\/27\\\/green-day-vuelve-a-los-escenario-con-homenaje-a-kiss\\\/\"]}]},{\"@type\":\"ImageObject\",\"inLanguage\":\"es\",\"@id\":\"https:\\\/\\\/radiounodigital.com\\\/web\\\/2021\\\/07\\\/27\\\/green-day-vuelve-a-los-escenario-con-homenaje-a-kiss\\\/#primaryimage\",\"url\":\"https:\\\/\\\/radiounodigital.com\\\/web\\\/wp-content\\\/uploads\\\/2021\\\/07\\\/2013GREENDAY_AB-2240813-e1627383296568.jpg\",\"contentUrl\":\"https:\\\/\\\/radiounodigital.com\\\/web\\\/wp-content\\\/uploads\\\/2021\\\/07\\\/2013GREENDAY_AB-2240813-e1627383296568.jpg\",\"width\":650,\"height\":434},{\"@type\":\"BreadcrumbList\",\"@id\":\"https:\\\/\\\/radiounodigital.com\\\/web\\\/2021\\\/07\\\/27\\\/green-day-vuelve-a-los-escenario-con-homenaje-a-kiss\\\/#breadcrumb\",\"itemListElement\":[{\"@type\":\"ListItem\",\"position\":1,\"name\":\"Home\",\"item\":\"https:\\\/\\\/radiounodigital.com\\\/web\\\/\"},{\"@type\":\"ListItem\",\"position\":2,\"name\":\"Green Day vuelve a los escenario con homenaje a KISS\"}]},{\"@type\":\"WebSite\",\"@id\":\"https:\\\/\\\/radiounodigital.com\\\/web\\\/#website\",\"url\":\"https:\\\/\\\/radiounodigital.com\\\/web\\\/\",\"name\":\"Radio UNO Digital\",\"description\":\"Donde la cultura del rock se siente\",\"potentialAction\":[{\"@type\":\"SearchAction\",\"target\":{\"@type\":\"EntryPoint\",\"urlTemplate\":\"https:\\\/\\\/radiounodigital.com\\\/web\\\/?s={search_term_string}\"},\"query-input\":{\"@type\":\"PropertyValueSpecification\",\"valueRequired\":true,\"valueName\":\"search_term_string\"}}],\"inLanguage\":\"es\"},{\"@type\":\"Person\",\"@id\":\"https:\\\/\\\/radiounodigital.com\\\/web\\\/#\\\/schema\\\/person\\\/00b93151fa54f619ecf9c183d1fc9758\",\"name\":\"diegoc\",\"image\":{\"@type\":\"ImageObject\",\"inLanguage\":\"es\",\"@id\":\"https:\\\/\\\/secure.gravatar.com\\\/avatar\\\/0a67041d44c702fb0660d81a5a32c7ce6007341cf92afeb718b75883bf415864?s=96&d=blank&r=g\",\"url\":\"https:\\\/\\\/secure.gravatar.com\\\/avatar\\\/0a67041d44c702fb0660d81a5a32c7ce6007341cf92afeb718b75883bf415864?s=96&d=blank&r=g\",\"contentUrl\":\"https:\\\/\\\/secure.gravatar.com\\\/avatar\\\/0a67041d44c702fb0660d81a5a32c7ce6007341cf92afeb718b75883bf415864?s=96&d=blank&r=g\",\"caption\":\"diegoc\"},\"url\":\"https:\\\/\\\/radiounodigital.com\\\/web\\\/author\\\/diegoc\\\/\"}]}<\/script>\n<!-- \/ Yoast SEO plugin. -->","yoast_head_json":{"title":"Green Day vuelve a los escenario con homenaje a KISS - Radio UNO Digital","robots":{"index":"index","follow":"follow","max-snippet":"max-snippet:-1","max-image-preview":"max-image-preview:large","max-video-preview":"max-video-preview:-1"},"canonical":"https:\/\/radiounodigital.com\/web\/2021\/07\/27\/green-day-vuelve-a-los-escenario-con-homenaje-a-kiss\/","og_locale":"es_ES","og_type":"article","og_title":"Green Day vuelve a los escenario con homenaje a KISS - Radio UNO Digital","og_description":"La retrasada Hella Mega Tour con Green Day, Weezer y Fall Out Boy dio el punta pie inicial este fin de semana en Texas. La primera fecha de la retrasada Hella Mega Tour, con Green Day, Weezer y Fall Out Boy, finalmente tuvo lugar, en el Globe Life Field en Arlington, Dallas, Texas. La gira... Read More","og_url":"https:\/\/radiounodigital.com\/web\/2021\/07\/27\/green-day-vuelve-a-los-escenario-con-homenaje-a-kiss\/","og_site_name":"Radio UNO Digital","article_published_time":"2021-07-27T10:55:13+00:00","og_image":[{"width":650,"height":434,"url":"https:\/\/radiounodigital.com\/web\/wp-content\/uploads\/2021\/07\/2013GREENDAY_AB-2240813-e1627383296568.jpg","type":"image\/jpeg"}],"author":"diegoc","twitter_card":"summary_large_image","twitter_misc":{"Escrito por":"diegoc","Tiempo de lectura":"2 minutos"},"schema":{"@context":"https:\/\/schema.org","@graph":[{"@type":"Article","@id":"https:\/\/radiounodigital.com\/web\/2021\/07\/27\/green-day-vuelve-a-los-escenario-con-homenaje-a-kiss\/#article","isPartOf":{"@id":"https:\/\/radiounodigital.com\/web\/2021\/07\/27\/green-day-vuelve-a-los-escenario-con-homenaje-a-kiss\/"},"author":{"name":"diegoc","@id":"https:\/\/radiounodigital.com\/web\/#\/schema\/person\/00b93151fa54f619ecf9c183d1fc9758"},"headline":"Green Day vuelve a los escenario con homenaje a KISS","datePublished":"2021-07-27T10:55:13+00:00","mainEntityOfPage":{"@id":"https:\/\/radiounodigital.com\/web\/2021\/07\/27\/green-day-vuelve-a-los-escenario-con-homenaje-a-kiss\/"},"wordCount":421,"image":{"@id":"https:\/\/radiounodigital.com\/web\/2021\/07\/27\/green-day-vuelve-a-los-escenario-con-homenaje-a-kiss\/#primaryimage"},"thumbnailUrl":"https:\/\/radiounodigital.com\/web\/wp-content\/uploads\/2021\/07\/2013GREENDAY_AB-2240813-e1627383296568.jpg","keywords":["cover","green day","kiss","rock and roll all nite"],"articleSection":["Covers","news","videos"],"inLanguage":"es"},{"@type":"WebPage","@id":"https:\/\/radiounodigital.com\/web\/2021\/07\/27\/green-day-vuelve-a-los-escenario-con-homenaje-a-kiss\/","url":"https:\/\/radiounodigital.com\/web\/2021\/07\/27\/green-day-vuelve-a-los-escenario-con-homenaje-a-kiss\/","name":"Green Day vuelve a los escenario con homenaje a KISS - Radio UNO Digital","isPartOf":{"@id":"https:\/\/radiounodigital.com\/web\/#website"},"primaryImageOfPage":{"@id":"https:\/\/radiounodigital.com\/web\/2021\/07\/27\/green-day-vuelve-a-los-escenario-con-homenaje-a-kiss\/#primaryimage"},"image":{"@id":"https:\/\/radiounodigital.com\/web\/2021\/07\/27\/green-day-vuelve-a-los-escenario-con-homenaje-a-kiss\/#primaryimage"},"thumbnailUrl":"https:\/\/radiounodigital.com\/web\/wp-content\/uploads\/2021\/07\/2013GREENDAY_AB-2240813-e1627383296568.jpg","datePublished":"2021-07-27T10:55:13+00:00","author":{"@id":"https:\/\/radiounodigital.com\/web\/#\/schema\/person\/00b93151fa54f619ecf9c183d1fc9758"},"breadcrumb":{"@id":"https:\/\/radiounodigital.com\/web\/2021\/07\/27\/green-day-vuelve-a-los-escenario-con-homenaje-a-kiss\/#breadcrumb"},"inLanguage":"es","potentialAction":[{"@type":"ReadAction","target":["https:\/\/radiounodigital.com\/web\/2021\/07\/27\/green-day-vuelve-a-los-escenario-con-homenaje-a-kiss\/"]}]},{"@type":"ImageObject","inLanguage":"es","@id":"https:\/\/radiounodigital.com\/web\/2021\/07\/27\/green-day-vuelve-a-los-escenario-con-homenaje-a-kiss\/#primaryimage","url":"https:\/\/radiounodigital.com\/web\/wp-content\/uploads\/2021\/07\/2013GREENDAY_AB-2240813-e1627383296568.jpg","contentUrl":"https:\/\/radiounodigital.com\/web\/wp-content\/uploads\/2021\/07\/2013GREENDAY_AB-2240813-e1627383296568.jpg","width":650,"height":434},{"@type":"BreadcrumbList","@id":"https:\/\/radiounodigital.com\/web\/2021\/07\/27\/green-day-vuelve-a-los-escenario-con-homenaje-a-kiss\/#breadcrumb","itemListElement":[{"@type":"ListItem","position":1,"name":"Home","item":"https:\/\/radiounodigital.com\/web\/"},{"@type":"ListItem","position":2,"name":"Green Day vuelve a los escenario con homenaje a KISS"}]},{"@type":"WebSite","@id":"https:\/\/radiounodigital.com\/web\/#website","url":"https:\/\/radiounodigital.com\/web\/","name":"Radio UNO Digital","description":"Donde la cultura del rock se siente","potentialAction":[{"@type":"SearchAction","target":{"@type":"EntryPoint","urlTemplate":"https:\/\/radiounodigital.com\/web\/?s={search_term_string}"},"query-input":{"@type":"PropertyValueSpecification","valueRequired":true,"valueName":"search_term_string"}}],"inLanguage":"es"},{"@type":"Person","@id":"https:\/\/radiounodigital.com\/web\/#\/schema\/person\/00b93151fa54f619ecf9c183d1fc9758","name":"diegoc","image":{"@type":"ImageObject","inLanguage":"es","@id":"https:\/\/secure.gravatar.com\/avatar\/0a67041d44c702fb0660d81a5a32c7ce6007341cf92afeb718b75883bf415864?s=96&d=blank&r=g","url":"https:\/\/secure.gravatar.com\/avatar\/0a67041d44c702fb0660d81a5a32c7ce6007341cf92afeb718b75883bf415864?s=96&d=blank&r=g","contentUrl":"https:\/\/secure.gravatar.com\/avatar\/0a67041d44c702fb0660d81a5a32c7ce6007341cf92afeb718b75883bf415864?s=96&d=blank&r=g","caption":"diegoc"},"url":"https:\/\/radiounodigital.com\/web\/author\/diegoc\/"}]}},"_links":{"self":[{"href":"https:\/\/radiounodigital.com\/web\/wp-json\/wp\/v2\/posts\/6161","targetHints":{"allow":["GET"]}}],"collection":[{"href":"https:\/\/radiounodigital.com\/web\/wp-json\/wp\/v2\/posts"}],"about":[{"href":"https:\/\/radiounodigital.com\/web\/wp-json\/wp\/v2\/types\/post"}],"author":[{"embeddable":true,"href":"https:\/\/radiounodigital.com\/web\/wp-json\/wp\/v2\/users\/1"}],"replies":[{"embeddable":true,"href":"https:\/\/radiounodigital.com\/web\/wp-json\/wp\/v2\/comments?post=6161"}],"version-history":[{"count":1,"href":"https:\/\/radiounodigital.com\/web\/wp-json\/wp\/v2\/posts\/6161\/revisions"}],"predecessor-version":[{"id":6163,"href":"https:\/\/radiounodigital.com\/web\/wp-json\/wp\/v2\/posts\/6161\/revisions\/6163"}],"wp:featuredmedia":[{"embeddable":true,"href":"https:\/\/radiounodigital.com\/web\/wp-json\/wp\/v2\/media\/6162"}],"wp:attachment":[{"href":"https:\/\/radiounodigital.com\/web\/wp-json\/wp\/v2\/media?parent=6161"}],"wp:term":[{"taxonomy":"category","embeddable":true,"href":"https:\/\/radiounodigital.com\/web\/wp-json\/wp\/v2\/categories?post=6161"},{"taxonomy":"post_tag","embeddable":true,"href":"https:\/\/radiounodigital.com\/web\/wp-json\/wp\/v2\/tags?post=6161"}],"curies":[{"name":"wp","href":"https:\/\/api.w.org\/{rel}","templated":true}]}}