{"id":6179,"date":"2021-07-31T07:58:42","date_gmt":"2021-07-31T10:58:42","guid":{"rendered":"https:\/\/radiounodigital.com\/web\/?p=6179"},"modified":"2021-08-01T21:13:55","modified_gmt":"2021-08-02T00:13:55","slug":"la-maza-blues-llega-a-radio-uno-digital","status":"publish","type":"post","link":"https:\/\/radiounodigital.com\/web\/2021\/07\/31\/la-maza-blues-llega-a-radio-uno-digital\/","title":{"rendered":"La Maza Blues llega a Radio UNO Digital"},"content":{"rendered":"<h3>Desde hoy s\u00e1bado 31 de julio arranca La Maza Blues en el aire de Radio UNO Digital.<\/h3>\n<p>A partir de este s\u00e1bado y todos los <strong>s\u00e1bados y domingos ( 8 AM GMT-3 ) y martes y jueves ( 6 PM GMT -3 )<\/strong>\u00a0tendremos el placer de escuchar los mejores blues de todos los tiempos, junto a Pablo Pi\u00f1eiro que adem\u00e1s suma an\u00e9cdotas e historias muy interesantes sobre este genero musical que nos gusta tanto.<\/p>\n<p>Si no conoces mucho del mundo Blues, este ser\u00e1 un buen manual para comenzar, y si ya sos adicto hace rato, no podr\u00e1s desconectarte ni un solo segundo de las dos horas que dura el programa.<\/p>\n<p>Los esperamos<\/p>\n<div class=\"fb-background-color\">\n\t\t\t  <div \n\t\t\t  \tclass = \"fb-comments\" \n\t\t\t  \tdata-href = \"https:\/\/radiounodigital.com\/web\/2021\/07\/31\/la-maza-blues-llega-a-radio-uno-digital\/\"\n\t\t\t  \tdata-numposts = \"10\"\n\t\t\t  \tdata-lazy = \"true\"\n\t\t\t\tdata-colorscheme = \"dark\"\n\t\t\t\tdata-order-by = \"reverse_time\"\n\t\t\t\tdata-mobile=true>\n\t\t\t  <\/div><\/div>\n\t\t  <style>\n\t\t    .fb-background-color {\n\t\t\t\tbackground: #ffffff !important;\n\t\t\t}\n\t\t\t.fb_iframe_widget_fluid_desktop iframe {\n\t\t\t    width: 100% !important;\n\t\t\t}\n\t\t  <\/style>\n\t\t  ","protected":false},"excerpt":{"rendered":"<p>Desde hoy s\u00e1bado 31 de julio arranca La Maza Blues en el aire de Radio UNO Digital. A partir de este s\u00e1bado y todos los s\u00e1bados y domingos ( 8 AM GMT-3 ) y martes y jueves ( 6 PM GMT -3 )\u00a0tendremos el placer de escuchar los mejores blues de todos los tiempos, junto&#8230; <a href=\"https:\/\/radiounodigital.com\/web\/2021\/07\/31\/la-maza-blues-llega-a-radio-uno-digital\/\" class=\"excerpt-read-more\">Read More<\/a><\/p>\n","protected":false},"author":1,"featured_media":6182,"comment_status":"closed","ping_status":"open","sticky":false,"template":"","format":"standard","meta":{"footnotes":""},"categories":[126,1097,180],"tags":[79,1933,1932,1934,1414],"class_list":["post-6179","post","type-post","status-publish","format-standard","has-post-thumbnail","hentry","category-blues","category-lo-nuevo","category-news","tag-blues","tag-la-maza-blues","tag-pablo-pineiro","tag-programa","tag-radio"],"yoast_head":"<!-- This site is optimized with the Yoast SEO plugin v27.5 - https:\/\/yoast.com\/product\/yoast-seo-wordpress\/ -->\n<title>La Maza Blues llega a Radio UNO Digital - Radio UNO Digital<\/title>\n<meta name=\"robots\" content=\"index, follow, max-snippet:-1, max-image-preview:large, max-video-preview:-1\" \/>\n<link rel=\"canonical\" href=\"https:\/\/radiounodigital.com\/web\/2021\/07\/31\/la-maza-blues-llega-a-radio-uno-digital\/\" \/>\n<meta property=\"og:locale\" content=\"es_ES\" \/>\n<meta property=\"og:type\" content=\"article\" \/>\n<meta property=\"og:title\" content=\"La Maza Blues llega a Radio UNO Digital - Radio UNO Digital\" \/>\n<meta property=\"og:description\" content=\"Desde hoy s\u00e1bado 31 de julio arranca La Maza Blues en el aire de Radio UNO Digital. A partir de este s\u00e1bado y todos los s\u00e1bados y domingos ( 8 AM GMT-3 ) y martes y jueves ( 6 PM GMT -3 )\u00a0tendremos el placer de escuchar los mejores blues de todos los tiempos, junto... Read More\" \/>\n<meta property=\"og:url\" content=\"https:\/\/radiounodigital.com\/web\/2021\/07\/31\/la-maza-blues-llega-a-radio-uno-digital\/\" \/>\n<meta property=\"og:site_name\" content=\"Radio UNO Digital\" \/>\n<meta property=\"article:published_time\" content=\"2021-07-31T10:58:42+00:00\" \/>\n<meta property=\"article:modified_time\" content=\"2021-08-02T00:13:55+00:00\" \/>\n<meta property=\"og:image\" content=\"https:\/\/radiounodigital.com\/web\/wp-content\/uploads\/2021\/07\/la-maza-blues-web.jpg\" \/>\n\t<meta property=\"og:image:width\" content=\"955\" \/>\n\t<meta property=\"og:image:height\" content=\"586\" \/>\n\t<meta property=\"og:image:type\" content=\"image\/jpeg\" \/>\n<meta name=\"author\" content=\"diegoc\" \/>\n<meta name=\"twitter:card\" content=\"summary_large_image\" \/>\n<meta name=\"twitter:label1\" content=\"Escrito por\" \/>\n\t<meta name=\"twitter:data1\" content=\"diegoc\" \/>\n\t<meta name=\"twitter:label2\" content=\"Tiempo de lectura\" \/>\n\t<meta name=\"twitter:data2\" content=\"1 minuto\" \/>\n<script type=\"application\/ld+json\" class=\"yoast-schema-graph\">{\"@context\":\"https:\\\/\\\/schema.org\",\"@graph\":[{\"@type\":\"Article\",\"@id\":\"https:\\\/\\\/radiounodigital.com\\\/web\\\/2021\\\/07\\\/31\\\/la-maza-blues-llega-a-radio-uno-digital\\\/#article\",\"isPartOf\":{\"@id\":\"https:\\\/\\\/radiounodigital.com\\\/web\\\/2021\\\/07\\\/31\\\/la-maza-blues-llega-a-radio-uno-digital\\\/\"},\"author\":{\"name\":\"diegoc\",\"@id\":\"https:\\\/\\\/radiounodigital.com\\\/web\\\/#\\\/schema\\\/person\\\/00b93151fa54f619ecf9c183d1fc9758\"},\"headline\":\"La Maza Blues llega a Radio UNO Digital\",\"datePublished\":\"2021-07-31T10:58:42+00:00\",\"dateModified\":\"2021-08-02T00:13:55+00:00\",\"mainEntityOfPage\":{\"@id\":\"https:\\\/\\\/radiounodigital.com\\\/web\\\/2021\\\/07\\\/31\\\/la-maza-blues-llega-a-radio-uno-digital\\\/\"},\"wordCount\":121,\"image\":{\"@id\":\"https:\\\/\\\/radiounodigital.com\\\/web\\\/2021\\\/07\\\/31\\\/la-maza-blues-llega-a-radio-uno-digital\\\/#primaryimage\"},\"thumbnailUrl\":\"https:\\\/\\\/radiounodigital.com\\\/web\\\/wp-content\\\/uploads\\\/2021\\\/07\\\/la-maza-blues-web.jpg\",\"keywords\":[\"blues\",\"la maza blues\",\"pablo pi\u00f1eiro\",\"programa\",\"radio\"],\"articleSection\":[\"Blues\",\"lo nuevo\",\"news\"],\"inLanguage\":\"es\"},{\"@type\":\"WebPage\",\"@id\":\"https:\\\/\\\/radiounodigital.com\\\/web\\\/2021\\\/07\\\/31\\\/la-maza-blues-llega-a-radio-uno-digital\\\/\",\"url\":\"https:\\\/\\\/radiounodigital.com\\\/web\\\/2021\\\/07\\\/31\\\/la-maza-blues-llega-a-radio-uno-digital\\\/\",\"name\":\"La Maza Blues llega a Radio UNO Digital - Radio UNO Digital\",\"isPartOf\":{\"@id\":\"https:\\\/\\\/radiounodigital.com\\\/web\\\/#website\"},\"primaryImageOfPage\":{\"@id\":\"https:\\\/\\\/radiounodigital.com\\\/web\\\/2021\\\/07\\\/31\\\/la-maza-blues-llega-a-radio-uno-digital\\\/#primaryimage\"},\"image\":{\"@id\":\"https:\\\/\\\/radiounodigital.com\\\/web\\\/2021\\\/07\\\/31\\\/la-maza-blues-llega-a-radio-uno-digital\\\/#primaryimage\"},\"thumbnailUrl\":\"https:\\\/\\\/radiounodigital.com\\\/web\\\/wp-content\\\/uploads\\\/2021\\\/07\\\/la-maza-blues-web.jpg\",\"datePublished\":\"2021-07-31T10:58:42+00:00\",\"dateModified\":\"2021-08-02T00:13:55+00:00\",\"author\":{\"@id\":\"https:\\\/\\\/radiounodigital.com\\\/web\\\/#\\\/schema\\\/person\\\/00b93151fa54f619ecf9c183d1fc9758\"},\"breadcrumb\":{\"@id\":\"https:\\\/\\\/radiounodigital.com\\\/web\\\/2021\\\/07\\\/31\\\/la-maza-blues-llega-a-radio-uno-digital\\\/#breadcrumb\"},\"inLanguage\":\"es\",\"potentialAction\":[{\"@type\":\"ReadAction\",\"target\":[\"https:\\\/\\\/radiounodigital.com\\\/web\\\/2021\\\/07\\\/31\\\/la-maza-blues-llega-a-radio-uno-digital\\\/\"]}]},{\"@type\":\"ImageObject\",\"inLanguage\":\"es\",\"@id\":\"https:\\\/\\\/radiounodigital.com\\\/web\\\/2021\\\/07\\\/31\\\/la-maza-blues-llega-a-radio-uno-digital\\\/#primaryimage\",\"url\":\"https:\\\/\\\/radiounodigital.com\\\/web\\\/wp-content\\\/uploads\\\/2021\\\/07\\\/la-maza-blues-web.jpg\",\"contentUrl\":\"https:\\\/\\\/radiounodigital.com\\\/web\\\/wp-content\\\/uploads\\\/2021\\\/07\\\/la-maza-blues-web.jpg\",\"width\":955,\"height\":586},{\"@type\":\"BreadcrumbList\",\"@id\":\"https:\\\/\\\/radiounodigital.com\\\/web\\\/2021\\\/07\\\/31\\\/la-maza-blues-llega-a-radio-uno-digital\\\/#breadcrumb\",\"itemListElement\":[{\"@type\":\"ListItem\",\"position\":1,\"name\":\"Home\",\"item\":\"https:\\\/\\\/radiounodigital.com\\\/web\\\/\"},{\"@type\":\"ListItem\",\"position\":2,\"name\":\"La Maza Blues llega a Radio UNO Digital\"}]},{\"@type\":\"WebSite\",\"@id\":\"https:\\\/\\\/radiounodigital.com\\\/web\\\/#website\",\"url\":\"https:\\\/\\\/radiounodigital.com\\\/web\\\/\",\"name\":\"Radio UNO Digital\",\"description\":\"Donde la cultura del rock se siente\",\"potentialAction\":[{\"@type\":\"SearchAction\",\"target\":{\"@type\":\"EntryPoint\",\"urlTemplate\":\"https:\\\/\\\/radiounodigital.com\\\/web\\\/?s={search_term_string}\"},\"query-input\":{\"@type\":\"PropertyValueSpecification\",\"valueRequired\":true,\"valueName\":\"search_term_string\"}}],\"inLanguage\":\"es\"},{\"@type\":\"Person\",\"@id\":\"https:\\\/\\\/radiounodigital.com\\\/web\\\/#\\\/schema\\\/person\\\/00b93151fa54f619ecf9c183d1fc9758\",\"name\":\"diegoc\",\"image\":{\"@type\":\"ImageObject\",\"inLanguage\":\"es\",\"@id\":\"https:\\\/\\\/secure.gravatar.com\\\/avatar\\\/0a67041d44c702fb0660d81a5a32c7ce6007341cf92afeb718b75883bf415864?s=96&d=blank&r=g\",\"url\":\"https:\\\/\\\/secure.gravatar.com\\\/avatar\\\/0a67041d44c702fb0660d81a5a32c7ce6007341cf92afeb718b75883bf415864?s=96&d=blank&r=g\",\"contentUrl\":\"https:\\\/\\\/secure.gravatar.com\\\/avatar\\\/0a67041d44c702fb0660d81a5a32c7ce6007341cf92afeb718b75883bf415864?s=96&d=blank&r=g\",\"caption\":\"diegoc\"},\"url\":\"https:\\\/\\\/radiounodigital.com\\\/web\\\/author\\\/diegoc\\\/\"}]}<\/script>\n<!-- \/ Yoast SEO plugin. -->","yoast_head_json":{"title":"La Maza Blues llega a Radio UNO Digital - Radio UNO Digital","robots":{"index":"index","follow":"follow","max-snippet":"max-snippet:-1","max-image-preview":"max-image-preview:large","max-video-preview":"max-video-preview:-1"},"canonical":"https:\/\/radiounodigital.com\/web\/2021\/07\/31\/la-maza-blues-llega-a-radio-uno-digital\/","og_locale":"es_ES","og_type":"article","og_title":"La Maza Blues llega a Radio UNO Digital - Radio UNO Digital","og_description":"Desde hoy s\u00e1bado 31 de julio arranca La Maza Blues en el aire de Radio UNO Digital. A partir de este s\u00e1bado y todos los s\u00e1bados y domingos ( 8 AM GMT-3 ) y martes y jueves ( 6 PM GMT -3 )\u00a0tendremos el placer de escuchar los mejores blues de todos los tiempos, junto... Read More","og_url":"https:\/\/radiounodigital.com\/web\/2021\/07\/31\/la-maza-blues-llega-a-radio-uno-digital\/","og_site_name":"Radio UNO Digital","article_published_time":"2021-07-31T10:58:42+00:00","article_modified_time":"2021-08-02T00:13:55+00:00","og_image":[{"width":955,"height":586,"url":"https:\/\/radiounodigital.com\/web\/wp-content\/uploads\/2021\/07\/la-maza-blues-web.jpg","type":"image\/jpeg"}],"author":"diegoc","twitter_card":"summary_large_image","twitter_misc":{"Escrito por":"diegoc","Tiempo de lectura":"1 minuto"},"schema":{"@context":"https:\/\/schema.org","@graph":[{"@type":"Article","@id":"https:\/\/radiounodigital.com\/web\/2021\/07\/31\/la-maza-blues-llega-a-radio-uno-digital\/#article","isPartOf":{"@id":"https:\/\/radiounodigital.com\/web\/2021\/07\/31\/la-maza-blues-llega-a-radio-uno-digital\/"},"author":{"name":"diegoc","@id":"https:\/\/radiounodigital.com\/web\/#\/schema\/person\/00b93151fa54f619ecf9c183d1fc9758"},"headline":"La Maza Blues llega a Radio UNO Digital","datePublished":"2021-07-31T10:58:42+00:00","dateModified":"2021-08-02T00:13:55+00:00","mainEntityOfPage":{"@id":"https:\/\/radiounodigital.com\/web\/2021\/07\/31\/la-maza-blues-llega-a-radio-uno-digital\/"},"wordCount":121,"image":{"@id":"https:\/\/radiounodigital.com\/web\/2021\/07\/31\/la-maza-blues-llega-a-radio-uno-digital\/#primaryimage"},"thumbnailUrl":"https:\/\/radiounodigital.com\/web\/wp-content\/uploads\/2021\/07\/la-maza-blues-web.jpg","keywords":["blues","la maza blues","pablo pi\u00f1eiro","programa","radio"],"articleSection":["Blues","lo nuevo","news"],"inLanguage":"es"},{"@type":"WebPage","@id":"https:\/\/radiounodigital.com\/web\/2021\/07\/31\/la-maza-blues-llega-a-radio-uno-digital\/","url":"https:\/\/radiounodigital.com\/web\/2021\/07\/31\/la-maza-blues-llega-a-radio-uno-digital\/","name":"La Maza Blues llega a Radio UNO Digital - Radio UNO Digital","isPartOf":{"@id":"https:\/\/radiounodigital.com\/web\/#website"},"primaryImageOfPage":{"@id":"https:\/\/radiounodigital.com\/web\/2021\/07\/31\/la-maza-blues-llega-a-radio-uno-digital\/#primaryimage"},"image":{"@id":"https:\/\/radiounodigital.com\/web\/2021\/07\/31\/la-maza-blues-llega-a-radio-uno-digital\/#primaryimage"},"thumbnailUrl":"https:\/\/radiounodigital.com\/web\/wp-content\/uploads\/2021\/07\/la-maza-blues-web.jpg","datePublished":"2021-07-31T10:58:42+00:00","dateModified":"2021-08-02T00:13:55+00:00","author":{"@id":"https:\/\/radiounodigital.com\/web\/#\/schema\/person\/00b93151fa54f619ecf9c183d1fc9758"},"breadcrumb":{"@id":"https:\/\/radiounodigital.com\/web\/2021\/07\/31\/la-maza-blues-llega-a-radio-uno-digital\/#breadcrumb"},"inLanguage":"es","potentialAction":[{"@type":"ReadAction","target":["https:\/\/radiounodigital.com\/web\/2021\/07\/31\/la-maza-blues-llega-a-radio-uno-digital\/"]}]},{"@type":"ImageObject","inLanguage":"es","@id":"https:\/\/radiounodigital.com\/web\/2021\/07\/31\/la-maza-blues-llega-a-radio-uno-digital\/#primaryimage","url":"https:\/\/radiounodigital.com\/web\/wp-content\/uploads\/2021\/07\/la-maza-blues-web.jpg","contentUrl":"https:\/\/radiounodigital.com\/web\/wp-content\/uploads\/2021\/07\/la-maza-blues-web.jpg","width":955,"height":586},{"@type":"BreadcrumbList","@id":"https:\/\/radiounodigital.com\/web\/2021\/07\/31\/la-maza-blues-llega-a-radio-uno-digital\/#breadcrumb","itemListElement":[{"@type":"ListItem","position":1,"name":"Home","item":"https:\/\/radiounodigital.com\/web\/"},{"@type":"ListItem","position":2,"name":"La Maza Blues llega a Radio UNO Digital"}]},{"@type":"WebSite","@id":"https:\/\/radiounodigital.com\/web\/#website","url":"https:\/\/radiounodigital.com\/web\/","name":"Radio UNO Digital","description":"Donde la cultura del rock se siente","potentialAction":[{"@type":"SearchAction","target":{"@type":"EntryPoint","urlTemplate":"https:\/\/radiounodigital.com\/web\/?s={search_term_string}"},"query-input":{"@type":"PropertyValueSpecification","valueRequired":true,"valueName":"search_term_string"}}],"inLanguage":"es"},{"@type":"Person","@id":"https:\/\/radiounodigital.com\/web\/#\/schema\/person\/00b93151fa54f619ecf9c183d1fc9758","name":"diegoc","image":{"@type":"ImageObject","inLanguage":"es","@id":"https:\/\/secure.gravatar.com\/avatar\/0a67041d44c702fb0660d81a5a32c7ce6007341cf92afeb718b75883bf415864?s=96&d=blank&r=g","url":"https:\/\/secure.gravatar.com\/avatar\/0a67041d44c702fb0660d81a5a32c7ce6007341cf92afeb718b75883bf415864?s=96&d=blank&r=g","contentUrl":"https:\/\/secure.gravatar.com\/avatar\/0a67041d44c702fb0660d81a5a32c7ce6007341cf92afeb718b75883bf415864?s=96&d=blank&r=g","caption":"diegoc"},"url":"https:\/\/radiounodigital.com\/web\/author\/diegoc\/"}]}},"_links":{"self":[{"href":"https:\/\/radiounodigital.com\/web\/wp-json\/wp\/v2\/posts\/6179","targetHints":{"allow":["GET"]}}],"collection":[{"href":"https:\/\/radiounodigital.com\/web\/wp-json\/wp\/v2\/posts"}],"about":[{"href":"https:\/\/radiounodigital.com\/web\/wp-json\/wp\/v2\/types\/post"}],"author":[{"embeddable":true,"href":"https:\/\/radiounodigital.com\/web\/wp-json\/wp\/v2\/users\/1"}],"replies":[{"embeddable":true,"href":"https:\/\/radiounodigital.com\/web\/wp-json\/wp\/v2\/comments?post=6179"}],"version-history":[{"count":3,"href":"https:\/\/radiounodigital.com\/web\/wp-json\/wp\/v2\/posts\/6179\/revisions"}],"predecessor-version":[{"id":6187,"href":"https:\/\/radiounodigital.com\/web\/wp-json\/wp\/v2\/posts\/6179\/revisions\/6187"}],"wp:featuredmedia":[{"embeddable":true,"href":"https:\/\/radiounodigital.com\/web\/wp-json\/wp\/v2\/media\/6182"}],"wp:attachment":[{"href":"https:\/\/radiounodigital.com\/web\/wp-json\/wp\/v2\/media?parent=6179"}],"wp:term":[{"taxonomy":"category","embeddable":true,"href":"https:\/\/radiounodigital.com\/web\/wp-json\/wp\/v2\/categories?post=6179"},{"taxonomy":"post_tag","embeddable":true,"href":"https:\/\/radiounodigital.com\/web\/wp-json\/wp\/v2\/tags?post=6179"}],"curies":[{"name":"wp","href":"https:\/\/api.w.org\/{rel}","templated":true}]}}