{"id":6208,"date":"2021-08-05T11:20:51","date_gmt":"2021-08-05T14:20:51","guid":{"rendered":"https:\/\/radiounodigital.com\/web\/?p=6208"},"modified":"2021-08-06T11:23:33","modified_gmt":"2021-08-06T14:23:33","slug":"escucha-a-tom-morello-junto-a-bruce-springsteen-y-eddie-vedder-tocando-to-hell","status":"publish","type":"post","link":"https:\/\/radiounodigital.com\/web\/2021\/08\/05\/escucha-a-tom-morello-junto-a-bruce-springsteen-y-eddie-vedder-tocando-to-hell\/","title":{"rendered":"Escucha a Tom Morello junto a Bruce Springsteen y Eddie Vedder tocando To Hell"},"content":{"rendered":"<h3>El guitarrista de Race Against The Machine, Tom Morello, anuncia nuevo \u00e1lbum en solitario The Atlas Underground Fire y comparte la portada de Highway To Hell de AC\/DC con Bruce Springsteen y Eddie Vedder.<\/h3>\n<p>Para el proyecto, Morello, dos veces nominado al Grammy y legendario lanzador de hachas, ha contado con la ayuda de una lista repleta de estrellas de colaboradores, incluidos Bruce Springsteen, Eddie Vedder de Pearl Jam, Bring Me the Horizon y m\u00e1s.<\/p>\n<p>Junto al anuncio, Morello ha lanzado su primer sencillo, una versi\u00f3n de Highway To Hell de AC \/ DC, con Springsteen y Vedder.<\/p>\n<p>De la pista, el guitarrista de Rage dice: \u00abNuestra versi\u00f3n de Highway To Hell rinde homenaje a AC \/ DC pero con Bruce Springsteen y Eddie Vedder, trayendo esta legendaria canci\u00f3n al futuro. Una de las mejores canciones de rock &#8216;n&#8217; roll de todas tiempo cantado por dos de los mejores cantantes de rock &#8216;n&#8217; roll de todos los tiempos. Y luego dejo caer un solo de guitarra. Gracias y buenas noches \u00ab.<\/p>\n<p>Hablando del proceso de grabaci\u00f3n detr\u00e1s del \u00e1lbum, Morello revela haber grabado las partes de guitarra usando una t\u00e9cnica incre\u00edblemente DIY debido a la naturaleza socialmente restrictiva de la pandemia, mientras comparte sus creaciones desde su casa en Los \u00c1ngeles con colaboradores de todo el mundo. \u00c9l explica: \u201cDurante el encierro no tuve acceso a un ingeniero, as\u00ed que tuve que grabar todas las partes de la guitarra en la nota de voz de mi tel\u00e9fono.<\/p>\n<p>\u00abParec\u00eda una idea escandalosa, pero me condujo a una libertad de creatividad en el sentido de que no pod\u00eda pensar demasiado en ninguna de las partes de la guitarra y solo ten\u00eda que confiar en mis instintos.<\/p>\n<p>\u201cEste disco fue un salvavidas en un momento dif\u00edcil que me permiti\u00f3 encontrar nuevas formas de crear nuevas conexiones art\u00edsticas globales que ayudaron a transformar un momento de miedo y ansiedad en uno de expresi\u00f3n musical y mermeladas de rock\u201d.<\/p>\n<p><a>Reserva The Atlas Underground Fire ahora<\/a> y escucha Highway To Hell a continuaci\u00f3n<\/p>\n<p>&nbsp;<\/p>\n<div class=\"fb-background-color\">\n\t\t\t  <div \n\t\t\t  \tclass = \"fb-comments\" \n\t\t\t  \tdata-href = \"https:\/\/radiounodigital.com\/web\/2021\/08\/05\/escucha-a-tom-morello-junto-a-bruce-springsteen-y-eddie-vedder-tocando-to-hell\/\"\n\t\t\t  \tdata-numposts = \"10\"\n\t\t\t  \tdata-lazy = \"true\"\n\t\t\t\tdata-colorscheme = \"dark\"\n\t\t\t\tdata-order-by = \"reverse_time\"\n\t\t\t\tdata-mobile=true>\n\t\t\t  <\/div><\/div>\n\t\t  <style>\n\t\t    .fb-background-color {\n\t\t\t\tbackground: #ffffff !important;\n\t\t\t}\n\t\t\t.fb_iframe_widget_fluid_desktop iframe {\n\t\t\t    width: 100% !important;\n\t\t\t}\n\t\t  <\/style>\n\t\t  ","protected":false},"excerpt":{"rendered":"<p>El guitarrista de Race Against The Machine, Tom Morello, anuncia nuevo \u00e1lbum en solitario The Atlas Underground Fire y comparte la portada de Highway To Hell de AC\/DC con Bruce Springsteen y Eddie Vedder. Para el proyecto, Morello, dos veces nominado al Grammy y legendario lanzador de hachas, ha contado con la ayuda de una&#8230; <a href=\"https:\/\/radiounodigital.com\/web\/2021\/08\/05\/escucha-a-tom-morello-junto-a-bruce-springsteen-y-eddie-vedder-tocando-to-hell\/\" class=\"excerpt-read-more\">Read More<\/a><\/p>\n","protected":false},"author":1,"featured_media":6209,"comment_status":"closed","ping_status":"open","sticky":false,"template":"","format":"standard","meta":{"footnotes":""},"categories":[179,180,128],"tags":[148,194,182,769,149,1363],"class_list":["post-6208","post","type-post","status-publish","format-standard","has-post-thumbnail","hentry","category-covers","category-news","category-rock-clasico","tag-ac-dc","tag-bruce-springsteen","tag-cover","tag-eddie-vedder","tag-highway-to-hell","tag-tom-morello"],"yoast_head":"<!-- This site is optimized with the Yoast SEO plugin v27.5 - https:\/\/yoast.com\/product\/yoast-seo-wordpress\/ -->\n<title>Escucha a Tom Morello junto a Bruce Springsteen y Eddie Vedder tocando To Hell - Radio UNO Digital<\/title>\n<meta name=\"robots\" content=\"index, follow, max-snippet:-1, max-image-preview:large, max-video-preview:-1\" \/>\n<link rel=\"canonical\" href=\"https:\/\/radiounodigital.com\/web\/2021\/08\/05\/escucha-a-tom-morello-junto-a-bruce-springsteen-y-eddie-vedder-tocando-to-hell\/\" \/>\n<meta property=\"og:locale\" content=\"es_ES\" \/>\n<meta property=\"og:type\" content=\"article\" \/>\n<meta property=\"og:title\" content=\"Escucha a Tom Morello junto a Bruce Springsteen y Eddie Vedder tocando To Hell - Radio UNO Digital\" \/>\n<meta property=\"og:description\" content=\"El guitarrista de Race Against The Machine, Tom Morello, anuncia nuevo \u00e1lbum en solitario The Atlas Underground Fire y comparte la portada de Highway To Hell de AC\/DC con Bruce Springsteen y Eddie Vedder. Para el proyecto, Morello, dos veces nominado al Grammy y legendario lanzador de hachas, ha contado con la ayuda de una... Read More\" \/>\n<meta property=\"og:url\" content=\"https:\/\/radiounodigital.com\/web\/2021\/08\/05\/escucha-a-tom-morello-junto-a-bruce-springsteen-y-eddie-vedder-tocando-to-hell\/\" \/>\n<meta property=\"og:site_name\" content=\"Radio UNO Digital\" \/>\n<meta property=\"article:published_time\" content=\"2021-08-05T14:20:51+00:00\" \/>\n<meta property=\"article:modified_time\" content=\"2021-08-06T14:23:33+00:00\" \/>\n<meta property=\"og:image\" content=\"https:\/\/radiounodigital.com\/web\/wp-content\/uploads\/2021\/08\/morello-vedder-springsteen-e1628259761493.jpg\" \/>\n\t<meta property=\"og:image:width\" content=\"650\" \/>\n\t<meta property=\"og:image:height\" content=\"366\" \/>\n\t<meta property=\"og:image:type\" content=\"image\/jpeg\" \/>\n<meta name=\"author\" content=\"diegoc\" \/>\n<meta name=\"twitter:card\" content=\"summary_large_image\" \/>\n<meta name=\"twitter:label1\" content=\"Escrito por\" \/>\n\t<meta name=\"twitter:data1\" content=\"diegoc\" \/>\n\t<meta name=\"twitter:label2\" content=\"Tiempo de lectura\" \/>\n\t<meta name=\"twitter:data2\" content=\"2 minutos\" \/>\n<script type=\"application\/ld+json\" class=\"yoast-schema-graph\">{\"@context\":\"https:\\\/\\\/schema.org\",\"@graph\":[{\"@type\":\"Article\",\"@id\":\"https:\\\/\\\/radiounodigital.com\\\/web\\\/2021\\\/08\\\/05\\\/escucha-a-tom-morello-junto-a-bruce-springsteen-y-eddie-vedder-tocando-to-hell\\\/#article\",\"isPartOf\":{\"@id\":\"https:\\\/\\\/radiounodigital.com\\\/web\\\/2021\\\/08\\\/05\\\/escucha-a-tom-morello-junto-a-bruce-springsteen-y-eddie-vedder-tocando-to-hell\\\/\"},\"author\":{\"name\":\"diegoc\",\"@id\":\"https:\\\/\\\/radiounodigital.com\\\/web\\\/#\\\/schema\\\/person\\\/00b93151fa54f619ecf9c183d1fc9758\"},\"headline\":\"Escucha a Tom Morello junto a Bruce Springsteen y Eddie Vedder tocando To Hell\",\"datePublished\":\"2021-08-05T14:20:51+00:00\",\"dateModified\":\"2021-08-06T14:23:33+00:00\",\"mainEntityOfPage\":{\"@id\":\"https:\\\/\\\/radiounodigital.com\\\/web\\\/2021\\\/08\\\/05\\\/escucha-a-tom-morello-junto-a-bruce-springsteen-y-eddie-vedder-tocando-to-hell\\\/\"},\"wordCount\":366,\"image\":{\"@id\":\"https:\\\/\\\/radiounodigital.com\\\/web\\\/2021\\\/08\\\/05\\\/escucha-a-tom-morello-junto-a-bruce-springsteen-y-eddie-vedder-tocando-to-hell\\\/#primaryimage\"},\"thumbnailUrl\":\"https:\\\/\\\/radiounodigital.com\\\/web\\\/wp-content\\\/uploads\\\/2021\\\/08\\\/morello-vedder-springsteen-e1628259761493.jpg\",\"keywords\":[\"AC\\\/DC\",\"bruce springsteen\",\"cover\",\"eddie vedder\",\"HIGHWAY TO HELL\",\"tom morello\"],\"articleSection\":[\"Covers\",\"news\",\"Rock Clasico\"],\"inLanguage\":\"es\"},{\"@type\":\"WebPage\",\"@id\":\"https:\\\/\\\/radiounodigital.com\\\/web\\\/2021\\\/08\\\/05\\\/escucha-a-tom-morello-junto-a-bruce-springsteen-y-eddie-vedder-tocando-to-hell\\\/\",\"url\":\"https:\\\/\\\/radiounodigital.com\\\/web\\\/2021\\\/08\\\/05\\\/escucha-a-tom-morello-junto-a-bruce-springsteen-y-eddie-vedder-tocando-to-hell\\\/\",\"name\":\"Escucha a Tom Morello junto a Bruce Springsteen y Eddie Vedder tocando To Hell - Radio UNO Digital\",\"isPartOf\":{\"@id\":\"https:\\\/\\\/radiounodigital.com\\\/web\\\/#website\"},\"primaryImageOfPage\":{\"@id\":\"https:\\\/\\\/radiounodigital.com\\\/web\\\/2021\\\/08\\\/05\\\/escucha-a-tom-morello-junto-a-bruce-springsteen-y-eddie-vedder-tocando-to-hell\\\/#primaryimage\"},\"image\":{\"@id\":\"https:\\\/\\\/radiounodigital.com\\\/web\\\/2021\\\/08\\\/05\\\/escucha-a-tom-morello-junto-a-bruce-springsteen-y-eddie-vedder-tocando-to-hell\\\/#primaryimage\"},\"thumbnailUrl\":\"https:\\\/\\\/radiounodigital.com\\\/web\\\/wp-content\\\/uploads\\\/2021\\\/08\\\/morello-vedder-springsteen-e1628259761493.jpg\",\"datePublished\":\"2021-08-05T14:20:51+00:00\",\"dateModified\":\"2021-08-06T14:23:33+00:00\",\"author\":{\"@id\":\"https:\\\/\\\/radiounodigital.com\\\/web\\\/#\\\/schema\\\/person\\\/00b93151fa54f619ecf9c183d1fc9758\"},\"breadcrumb\":{\"@id\":\"https:\\\/\\\/radiounodigital.com\\\/web\\\/2021\\\/08\\\/05\\\/escucha-a-tom-morello-junto-a-bruce-springsteen-y-eddie-vedder-tocando-to-hell\\\/#breadcrumb\"},\"inLanguage\":\"es\",\"potentialAction\":[{\"@type\":\"ReadAction\",\"target\":[\"https:\\\/\\\/radiounodigital.com\\\/web\\\/2021\\\/08\\\/05\\\/escucha-a-tom-morello-junto-a-bruce-springsteen-y-eddie-vedder-tocando-to-hell\\\/\"]}]},{\"@type\":\"ImageObject\",\"inLanguage\":\"es\",\"@id\":\"https:\\\/\\\/radiounodigital.com\\\/web\\\/2021\\\/08\\\/05\\\/escucha-a-tom-morello-junto-a-bruce-springsteen-y-eddie-vedder-tocando-to-hell\\\/#primaryimage\",\"url\":\"https:\\\/\\\/radiounodigital.com\\\/web\\\/wp-content\\\/uploads\\\/2021\\\/08\\\/morello-vedder-springsteen-e1628259761493.jpg\",\"contentUrl\":\"https:\\\/\\\/radiounodigital.com\\\/web\\\/wp-content\\\/uploads\\\/2021\\\/08\\\/morello-vedder-springsteen-e1628259761493.jpg\",\"width\":650,\"height\":366},{\"@type\":\"BreadcrumbList\",\"@id\":\"https:\\\/\\\/radiounodigital.com\\\/web\\\/2021\\\/08\\\/05\\\/escucha-a-tom-morello-junto-a-bruce-springsteen-y-eddie-vedder-tocando-to-hell\\\/#breadcrumb\",\"itemListElement\":[{\"@type\":\"ListItem\",\"position\":1,\"name\":\"Home\",\"item\":\"https:\\\/\\\/radiounodigital.com\\\/web\\\/\"},{\"@type\":\"ListItem\",\"position\":2,\"name\":\"Escucha a Tom Morello junto a Bruce Springsteen y Eddie Vedder tocando To Hell\"}]},{\"@type\":\"WebSite\",\"@id\":\"https:\\\/\\\/radiounodigital.com\\\/web\\\/#website\",\"url\":\"https:\\\/\\\/radiounodigital.com\\\/web\\\/\",\"name\":\"Radio UNO Digital\",\"description\":\"Donde la cultura del rock se siente\",\"potentialAction\":[{\"@type\":\"SearchAction\",\"target\":{\"@type\":\"EntryPoint\",\"urlTemplate\":\"https:\\\/\\\/radiounodigital.com\\\/web\\\/?s={search_term_string}\"},\"query-input\":{\"@type\":\"PropertyValueSpecification\",\"valueRequired\":true,\"valueName\":\"search_term_string\"}}],\"inLanguage\":\"es\"},{\"@type\":\"Person\",\"@id\":\"https:\\\/\\\/radiounodigital.com\\\/web\\\/#\\\/schema\\\/person\\\/00b93151fa54f619ecf9c183d1fc9758\",\"name\":\"diegoc\",\"image\":{\"@type\":\"ImageObject\",\"inLanguage\":\"es\",\"@id\":\"https:\\\/\\\/secure.gravatar.com\\\/avatar\\\/0a67041d44c702fb0660d81a5a32c7ce6007341cf92afeb718b75883bf415864?s=96&d=blank&r=g\",\"url\":\"https:\\\/\\\/secure.gravatar.com\\\/avatar\\\/0a67041d44c702fb0660d81a5a32c7ce6007341cf92afeb718b75883bf415864?s=96&d=blank&r=g\",\"contentUrl\":\"https:\\\/\\\/secure.gravatar.com\\\/avatar\\\/0a67041d44c702fb0660d81a5a32c7ce6007341cf92afeb718b75883bf415864?s=96&d=blank&r=g\",\"caption\":\"diegoc\"},\"url\":\"https:\\\/\\\/radiounodigital.com\\\/web\\\/author\\\/diegoc\\\/\"}]}<\/script>\n<!-- \/ Yoast SEO plugin. -->","yoast_head_json":{"title":"Escucha a Tom Morello junto a Bruce Springsteen y Eddie Vedder tocando To Hell - Radio UNO Digital","robots":{"index":"index","follow":"follow","max-snippet":"max-snippet:-1","max-image-preview":"max-image-preview:large","max-video-preview":"max-video-preview:-1"},"canonical":"https:\/\/radiounodigital.com\/web\/2021\/08\/05\/escucha-a-tom-morello-junto-a-bruce-springsteen-y-eddie-vedder-tocando-to-hell\/","og_locale":"es_ES","og_type":"article","og_title":"Escucha a Tom Morello junto a Bruce Springsteen y Eddie Vedder tocando To Hell - Radio UNO Digital","og_description":"El guitarrista de Race Against The Machine, Tom Morello, anuncia nuevo \u00e1lbum en solitario The Atlas Underground Fire y comparte la portada de Highway To Hell de AC\/DC con Bruce Springsteen y Eddie Vedder. Para el proyecto, Morello, dos veces nominado al Grammy y legendario lanzador de hachas, ha contado con la ayuda de una... Read More","og_url":"https:\/\/radiounodigital.com\/web\/2021\/08\/05\/escucha-a-tom-morello-junto-a-bruce-springsteen-y-eddie-vedder-tocando-to-hell\/","og_site_name":"Radio UNO Digital","article_published_time":"2021-08-05T14:20:51+00:00","article_modified_time":"2021-08-06T14:23:33+00:00","og_image":[{"width":650,"height":366,"url":"https:\/\/radiounodigital.com\/web\/wp-content\/uploads\/2021\/08\/morello-vedder-springsteen-e1628259761493.jpg","type":"image\/jpeg"}],"author":"diegoc","twitter_card":"summary_large_image","twitter_misc":{"Escrito por":"diegoc","Tiempo de lectura":"2 minutos"},"schema":{"@context":"https:\/\/schema.org","@graph":[{"@type":"Article","@id":"https:\/\/radiounodigital.com\/web\/2021\/08\/05\/escucha-a-tom-morello-junto-a-bruce-springsteen-y-eddie-vedder-tocando-to-hell\/#article","isPartOf":{"@id":"https:\/\/radiounodigital.com\/web\/2021\/08\/05\/escucha-a-tom-morello-junto-a-bruce-springsteen-y-eddie-vedder-tocando-to-hell\/"},"author":{"name":"diegoc","@id":"https:\/\/radiounodigital.com\/web\/#\/schema\/person\/00b93151fa54f619ecf9c183d1fc9758"},"headline":"Escucha a Tom Morello junto a Bruce Springsteen y Eddie Vedder tocando To Hell","datePublished":"2021-08-05T14:20:51+00:00","dateModified":"2021-08-06T14:23:33+00:00","mainEntityOfPage":{"@id":"https:\/\/radiounodigital.com\/web\/2021\/08\/05\/escucha-a-tom-morello-junto-a-bruce-springsteen-y-eddie-vedder-tocando-to-hell\/"},"wordCount":366,"image":{"@id":"https:\/\/radiounodigital.com\/web\/2021\/08\/05\/escucha-a-tom-morello-junto-a-bruce-springsteen-y-eddie-vedder-tocando-to-hell\/#primaryimage"},"thumbnailUrl":"https:\/\/radiounodigital.com\/web\/wp-content\/uploads\/2021\/08\/morello-vedder-springsteen-e1628259761493.jpg","keywords":["AC\/DC","bruce springsteen","cover","eddie vedder","HIGHWAY TO HELL","tom morello"],"articleSection":["Covers","news","Rock Clasico"],"inLanguage":"es"},{"@type":"WebPage","@id":"https:\/\/radiounodigital.com\/web\/2021\/08\/05\/escucha-a-tom-morello-junto-a-bruce-springsteen-y-eddie-vedder-tocando-to-hell\/","url":"https:\/\/radiounodigital.com\/web\/2021\/08\/05\/escucha-a-tom-morello-junto-a-bruce-springsteen-y-eddie-vedder-tocando-to-hell\/","name":"Escucha a Tom Morello junto a Bruce Springsteen y Eddie Vedder tocando To Hell - Radio UNO Digital","isPartOf":{"@id":"https:\/\/radiounodigital.com\/web\/#website"},"primaryImageOfPage":{"@id":"https:\/\/radiounodigital.com\/web\/2021\/08\/05\/escucha-a-tom-morello-junto-a-bruce-springsteen-y-eddie-vedder-tocando-to-hell\/#primaryimage"},"image":{"@id":"https:\/\/radiounodigital.com\/web\/2021\/08\/05\/escucha-a-tom-morello-junto-a-bruce-springsteen-y-eddie-vedder-tocando-to-hell\/#primaryimage"},"thumbnailUrl":"https:\/\/radiounodigital.com\/web\/wp-content\/uploads\/2021\/08\/morello-vedder-springsteen-e1628259761493.jpg","datePublished":"2021-08-05T14:20:51+00:00","dateModified":"2021-08-06T14:23:33+00:00","author":{"@id":"https:\/\/radiounodigital.com\/web\/#\/schema\/person\/00b93151fa54f619ecf9c183d1fc9758"},"breadcrumb":{"@id":"https:\/\/radiounodigital.com\/web\/2021\/08\/05\/escucha-a-tom-morello-junto-a-bruce-springsteen-y-eddie-vedder-tocando-to-hell\/#breadcrumb"},"inLanguage":"es","potentialAction":[{"@type":"ReadAction","target":["https:\/\/radiounodigital.com\/web\/2021\/08\/05\/escucha-a-tom-morello-junto-a-bruce-springsteen-y-eddie-vedder-tocando-to-hell\/"]}]},{"@type":"ImageObject","inLanguage":"es","@id":"https:\/\/radiounodigital.com\/web\/2021\/08\/05\/escucha-a-tom-morello-junto-a-bruce-springsteen-y-eddie-vedder-tocando-to-hell\/#primaryimage","url":"https:\/\/radiounodigital.com\/web\/wp-content\/uploads\/2021\/08\/morello-vedder-springsteen-e1628259761493.jpg","contentUrl":"https:\/\/radiounodigital.com\/web\/wp-content\/uploads\/2021\/08\/morello-vedder-springsteen-e1628259761493.jpg","width":650,"height":366},{"@type":"BreadcrumbList","@id":"https:\/\/radiounodigital.com\/web\/2021\/08\/05\/escucha-a-tom-morello-junto-a-bruce-springsteen-y-eddie-vedder-tocando-to-hell\/#breadcrumb","itemListElement":[{"@type":"ListItem","position":1,"name":"Home","item":"https:\/\/radiounodigital.com\/web\/"},{"@type":"ListItem","position":2,"name":"Escucha a Tom Morello junto a Bruce Springsteen y Eddie Vedder tocando To Hell"}]},{"@type":"WebSite","@id":"https:\/\/radiounodigital.com\/web\/#website","url":"https:\/\/radiounodigital.com\/web\/","name":"Radio UNO Digital","description":"Donde la cultura del rock se siente","potentialAction":[{"@type":"SearchAction","target":{"@type":"EntryPoint","urlTemplate":"https:\/\/radiounodigital.com\/web\/?s={search_term_string}"},"query-input":{"@type":"PropertyValueSpecification","valueRequired":true,"valueName":"search_term_string"}}],"inLanguage":"es"},{"@type":"Person","@id":"https:\/\/radiounodigital.com\/web\/#\/schema\/person\/00b93151fa54f619ecf9c183d1fc9758","name":"diegoc","image":{"@type":"ImageObject","inLanguage":"es","@id":"https:\/\/secure.gravatar.com\/avatar\/0a67041d44c702fb0660d81a5a32c7ce6007341cf92afeb718b75883bf415864?s=96&d=blank&r=g","url":"https:\/\/secure.gravatar.com\/avatar\/0a67041d44c702fb0660d81a5a32c7ce6007341cf92afeb718b75883bf415864?s=96&d=blank&r=g","contentUrl":"https:\/\/secure.gravatar.com\/avatar\/0a67041d44c702fb0660d81a5a32c7ce6007341cf92afeb718b75883bf415864?s=96&d=blank&r=g","caption":"diegoc"},"url":"https:\/\/radiounodigital.com\/web\/author\/diegoc\/"}]}},"_links":{"self":[{"href":"https:\/\/radiounodigital.com\/web\/wp-json\/wp\/v2\/posts\/6208","targetHints":{"allow":["GET"]}}],"collection":[{"href":"https:\/\/radiounodigital.com\/web\/wp-json\/wp\/v2\/posts"}],"about":[{"href":"https:\/\/radiounodigital.com\/web\/wp-json\/wp\/v2\/types\/post"}],"author":[{"embeddable":true,"href":"https:\/\/radiounodigital.com\/web\/wp-json\/wp\/v2\/users\/1"}],"replies":[{"embeddable":true,"href":"https:\/\/radiounodigital.com\/web\/wp-json\/wp\/v2\/comments?post=6208"}],"version-history":[{"count":1,"href":"https:\/\/radiounodigital.com\/web\/wp-json\/wp\/v2\/posts\/6208\/revisions"}],"predecessor-version":[{"id":6210,"href":"https:\/\/radiounodigital.com\/web\/wp-json\/wp\/v2\/posts\/6208\/revisions\/6210"}],"wp:featuredmedia":[{"embeddable":true,"href":"https:\/\/radiounodigital.com\/web\/wp-json\/wp\/v2\/media\/6209"}],"wp:attachment":[{"href":"https:\/\/radiounodigital.com\/web\/wp-json\/wp\/v2\/media?parent=6208"}],"wp:term":[{"taxonomy":"category","embeddable":true,"href":"https:\/\/radiounodigital.com\/web\/wp-json\/wp\/v2\/categories?post=6208"},{"taxonomy":"post_tag","embeddable":true,"href":"https:\/\/radiounodigital.com\/web\/wp-json\/wp\/v2\/tags?post=6208"}],"curies":[{"name":"wp","href":"https:\/\/api.w.org\/{rel}","templated":true}]}}