{"id":6211,"date":"2021-08-06T08:23:39","date_gmt":"2021-08-06T11:23:39","guid":{"rendered":"https:\/\/radiounodigital.com\/web\/?p=6211"},"modified":"2021-08-06T11:25:07","modified_gmt":"2021-08-06T14:25:07","slug":"robert-johnson-a-83-anos-del-inicio-del-club-de-los-27","status":"publish","type":"post","link":"https:\/\/radiounodigital.com\/web\/2021\/08\/06\/robert-johnson-a-83-anos-del-inicio-del-club-de-los-27\/","title":{"rendered":"Robert Johnson: A 83 a\u00f1os del inicio del Club de los 27"},"content":{"rendered":"<h3>Un 6 de agosto de 1928 mor\u00eda el primero de una lista que pasar\u00eda a ser el Club de los 27.<\/h3>\n<p>Todos murieron a los 27 a\u00f1os de edad en el mejor momento de su carrera. En la d\u00e9cada del 60 se uni\u00f3 a la lista Brian Jones, luego Jimi Hendrix y Janis Joplin en 1970, seguido de Jim Morrison, Kurt Cobain y m\u00e1s cerca en el tiempo Amy Winehouse.<\/p>\n<p>En el mes de mayo se cumplieron 110 a\u00f1os del nacimiento Robert Johnson. Segu\u00ed <a target=\"_blank\" rel=\"noopener\">este link<\/a> para leer la cr\u00f3nica<\/p>\n<p><iframe loading=\"lazy\" src=\"\" width=\"600\" height=\"580\" frameborder=\"0\"><span data-mce-type=\"bookmark\" style=\"display: inline-block; width: 0px; overflow: hidden; line-height: 0;\" class=\"mce_SELRES_start\">\ufeff<\/span><\/iframe><\/p>\n<div class=\"fb-background-color\">\n\t\t\t  <div \n\t\t\t  \tclass = \"fb-comments\" \n\t\t\t  \tdata-href = \"https:\/\/radiounodigital.com\/web\/2021\/08\/06\/robert-johnson-a-83-anos-del-inicio-del-club-de-los-27\/\"\n\t\t\t  \tdata-numposts = \"10\"\n\t\t\t  \tdata-lazy = \"true\"\n\t\t\t\tdata-colorscheme = \"dark\"\n\t\t\t\tdata-order-by = \"reverse_time\"\n\t\t\t\tdata-mobile=true>\n\t\t\t  <\/div><\/div>\n\t\t  <style>\n\t\t    .fb-background-color {\n\t\t\t\tbackground: #ffffff !important;\n\t\t\t}\n\t\t\t.fb_iframe_widget_fluid_desktop iframe {\n\t\t\t    width: 100% !important;\n\t\t\t}\n\t\t  <\/style>\n\t\t  ","protected":false},"excerpt":{"rendered":"<p>Un 6 de agosto de 1928 mor\u00eda el primero de una lista que pasar\u00eda a ser el Club de los 27. Todos murieron a los 27 a\u00f1os de edad en el mejor momento de su carrera. En la d\u00e9cada del 60 se uni\u00f3 a la lista Brian Jones, luego Jimi Hendrix y Janis Joplin en&#8230; <a href=\"https:\/\/radiounodigital.com\/web\/2021\/08\/06\/robert-johnson-a-83-anos-del-inicio-del-club-de-los-27\/\" class=\"excerpt-read-more\">Read More<\/a><\/p>\n","protected":false},"author":1,"featured_media":5869,"comment_status":"closed","ping_status":"open","sticky":false,"template":"","format":"standard","meta":{"footnotes":""},"categories":[126,180],"tags":[301,84,1782],"class_list":["post-6211","post","type-post","status-publish","format-standard","has-post-thumbnail","hentry","category-blues","category-news","tag-aniversario","tag-muerte","tag-robert-johnson"],"yoast_head":"<!-- This site is optimized with the Yoast SEO plugin v27.5 - https:\/\/yoast.com\/product\/yoast-seo-wordpress\/ -->\n<title>Robert Johnson: A 83 a\u00f1os del inicio del Club de los 27 - Radio UNO Digital<\/title>\n<meta name=\"description\" content=\"Un 6 de agosto de 1928 mor\u00eda el primero de una lista que pasar\u00eda a ser el Club de los 27.\" \/>\n<meta name=\"robots\" content=\"index, follow, max-snippet:-1, max-image-preview:large, max-video-preview:-1\" \/>\n<link rel=\"canonical\" href=\"https:\/\/radiounodigital.com\/web\/2021\/08\/06\/robert-johnson-a-83-anos-del-inicio-del-club-de-los-27\/\" \/>\n<meta property=\"og:locale\" content=\"es_ES\" \/>\n<meta property=\"og:type\" content=\"article\" \/>\n<meta property=\"og:title\" content=\"Robert Johnson: A 83 a\u00f1os del inicio del Club de los 27 - Radio UNO Digital\" \/>\n<meta property=\"og:description\" content=\"Un 6 de agosto de 1928 mor\u00eda el primero de una lista que pasar\u00eda a ser el Club de los 27.\" \/>\n<meta property=\"og:url\" content=\"https:\/\/radiounodigital.com\/web\/2021\/08\/06\/robert-johnson-a-83-anos-del-inicio-del-club-de-los-27\/\" \/>\n<meta property=\"og:site_name\" content=\"Radio UNO Digital\" \/>\n<meta property=\"article:published_time\" content=\"2021-08-06T11:23:39+00:00\" \/>\n<meta property=\"article:modified_time\" content=\"2021-08-06T14:25:07+00:00\" \/>\n<meta property=\"og:image\" content=\"https:\/\/radiounodigital.com\/web\/wp-content\/uploads\/2021\/05\/Robert-Johnson.jpg\" \/>\n\t<meta property=\"og:image:width\" content=\"900\" \/>\n\t<meta property=\"og:image:height\" content=\"600\" \/>\n\t<meta property=\"og:image:type\" content=\"image\/jpeg\" \/>\n<meta name=\"author\" content=\"diegoc\" \/>\n<meta name=\"twitter:card\" content=\"summary_large_image\" \/>\n<meta name=\"twitter:label1\" content=\"Escrito por\" \/>\n\t<meta name=\"twitter:data1\" content=\"diegoc\" \/>\n\t<meta name=\"twitter:label2\" content=\"Tiempo de lectura\" \/>\n\t<meta name=\"twitter:data2\" content=\"1 minuto\" \/>\n<script type=\"application\/ld+json\" class=\"yoast-schema-graph\">{\"@context\":\"https:\\\/\\\/schema.org\",\"@graph\":[{\"@type\":\"Article\",\"@id\":\"https:\\\/\\\/radiounodigital.com\\\/web\\\/2021\\\/08\\\/06\\\/robert-johnson-a-83-anos-del-inicio-del-club-de-los-27\\\/#article\",\"isPartOf\":{\"@id\":\"https:\\\/\\\/radiounodigital.com\\\/web\\\/2021\\\/08\\\/06\\\/robert-johnson-a-83-anos-del-inicio-del-club-de-los-27\\\/\"},\"author\":{\"name\":\"diegoc\",\"@id\":\"https:\\\/\\\/radiounodigital.com\\\/web\\\/#\\\/schema\\\/person\\\/00b93151fa54f619ecf9c183d1fc9758\"},\"headline\":\"Robert Johnson: A 83 a\u00f1os del inicio del Club de los 27\",\"datePublished\":\"2021-08-06T11:23:39+00:00\",\"dateModified\":\"2021-08-06T14:25:07+00:00\",\"mainEntityOfPage\":{\"@id\":\"https:\\\/\\\/radiounodigital.com\\\/web\\\/2021\\\/08\\\/06\\\/robert-johnson-a-83-anos-del-inicio-del-club-de-los-27\\\/\"},\"wordCount\":101,\"image\":{\"@id\":\"https:\\\/\\\/radiounodigital.com\\\/web\\\/2021\\\/08\\\/06\\\/robert-johnson-a-83-anos-del-inicio-del-club-de-los-27\\\/#primaryimage\"},\"thumbnailUrl\":\"https:\\\/\\\/radiounodigital.com\\\/web\\\/wp-content\\\/uploads\\\/2021\\\/05\\\/Robert-Johnson.jpg\",\"keywords\":[\"aniversario\",\"muerte\",\"robert johnson\"],\"articleSection\":[\"Blues\",\"news\"],\"inLanguage\":\"es\"},{\"@type\":\"WebPage\",\"@id\":\"https:\\\/\\\/radiounodigital.com\\\/web\\\/2021\\\/08\\\/06\\\/robert-johnson-a-83-anos-del-inicio-del-club-de-los-27\\\/\",\"url\":\"https:\\\/\\\/radiounodigital.com\\\/web\\\/2021\\\/08\\\/06\\\/robert-johnson-a-83-anos-del-inicio-del-club-de-los-27\\\/\",\"name\":\"Robert Johnson: A 83 a\u00f1os del inicio del Club de los 27 - Radio UNO Digital\",\"isPartOf\":{\"@id\":\"https:\\\/\\\/radiounodigital.com\\\/web\\\/#website\"},\"primaryImageOfPage\":{\"@id\":\"https:\\\/\\\/radiounodigital.com\\\/web\\\/2021\\\/08\\\/06\\\/robert-johnson-a-83-anos-del-inicio-del-club-de-los-27\\\/#primaryimage\"},\"image\":{\"@id\":\"https:\\\/\\\/radiounodigital.com\\\/web\\\/2021\\\/08\\\/06\\\/robert-johnson-a-83-anos-del-inicio-del-club-de-los-27\\\/#primaryimage\"},\"thumbnailUrl\":\"https:\\\/\\\/radiounodigital.com\\\/web\\\/wp-content\\\/uploads\\\/2021\\\/05\\\/Robert-Johnson.jpg\",\"datePublished\":\"2021-08-06T11:23:39+00:00\",\"dateModified\":\"2021-08-06T14:25:07+00:00\",\"author\":{\"@id\":\"https:\\\/\\\/radiounodigital.com\\\/web\\\/#\\\/schema\\\/person\\\/00b93151fa54f619ecf9c183d1fc9758\"},\"description\":\"Un 6 de agosto de 1928 mor\u00eda el primero de una lista que pasar\u00eda a ser el Club de los 27.\",\"breadcrumb\":{\"@id\":\"https:\\\/\\\/radiounodigital.com\\\/web\\\/2021\\\/08\\\/06\\\/robert-johnson-a-83-anos-del-inicio-del-club-de-los-27\\\/#breadcrumb\"},\"inLanguage\":\"es\",\"potentialAction\":[{\"@type\":\"ReadAction\",\"target\":[\"https:\\\/\\\/radiounodigital.com\\\/web\\\/2021\\\/08\\\/06\\\/robert-johnson-a-83-anos-del-inicio-del-club-de-los-27\\\/\"]}]},{\"@type\":\"ImageObject\",\"inLanguage\":\"es\",\"@id\":\"https:\\\/\\\/radiounodigital.com\\\/web\\\/2021\\\/08\\\/06\\\/robert-johnson-a-83-anos-del-inicio-del-club-de-los-27\\\/#primaryimage\",\"url\":\"https:\\\/\\\/radiounodigital.com\\\/web\\\/wp-content\\\/uploads\\\/2021\\\/05\\\/Robert-Johnson.jpg\",\"contentUrl\":\"https:\\\/\\\/radiounodigital.com\\\/web\\\/wp-content\\\/uploads\\\/2021\\\/05\\\/Robert-Johnson.jpg\",\"width\":900,\"height\":600},{\"@type\":\"BreadcrumbList\",\"@id\":\"https:\\\/\\\/radiounodigital.com\\\/web\\\/2021\\\/08\\\/06\\\/robert-johnson-a-83-anos-del-inicio-del-club-de-los-27\\\/#breadcrumb\",\"itemListElement\":[{\"@type\":\"ListItem\",\"position\":1,\"name\":\"Home\",\"item\":\"https:\\\/\\\/radiounodigital.com\\\/web\\\/\"},{\"@type\":\"ListItem\",\"position\":2,\"name\":\"Robert Johnson: A 83 a\u00f1os del inicio del Club de los 27\"}]},{\"@type\":\"WebSite\",\"@id\":\"https:\\\/\\\/radiounodigital.com\\\/web\\\/#website\",\"url\":\"https:\\\/\\\/radiounodigital.com\\\/web\\\/\",\"name\":\"Radio UNO Digital\",\"description\":\"Donde la cultura del rock se siente\",\"potentialAction\":[{\"@type\":\"SearchAction\",\"target\":{\"@type\":\"EntryPoint\",\"urlTemplate\":\"https:\\\/\\\/radiounodigital.com\\\/web\\\/?s={search_term_string}\"},\"query-input\":{\"@type\":\"PropertyValueSpecification\",\"valueRequired\":true,\"valueName\":\"search_term_string\"}}],\"inLanguage\":\"es\"},{\"@type\":\"Person\",\"@id\":\"https:\\\/\\\/radiounodigital.com\\\/web\\\/#\\\/schema\\\/person\\\/00b93151fa54f619ecf9c183d1fc9758\",\"name\":\"diegoc\",\"image\":{\"@type\":\"ImageObject\",\"inLanguage\":\"es\",\"@id\":\"https:\\\/\\\/secure.gravatar.com\\\/avatar\\\/0a67041d44c702fb0660d81a5a32c7ce6007341cf92afeb718b75883bf415864?s=96&d=blank&r=g\",\"url\":\"https:\\\/\\\/secure.gravatar.com\\\/avatar\\\/0a67041d44c702fb0660d81a5a32c7ce6007341cf92afeb718b75883bf415864?s=96&d=blank&r=g\",\"contentUrl\":\"https:\\\/\\\/secure.gravatar.com\\\/avatar\\\/0a67041d44c702fb0660d81a5a32c7ce6007341cf92afeb718b75883bf415864?s=96&d=blank&r=g\",\"caption\":\"diegoc\"},\"url\":\"https:\\\/\\\/radiounodigital.com\\\/web\\\/author\\\/diegoc\\\/\"}]}<\/script>\n<!-- \/ Yoast SEO plugin. -->","yoast_head_json":{"title":"Robert Johnson: A 83 a\u00f1os del inicio del Club de los 27 - Radio UNO Digital","description":"Un 6 de agosto de 1928 mor\u00eda el primero de una lista que pasar\u00eda a ser el Club de los 27.","robots":{"index":"index","follow":"follow","max-snippet":"max-snippet:-1","max-image-preview":"max-image-preview:large","max-video-preview":"max-video-preview:-1"},"canonical":"https:\/\/radiounodigital.com\/web\/2021\/08\/06\/robert-johnson-a-83-anos-del-inicio-del-club-de-los-27\/","og_locale":"es_ES","og_type":"article","og_title":"Robert Johnson: A 83 a\u00f1os del inicio del Club de los 27 - Radio UNO Digital","og_description":"Un 6 de agosto de 1928 mor\u00eda el primero de una lista que pasar\u00eda a ser el Club de los 27.","og_url":"https:\/\/radiounodigital.com\/web\/2021\/08\/06\/robert-johnson-a-83-anos-del-inicio-del-club-de-los-27\/","og_site_name":"Radio UNO Digital","article_published_time":"2021-08-06T11:23:39+00:00","article_modified_time":"2021-08-06T14:25:07+00:00","og_image":[{"width":900,"height":600,"url":"https:\/\/radiounodigital.com\/web\/wp-content\/uploads\/2021\/05\/Robert-Johnson.jpg","type":"image\/jpeg"}],"author":"diegoc","twitter_card":"summary_large_image","twitter_misc":{"Escrito por":"diegoc","Tiempo de lectura":"1 minuto"},"schema":{"@context":"https:\/\/schema.org","@graph":[{"@type":"Article","@id":"https:\/\/radiounodigital.com\/web\/2021\/08\/06\/robert-johnson-a-83-anos-del-inicio-del-club-de-los-27\/#article","isPartOf":{"@id":"https:\/\/radiounodigital.com\/web\/2021\/08\/06\/robert-johnson-a-83-anos-del-inicio-del-club-de-los-27\/"},"author":{"name":"diegoc","@id":"https:\/\/radiounodigital.com\/web\/#\/schema\/person\/00b93151fa54f619ecf9c183d1fc9758"},"headline":"Robert Johnson: A 83 a\u00f1os del inicio del Club de los 27","datePublished":"2021-08-06T11:23:39+00:00","dateModified":"2021-08-06T14:25:07+00:00","mainEntityOfPage":{"@id":"https:\/\/radiounodigital.com\/web\/2021\/08\/06\/robert-johnson-a-83-anos-del-inicio-del-club-de-los-27\/"},"wordCount":101,"image":{"@id":"https:\/\/radiounodigital.com\/web\/2021\/08\/06\/robert-johnson-a-83-anos-del-inicio-del-club-de-los-27\/#primaryimage"},"thumbnailUrl":"https:\/\/radiounodigital.com\/web\/wp-content\/uploads\/2021\/05\/Robert-Johnson.jpg","keywords":["aniversario","muerte","robert johnson"],"articleSection":["Blues","news"],"inLanguage":"es"},{"@type":"WebPage","@id":"https:\/\/radiounodigital.com\/web\/2021\/08\/06\/robert-johnson-a-83-anos-del-inicio-del-club-de-los-27\/","url":"https:\/\/radiounodigital.com\/web\/2021\/08\/06\/robert-johnson-a-83-anos-del-inicio-del-club-de-los-27\/","name":"Robert Johnson: A 83 a\u00f1os del inicio del Club de los 27 - Radio UNO Digital","isPartOf":{"@id":"https:\/\/radiounodigital.com\/web\/#website"},"primaryImageOfPage":{"@id":"https:\/\/radiounodigital.com\/web\/2021\/08\/06\/robert-johnson-a-83-anos-del-inicio-del-club-de-los-27\/#primaryimage"},"image":{"@id":"https:\/\/radiounodigital.com\/web\/2021\/08\/06\/robert-johnson-a-83-anos-del-inicio-del-club-de-los-27\/#primaryimage"},"thumbnailUrl":"https:\/\/radiounodigital.com\/web\/wp-content\/uploads\/2021\/05\/Robert-Johnson.jpg","datePublished":"2021-08-06T11:23:39+00:00","dateModified":"2021-08-06T14:25:07+00:00","author":{"@id":"https:\/\/radiounodigital.com\/web\/#\/schema\/person\/00b93151fa54f619ecf9c183d1fc9758"},"description":"Un 6 de agosto de 1928 mor\u00eda el primero de una lista que pasar\u00eda a ser el Club de los 27.","breadcrumb":{"@id":"https:\/\/radiounodigital.com\/web\/2021\/08\/06\/robert-johnson-a-83-anos-del-inicio-del-club-de-los-27\/#breadcrumb"},"inLanguage":"es","potentialAction":[{"@type":"ReadAction","target":["https:\/\/radiounodigital.com\/web\/2021\/08\/06\/robert-johnson-a-83-anos-del-inicio-del-club-de-los-27\/"]}]},{"@type":"ImageObject","inLanguage":"es","@id":"https:\/\/radiounodigital.com\/web\/2021\/08\/06\/robert-johnson-a-83-anos-del-inicio-del-club-de-los-27\/#primaryimage","url":"https:\/\/radiounodigital.com\/web\/wp-content\/uploads\/2021\/05\/Robert-Johnson.jpg","contentUrl":"https:\/\/radiounodigital.com\/web\/wp-content\/uploads\/2021\/05\/Robert-Johnson.jpg","width":900,"height":600},{"@type":"BreadcrumbList","@id":"https:\/\/radiounodigital.com\/web\/2021\/08\/06\/robert-johnson-a-83-anos-del-inicio-del-club-de-los-27\/#breadcrumb","itemListElement":[{"@type":"ListItem","position":1,"name":"Home","item":"https:\/\/radiounodigital.com\/web\/"},{"@type":"ListItem","position":2,"name":"Robert Johnson: A 83 a\u00f1os del inicio del Club de los 27"}]},{"@type":"WebSite","@id":"https:\/\/radiounodigital.com\/web\/#website","url":"https:\/\/radiounodigital.com\/web\/","name":"Radio UNO Digital","description":"Donde la cultura del rock se siente","potentialAction":[{"@type":"SearchAction","target":{"@type":"EntryPoint","urlTemplate":"https:\/\/radiounodigital.com\/web\/?s={search_term_string}"},"query-input":{"@type":"PropertyValueSpecification","valueRequired":true,"valueName":"search_term_string"}}],"inLanguage":"es"},{"@type":"Person","@id":"https:\/\/radiounodigital.com\/web\/#\/schema\/person\/00b93151fa54f619ecf9c183d1fc9758","name":"diegoc","image":{"@type":"ImageObject","inLanguage":"es","@id":"https:\/\/secure.gravatar.com\/avatar\/0a67041d44c702fb0660d81a5a32c7ce6007341cf92afeb718b75883bf415864?s=96&d=blank&r=g","url":"https:\/\/secure.gravatar.com\/avatar\/0a67041d44c702fb0660d81a5a32c7ce6007341cf92afeb718b75883bf415864?s=96&d=blank&r=g","contentUrl":"https:\/\/secure.gravatar.com\/avatar\/0a67041d44c702fb0660d81a5a32c7ce6007341cf92afeb718b75883bf415864?s=96&d=blank&r=g","caption":"diegoc"},"url":"https:\/\/radiounodigital.com\/web\/author\/diegoc\/"}]}},"_links":{"self":[{"href":"https:\/\/radiounodigital.com\/web\/wp-json\/wp\/v2\/posts\/6211","targetHints":{"allow":["GET"]}}],"collection":[{"href":"https:\/\/radiounodigital.com\/web\/wp-json\/wp\/v2\/posts"}],"about":[{"href":"https:\/\/radiounodigital.com\/web\/wp-json\/wp\/v2\/types\/post"}],"author":[{"embeddable":true,"href":"https:\/\/radiounodigital.com\/web\/wp-json\/wp\/v2\/users\/1"}],"replies":[{"embeddable":true,"href":"https:\/\/radiounodigital.com\/web\/wp-json\/wp\/v2\/comments?post=6211"}],"version-history":[{"count":1,"href":"https:\/\/radiounodigital.com\/web\/wp-json\/wp\/v2\/posts\/6211\/revisions"}],"predecessor-version":[{"id":6212,"href":"https:\/\/radiounodigital.com\/web\/wp-json\/wp\/v2\/posts\/6211\/revisions\/6212"}],"wp:featuredmedia":[{"embeddable":true,"href":"https:\/\/radiounodigital.com\/web\/wp-json\/wp\/v2\/media\/5869"}],"wp:attachment":[{"href":"https:\/\/radiounodigital.com\/web\/wp-json\/wp\/v2\/media?parent=6211"}],"wp:term":[{"taxonomy":"category","embeddable":true,"href":"https:\/\/radiounodigital.com\/web\/wp-json\/wp\/v2\/categories?post=6211"},{"taxonomy":"post_tag","embeddable":true,"href":"https:\/\/radiounodigital.com\/web\/wp-json\/wp\/v2\/tags?post=6211"}],"curies":[{"name":"wp","href":"https:\/\/api.w.org\/{rel}","templated":true}]}}