{"id":6304,"date":"2021-08-24T14:37:42","date_gmt":"2021-08-24T17:37:42","guid":{"rendered":"https:\/\/radiounodigital.com\/web\/?p=6304"},"modified":"2021-08-24T14:37:42","modified_gmt":"2021-08-24T17:37:42","slug":"murio-charlie-watts-es-el-final-de-los-rolling-stones","status":"publish","type":"post","link":"https:\/\/radiounodigital.com\/web\/2021\/08\/24\/murio-charlie-watts-es-el-final-de-los-rolling-stones\/","title":{"rendered":"Muri\u00f3 Charlie Watts. \u00bfEs el final de los Rolling Stones?"},"content":{"rendered":"<h3>El baterista de los Rolling Stones, Charlie Watts, muri\u00f3 a los 80 a\u00f1os, confirma su publicista.<\/h3>\n<p><iframe loading=\"lazy\" title=\"(R.I.P.) Charlie Watts, Rolling Stones Drummer, Dies at 80 .\" width=\"960\" height=\"540\" src=\"https:\/\/www.youtube.com\/embed\/J3DO675CwEI?feature=oembed\" frameborder=\"0\" allow=\"accelerometer; autoplay; clipboard-write; encrypted-media; gyroscope; picture-in-picture\" allowfullscreen><\/iframe><\/p>\n<p>La noticia fue confirmada por su publicista, Bernard Doherty, quien dijo: \u00abEs con inmensa tristeza que anunciamos la muerte de nuestro amado Charlie Watts. Falleci\u00f3 pac\u00edficamente en un hospital de Londres el d\u00eda de hoy rodeado de su familia\u00bb.<\/p>\n<p>\u00abCharlie fue un querido esposo, padre y abuelo y tambi\u00e9n, como miembro de The Rolling Stones, uno de los mejores bateristas de su generaci\u00f3n.<\/p>\n<p>\u00abSolicitamos amablemente que se respete la privacidad de su familia, miembros de la banda y amigos cercanos en este momento dif\u00edcil\u00bb.<\/p>\n<p>Watts se uni\u00f3 a los Stones en 1963, uni\u00e9ndose a Mick Jagger, Keith Richards y Brian Jones, y tocando en \u00e1lbumes seminales como Let It Bleed, Sticky Fingers y Exile on Main St. Fue uno de los miembros m\u00e1s antiguos de la banda.<\/p>\n<p>Watts anunci\u00f3 a principios de este a\u00f1o que no asistir\u00eda a las fechas de la banda en Estados Unidos mientras se recuperaba de un procedimiento m\u00e9dico. Watts fue tratado por c\u00e1ncer de garganta en 2004, pero se le dio el visto bueno luego de un curso de radioterapia.<\/p>\n<p>Celebr\u00f3 su 80 cumplea\u00f1os en junio.<\/p>\n<p>Estrellas de rock como Ringo Starr, Elton John y Glen Matlock han compartido tributos, y John dijo: \u00abCharlie Watts fue el baterista definitivo. El hombre m\u00e1s elegante y una compa\u00f1\u00eda tan brillante\u00bb.<\/p>\n<p><iframe loading=\"lazy\" title=\"09) The Rolling Stones - Going To A Go Go (From The Vault Hampton Coliseum Live In 1981) HD 720p\" width=\"960\" height=\"720\" src=\"https:\/\/www.youtube.com\/embed\/IXQ-PWVsiDk?feature=oembed\" frameborder=\"0\" allow=\"accelerometer; autoplay; clipboard-write; encrypted-media; gyroscope; picture-in-picture\" allowfullscreen><\/iframe><\/p>\n<div class=\"fb-background-color\">\n\t\t\t  <div \n\t\t\t  \tclass = \"fb-comments\" \n\t\t\t  \tdata-href = \"https:\/\/radiounodigital.com\/web\/2021\/08\/24\/murio-charlie-watts-es-el-final-de-los-rolling-stones\/\"\n\t\t\t  \tdata-numposts = \"10\"\n\t\t\t  \tdata-lazy = \"true\"\n\t\t\t\tdata-colorscheme = \"dark\"\n\t\t\t\tdata-order-by = \"reverse_time\"\n\t\t\t\tdata-mobile=true>\n\t\t\t  <\/div><\/div>\n\t\t  <style>\n\t\t    .fb-background-color {\n\t\t\t\tbackground: #ffffff !important;\n\t\t\t}\n\t\t\t.fb_iframe_widget_fluid_desktop iframe {\n\t\t\t    width: 100% !important;\n\t\t\t}\n\t\t  <\/style>\n\t\t  ","protected":false},"excerpt":{"rendered":"<p>El baterista de los Rolling Stones, Charlie Watts, muri\u00f3 a los 80 a\u00f1os, confirma su publicista. La noticia fue confirmada por su publicista, Bernard Doherty, quien dijo: \u00abEs con inmensa tristeza que anunciamos la muerte de nuestro amado Charlie Watts. Falleci\u00f3 pac\u00edficamente en un hospital de Londres el d\u00eda de hoy rodeado de su familia\u00bb&#8230;. <a href=\"https:\/\/radiounodigital.com\/web\/2021\/08\/24\/murio-charlie-watts-es-el-final-de-los-rolling-stones\/\" class=\"excerpt-read-more\">Read More<\/a><\/p>\n","protected":false},"author":1,"featured_media":6305,"comment_status":"closed","ping_status":"open","sticky":false,"template":"","format":"standard","meta":{"footnotes":""},"categories":[1706,180,128,1359],"tags":[1829,1982,1136,73],"class_list":["post-6304","post","type-post","status-publish","format-standard","has-post-thumbnail","hentry","category-especiales","category-news","category-rock-clasico","category-videos","tag-charlie-watts","tag-died","tag-murio","tag-rolling-stones"],"yoast_head":"<!-- This site is optimized with the Yoast SEO plugin v27.4 - https:\/\/yoast.com\/product\/yoast-seo-wordpress\/ -->\n<title>Muri\u00f3 Charlie Watts. \u00bfEs el final de los Rolling Stones? - Radio UNO Digital<\/title>\n<meta name=\"robots\" content=\"index, follow, max-snippet:-1, max-image-preview:large, max-video-preview:-1\" \/>\n<link rel=\"canonical\" href=\"https:\/\/radiounodigital.com\/web\/2021\/08\/24\/murio-charlie-watts-es-el-final-de-los-rolling-stones\/\" \/>\n<meta property=\"og:locale\" content=\"es_ES\" \/>\n<meta property=\"og:type\" content=\"article\" \/>\n<meta property=\"og:title\" content=\"Muri\u00f3 Charlie Watts. \u00bfEs el final de los Rolling Stones? - Radio UNO Digital\" \/>\n<meta property=\"og:description\" content=\"El baterista de los Rolling Stones, Charlie Watts, muri\u00f3 a los 80 a\u00f1os, confirma su publicista. La noticia fue confirmada por su publicista, Bernard Doherty, quien dijo: \u00abEs con inmensa tristeza que anunciamos la muerte de nuestro amado Charlie Watts. Falleci\u00f3 pac\u00edficamente en un hospital de Londres el d\u00eda de hoy rodeado de su familia\u00bb.... Read More\" \/>\n<meta property=\"og:url\" content=\"https:\/\/radiounodigital.com\/web\/2021\/08\/24\/murio-charlie-watts-es-el-final-de-los-rolling-stones\/\" \/>\n<meta property=\"og:site_name\" content=\"Radio UNO Digital\" \/>\n<meta property=\"article:published_time\" content=\"2021-08-24T17:37:42+00:00\" \/>\n<meta property=\"og:image\" content=\"https:\/\/radiounodigital.com\/web\/wp-content\/uploads\/2021\/08\/Charlie-Watts-e1629826636533.jpg\" \/>\n\t<meta property=\"og:image:width\" content=\"650\" \/>\n\t<meta property=\"og:image:height\" content=\"433\" \/>\n\t<meta property=\"og:image:type\" content=\"image\/jpeg\" \/>\n<meta name=\"author\" content=\"diegoc\" \/>\n<meta name=\"twitter:card\" content=\"summary_large_image\" \/>\n<meta name=\"twitter:label1\" content=\"Escrito por\" \/>\n\t<meta name=\"twitter:data1\" content=\"diegoc\" \/>\n\t<meta name=\"twitter:label2\" content=\"Tiempo de lectura\" \/>\n\t<meta name=\"twitter:data2\" content=\"2 minutos\" \/>\n<script type=\"application\/ld+json\" class=\"yoast-schema-graph\">{\"@context\":\"https:\\\/\\\/schema.org\",\"@graph\":[{\"@type\":\"Article\",\"@id\":\"https:\\\/\\\/radiounodigital.com\\\/web\\\/2021\\\/08\\\/24\\\/murio-charlie-watts-es-el-final-de-los-rolling-stones\\\/#article\",\"isPartOf\":{\"@id\":\"https:\\\/\\\/radiounodigital.com\\\/web\\\/2021\\\/08\\\/24\\\/murio-charlie-watts-es-el-final-de-los-rolling-stones\\\/\"},\"author\":{\"name\":\"diegoc\",\"@id\":\"https:\\\/\\\/radiounodigital.com\\\/web\\\/#\\\/schema\\\/person\\\/00b93151fa54f619ecf9c183d1fc9758\"},\"headline\":\"Muri\u00f3 Charlie Watts. \u00bfEs el final de los Rolling Stones?\",\"datePublished\":\"2021-08-24T17:37:42+00:00\",\"mainEntityOfPage\":{\"@id\":\"https:\\\/\\\/radiounodigital.com\\\/web\\\/2021\\\/08\\\/24\\\/murio-charlie-watts-es-el-final-de-los-rolling-stones\\\/\"},\"wordCount\":266,\"image\":{\"@id\":\"https:\\\/\\\/radiounodigital.com\\\/web\\\/2021\\\/08\\\/24\\\/murio-charlie-watts-es-el-final-de-los-rolling-stones\\\/#primaryimage\"},\"thumbnailUrl\":\"https:\\\/\\\/radiounodigital.com\\\/web\\\/wp-content\\\/uploads\\\/2021\\\/08\\\/Charlie-Watts-e1629826636533.jpg\",\"keywords\":[\"charlie watts\",\"died\",\"murio\",\"rolling stones\"],\"articleSection\":[\"especiales\",\"news\",\"Rock Clasico\",\"videos\"],\"inLanguage\":\"es\"},{\"@type\":\"WebPage\",\"@id\":\"https:\\\/\\\/radiounodigital.com\\\/web\\\/2021\\\/08\\\/24\\\/murio-charlie-watts-es-el-final-de-los-rolling-stones\\\/\",\"url\":\"https:\\\/\\\/radiounodigital.com\\\/web\\\/2021\\\/08\\\/24\\\/murio-charlie-watts-es-el-final-de-los-rolling-stones\\\/\",\"name\":\"Muri\u00f3 Charlie Watts. \u00bfEs el final de los Rolling Stones? - Radio UNO Digital\",\"isPartOf\":{\"@id\":\"https:\\\/\\\/radiounodigital.com\\\/web\\\/#website\"},\"primaryImageOfPage\":{\"@id\":\"https:\\\/\\\/radiounodigital.com\\\/web\\\/2021\\\/08\\\/24\\\/murio-charlie-watts-es-el-final-de-los-rolling-stones\\\/#primaryimage\"},\"image\":{\"@id\":\"https:\\\/\\\/radiounodigital.com\\\/web\\\/2021\\\/08\\\/24\\\/murio-charlie-watts-es-el-final-de-los-rolling-stones\\\/#primaryimage\"},\"thumbnailUrl\":\"https:\\\/\\\/radiounodigital.com\\\/web\\\/wp-content\\\/uploads\\\/2021\\\/08\\\/Charlie-Watts-e1629826636533.jpg\",\"datePublished\":\"2021-08-24T17:37:42+00:00\",\"author\":{\"@id\":\"https:\\\/\\\/radiounodigital.com\\\/web\\\/#\\\/schema\\\/person\\\/00b93151fa54f619ecf9c183d1fc9758\"},\"breadcrumb\":{\"@id\":\"https:\\\/\\\/radiounodigital.com\\\/web\\\/2021\\\/08\\\/24\\\/murio-charlie-watts-es-el-final-de-los-rolling-stones\\\/#breadcrumb\"},\"inLanguage\":\"es\",\"potentialAction\":[{\"@type\":\"ReadAction\",\"target\":[\"https:\\\/\\\/radiounodigital.com\\\/web\\\/2021\\\/08\\\/24\\\/murio-charlie-watts-es-el-final-de-los-rolling-stones\\\/\"]}]},{\"@type\":\"ImageObject\",\"inLanguage\":\"es\",\"@id\":\"https:\\\/\\\/radiounodigital.com\\\/web\\\/2021\\\/08\\\/24\\\/murio-charlie-watts-es-el-final-de-los-rolling-stones\\\/#primaryimage\",\"url\":\"https:\\\/\\\/radiounodigital.com\\\/web\\\/wp-content\\\/uploads\\\/2021\\\/08\\\/Charlie-Watts-e1629826636533.jpg\",\"contentUrl\":\"https:\\\/\\\/radiounodigital.com\\\/web\\\/wp-content\\\/uploads\\\/2021\\\/08\\\/Charlie-Watts-e1629826636533.jpg\",\"width\":650,\"height\":433},{\"@type\":\"BreadcrumbList\",\"@id\":\"https:\\\/\\\/radiounodigital.com\\\/web\\\/2021\\\/08\\\/24\\\/murio-charlie-watts-es-el-final-de-los-rolling-stones\\\/#breadcrumb\",\"itemListElement\":[{\"@type\":\"ListItem\",\"position\":1,\"name\":\"Home\",\"item\":\"https:\\\/\\\/radiounodigital.com\\\/web\\\/\"},{\"@type\":\"ListItem\",\"position\":2,\"name\":\"Muri\u00f3 Charlie Watts. \u00bfEs el final de los Rolling Stones?\"}]},{\"@type\":\"WebSite\",\"@id\":\"https:\\\/\\\/radiounodigital.com\\\/web\\\/#website\",\"url\":\"https:\\\/\\\/radiounodigital.com\\\/web\\\/\",\"name\":\"Radio UNO Digital\",\"description\":\"Donde la cultura del rock se siente\",\"potentialAction\":[{\"@type\":\"SearchAction\",\"target\":{\"@type\":\"EntryPoint\",\"urlTemplate\":\"https:\\\/\\\/radiounodigital.com\\\/web\\\/?s={search_term_string}\"},\"query-input\":{\"@type\":\"PropertyValueSpecification\",\"valueRequired\":true,\"valueName\":\"search_term_string\"}}],\"inLanguage\":\"es\"},{\"@type\":\"Person\",\"@id\":\"https:\\\/\\\/radiounodigital.com\\\/web\\\/#\\\/schema\\\/person\\\/00b93151fa54f619ecf9c183d1fc9758\",\"name\":\"diegoc\",\"image\":{\"@type\":\"ImageObject\",\"inLanguage\":\"es\",\"@id\":\"https:\\\/\\\/secure.gravatar.com\\\/avatar\\\/0a67041d44c702fb0660d81a5a32c7ce6007341cf92afeb718b75883bf415864?s=96&d=blank&r=g\",\"url\":\"https:\\\/\\\/secure.gravatar.com\\\/avatar\\\/0a67041d44c702fb0660d81a5a32c7ce6007341cf92afeb718b75883bf415864?s=96&d=blank&r=g\",\"contentUrl\":\"https:\\\/\\\/secure.gravatar.com\\\/avatar\\\/0a67041d44c702fb0660d81a5a32c7ce6007341cf92afeb718b75883bf415864?s=96&d=blank&r=g\",\"caption\":\"diegoc\"},\"url\":\"https:\\\/\\\/radiounodigital.com\\\/web\\\/author\\\/diegoc\\\/\"}]}<\/script>\n<!-- \/ Yoast SEO plugin. -->","yoast_head_json":{"title":"Muri\u00f3 Charlie Watts. \u00bfEs el final de los Rolling Stones? - Radio UNO Digital","robots":{"index":"index","follow":"follow","max-snippet":"max-snippet:-1","max-image-preview":"max-image-preview:large","max-video-preview":"max-video-preview:-1"},"canonical":"https:\/\/radiounodigital.com\/web\/2021\/08\/24\/murio-charlie-watts-es-el-final-de-los-rolling-stones\/","og_locale":"es_ES","og_type":"article","og_title":"Muri\u00f3 Charlie Watts. \u00bfEs el final de los Rolling Stones? - Radio UNO Digital","og_description":"El baterista de los Rolling Stones, Charlie Watts, muri\u00f3 a los 80 a\u00f1os, confirma su publicista. La noticia fue confirmada por su publicista, Bernard Doherty, quien dijo: \u00abEs con inmensa tristeza que anunciamos la muerte de nuestro amado Charlie Watts. Falleci\u00f3 pac\u00edficamente en un hospital de Londres el d\u00eda de hoy rodeado de su familia\u00bb.... Read More","og_url":"https:\/\/radiounodigital.com\/web\/2021\/08\/24\/murio-charlie-watts-es-el-final-de-los-rolling-stones\/","og_site_name":"Radio UNO Digital","article_published_time":"2021-08-24T17:37:42+00:00","og_image":[{"width":650,"height":433,"url":"https:\/\/radiounodigital.com\/web\/wp-content\/uploads\/2021\/08\/Charlie-Watts-e1629826636533.jpg","type":"image\/jpeg"}],"author":"diegoc","twitter_card":"summary_large_image","twitter_misc":{"Escrito por":"diegoc","Tiempo de lectura":"2 minutos"},"schema":{"@context":"https:\/\/schema.org","@graph":[{"@type":"Article","@id":"https:\/\/radiounodigital.com\/web\/2021\/08\/24\/murio-charlie-watts-es-el-final-de-los-rolling-stones\/#article","isPartOf":{"@id":"https:\/\/radiounodigital.com\/web\/2021\/08\/24\/murio-charlie-watts-es-el-final-de-los-rolling-stones\/"},"author":{"name":"diegoc","@id":"https:\/\/radiounodigital.com\/web\/#\/schema\/person\/00b93151fa54f619ecf9c183d1fc9758"},"headline":"Muri\u00f3 Charlie Watts. \u00bfEs el final de los Rolling Stones?","datePublished":"2021-08-24T17:37:42+00:00","mainEntityOfPage":{"@id":"https:\/\/radiounodigital.com\/web\/2021\/08\/24\/murio-charlie-watts-es-el-final-de-los-rolling-stones\/"},"wordCount":266,"image":{"@id":"https:\/\/radiounodigital.com\/web\/2021\/08\/24\/murio-charlie-watts-es-el-final-de-los-rolling-stones\/#primaryimage"},"thumbnailUrl":"https:\/\/radiounodigital.com\/web\/wp-content\/uploads\/2021\/08\/Charlie-Watts-e1629826636533.jpg","keywords":["charlie watts","died","murio","rolling stones"],"articleSection":["especiales","news","Rock Clasico","videos"],"inLanguage":"es"},{"@type":"WebPage","@id":"https:\/\/radiounodigital.com\/web\/2021\/08\/24\/murio-charlie-watts-es-el-final-de-los-rolling-stones\/","url":"https:\/\/radiounodigital.com\/web\/2021\/08\/24\/murio-charlie-watts-es-el-final-de-los-rolling-stones\/","name":"Muri\u00f3 Charlie Watts. \u00bfEs el final de los Rolling Stones? - Radio UNO Digital","isPartOf":{"@id":"https:\/\/radiounodigital.com\/web\/#website"},"primaryImageOfPage":{"@id":"https:\/\/radiounodigital.com\/web\/2021\/08\/24\/murio-charlie-watts-es-el-final-de-los-rolling-stones\/#primaryimage"},"image":{"@id":"https:\/\/radiounodigital.com\/web\/2021\/08\/24\/murio-charlie-watts-es-el-final-de-los-rolling-stones\/#primaryimage"},"thumbnailUrl":"https:\/\/radiounodigital.com\/web\/wp-content\/uploads\/2021\/08\/Charlie-Watts-e1629826636533.jpg","datePublished":"2021-08-24T17:37:42+00:00","author":{"@id":"https:\/\/radiounodigital.com\/web\/#\/schema\/person\/00b93151fa54f619ecf9c183d1fc9758"},"breadcrumb":{"@id":"https:\/\/radiounodigital.com\/web\/2021\/08\/24\/murio-charlie-watts-es-el-final-de-los-rolling-stones\/#breadcrumb"},"inLanguage":"es","potentialAction":[{"@type":"ReadAction","target":["https:\/\/radiounodigital.com\/web\/2021\/08\/24\/murio-charlie-watts-es-el-final-de-los-rolling-stones\/"]}]},{"@type":"ImageObject","inLanguage":"es","@id":"https:\/\/radiounodigital.com\/web\/2021\/08\/24\/murio-charlie-watts-es-el-final-de-los-rolling-stones\/#primaryimage","url":"https:\/\/radiounodigital.com\/web\/wp-content\/uploads\/2021\/08\/Charlie-Watts-e1629826636533.jpg","contentUrl":"https:\/\/radiounodigital.com\/web\/wp-content\/uploads\/2021\/08\/Charlie-Watts-e1629826636533.jpg","width":650,"height":433},{"@type":"BreadcrumbList","@id":"https:\/\/radiounodigital.com\/web\/2021\/08\/24\/murio-charlie-watts-es-el-final-de-los-rolling-stones\/#breadcrumb","itemListElement":[{"@type":"ListItem","position":1,"name":"Home","item":"https:\/\/radiounodigital.com\/web\/"},{"@type":"ListItem","position":2,"name":"Muri\u00f3 Charlie Watts. \u00bfEs el final de los Rolling Stones?"}]},{"@type":"WebSite","@id":"https:\/\/radiounodigital.com\/web\/#website","url":"https:\/\/radiounodigital.com\/web\/","name":"Radio UNO Digital","description":"Donde la cultura del rock se siente","potentialAction":[{"@type":"SearchAction","target":{"@type":"EntryPoint","urlTemplate":"https:\/\/radiounodigital.com\/web\/?s={search_term_string}"},"query-input":{"@type":"PropertyValueSpecification","valueRequired":true,"valueName":"search_term_string"}}],"inLanguage":"es"},{"@type":"Person","@id":"https:\/\/radiounodigital.com\/web\/#\/schema\/person\/00b93151fa54f619ecf9c183d1fc9758","name":"diegoc","image":{"@type":"ImageObject","inLanguage":"es","@id":"https:\/\/secure.gravatar.com\/avatar\/0a67041d44c702fb0660d81a5a32c7ce6007341cf92afeb718b75883bf415864?s=96&d=blank&r=g","url":"https:\/\/secure.gravatar.com\/avatar\/0a67041d44c702fb0660d81a5a32c7ce6007341cf92afeb718b75883bf415864?s=96&d=blank&r=g","contentUrl":"https:\/\/secure.gravatar.com\/avatar\/0a67041d44c702fb0660d81a5a32c7ce6007341cf92afeb718b75883bf415864?s=96&d=blank&r=g","caption":"diegoc"},"url":"https:\/\/radiounodigital.com\/web\/author\/diegoc\/"}]}},"_links":{"self":[{"href":"https:\/\/radiounodigital.com\/web\/wp-json\/wp\/v2\/posts\/6304","targetHints":{"allow":["GET"]}}],"collection":[{"href":"https:\/\/radiounodigital.com\/web\/wp-json\/wp\/v2\/posts"}],"about":[{"href":"https:\/\/radiounodigital.com\/web\/wp-json\/wp\/v2\/types\/post"}],"author":[{"embeddable":true,"href":"https:\/\/radiounodigital.com\/web\/wp-json\/wp\/v2\/users\/1"}],"replies":[{"embeddable":true,"href":"https:\/\/radiounodigital.com\/web\/wp-json\/wp\/v2\/comments?post=6304"}],"version-history":[{"count":1,"href":"https:\/\/radiounodigital.com\/web\/wp-json\/wp\/v2\/posts\/6304\/revisions"}],"predecessor-version":[{"id":6306,"href":"https:\/\/radiounodigital.com\/web\/wp-json\/wp\/v2\/posts\/6304\/revisions\/6306"}],"wp:featuredmedia":[{"embeddable":true,"href":"https:\/\/radiounodigital.com\/web\/wp-json\/wp\/v2\/media\/6305"}],"wp:attachment":[{"href":"https:\/\/radiounodigital.com\/web\/wp-json\/wp\/v2\/media?parent=6304"}],"wp:term":[{"taxonomy":"category","embeddable":true,"href":"https:\/\/radiounodigital.com\/web\/wp-json\/wp\/v2\/categories?post=6304"},{"taxonomy":"post_tag","embeddable":true,"href":"https:\/\/radiounodigital.com\/web\/wp-json\/wp\/v2\/tags?post=6304"}],"curies":[{"name":"wp","href":"https:\/\/api.w.org\/{rel}","templated":true}]}}