{"id":6310,"date":"2021-08-26T10:26:29","date_gmt":"2021-08-26T13:26:29","guid":{"rendered":"https:\/\/radiounodigital.com\/web\/?p=6310"},"modified":"2021-08-26T10:26:29","modified_gmt":"2021-08-26T13:26:29","slug":"el-bebe-nevermind-esta-demandando-a-nirvana-por-pornografia-infantil","status":"publish","type":"post","link":"https:\/\/radiounodigital.com\/web\/2021\/08\/26\/el-bebe-nevermind-esta-demandando-a-nirvana-por-pornografia-infantil\/","title":{"rendered":"El beb\u00e9 Nevermind est\u00e1 demandando a Nirvana por \u00abpornograf\u00eda infantil\u00bb"},"content":{"rendered":"<h3>30 a\u00f1os despu\u00e9s del lanzamiento de Nevermind, su estrella de portada est\u00e1 demandando a Nirvana, su sello discogr\u00e1fico y la herencia de Kurt Cobain.<\/h3>\n<p>Spencer Elden, quien apareci\u00f3 desnuda en la portada del \u00e1lbum Nevermind de Nirvana cuando ten\u00eda cuatro meses, est\u00e1 demandando a los miembros de Nirvana, as\u00ed como a Courtney Love, al fot\u00f3grafo Kirk Weddle y a varios sellos discogr\u00e1ficos.<\/p>\n<p>La demanda fue presentada en el Tribunal de Distrito en el Distrito Central de California por Robert Y. Lewis de Marsh Law Firm PLLC. Seg\u00fan una p\u00e1gina de biograf\u00eda en el sitio web de su compa\u00f1\u00eda, Lewis se especializa en representar a sobrevivientes de abuso sexual infantil.<\/p>\n<p>Entre las acusaciones hechas en los documentos judiciales se encuentran que la banda \u00abprodujo, posey\u00f3 y publicit\u00f3 a sabiendas pornograf\u00eda infantil comercial que representa a Spencer, y que a sabiendas recibieron valor a cambio de hacerlo\u00bb, y que \u00ablos acusados \u200b\u200bno tomaron las medidas razonables para proteger Spencer y prevenir su explotaci\u00f3n sexual y tr\u00e1fico de im\u00e1genes generalizados \u00ab.<\/p>\n<p>La demanda tambi\u00e9n alega que, \u00abLos acusados \u200b\u200butilizaron pornograf\u00eda infantil que representa a Spencer como un elemento esencial de un plan de promoci\u00f3n de discos com\u00fanmente utilizado en la industria de la m\u00fasica para llamar la atenci\u00f3n, en el que las portadas de los \u00e1lbumes presentaban a los ni\u00f1os de una manera sexualmente provocativa para ganar notoriedad, impulsar las ventas y atraer la atenci\u00f3n de los medios y las cr\u00edticas \u00ab.<\/p>\n<p>Contin\u00faa citando otros ejemplos de tales portadas de \u00e1lbumes, incluidos Virgin Killer de Scorpions, el debut hom\u00f3nimo de Blind Faith y Balance de Van Halen.<\/p>\n<p>Tras su lanzamiento en 1991, varias cadenas de discos importantes de Estados Unidos se negaron a vender Nevermind, y el l\u00edder Kurt Cobain solo acept\u00f3 que la obra de arte fuera censurada si alguna etiqueta de cobertura dec\u00eda: \u00abSi esto te ofende, debes ser un ped\u00f3filo encubierto\u00bb. La portada se mantuvo sin problemas, pero ha seguido alterando las plumas: en 2011, Facebook prohibi\u00f3 brevemente la obra de arte de Nevermind.<\/p>\n<p>En 2016, Elden se conect\u00f3 con el New York Post para recrear la ic\u00f3nica foto en su 25 aniversario.<\/p>\n<p>Le dijo al peri\u00f3dico: \u00abEl aniversario significa algo para m\u00ed. Es extra\u00f1o que hice esto durante cinco minutos cuando ten\u00eda cuatro meses y se convirti\u00f3 en una imagen realmente ic\u00f3nica. Es genial, pero extra\u00f1o ser parte de algo tan importante que no ni siquiera lo recuerdo \u00ab.<\/p>\n<p>El mismo mes le dijo a la revista australiana GQ: \u00abHe pasado por eso toda mi vida. Pero recientemente he estado pensando, &#8216;\u00bfQu\u00e9 pasa si no estoy de acuerdo con que se muestre mi maldito pene a todo el mundo?&#8217; No lo hice \u00bb. Realmente tengo una opci\u00f3n \u00ab.<\/p>\n<div class=\"fb-background-color\">\n\t\t\t  <div \n\t\t\t  \tclass = \"fb-comments\" \n\t\t\t  \tdata-href = \"https:\/\/radiounodigital.com\/web\/2021\/08\/26\/el-bebe-nevermind-esta-demandando-a-nirvana-por-pornografia-infantil\/\"\n\t\t\t  \tdata-numposts = \"10\"\n\t\t\t  \tdata-lazy = \"true\"\n\t\t\t\tdata-colorscheme = \"dark\"\n\t\t\t\tdata-order-by = \"reverse_time\"\n\t\t\t\tdata-mobile=true>\n\t\t\t  <\/div><\/div>\n\t\t  <style>\n\t\t    .fb-background-color {\n\t\t\t\tbackground: #ffffff !important;\n\t\t\t}\n\t\t\t.fb_iframe_widget_fluid_desktop iframe {\n\t\t\t    width: 100% !important;\n\t\t\t}\n\t\t  <\/style>\n\t\t  ","protected":false},"excerpt":{"rendered":"<p>30 a\u00f1os despu\u00e9s del lanzamiento de Nevermind, su estrella de portada est\u00e1 demandando a Nirvana, su sello discogr\u00e1fico y la herencia de Kurt Cobain. Spencer Elden, quien apareci\u00f3 desnuda en la portada del \u00e1lbum Nevermind de Nirvana cuando ten\u00eda cuatro meses, est\u00e1 demandando a los miembros de Nirvana, as\u00ed como a Courtney Love, al fot\u00f3grafo&#8230; <a href=\"https:\/\/radiounodigital.com\/web\/2021\/08\/26\/el-bebe-nevermind-esta-demandando-a-nirvana-por-pornografia-infantil\/\" class=\"excerpt-read-more\">Read More<\/a><\/p>\n","protected":false},"author":1,"featured_media":6311,"comment_status":"closed","ping_status":"open","sticky":false,"template":"","format":"standard","meta":{"footnotes":""},"categories":[180],"tags":[],"class_list":["post-6310","post","type-post","status-publish","format-standard","has-post-thumbnail","hentry","category-news"],"yoast_head":"<!-- This site is optimized with the Yoast SEO plugin v27.4 - https:\/\/yoast.com\/product\/yoast-seo-wordpress\/ -->\n<title>El beb\u00e9 Nevermind est\u00e1 demandando a Nirvana por &quot;pornograf\u00eda infantil&quot; - Radio UNO Digital<\/title>\n<meta name=\"robots\" content=\"index, follow, max-snippet:-1, max-image-preview:large, max-video-preview:-1\" \/>\n<link rel=\"canonical\" href=\"https:\/\/radiounodigital.com\/web\/2021\/08\/26\/el-bebe-nevermind-esta-demandando-a-nirvana-por-pornografia-infantil\/\" \/>\n<meta property=\"og:locale\" content=\"es_ES\" \/>\n<meta property=\"og:type\" content=\"article\" \/>\n<meta property=\"og:title\" content=\"El beb\u00e9 Nevermind est\u00e1 demandando a Nirvana por &quot;pornograf\u00eda infantil&quot; - Radio UNO Digital\" \/>\n<meta property=\"og:description\" content=\"30 a\u00f1os despu\u00e9s del lanzamiento de Nevermind, su estrella de portada est\u00e1 demandando a Nirvana, su sello discogr\u00e1fico y la herencia de Kurt Cobain. Spencer Elden, quien apareci\u00f3 desnuda en la portada del \u00e1lbum Nevermind de Nirvana cuando ten\u00eda cuatro meses, est\u00e1 demandando a los miembros de Nirvana, as\u00ed como a Courtney Love, al fot\u00f3grafo... Read More\" \/>\n<meta property=\"og:url\" content=\"https:\/\/radiounodigital.com\/web\/2021\/08\/26\/el-bebe-nevermind-esta-demandando-a-nirvana-por-pornografia-infantil\/\" \/>\n<meta property=\"og:site_name\" content=\"Radio UNO Digital\" \/>\n<meta property=\"article:published_time\" content=\"2021-08-26T13:26:29+00:00\" \/>\n<meta property=\"og:image\" content=\"https:\/\/radiounodigital.com\/web\/wp-content\/uploads\/2021\/08\/nevermind.jpg\" \/>\n\t<meta property=\"og:image:width\" content=\"1320\" \/>\n\t<meta property=\"og:image:height\" content=\"743\" \/>\n\t<meta property=\"og:image:type\" content=\"image\/jpeg\" \/>\n<meta name=\"author\" content=\"diegoc\" \/>\n<meta name=\"twitter:card\" content=\"summary_large_image\" \/>\n<meta name=\"twitter:label1\" content=\"Escrito por\" \/>\n\t<meta name=\"twitter:data1\" content=\"diegoc\" \/>\n\t<meta name=\"twitter:label2\" content=\"Tiempo de lectura\" \/>\n\t<meta name=\"twitter:data2\" content=\"2 minutos\" \/>\n<script type=\"application\/ld+json\" class=\"yoast-schema-graph\">{\"@context\":\"https:\\\/\\\/schema.org\",\"@graph\":[{\"@type\":\"Article\",\"@id\":\"https:\\\/\\\/radiounodigital.com\\\/web\\\/2021\\\/08\\\/26\\\/el-bebe-nevermind-esta-demandando-a-nirvana-por-pornografia-infantil\\\/#article\",\"isPartOf\":{\"@id\":\"https:\\\/\\\/radiounodigital.com\\\/web\\\/2021\\\/08\\\/26\\\/el-bebe-nevermind-esta-demandando-a-nirvana-por-pornografia-infantil\\\/\"},\"author\":{\"name\":\"diegoc\",\"@id\":\"https:\\\/\\\/radiounodigital.com\\\/web\\\/#\\\/schema\\\/person\\\/00b93151fa54f619ecf9c183d1fc9758\"},\"headline\":\"El beb\u00e9 Nevermind est\u00e1 demandando a Nirvana por \u00abpornograf\u00eda infantil\u00bb\",\"datePublished\":\"2021-08-26T13:26:29+00:00\",\"mainEntityOfPage\":{\"@id\":\"https:\\\/\\\/radiounodigital.com\\\/web\\\/2021\\\/08\\\/26\\\/el-bebe-nevermind-esta-demandando-a-nirvana-por-pornografia-infantil\\\/\"},\"wordCount\":485,\"image\":{\"@id\":\"https:\\\/\\\/radiounodigital.com\\\/web\\\/2021\\\/08\\\/26\\\/el-bebe-nevermind-esta-demandando-a-nirvana-por-pornografia-infantil\\\/#primaryimage\"},\"thumbnailUrl\":\"https:\\\/\\\/radiounodigital.com\\\/web\\\/wp-content\\\/uploads\\\/2021\\\/08\\\/nevermind.jpg\",\"articleSection\":[\"news\"],\"inLanguage\":\"es\"},{\"@type\":\"WebPage\",\"@id\":\"https:\\\/\\\/radiounodigital.com\\\/web\\\/2021\\\/08\\\/26\\\/el-bebe-nevermind-esta-demandando-a-nirvana-por-pornografia-infantil\\\/\",\"url\":\"https:\\\/\\\/radiounodigital.com\\\/web\\\/2021\\\/08\\\/26\\\/el-bebe-nevermind-esta-demandando-a-nirvana-por-pornografia-infantil\\\/\",\"name\":\"El beb\u00e9 Nevermind est\u00e1 demandando a Nirvana por \\\"pornograf\u00eda infantil\\\" - Radio UNO Digital\",\"isPartOf\":{\"@id\":\"https:\\\/\\\/radiounodigital.com\\\/web\\\/#website\"},\"primaryImageOfPage\":{\"@id\":\"https:\\\/\\\/radiounodigital.com\\\/web\\\/2021\\\/08\\\/26\\\/el-bebe-nevermind-esta-demandando-a-nirvana-por-pornografia-infantil\\\/#primaryimage\"},\"image\":{\"@id\":\"https:\\\/\\\/radiounodigital.com\\\/web\\\/2021\\\/08\\\/26\\\/el-bebe-nevermind-esta-demandando-a-nirvana-por-pornografia-infantil\\\/#primaryimage\"},\"thumbnailUrl\":\"https:\\\/\\\/radiounodigital.com\\\/web\\\/wp-content\\\/uploads\\\/2021\\\/08\\\/nevermind.jpg\",\"datePublished\":\"2021-08-26T13:26:29+00:00\",\"author\":{\"@id\":\"https:\\\/\\\/radiounodigital.com\\\/web\\\/#\\\/schema\\\/person\\\/00b93151fa54f619ecf9c183d1fc9758\"},\"breadcrumb\":{\"@id\":\"https:\\\/\\\/radiounodigital.com\\\/web\\\/2021\\\/08\\\/26\\\/el-bebe-nevermind-esta-demandando-a-nirvana-por-pornografia-infantil\\\/#breadcrumb\"},\"inLanguage\":\"es\",\"potentialAction\":[{\"@type\":\"ReadAction\",\"target\":[\"https:\\\/\\\/radiounodigital.com\\\/web\\\/2021\\\/08\\\/26\\\/el-bebe-nevermind-esta-demandando-a-nirvana-por-pornografia-infantil\\\/\"]}]},{\"@type\":\"ImageObject\",\"inLanguage\":\"es\",\"@id\":\"https:\\\/\\\/radiounodigital.com\\\/web\\\/2021\\\/08\\\/26\\\/el-bebe-nevermind-esta-demandando-a-nirvana-por-pornografia-infantil\\\/#primaryimage\",\"url\":\"https:\\\/\\\/radiounodigital.com\\\/web\\\/wp-content\\\/uploads\\\/2021\\\/08\\\/nevermind.jpg\",\"contentUrl\":\"https:\\\/\\\/radiounodigital.com\\\/web\\\/wp-content\\\/uploads\\\/2021\\\/08\\\/nevermind.jpg\",\"width\":1320,\"height\":743},{\"@type\":\"BreadcrumbList\",\"@id\":\"https:\\\/\\\/radiounodigital.com\\\/web\\\/2021\\\/08\\\/26\\\/el-bebe-nevermind-esta-demandando-a-nirvana-por-pornografia-infantil\\\/#breadcrumb\",\"itemListElement\":[{\"@type\":\"ListItem\",\"position\":1,\"name\":\"Home\",\"item\":\"https:\\\/\\\/radiounodigital.com\\\/web\\\/\"},{\"@type\":\"ListItem\",\"position\":2,\"name\":\"El beb\u00e9 Nevermind est\u00e1 demandando a Nirvana por \u00abpornograf\u00eda infantil\u00bb\"}]},{\"@type\":\"WebSite\",\"@id\":\"https:\\\/\\\/radiounodigital.com\\\/web\\\/#website\",\"url\":\"https:\\\/\\\/radiounodigital.com\\\/web\\\/\",\"name\":\"Radio UNO Digital\",\"description\":\"Donde la cultura del rock se siente\",\"potentialAction\":[{\"@type\":\"SearchAction\",\"target\":{\"@type\":\"EntryPoint\",\"urlTemplate\":\"https:\\\/\\\/radiounodigital.com\\\/web\\\/?s={search_term_string}\"},\"query-input\":{\"@type\":\"PropertyValueSpecification\",\"valueRequired\":true,\"valueName\":\"search_term_string\"}}],\"inLanguage\":\"es\"},{\"@type\":\"Person\",\"@id\":\"https:\\\/\\\/radiounodigital.com\\\/web\\\/#\\\/schema\\\/person\\\/00b93151fa54f619ecf9c183d1fc9758\",\"name\":\"diegoc\",\"image\":{\"@type\":\"ImageObject\",\"inLanguage\":\"es\",\"@id\":\"https:\\\/\\\/secure.gravatar.com\\\/avatar\\\/0a67041d44c702fb0660d81a5a32c7ce6007341cf92afeb718b75883bf415864?s=96&d=blank&r=g\",\"url\":\"https:\\\/\\\/secure.gravatar.com\\\/avatar\\\/0a67041d44c702fb0660d81a5a32c7ce6007341cf92afeb718b75883bf415864?s=96&d=blank&r=g\",\"contentUrl\":\"https:\\\/\\\/secure.gravatar.com\\\/avatar\\\/0a67041d44c702fb0660d81a5a32c7ce6007341cf92afeb718b75883bf415864?s=96&d=blank&r=g\",\"caption\":\"diegoc\"},\"url\":\"https:\\\/\\\/radiounodigital.com\\\/web\\\/author\\\/diegoc\\\/\"}]}<\/script>\n<!-- \/ Yoast SEO plugin. -->","yoast_head_json":{"title":"El beb\u00e9 Nevermind est\u00e1 demandando a Nirvana por \"pornograf\u00eda infantil\" - Radio UNO Digital","robots":{"index":"index","follow":"follow","max-snippet":"max-snippet:-1","max-image-preview":"max-image-preview:large","max-video-preview":"max-video-preview:-1"},"canonical":"https:\/\/radiounodigital.com\/web\/2021\/08\/26\/el-bebe-nevermind-esta-demandando-a-nirvana-por-pornografia-infantil\/","og_locale":"es_ES","og_type":"article","og_title":"El beb\u00e9 Nevermind est\u00e1 demandando a Nirvana por \"pornograf\u00eda infantil\" - Radio UNO Digital","og_description":"30 a\u00f1os despu\u00e9s del lanzamiento de Nevermind, su estrella de portada est\u00e1 demandando a Nirvana, su sello discogr\u00e1fico y la herencia de Kurt Cobain. Spencer Elden, quien apareci\u00f3 desnuda en la portada del \u00e1lbum Nevermind de Nirvana cuando ten\u00eda cuatro meses, est\u00e1 demandando a los miembros de Nirvana, as\u00ed como a Courtney Love, al fot\u00f3grafo... Read More","og_url":"https:\/\/radiounodigital.com\/web\/2021\/08\/26\/el-bebe-nevermind-esta-demandando-a-nirvana-por-pornografia-infantil\/","og_site_name":"Radio UNO Digital","article_published_time":"2021-08-26T13:26:29+00:00","og_image":[{"width":1320,"height":743,"url":"https:\/\/radiounodigital.com\/web\/wp-content\/uploads\/2021\/08\/nevermind.jpg","type":"image\/jpeg"}],"author":"diegoc","twitter_card":"summary_large_image","twitter_misc":{"Escrito por":"diegoc","Tiempo de lectura":"2 minutos"},"schema":{"@context":"https:\/\/schema.org","@graph":[{"@type":"Article","@id":"https:\/\/radiounodigital.com\/web\/2021\/08\/26\/el-bebe-nevermind-esta-demandando-a-nirvana-por-pornografia-infantil\/#article","isPartOf":{"@id":"https:\/\/radiounodigital.com\/web\/2021\/08\/26\/el-bebe-nevermind-esta-demandando-a-nirvana-por-pornografia-infantil\/"},"author":{"name":"diegoc","@id":"https:\/\/radiounodigital.com\/web\/#\/schema\/person\/00b93151fa54f619ecf9c183d1fc9758"},"headline":"El beb\u00e9 Nevermind est\u00e1 demandando a Nirvana por \u00abpornograf\u00eda infantil\u00bb","datePublished":"2021-08-26T13:26:29+00:00","mainEntityOfPage":{"@id":"https:\/\/radiounodigital.com\/web\/2021\/08\/26\/el-bebe-nevermind-esta-demandando-a-nirvana-por-pornografia-infantil\/"},"wordCount":485,"image":{"@id":"https:\/\/radiounodigital.com\/web\/2021\/08\/26\/el-bebe-nevermind-esta-demandando-a-nirvana-por-pornografia-infantil\/#primaryimage"},"thumbnailUrl":"https:\/\/radiounodigital.com\/web\/wp-content\/uploads\/2021\/08\/nevermind.jpg","articleSection":["news"],"inLanguage":"es"},{"@type":"WebPage","@id":"https:\/\/radiounodigital.com\/web\/2021\/08\/26\/el-bebe-nevermind-esta-demandando-a-nirvana-por-pornografia-infantil\/","url":"https:\/\/radiounodigital.com\/web\/2021\/08\/26\/el-bebe-nevermind-esta-demandando-a-nirvana-por-pornografia-infantil\/","name":"El beb\u00e9 Nevermind est\u00e1 demandando a Nirvana por \"pornograf\u00eda infantil\" - Radio UNO Digital","isPartOf":{"@id":"https:\/\/radiounodigital.com\/web\/#website"},"primaryImageOfPage":{"@id":"https:\/\/radiounodigital.com\/web\/2021\/08\/26\/el-bebe-nevermind-esta-demandando-a-nirvana-por-pornografia-infantil\/#primaryimage"},"image":{"@id":"https:\/\/radiounodigital.com\/web\/2021\/08\/26\/el-bebe-nevermind-esta-demandando-a-nirvana-por-pornografia-infantil\/#primaryimage"},"thumbnailUrl":"https:\/\/radiounodigital.com\/web\/wp-content\/uploads\/2021\/08\/nevermind.jpg","datePublished":"2021-08-26T13:26:29+00:00","author":{"@id":"https:\/\/radiounodigital.com\/web\/#\/schema\/person\/00b93151fa54f619ecf9c183d1fc9758"},"breadcrumb":{"@id":"https:\/\/radiounodigital.com\/web\/2021\/08\/26\/el-bebe-nevermind-esta-demandando-a-nirvana-por-pornografia-infantil\/#breadcrumb"},"inLanguage":"es","potentialAction":[{"@type":"ReadAction","target":["https:\/\/radiounodigital.com\/web\/2021\/08\/26\/el-bebe-nevermind-esta-demandando-a-nirvana-por-pornografia-infantil\/"]}]},{"@type":"ImageObject","inLanguage":"es","@id":"https:\/\/radiounodigital.com\/web\/2021\/08\/26\/el-bebe-nevermind-esta-demandando-a-nirvana-por-pornografia-infantil\/#primaryimage","url":"https:\/\/radiounodigital.com\/web\/wp-content\/uploads\/2021\/08\/nevermind.jpg","contentUrl":"https:\/\/radiounodigital.com\/web\/wp-content\/uploads\/2021\/08\/nevermind.jpg","width":1320,"height":743},{"@type":"BreadcrumbList","@id":"https:\/\/radiounodigital.com\/web\/2021\/08\/26\/el-bebe-nevermind-esta-demandando-a-nirvana-por-pornografia-infantil\/#breadcrumb","itemListElement":[{"@type":"ListItem","position":1,"name":"Home","item":"https:\/\/radiounodigital.com\/web\/"},{"@type":"ListItem","position":2,"name":"El beb\u00e9 Nevermind est\u00e1 demandando a Nirvana por \u00abpornograf\u00eda infantil\u00bb"}]},{"@type":"WebSite","@id":"https:\/\/radiounodigital.com\/web\/#website","url":"https:\/\/radiounodigital.com\/web\/","name":"Radio UNO Digital","description":"Donde la cultura del rock se siente","potentialAction":[{"@type":"SearchAction","target":{"@type":"EntryPoint","urlTemplate":"https:\/\/radiounodigital.com\/web\/?s={search_term_string}"},"query-input":{"@type":"PropertyValueSpecification","valueRequired":true,"valueName":"search_term_string"}}],"inLanguage":"es"},{"@type":"Person","@id":"https:\/\/radiounodigital.com\/web\/#\/schema\/person\/00b93151fa54f619ecf9c183d1fc9758","name":"diegoc","image":{"@type":"ImageObject","inLanguage":"es","@id":"https:\/\/secure.gravatar.com\/avatar\/0a67041d44c702fb0660d81a5a32c7ce6007341cf92afeb718b75883bf415864?s=96&d=blank&r=g","url":"https:\/\/secure.gravatar.com\/avatar\/0a67041d44c702fb0660d81a5a32c7ce6007341cf92afeb718b75883bf415864?s=96&d=blank&r=g","contentUrl":"https:\/\/secure.gravatar.com\/avatar\/0a67041d44c702fb0660d81a5a32c7ce6007341cf92afeb718b75883bf415864?s=96&d=blank&r=g","caption":"diegoc"},"url":"https:\/\/radiounodigital.com\/web\/author\/diegoc\/"}]}},"_links":{"self":[{"href":"https:\/\/radiounodigital.com\/web\/wp-json\/wp\/v2\/posts\/6310","targetHints":{"allow":["GET"]}}],"collection":[{"href":"https:\/\/radiounodigital.com\/web\/wp-json\/wp\/v2\/posts"}],"about":[{"href":"https:\/\/radiounodigital.com\/web\/wp-json\/wp\/v2\/types\/post"}],"author":[{"embeddable":true,"href":"https:\/\/radiounodigital.com\/web\/wp-json\/wp\/v2\/users\/1"}],"replies":[{"embeddable":true,"href":"https:\/\/radiounodigital.com\/web\/wp-json\/wp\/v2\/comments?post=6310"}],"version-history":[{"count":1,"href":"https:\/\/radiounodigital.com\/web\/wp-json\/wp\/v2\/posts\/6310\/revisions"}],"predecessor-version":[{"id":6312,"href":"https:\/\/radiounodigital.com\/web\/wp-json\/wp\/v2\/posts\/6310\/revisions\/6312"}],"wp:featuredmedia":[{"embeddable":true,"href":"https:\/\/radiounodigital.com\/web\/wp-json\/wp\/v2\/media\/6311"}],"wp:attachment":[{"href":"https:\/\/radiounodigital.com\/web\/wp-json\/wp\/v2\/media?parent=6310"}],"wp:term":[{"taxonomy":"category","embeddable":true,"href":"https:\/\/radiounodigital.com\/web\/wp-json\/wp\/v2\/categories?post=6310"},{"taxonomy":"post_tag","embeddable":true,"href":"https:\/\/radiounodigital.com\/web\/wp-json\/wp\/v2\/tags?post=6310"}],"curies":[{"name":"wp","href":"https:\/\/api.w.org\/{rel}","templated":true}]}}