{"id":6347,"date":"2021-09-03T06:56:42","date_gmt":"2021-09-03T09:56:42","guid":{"rendered":"https:\/\/radiounodigital.com\/web\/?p=6347"},"modified":"2021-09-03T06:56:42","modified_gmt":"2021-09-03T09:56:42","slug":"johnny-marr-comparte-el-primer-sencillo-spirit-power-and-soul-de-su-proximo-album","status":"publish","type":"post","link":"https:\/\/radiounodigital.com\/web\/2021\/09\/03\/johnny-marr-comparte-el-primer-sencillo-spirit-power-and-soul-de-su-proximo-album\/","title":{"rendered":"Johnny Marr comparte el primer sencillo \u00abSpirit, Power And Soul\u00bb de su pr\u00f3ximo \u00e1lbum"},"content":{"rendered":"<h3>El lanzamiento se produce al mismo tiempo que el artista anuncia un nuevo \u00e1lbum doble, &#8216;Fever Dreams Pts 1-4&#8217;.<\/h3>\n<p>Johnny Marr ha presentado \u00abSpirit, Power And Soul\u00bb, el primer sencillo de su pr\u00f3ximo proyecto de nuevo \u00e1lbum doble.<\/p>\n<p>El ex guitarrista de los Smiths lanzar\u00e1 un nuevo EP de cuatro pistas, \u00abFever Dreams Pt 1\u00bb, de su doble \u00e1lbum el 15 de octubre a trav\u00e9s de BMG. Se puede reservar aqu\u00ed.<\/p>\n<p>Mientras tanto, se anunciar\u00e1 la fecha de lanzamiento del \u00e1lbum doble completo, \u00abFever Dreams Pts 1-4\u00bb. El r\u00e9cord ser\u00e1 el primero de Marr desde &#8216;Call The Comet&#8217; de 2018.<br \/>\nHablando sobre el nuevo single, Marr dijo: \u201c&#8217;Spirit, Power And Soul&#8217; es una especie de declaraci\u00f3n de misi\u00f3n. Ten\u00eda una idea sobre un sonido electro con sentimiento gospel, en mis propias palabras &#8230; un himno de electro soul \u00ab.<\/p>\n<p><iframe loading=\"lazy\" title=\"Johnny Marr - Spirit Power and Soul (Official Video)\" width=\"960\" height=\"540\" src=\"https:\/\/www.youtube.com\/embed\/qeqBn3BAMag?feature=oembed\" frameborder=\"0\" allow=\"accelerometer; autoplay; clipboard-write; encrypted-media; gyroscope; picture-in-picture\" allowfullscreen><\/iframe><\/p>\n<div class=\"fb-background-color\">\n\t\t\t  <div \n\t\t\t  \tclass = \"fb-comments\" \n\t\t\t  \tdata-href = \"https:\/\/radiounodigital.com\/web\/2021\/09\/03\/johnny-marr-comparte-el-primer-sencillo-spirit-power-and-soul-de-su-proximo-album\/\"\n\t\t\t  \tdata-numposts = \"10\"\n\t\t\t  \tdata-lazy = \"true\"\n\t\t\t\tdata-colorscheme = \"dark\"\n\t\t\t\tdata-order-by = \"reverse_time\"\n\t\t\t\tdata-mobile=true>\n\t\t\t  <\/div><\/div>\n\t\t  <style>\n\t\t    .fb-background-color {\n\t\t\t\tbackground: #ffffff !important;\n\t\t\t}\n\t\t\t.fb_iframe_widget_fluid_desktop iframe {\n\t\t\t    width: 100% !important;\n\t\t\t}\n\t\t  <\/style>\n\t\t  ","protected":false},"excerpt":{"rendered":"<p>El lanzamiento se produce al mismo tiempo que el artista anuncia un nuevo \u00e1lbum doble, &#8216;Fever Dreams Pts 1-4&#8217;. Johnny Marr ha presentado \u00abSpirit, Power And Soul\u00bb, el primer sencillo de su pr\u00f3ximo proyecto de nuevo \u00e1lbum doble. El ex guitarrista de los Smiths lanzar\u00e1 un nuevo EP de cuatro pistas, \u00abFever Dreams Pt 1\u00bb,&#8230; <a href=\"https:\/\/radiounodigital.com\/web\/2021\/09\/03\/johnny-marr-comparte-el-primer-sencillo-spirit-power-and-soul-de-su-proximo-album\/\" class=\"excerpt-read-more\">Read More<\/a><\/p>\n","protected":false},"author":1,"featured_media":6348,"comment_status":"closed","ping_status":"open","sticky":false,"template":"","format":"standard","meta":{"footnotes":""},"categories":[1098,1097,180,127,1359],"tags":[1999,1468,132,537,502,2000],"class_list":["post-6347","post","type-post","status-publish","format-standard","has-post-thumbnail","hentry","category-estrenos","category-lo-nuevo","category-news","category-rock","category-videos","tag-johnny-marr","tag-new","tag-nuevo","tag-sencillo","tag-single","tag-spirit-power-and-soul"],"yoast_head":"<!-- This site is optimized with the Yoast SEO plugin v27.4 - https:\/\/yoast.com\/product\/yoast-seo-wordpress\/ -->\n<title>Johnny Marr comparte el primer sencillo &quot;Spirit, Power And Soul&quot; de su pr\u00f3ximo \u00e1lbum - Radio UNO Digital<\/title>\n<meta name=\"robots\" content=\"index, follow, max-snippet:-1, max-image-preview:large, max-video-preview:-1\" \/>\n<link rel=\"canonical\" href=\"https:\/\/radiounodigital.com\/web\/2021\/09\/03\/johnny-marr-comparte-el-primer-sencillo-spirit-power-and-soul-de-su-proximo-album\/\" \/>\n<meta property=\"og:locale\" content=\"es_ES\" \/>\n<meta property=\"og:type\" content=\"article\" \/>\n<meta property=\"og:title\" content=\"Johnny Marr comparte el primer sencillo &quot;Spirit, Power And Soul&quot; de su pr\u00f3ximo \u00e1lbum - Radio UNO Digital\" \/>\n<meta property=\"og:description\" content=\"El lanzamiento se produce al mismo tiempo que el artista anuncia un nuevo \u00e1lbum doble, &#8216;Fever Dreams Pts 1-4&#8217;. Johnny Marr ha presentado \u00abSpirit, Power And Soul\u00bb, el primer sencillo de su pr\u00f3ximo proyecto de nuevo \u00e1lbum doble. El ex guitarrista de los Smiths lanzar\u00e1 un nuevo EP de cuatro pistas, \u00abFever Dreams Pt 1\u00bb,... Read More\" \/>\n<meta property=\"og:url\" content=\"https:\/\/radiounodigital.com\/web\/2021\/09\/03\/johnny-marr-comparte-el-primer-sencillo-spirit-power-and-soul-de-su-proximo-album\/\" \/>\n<meta property=\"og:site_name\" content=\"Radio UNO Digital\" \/>\n<meta property=\"article:published_time\" content=\"2021-09-03T09:56:42+00:00\" \/>\n<meta property=\"og:image\" content=\"https:\/\/radiounodigital.com\/web\/wp-content\/uploads\/2021\/09\/johnny-marr-teatro-de-verano-radio-uno-digital.jpg\" \/>\n\t<meta property=\"og:image:width\" content=\"610\" \/>\n\t<meta property=\"og:image:height\" content=\"406\" \/>\n\t<meta property=\"og:image:type\" content=\"image\/jpeg\" \/>\n<meta name=\"author\" content=\"diegoc\" \/>\n<meta name=\"twitter:card\" content=\"summary_large_image\" \/>\n<meta name=\"twitter:label1\" content=\"Escrito por\" \/>\n\t<meta name=\"twitter:data1\" content=\"diegoc\" \/>\n\t<meta name=\"twitter:label2\" content=\"Tiempo de lectura\" \/>\n\t<meta name=\"twitter:data2\" content=\"1 minuto\" \/>\n<script type=\"application\/ld+json\" class=\"yoast-schema-graph\">{\"@context\":\"https:\\\/\\\/schema.org\",\"@graph\":[{\"@type\":\"Article\",\"@id\":\"https:\\\/\\\/radiounodigital.com\\\/web\\\/2021\\\/09\\\/03\\\/johnny-marr-comparte-el-primer-sencillo-spirit-power-and-soul-de-su-proximo-album\\\/#article\",\"isPartOf\":{\"@id\":\"https:\\\/\\\/radiounodigital.com\\\/web\\\/2021\\\/09\\\/03\\\/johnny-marr-comparte-el-primer-sencillo-spirit-power-and-soul-de-su-proximo-album\\\/\"},\"author\":{\"name\":\"diegoc\",\"@id\":\"https:\\\/\\\/radiounodigital.com\\\/web\\\/#\\\/schema\\\/person\\\/00b93151fa54f619ecf9c183d1fc9758\"},\"headline\":\"Johnny Marr comparte el primer sencillo \u00abSpirit, Power And Soul\u00bb de su pr\u00f3ximo \u00e1lbum\",\"datePublished\":\"2021-09-03T09:56:42+00:00\",\"mainEntityOfPage\":{\"@id\":\"https:\\\/\\\/radiounodigital.com\\\/web\\\/2021\\\/09\\\/03\\\/johnny-marr-comparte-el-primer-sencillo-spirit-power-and-soul-de-su-proximo-album\\\/\"},\"wordCount\":160,\"image\":{\"@id\":\"https:\\\/\\\/radiounodigital.com\\\/web\\\/2021\\\/09\\\/03\\\/johnny-marr-comparte-el-primer-sencillo-spirit-power-and-soul-de-su-proximo-album\\\/#primaryimage\"},\"thumbnailUrl\":\"https:\\\/\\\/radiounodigital.com\\\/web\\\/wp-content\\\/uploads\\\/2021\\\/09\\\/johnny-marr-teatro-de-verano-radio-uno-digital.jpg\",\"keywords\":[\"johnny marr\",\"new\",\"nuevo\",\"sencillo\",\"single\",\"Spirit Power And Soul\"],\"articleSection\":[\"estrenos\",\"lo nuevo\",\"news\",\"Rock\",\"videos\"],\"inLanguage\":\"es\"},{\"@type\":\"WebPage\",\"@id\":\"https:\\\/\\\/radiounodigital.com\\\/web\\\/2021\\\/09\\\/03\\\/johnny-marr-comparte-el-primer-sencillo-spirit-power-and-soul-de-su-proximo-album\\\/\",\"url\":\"https:\\\/\\\/radiounodigital.com\\\/web\\\/2021\\\/09\\\/03\\\/johnny-marr-comparte-el-primer-sencillo-spirit-power-and-soul-de-su-proximo-album\\\/\",\"name\":\"Johnny Marr comparte el primer sencillo \\\"Spirit, Power And Soul\\\" de su pr\u00f3ximo \u00e1lbum - Radio UNO Digital\",\"isPartOf\":{\"@id\":\"https:\\\/\\\/radiounodigital.com\\\/web\\\/#website\"},\"primaryImageOfPage\":{\"@id\":\"https:\\\/\\\/radiounodigital.com\\\/web\\\/2021\\\/09\\\/03\\\/johnny-marr-comparte-el-primer-sencillo-spirit-power-and-soul-de-su-proximo-album\\\/#primaryimage\"},\"image\":{\"@id\":\"https:\\\/\\\/radiounodigital.com\\\/web\\\/2021\\\/09\\\/03\\\/johnny-marr-comparte-el-primer-sencillo-spirit-power-and-soul-de-su-proximo-album\\\/#primaryimage\"},\"thumbnailUrl\":\"https:\\\/\\\/radiounodigital.com\\\/web\\\/wp-content\\\/uploads\\\/2021\\\/09\\\/johnny-marr-teatro-de-verano-radio-uno-digital.jpg\",\"datePublished\":\"2021-09-03T09:56:42+00:00\",\"author\":{\"@id\":\"https:\\\/\\\/radiounodigital.com\\\/web\\\/#\\\/schema\\\/person\\\/00b93151fa54f619ecf9c183d1fc9758\"},\"breadcrumb\":{\"@id\":\"https:\\\/\\\/radiounodigital.com\\\/web\\\/2021\\\/09\\\/03\\\/johnny-marr-comparte-el-primer-sencillo-spirit-power-and-soul-de-su-proximo-album\\\/#breadcrumb\"},\"inLanguage\":\"es\",\"potentialAction\":[{\"@type\":\"ReadAction\",\"target\":[\"https:\\\/\\\/radiounodigital.com\\\/web\\\/2021\\\/09\\\/03\\\/johnny-marr-comparte-el-primer-sencillo-spirit-power-and-soul-de-su-proximo-album\\\/\"]}]},{\"@type\":\"ImageObject\",\"inLanguage\":\"es\",\"@id\":\"https:\\\/\\\/radiounodigital.com\\\/web\\\/2021\\\/09\\\/03\\\/johnny-marr-comparte-el-primer-sencillo-spirit-power-and-soul-de-su-proximo-album\\\/#primaryimage\",\"url\":\"https:\\\/\\\/radiounodigital.com\\\/web\\\/wp-content\\\/uploads\\\/2021\\\/09\\\/johnny-marr-teatro-de-verano-radio-uno-digital.jpg\",\"contentUrl\":\"https:\\\/\\\/radiounodigital.com\\\/web\\\/wp-content\\\/uploads\\\/2021\\\/09\\\/johnny-marr-teatro-de-verano-radio-uno-digital.jpg\",\"width\":610,\"height\":406},{\"@type\":\"BreadcrumbList\",\"@id\":\"https:\\\/\\\/radiounodigital.com\\\/web\\\/2021\\\/09\\\/03\\\/johnny-marr-comparte-el-primer-sencillo-spirit-power-and-soul-de-su-proximo-album\\\/#breadcrumb\",\"itemListElement\":[{\"@type\":\"ListItem\",\"position\":1,\"name\":\"Home\",\"item\":\"https:\\\/\\\/radiounodigital.com\\\/web\\\/\"},{\"@type\":\"ListItem\",\"position\":2,\"name\":\"Johnny Marr comparte el primer sencillo \u00abSpirit, Power And Soul\u00bb de su pr\u00f3ximo \u00e1lbum\"}]},{\"@type\":\"WebSite\",\"@id\":\"https:\\\/\\\/radiounodigital.com\\\/web\\\/#website\",\"url\":\"https:\\\/\\\/radiounodigital.com\\\/web\\\/\",\"name\":\"Radio UNO Digital\",\"description\":\"Donde la cultura del rock se siente\",\"potentialAction\":[{\"@type\":\"SearchAction\",\"target\":{\"@type\":\"EntryPoint\",\"urlTemplate\":\"https:\\\/\\\/radiounodigital.com\\\/web\\\/?s={search_term_string}\"},\"query-input\":{\"@type\":\"PropertyValueSpecification\",\"valueRequired\":true,\"valueName\":\"search_term_string\"}}],\"inLanguage\":\"es\"},{\"@type\":\"Person\",\"@id\":\"https:\\\/\\\/radiounodigital.com\\\/web\\\/#\\\/schema\\\/person\\\/00b93151fa54f619ecf9c183d1fc9758\",\"name\":\"diegoc\",\"image\":{\"@type\":\"ImageObject\",\"inLanguage\":\"es\",\"@id\":\"https:\\\/\\\/secure.gravatar.com\\\/avatar\\\/0a67041d44c702fb0660d81a5a32c7ce6007341cf92afeb718b75883bf415864?s=96&d=blank&r=g\",\"url\":\"https:\\\/\\\/secure.gravatar.com\\\/avatar\\\/0a67041d44c702fb0660d81a5a32c7ce6007341cf92afeb718b75883bf415864?s=96&d=blank&r=g\",\"contentUrl\":\"https:\\\/\\\/secure.gravatar.com\\\/avatar\\\/0a67041d44c702fb0660d81a5a32c7ce6007341cf92afeb718b75883bf415864?s=96&d=blank&r=g\",\"caption\":\"diegoc\"},\"url\":\"https:\\\/\\\/radiounodigital.com\\\/web\\\/author\\\/diegoc\\\/\"}]}<\/script>\n<!-- \/ Yoast SEO plugin. -->","yoast_head_json":{"title":"Johnny Marr comparte el primer sencillo \"Spirit, Power And Soul\" de su pr\u00f3ximo \u00e1lbum - Radio UNO Digital","robots":{"index":"index","follow":"follow","max-snippet":"max-snippet:-1","max-image-preview":"max-image-preview:large","max-video-preview":"max-video-preview:-1"},"canonical":"https:\/\/radiounodigital.com\/web\/2021\/09\/03\/johnny-marr-comparte-el-primer-sencillo-spirit-power-and-soul-de-su-proximo-album\/","og_locale":"es_ES","og_type":"article","og_title":"Johnny Marr comparte el primer sencillo \"Spirit, Power And Soul\" de su pr\u00f3ximo \u00e1lbum - Radio UNO Digital","og_description":"El lanzamiento se produce al mismo tiempo que el artista anuncia un nuevo \u00e1lbum doble, &#8216;Fever Dreams Pts 1-4&#8217;. Johnny Marr ha presentado \u00abSpirit, Power And Soul\u00bb, el primer sencillo de su pr\u00f3ximo proyecto de nuevo \u00e1lbum doble. El ex guitarrista de los Smiths lanzar\u00e1 un nuevo EP de cuatro pistas, \u00abFever Dreams Pt 1\u00bb,... Read More","og_url":"https:\/\/radiounodigital.com\/web\/2021\/09\/03\/johnny-marr-comparte-el-primer-sencillo-spirit-power-and-soul-de-su-proximo-album\/","og_site_name":"Radio UNO Digital","article_published_time":"2021-09-03T09:56:42+00:00","og_image":[{"width":610,"height":406,"url":"https:\/\/radiounodigital.com\/web\/wp-content\/uploads\/2021\/09\/johnny-marr-teatro-de-verano-radio-uno-digital.jpg","type":"image\/jpeg"}],"author":"diegoc","twitter_card":"summary_large_image","twitter_misc":{"Escrito por":"diegoc","Tiempo de lectura":"1 minuto"},"schema":{"@context":"https:\/\/schema.org","@graph":[{"@type":"Article","@id":"https:\/\/radiounodigital.com\/web\/2021\/09\/03\/johnny-marr-comparte-el-primer-sencillo-spirit-power-and-soul-de-su-proximo-album\/#article","isPartOf":{"@id":"https:\/\/radiounodigital.com\/web\/2021\/09\/03\/johnny-marr-comparte-el-primer-sencillo-spirit-power-and-soul-de-su-proximo-album\/"},"author":{"name":"diegoc","@id":"https:\/\/radiounodigital.com\/web\/#\/schema\/person\/00b93151fa54f619ecf9c183d1fc9758"},"headline":"Johnny Marr comparte el primer sencillo \u00abSpirit, Power And Soul\u00bb de su pr\u00f3ximo \u00e1lbum","datePublished":"2021-09-03T09:56:42+00:00","mainEntityOfPage":{"@id":"https:\/\/radiounodigital.com\/web\/2021\/09\/03\/johnny-marr-comparte-el-primer-sencillo-spirit-power-and-soul-de-su-proximo-album\/"},"wordCount":160,"image":{"@id":"https:\/\/radiounodigital.com\/web\/2021\/09\/03\/johnny-marr-comparte-el-primer-sencillo-spirit-power-and-soul-de-su-proximo-album\/#primaryimage"},"thumbnailUrl":"https:\/\/radiounodigital.com\/web\/wp-content\/uploads\/2021\/09\/johnny-marr-teatro-de-verano-radio-uno-digital.jpg","keywords":["johnny marr","new","nuevo","sencillo","single","Spirit Power And Soul"],"articleSection":["estrenos","lo nuevo","news","Rock","videos"],"inLanguage":"es"},{"@type":"WebPage","@id":"https:\/\/radiounodigital.com\/web\/2021\/09\/03\/johnny-marr-comparte-el-primer-sencillo-spirit-power-and-soul-de-su-proximo-album\/","url":"https:\/\/radiounodigital.com\/web\/2021\/09\/03\/johnny-marr-comparte-el-primer-sencillo-spirit-power-and-soul-de-su-proximo-album\/","name":"Johnny Marr comparte el primer sencillo \"Spirit, Power And Soul\" de su pr\u00f3ximo \u00e1lbum - Radio UNO Digital","isPartOf":{"@id":"https:\/\/radiounodigital.com\/web\/#website"},"primaryImageOfPage":{"@id":"https:\/\/radiounodigital.com\/web\/2021\/09\/03\/johnny-marr-comparte-el-primer-sencillo-spirit-power-and-soul-de-su-proximo-album\/#primaryimage"},"image":{"@id":"https:\/\/radiounodigital.com\/web\/2021\/09\/03\/johnny-marr-comparte-el-primer-sencillo-spirit-power-and-soul-de-su-proximo-album\/#primaryimage"},"thumbnailUrl":"https:\/\/radiounodigital.com\/web\/wp-content\/uploads\/2021\/09\/johnny-marr-teatro-de-verano-radio-uno-digital.jpg","datePublished":"2021-09-03T09:56:42+00:00","author":{"@id":"https:\/\/radiounodigital.com\/web\/#\/schema\/person\/00b93151fa54f619ecf9c183d1fc9758"},"breadcrumb":{"@id":"https:\/\/radiounodigital.com\/web\/2021\/09\/03\/johnny-marr-comparte-el-primer-sencillo-spirit-power-and-soul-de-su-proximo-album\/#breadcrumb"},"inLanguage":"es","potentialAction":[{"@type":"ReadAction","target":["https:\/\/radiounodigital.com\/web\/2021\/09\/03\/johnny-marr-comparte-el-primer-sencillo-spirit-power-and-soul-de-su-proximo-album\/"]}]},{"@type":"ImageObject","inLanguage":"es","@id":"https:\/\/radiounodigital.com\/web\/2021\/09\/03\/johnny-marr-comparte-el-primer-sencillo-spirit-power-and-soul-de-su-proximo-album\/#primaryimage","url":"https:\/\/radiounodigital.com\/web\/wp-content\/uploads\/2021\/09\/johnny-marr-teatro-de-verano-radio-uno-digital.jpg","contentUrl":"https:\/\/radiounodigital.com\/web\/wp-content\/uploads\/2021\/09\/johnny-marr-teatro-de-verano-radio-uno-digital.jpg","width":610,"height":406},{"@type":"BreadcrumbList","@id":"https:\/\/radiounodigital.com\/web\/2021\/09\/03\/johnny-marr-comparte-el-primer-sencillo-spirit-power-and-soul-de-su-proximo-album\/#breadcrumb","itemListElement":[{"@type":"ListItem","position":1,"name":"Home","item":"https:\/\/radiounodigital.com\/web\/"},{"@type":"ListItem","position":2,"name":"Johnny Marr comparte el primer sencillo \u00abSpirit, Power And Soul\u00bb de su pr\u00f3ximo \u00e1lbum"}]},{"@type":"WebSite","@id":"https:\/\/radiounodigital.com\/web\/#website","url":"https:\/\/radiounodigital.com\/web\/","name":"Radio UNO Digital","description":"Donde la cultura del rock se siente","potentialAction":[{"@type":"SearchAction","target":{"@type":"EntryPoint","urlTemplate":"https:\/\/radiounodigital.com\/web\/?s={search_term_string}"},"query-input":{"@type":"PropertyValueSpecification","valueRequired":true,"valueName":"search_term_string"}}],"inLanguage":"es"},{"@type":"Person","@id":"https:\/\/radiounodigital.com\/web\/#\/schema\/person\/00b93151fa54f619ecf9c183d1fc9758","name":"diegoc","image":{"@type":"ImageObject","inLanguage":"es","@id":"https:\/\/secure.gravatar.com\/avatar\/0a67041d44c702fb0660d81a5a32c7ce6007341cf92afeb718b75883bf415864?s=96&d=blank&r=g","url":"https:\/\/secure.gravatar.com\/avatar\/0a67041d44c702fb0660d81a5a32c7ce6007341cf92afeb718b75883bf415864?s=96&d=blank&r=g","contentUrl":"https:\/\/secure.gravatar.com\/avatar\/0a67041d44c702fb0660d81a5a32c7ce6007341cf92afeb718b75883bf415864?s=96&d=blank&r=g","caption":"diegoc"},"url":"https:\/\/radiounodigital.com\/web\/author\/diegoc\/"}]}},"_links":{"self":[{"href":"https:\/\/radiounodigital.com\/web\/wp-json\/wp\/v2\/posts\/6347","targetHints":{"allow":["GET"]}}],"collection":[{"href":"https:\/\/radiounodigital.com\/web\/wp-json\/wp\/v2\/posts"}],"about":[{"href":"https:\/\/radiounodigital.com\/web\/wp-json\/wp\/v2\/types\/post"}],"author":[{"embeddable":true,"href":"https:\/\/radiounodigital.com\/web\/wp-json\/wp\/v2\/users\/1"}],"replies":[{"embeddable":true,"href":"https:\/\/radiounodigital.com\/web\/wp-json\/wp\/v2\/comments?post=6347"}],"version-history":[{"count":1,"href":"https:\/\/radiounodigital.com\/web\/wp-json\/wp\/v2\/posts\/6347\/revisions"}],"predecessor-version":[{"id":6349,"href":"https:\/\/radiounodigital.com\/web\/wp-json\/wp\/v2\/posts\/6347\/revisions\/6349"}],"wp:featuredmedia":[{"embeddable":true,"href":"https:\/\/radiounodigital.com\/web\/wp-json\/wp\/v2\/media\/6348"}],"wp:attachment":[{"href":"https:\/\/radiounodigital.com\/web\/wp-json\/wp\/v2\/media?parent=6347"}],"wp:term":[{"taxonomy":"category","embeddable":true,"href":"https:\/\/radiounodigital.com\/web\/wp-json\/wp\/v2\/categories?post=6347"},{"taxonomy":"post_tag","embeddable":true,"href":"https:\/\/radiounodigital.com\/web\/wp-json\/wp\/v2\/tags?post=6347"}],"curies":[{"name":"wp","href":"https:\/\/api.w.org\/{rel}","templated":true}]}}