{"id":6357,"date":"2021-09-05T15:40:34","date_gmt":"2021-09-05T18:40:34","guid":{"rendered":"https:\/\/radiounodigital.com\/web\/?p=6357"},"modified":"2021-09-05T15:40:34","modified_gmt":"2021-09-05T18:40:34","slug":"we-will-rock-you-freddie","status":"publish","type":"post","link":"https:\/\/radiounodigital.com\/web\/2021\/09\/05\/we-will-rock-you-freddie\/","title":{"rendered":"We will rock you Freddie !"},"content":{"rendered":"<h3>Hoy se cumplen 75 a\u00f1os del nacimiento de Freddie Mercury, uno de los principales frontman, sino el mas importante en la historia del rock.<\/h3>\n<p>A un par de mes meses de cumplirse los 30 a\u00f1os de su partida, celebramos la m\u00fasica de Freddie en el d\u00eda que hubiera cumplido sus 75 a\u00f1os de vida.<\/p>\n<p>Freddie no fue un cantante m\u00e1s en la historia del rock. Freddie molde\u00f3 la historia del rock de siglo veinte con su impronta personal y tan particular como \u00fanica. Critica especializada, fan\u00e1ticos y no tanto coinciden en su inmensa mayor\u00eda que el ex l\u00edder de Queen fue una de las voces mas importantes, y para muchos sin lugar a dudas el mejor cantante y frontman de rock que hubo hasta el d\u00eda de hoy. Sus canciones, y sus actuaciones en particular al frente de Queen es algo que los fan\u00e1ticos de la m\u00fasica nunca podremos olvidar. Gracias Freddie !!<\/p>\n<p><iframe loading=\"lazy\" title=\"Queen Live at Wembley Stadium 1986 Full Concert\" width=\"960\" height=\"540\" src=\"https:\/\/www.youtube.com\/embed\/0-6lLZbm0jg?feature=oembed\" frameborder=\"0\" allow=\"accelerometer; autoplay; clipboard-write; encrypted-media; gyroscope; picture-in-picture\" allowfullscreen><\/iframe><\/p>\n<p>&nbsp;<\/p>\n<div class=\"fb-background-color\">\n\t\t\t  <div \n\t\t\t  \tclass = \"fb-comments\" \n\t\t\t  \tdata-href = \"https:\/\/radiounodigital.com\/web\/2021\/09\/05\/we-will-rock-you-freddie\/\"\n\t\t\t  \tdata-numposts = \"10\"\n\t\t\t  \tdata-lazy = \"true\"\n\t\t\t\tdata-colorscheme = \"dark\"\n\t\t\t\tdata-order-by = \"reverse_time\"\n\t\t\t\tdata-mobile=true>\n\t\t\t  <\/div><\/div>\n\t\t  <style>\n\t\t    .fb-background-color {\n\t\t\t\tbackground: #ffffff !important;\n\t\t\t}\n\t\t\t.fb_iframe_widget_fluid_desktop iframe {\n\t\t\t    width: 100% !important;\n\t\t\t}\n\t\t  <\/style>\n\t\t  ","protected":false},"excerpt":{"rendered":"<p>Hoy se cumplen 75 a\u00f1os del nacimiento de Freddie Mercury, uno de los principales frontman, sino el mas importante en la historia del rock. A un par de mes meses de cumplirse los 30 a\u00f1os de su partida, celebramos la m\u00fasica de Freddie en el d\u00eda que hubiera cumplido sus 75 a\u00f1os de vida. Freddie&#8230; <a href=\"https:\/\/radiounodigital.com\/web\/2021\/09\/05\/we-will-rock-you-freddie\/\" class=\"excerpt-read-more\">Read More<\/a><\/p>\n","protected":false},"author":1,"featured_media":6358,"comment_status":"closed","ping_status":"open","sticky":false,"template":"","format":"standard","meta":{"footnotes":""},"categories":[1547,180,1359],"tags":[],"class_list":["post-6357","post","type-post","status-publish","format-standard","has-post-thumbnail","hentry","category-cumpleanos","category-news","category-videos"],"yoast_head":"<!-- This site is optimized with the Yoast SEO plugin v27.4 - https:\/\/yoast.com\/product\/yoast-seo-wordpress\/ -->\n<title>We will rock you Freddie ! - Radio UNO Digital<\/title>\n<meta name=\"robots\" content=\"index, follow, max-snippet:-1, max-image-preview:large, max-video-preview:-1\" \/>\n<link rel=\"canonical\" href=\"https:\/\/radiounodigital.com\/web\/2021\/09\/05\/we-will-rock-you-freddie\/\" \/>\n<meta property=\"og:locale\" content=\"es_ES\" \/>\n<meta property=\"og:type\" content=\"article\" \/>\n<meta property=\"og:title\" content=\"We will rock you Freddie ! - Radio UNO Digital\" \/>\n<meta property=\"og:description\" content=\"Hoy se cumplen 75 a\u00f1os del nacimiento de Freddie Mercury, uno de los principales frontman, sino el mas importante en la historia del rock. A un par de mes meses de cumplirse los 30 a\u00f1os de su partida, celebramos la m\u00fasica de Freddie en el d\u00eda que hubiera cumplido sus 75 a\u00f1os de vida. Freddie... Read More\" \/>\n<meta property=\"og:url\" content=\"https:\/\/radiounodigital.com\/web\/2021\/09\/05\/we-will-rock-you-freddie\/\" \/>\n<meta property=\"og:site_name\" content=\"Radio UNO Digital\" \/>\n<meta property=\"article:published_time\" content=\"2021-09-05T18:40:34+00:00\" \/>\n<meta property=\"og:image\" content=\"https:\/\/radiounodigital.com\/web\/wp-content\/uploads\/2021\/09\/freddie-live-in-wembley-e1630867222341.jpg\" \/>\n\t<meta property=\"og:image:width\" content=\"650\" \/>\n\t<meta property=\"og:image:height\" content=\"434\" \/>\n\t<meta property=\"og:image:type\" content=\"image\/jpeg\" \/>\n<meta name=\"author\" content=\"diegoc\" \/>\n<meta name=\"twitter:card\" content=\"summary_large_image\" \/>\n<meta name=\"twitter:label1\" content=\"Escrito por\" \/>\n\t<meta name=\"twitter:data1\" content=\"diegoc\" \/>\n\t<meta name=\"twitter:label2\" content=\"Tiempo de lectura\" \/>\n\t<meta name=\"twitter:data2\" content=\"1 minuto\" \/>\n<script type=\"application\/ld+json\" class=\"yoast-schema-graph\">{\"@context\":\"https:\\\/\\\/schema.org\",\"@graph\":[{\"@type\":\"Article\",\"@id\":\"https:\\\/\\\/radiounodigital.com\\\/web\\\/2021\\\/09\\\/05\\\/we-will-rock-you-freddie\\\/#article\",\"isPartOf\":{\"@id\":\"https:\\\/\\\/radiounodigital.com\\\/web\\\/2021\\\/09\\\/05\\\/we-will-rock-you-freddie\\\/\"},\"author\":{\"name\":\"diegoc\",\"@id\":\"https:\\\/\\\/radiounodigital.com\\\/web\\\/#\\\/schema\\\/person\\\/00b93151fa54f619ecf9c183d1fc9758\"},\"headline\":\"We will rock you Freddie !\",\"datePublished\":\"2021-09-05T18:40:34+00:00\",\"mainEntityOfPage\":{\"@id\":\"https:\\\/\\\/radiounodigital.com\\\/web\\\/2021\\\/09\\\/05\\\/we-will-rock-you-freddie\\\/\"},\"wordCount\":176,\"image\":{\"@id\":\"https:\\\/\\\/radiounodigital.com\\\/web\\\/2021\\\/09\\\/05\\\/we-will-rock-you-freddie\\\/#primaryimage\"},\"thumbnailUrl\":\"https:\\\/\\\/radiounodigital.com\\\/web\\\/wp-content\\\/uploads\\\/2021\\\/09\\\/freddie-live-in-wembley-e1630867222341.jpg\",\"articleSection\":[\"cumplea\u00f1os\",\"news\",\"videos\"],\"inLanguage\":\"es\"},{\"@type\":\"WebPage\",\"@id\":\"https:\\\/\\\/radiounodigital.com\\\/web\\\/2021\\\/09\\\/05\\\/we-will-rock-you-freddie\\\/\",\"url\":\"https:\\\/\\\/radiounodigital.com\\\/web\\\/2021\\\/09\\\/05\\\/we-will-rock-you-freddie\\\/\",\"name\":\"We will rock you Freddie ! - Radio UNO Digital\",\"isPartOf\":{\"@id\":\"https:\\\/\\\/radiounodigital.com\\\/web\\\/#website\"},\"primaryImageOfPage\":{\"@id\":\"https:\\\/\\\/radiounodigital.com\\\/web\\\/2021\\\/09\\\/05\\\/we-will-rock-you-freddie\\\/#primaryimage\"},\"image\":{\"@id\":\"https:\\\/\\\/radiounodigital.com\\\/web\\\/2021\\\/09\\\/05\\\/we-will-rock-you-freddie\\\/#primaryimage\"},\"thumbnailUrl\":\"https:\\\/\\\/radiounodigital.com\\\/web\\\/wp-content\\\/uploads\\\/2021\\\/09\\\/freddie-live-in-wembley-e1630867222341.jpg\",\"datePublished\":\"2021-09-05T18:40:34+00:00\",\"author\":{\"@id\":\"https:\\\/\\\/radiounodigital.com\\\/web\\\/#\\\/schema\\\/person\\\/00b93151fa54f619ecf9c183d1fc9758\"},\"breadcrumb\":{\"@id\":\"https:\\\/\\\/radiounodigital.com\\\/web\\\/2021\\\/09\\\/05\\\/we-will-rock-you-freddie\\\/#breadcrumb\"},\"inLanguage\":\"es\",\"potentialAction\":[{\"@type\":\"ReadAction\",\"target\":[\"https:\\\/\\\/radiounodigital.com\\\/web\\\/2021\\\/09\\\/05\\\/we-will-rock-you-freddie\\\/\"]}]},{\"@type\":\"ImageObject\",\"inLanguage\":\"es\",\"@id\":\"https:\\\/\\\/radiounodigital.com\\\/web\\\/2021\\\/09\\\/05\\\/we-will-rock-you-freddie\\\/#primaryimage\",\"url\":\"https:\\\/\\\/radiounodigital.com\\\/web\\\/wp-content\\\/uploads\\\/2021\\\/09\\\/freddie-live-in-wembley-e1630867222341.jpg\",\"contentUrl\":\"https:\\\/\\\/radiounodigital.com\\\/web\\\/wp-content\\\/uploads\\\/2021\\\/09\\\/freddie-live-in-wembley-e1630867222341.jpg\",\"width\":650,\"height\":434},{\"@type\":\"BreadcrumbList\",\"@id\":\"https:\\\/\\\/radiounodigital.com\\\/web\\\/2021\\\/09\\\/05\\\/we-will-rock-you-freddie\\\/#breadcrumb\",\"itemListElement\":[{\"@type\":\"ListItem\",\"position\":1,\"name\":\"Home\",\"item\":\"https:\\\/\\\/radiounodigital.com\\\/web\\\/\"},{\"@type\":\"ListItem\",\"position\":2,\"name\":\"We will rock you Freddie !\"}]},{\"@type\":\"WebSite\",\"@id\":\"https:\\\/\\\/radiounodigital.com\\\/web\\\/#website\",\"url\":\"https:\\\/\\\/radiounodigital.com\\\/web\\\/\",\"name\":\"Radio UNO Digital\",\"description\":\"Donde la cultura del rock se siente\",\"potentialAction\":[{\"@type\":\"SearchAction\",\"target\":{\"@type\":\"EntryPoint\",\"urlTemplate\":\"https:\\\/\\\/radiounodigital.com\\\/web\\\/?s={search_term_string}\"},\"query-input\":{\"@type\":\"PropertyValueSpecification\",\"valueRequired\":true,\"valueName\":\"search_term_string\"}}],\"inLanguage\":\"es\"},{\"@type\":\"Person\",\"@id\":\"https:\\\/\\\/radiounodigital.com\\\/web\\\/#\\\/schema\\\/person\\\/00b93151fa54f619ecf9c183d1fc9758\",\"name\":\"diegoc\",\"image\":{\"@type\":\"ImageObject\",\"inLanguage\":\"es\",\"@id\":\"https:\\\/\\\/secure.gravatar.com\\\/avatar\\\/0a67041d44c702fb0660d81a5a32c7ce6007341cf92afeb718b75883bf415864?s=96&d=blank&r=g\",\"url\":\"https:\\\/\\\/secure.gravatar.com\\\/avatar\\\/0a67041d44c702fb0660d81a5a32c7ce6007341cf92afeb718b75883bf415864?s=96&d=blank&r=g\",\"contentUrl\":\"https:\\\/\\\/secure.gravatar.com\\\/avatar\\\/0a67041d44c702fb0660d81a5a32c7ce6007341cf92afeb718b75883bf415864?s=96&d=blank&r=g\",\"caption\":\"diegoc\"},\"url\":\"https:\\\/\\\/radiounodigital.com\\\/web\\\/author\\\/diegoc\\\/\"}]}<\/script>\n<!-- \/ Yoast SEO plugin. -->","yoast_head_json":{"title":"We will rock you Freddie ! - Radio UNO Digital","robots":{"index":"index","follow":"follow","max-snippet":"max-snippet:-1","max-image-preview":"max-image-preview:large","max-video-preview":"max-video-preview:-1"},"canonical":"https:\/\/radiounodigital.com\/web\/2021\/09\/05\/we-will-rock-you-freddie\/","og_locale":"es_ES","og_type":"article","og_title":"We will rock you Freddie ! - Radio UNO Digital","og_description":"Hoy se cumplen 75 a\u00f1os del nacimiento de Freddie Mercury, uno de los principales frontman, sino el mas importante en la historia del rock. A un par de mes meses de cumplirse los 30 a\u00f1os de su partida, celebramos la m\u00fasica de Freddie en el d\u00eda que hubiera cumplido sus 75 a\u00f1os de vida. Freddie... Read More","og_url":"https:\/\/radiounodigital.com\/web\/2021\/09\/05\/we-will-rock-you-freddie\/","og_site_name":"Radio UNO Digital","article_published_time":"2021-09-05T18:40:34+00:00","og_image":[{"width":650,"height":434,"url":"https:\/\/radiounodigital.com\/web\/wp-content\/uploads\/2021\/09\/freddie-live-in-wembley-e1630867222341.jpg","type":"image\/jpeg"}],"author":"diegoc","twitter_card":"summary_large_image","twitter_misc":{"Escrito por":"diegoc","Tiempo de lectura":"1 minuto"},"schema":{"@context":"https:\/\/schema.org","@graph":[{"@type":"Article","@id":"https:\/\/radiounodigital.com\/web\/2021\/09\/05\/we-will-rock-you-freddie\/#article","isPartOf":{"@id":"https:\/\/radiounodigital.com\/web\/2021\/09\/05\/we-will-rock-you-freddie\/"},"author":{"name":"diegoc","@id":"https:\/\/radiounodigital.com\/web\/#\/schema\/person\/00b93151fa54f619ecf9c183d1fc9758"},"headline":"We will rock you Freddie !","datePublished":"2021-09-05T18:40:34+00:00","mainEntityOfPage":{"@id":"https:\/\/radiounodigital.com\/web\/2021\/09\/05\/we-will-rock-you-freddie\/"},"wordCount":176,"image":{"@id":"https:\/\/radiounodigital.com\/web\/2021\/09\/05\/we-will-rock-you-freddie\/#primaryimage"},"thumbnailUrl":"https:\/\/radiounodigital.com\/web\/wp-content\/uploads\/2021\/09\/freddie-live-in-wembley-e1630867222341.jpg","articleSection":["cumplea\u00f1os","news","videos"],"inLanguage":"es"},{"@type":"WebPage","@id":"https:\/\/radiounodigital.com\/web\/2021\/09\/05\/we-will-rock-you-freddie\/","url":"https:\/\/radiounodigital.com\/web\/2021\/09\/05\/we-will-rock-you-freddie\/","name":"We will rock you Freddie ! - Radio UNO Digital","isPartOf":{"@id":"https:\/\/radiounodigital.com\/web\/#website"},"primaryImageOfPage":{"@id":"https:\/\/radiounodigital.com\/web\/2021\/09\/05\/we-will-rock-you-freddie\/#primaryimage"},"image":{"@id":"https:\/\/radiounodigital.com\/web\/2021\/09\/05\/we-will-rock-you-freddie\/#primaryimage"},"thumbnailUrl":"https:\/\/radiounodigital.com\/web\/wp-content\/uploads\/2021\/09\/freddie-live-in-wembley-e1630867222341.jpg","datePublished":"2021-09-05T18:40:34+00:00","author":{"@id":"https:\/\/radiounodigital.com\/web\/#\/schema\/person\/00b93151fa54f619ecf9c183d1fc9758"},"breadcrumb":{"@id":"https:\/\/radiounodigital.com\/web\/2021\/09\/05\/we-will-rock-you-freddie\/#breadcrumb"},"inLanguage":"es","potentialAction":[{"@type":"ReadAction","target":["https:\/\/radiounodigital.com\/web\/2021\/09\/05\/we-will-rock-you-freddie\/"]}]},{"@type":"ImageObject","inLanguage":"es","@id":"https:\/\/radiounodigital.com\/web\/2021\/09\/05\/we-will-rock-you-freddie\/#primaryimage","url":"https:\/\/radiounodigital.com\/web\/wp-content\/uploads\/2021\/09\/freddie-live-in-wembley-e1630867222341.jpg","contentUrl":"https:\/\/radiounodigital.com\/web\/wp-content\/uploads\/2021\/09\/freddie-live-in-wembley-e1630867222341.jpg","width":650,"height":434},{"@type":"BreadcrumbList","@id":"https:\/\/radiounodigital.com\/web\/2021\/09\/05\/we-will-rock-you-freddie\/#breadcrumb","itemListElement":[{"@type":"ListItem","position":1,"name":"Home","item":"https:\/\/radiounodigital.com\/web\/"},{"@type":"ListItem","position":2,"name":"We will rock you Freddie !"}]},{"@type":"WebSite","@id":"https:\/\/radiounodigital.com\/web\/#website","url":"https:\/\/radiounodigital.com\/web\/","name":"Radio UNO Digital","description":"Donde la cultura del rock se siente","potentialAction":[{"@type":"SearchAction","target":{"@type":"EntryPoint","urlTemplate":"https:\/\/radiounodigital.com\/web\/?s={search_term_string}"},"query-input":{"@type":"PropertyValueSpecification","valueRequired":true,"valueName":"search_term_string"}}],"inLanguage":"es"},{"@type":"Person","@id":"https:\/\/radiounodigital.com\/web\/#\/schema\/person\/00b93151fa54f619ecf9c183d1fc9758","name":"diegoc","image":{"@type":"ImageObject","inLanguage":"es","@id":"https:\/\/secure.gravatar.com\/avatar\/0a67041d44c702fb0660d81a5a32c7ce6007341cf92afeb718b75883bf415864?s=96&d=blank&r=g","url":"https:\/\/secure.gravatar.com\/avatar\/0a67041d44c702fb0660d81a5a32c7ce6007341cf92afeb718b75883bf415864?s=96&d=blank&r=g","contentUrl":"https:\/\/secure.gravatar.com\/avatar\/0a67041d44c702fb0660d81a5a32c7ce6007341cf92afeb718b75883bf415864?s=96&d=blank&r=g","caption":"diegoc"},"url":"https:\/\/radiounodigital.com\/web\/author\/diegoc\/"}]}},"_links":{"self":[{"href":"https:\/\/radiounodigital.com\/web\/wp-json\/wp\/v2\/posts\/6357","targetHints":{"allow":["GET"]}}],"collection":[{"href":"https:\/\/radiounodigital.com\/web\/wp-json\/wp\/v2\/posts"}],"about":[{"href":"https:\/\/radiounodigital.com\/web\/wp-json\/wp\/v2\/types\/post"}],"author":[{"embeddable":true,"href":"https:\/\/radiounodigital.com\/web\/wp-json\/wp\/v2\/users\/1"}],"replies":[{"embeddable":true,"href":"https:\/\/radiounodigital.com\/web\/wp-json\/wp\/v2\/comments?post=6357"}],"version-history":[{"count":1,"href":"https:\/\/radiounodigital.com\/web\/wp-json\/wp\/v2\/posts\/6357\/revisions"}],"predecessor-version":[{"id":6359,"href":"https:\/\/radiounodigital.com\/web\/wp-json\/wp\/v2\/posts\/6357\/revisions\/6359"}],"wp:featuredmedia":[{"embeddable":true,"href":"https:\/\/radiounodigital.com\/web\/wp-json\/wp\/v2\/media\/6358"}],"wp:attachment":[{"href":"https:\/\/radiounodigital.com\/web\/wp-json\/wp\/v2\/media?parent=6357"}],"wp:term":[{"taxonomy":"category","embeddable":true,"href":"https:\/\/radiounodigital.com\/web\/wp-json\/wp\/v2\/categories?post=6357"},{"taxonomy":"post_tag","embeddable":true,"href":"https:\/\/radiounodigital.com\/web\/wp-json\/wp\/v2\/tags?post=6357"}],"curies":[{"name":"wp","href":"https:\/\/api.w.org\/{rel}","templated":true}]}}