{"id":6420,"date":"2021-09-22T11:58:44","date_gmt":"2021-09-22T14:58:44","guid":{"rendered":"https:\/\/radiounodigital.com\/web\/?p=6420"},"modified":"2021-09-22T12:00:57","modified_gmt":"2021-09-22T15:00:57","slug":"joan-jett-el-rock-and-roll-no-es-exclusivo-de-los-hombre","status":"publish","type":"post","link":"https:\/\/radiounodigital.com\/web\/2021\/09\/22\/joan-jett-el-rock-and-roll-no-es-exclusivo-de-los-hombre\/","title":{"rendered":"Joan Jett: El Rock and Roll no es exclusivo de los hombres"},"content":{"rendered":"<h3>La ex integrante de The Runaways junto a Lita Ford, y rock star como solista hace cuatro d\u00e9cadas sopla el d\u00eda de hoy 63 velitas.<\/h3>\n<p>Joan Jett no es una m\u00e1s en la escena del rock mundial. Es el perfecto ejemplo que nos deja en claro (si es que alguien piensa lo contrario) que el rock and roll no es solamente. de hombres.<\/p>\n<p>The Runaways fue algo m\u00e1s que un suspiro, pero dejo su sello marcado a finales de los 70 y marco el camino tanto para Lita Ford como para Joan Jett.<\/p>\n<p><iframe loading=\"lazy\" title=\"YouTube video player\" src=\"https:\/\/www.youtube.com\/embed\/d9jhDwxt22Y?list=OLAK5uy_km8xUDsqQmperbBLOmo5xCqRt4X-s2qQc\" width=\"560\" height=\"315\" frameborder=\"0\" allowfullscreen=\"allowfullscreen\"><span data-mce-type=\"bookmark\" style=\"display: inline-block; width: 0px; overflow: hidden; line-height: 0;\" class=\"mce_SELRES_start\">\ufeff<\/span><\/iframe><\/p>\n<div class=\"fb-background-color\">\n\t\t\t  <div \n\t\t\t  \tclass = \"fb-comments\" \n\t\t\t  \tdata-href = \"https:\/\/radiounodigital.com\/web\/2021\/09\/22\/joan-jett-el-rock-and-roll-no-es-exclusivo-de-los-hombre\/\"\n\t\t\t  \tdata-numposts = \"10\"\n\t\t\t  \tdata-lazy = \"true\"\n\t\t\t\tdata-colorscheme = \"dark\"\n\t\t\t\tdata-order-by = \"reverse_time\"\n\t\t\t\tdata-mobile=true>\n\t\t\t  <\/div><\/div>\n\t\t  <style>\n\t\t    .fb-background-color {\n\t\t\t\tbackground: #ffffff !important;\n\t\t\t}\n\t\t\t.fb_iframe_widget_fluid_desktop iframe {\n\t\t\t    width: 100% !important;\n\t\t\t}\n\t\t  <\/style>\n\t\t  ","protected":false},"excerpt":{"rendered":"<p>La ex integrante de The Runaways junto a Lita Ford, y rock star como solista hace cuatro d\u00e9cadas sopla el d\u00eda de hoy 63 velitas. Joan Jett no es una m\u00e1s en la escena del rock mundial. Es el perfecto ejemplo que nos deja en claro (si es que alguien piensa lo contrario) que el&#8230; <a href=\"https:\/\/radiounodigital.com\/web\/2021\/09\/22\/joan-jett-el-rock-and-roll-no-es-exclusivo-de-los-hombre\/\" class=\"excerpt-read-more\">Read More<\/a><\/p>\n","protected":false},"author":1,"featured_media":6433,"comment_status":"closed","ping_status":"open","sticky":false,"template":"","format":"standard","meta":{"footnotes":""},"categories":[1547,180,128,1359],"tags":[472,2036],"class_list":["post-6420","post","type-post","status-publish","format-standard","has-post-thumbnail","hentry","category-cumpleanos","category-news","category-rock-clasico","category-videos","tag-cumpleanos","tag-joan-jett"],"yoast_head":"<!-- This site is optimized with the Yoast SEO plugin v27.4 - https:\/\/yoast.com\/product\/yoast-seo-wordpress\/ -->\n<title>Joan Jett: El Rock and Roll no es exclusivo de los hombres - Radio UNO Digital<\/title>\n<meta name=\"robots\" content=\"index, follow, max-snippet:-1, max-image-preview:large, max-video-preview:-1\" \/>\n<link rel=\"canonical\" href=\"https:\/\/radiounodigital.com\/web\/2021\/09\/22\/joan-jett-el-rock-and-roll-no-es-exclusivo-de-los-hombre\/\" \/>\n<meta property=\"og:locale\" content=\"es_ES\" \/>\n<meta property=\"og:type\" content=\"article\" \/>\n<meta property=\"og:title\" content=\"Joan Jett: El Rock and Roll no es exclusivo de los hombres - Radio UNO Digital\" \/>\n<meta property=\"og:description\" content=\"La ex integrante de The Runaways junto a Lita Ford, y rock star como solista hace cuatro d\u00e9cadas sopla el d\u00eda de hoy 63 velitas. Joan Jett no es una m\u00e1s en la escena del rock mundial. Es el perfecto ejemplo que nos deja en claro (si es que alguien piensa lo contrario) que el... Read More\" \/>\n<meta property=\"og:url\" content=\"https:\/\/radiounodigital.com\/web\/2021\/09\/22\/joan-jett-el-rock-and-roll-no-es-exclusivo-de-los-hombre\/\" \/>\n<meta property=\"og:site_name\" content=\"Radio UNO Digital\" \/>\n<meta property=\"article:published_time\" content=\"2021-09-22T14:58:44+00:00\" \/>\n<meta property=\"article:modified_time\" content=\"2021-09-22T15:00:57+00:00\" \/>\n<meta property=\"og:image\" content=\"https:\/\/radiounodigital.com\/web\/wp-content\/uploads\/2021\/09\/joanjett.jpg\" \/>\n\t<meta property=\"og:image:width\" content=\"512\" \/>\n\t<meta property=\"og:image:height\" content=\"342\" \/>\n\t<meta property=\"og:image:type\" content=\"image\/jpeg\" \/>\n<meta name=\"author\" content=\"diegoc\" \/>\n<meta name=\"twitter:card\" content=\"summary_large_image\" \/>\n<meta name=\"twitter:label1\" content=\"Escrito por\" \/>\n\t<meta name=\"twitter:data1\" content=\"diegoc\" \/>\n\t<meta name=\"twitter:label2\" content=\"Tiempo de lectura\" \/>\n\t<meta name=\"twitter:data2\" content=\"1 minuto\" \/>\n<script type=\"application\/ld+json\" class=\"yoast-schema-graph\">{\"@context\":\"https:\\\/\\\/schema.org\",\"@graph\":[{\"@type\":\"Article\",\"@id\":\"https:\\\/\\\/radiounodigital.com\\\/web\\\/2021\\\/09\\\/22\\\/joan-jett-el-rock-and-roll-no-es-exclusivo-de-los-hombre\\\/#article\",\"isPartOf\":{\"@id\":\"https:\\\/\\\/radiounodigital.com\\\/web\\\/2021\\\/09\\\/22\\\/joan-jett-el-rock-and-roll-no-es-exclusivo-de-los-hombre\\\/\"},\"author\":{\"name\":\"diegoc\",\"@id\":\"https:\\\/\\\/radiounodigital.com\\\/web\\\/#\\\/schema\\\/person\\\/00b93151fa54f619ecf9c183d1fc9758\"},\"headline\":\"Joan Jett: El Rock and Roll no es exclusivo de los hombres\",\"datePublished\":\"2021-09-22T14:58:44+00:00\",\"dateModified\":\"2021-09-22T15:00:57+00:00\",\"mainEntityOfPage\":{\"@id\":\"https:\\\/\\\/radiounodigital.com\\\/web\\\/2021\\\/09\\\/22\\\/joan-jett-el-rock-and-roll-no-es-exclusivo-de-los-hombre\\\/\"},\"wordCount\":107,\"image\":{\"@id\":\"https:\\\/\\\/radiounodigital.com\\\/web\\\/2021\\\/09\\\/22\\\/joan-jett-el-rock-and-roll-no-es-exclusivo-de-los-hombre\\\/#primaryimage\"},\"thumbnailUrl\":\"https:\\\/\\\/radiounodigital.com\\\/web\\\/wp-content\\\/uploads\\\/2021\\\/09\\\/joanjett.jpg\",\"keywords\":[\"cumplea\u00f1os\",\"joan jett\"],\"articleSection\":[\"cumplea\u00f1os\",\"news\",\"Rock Clasico\",\"videos\"],\"inLanguage\":\"es\"},{\"@type\":\"WebPage\",\"@id\":\"https:\\\/\\\/radiounodigital.com\\\/web\\\/2021\\\/09\\\/22\\\/joan-jett-el-rock-and-roll-no-es-exclusivo-de-los-hombre\\\/\",\"url\":\"https:\\\/\\\/radiounodigital.com\\\/web\\\/2021\\\/09\\\/22\\\/joan-jett-el-rock-and-roll-no-es-exclusivo-de-los-hombre\\\/\",\"name\":\"Joan Jett: El Rock and Roll no es exclusivo de los hombres - Radio UNO Digital\",\"isPartOf\":{\"@id\":\"https:\\\/\\\/radiounodigital.com\\\/web\\\/#website\"},\"primaryImageOfPage\":{\"@id\":\"https:\\\/\\\/radiounodigital.com\\\/web\\\/2021\\\/09\\\/22\\\/joan-jett-el-rock-and-roll-no-es-exclusivo-de-los-hombre\\\/#primaryimage\"},\"image\":{\"@id\":\"https:\\\/\\\/radiounodigital.com\\\/web\\\/2021\\\/09\\\/22\\\/joan-jett-el-rock-and-roll-no-es-exclusivo-de-los-hombre\\\/#primaryimage\"},\"thumbnailUrl\":\"https:\\\/\\\/radiounodigital.com\\\/web\\\/wp-content\\\/uploads\\\/2021\\\/09\\\/joanjett.jpg\",\"datePublished\":\"2021-09-22T14:58:44+00:00\",\"dateModified\":\"2021-09-22T15:00:57+00:00\",\"author\":{\"@id\":\"https:\\\/\\\/radiounodigital.com\\\/web\\\/#\\\/schema\\\/person\\\/00b93151fa54f619ecf9c183d1fc9758\"},\"breadcrumb\":{\"@id\":\"https:\\\/\\\/radiounodigital.com\\\/web\\\/2021\\\/09\\\/22\\\/joan-jett-el-rock-and-roll-no-es-exclusivo-de-los-hombre\\\/#breadcrumb\"},\"inLanguage\":\"es\",\"potentialAction\":[{\"@type\":\"ReadAction\",\"target\":[\"https:\\\/\\\/radiounodigital.com\\\/web\\\/2021\\\/09\\\/22\\\/joan-jett-el-rock-and-roll-no-es-exclusivo-de-los-hombre\\\/\"]}]},{\"@type\":\"ImageObject\",\"inLanguage\":\"es\",\"@id\":\"https:\\\/\\\/radiounodigital.com\\\/web\\\/2021\\\/09\\\/22\\\/joan-jett-el-rock-and-roll-no-es-exclusivo-de-los-hombre\\\/#primaryimage\",\"url\":\"https:\\\/\\\/radiounodigital.com\\\/web\\\/wp-content\\\/uploads\\\/2021\\\/09\\\/joanjett.jpg\",\"contentUrl\":\"https:\\\/\\\/radiounodigital.com\\\/web\\\/wp-content\\\/uploads\\\/2021\\\/09\\\/joanjett.jpg\",\"width\":512,\"height\":342},{\"@type\":\"BreadcrumbList\",\"@id\":\"https:\\\/\\\/radiounodigital.com\\\/web\\\/2021\\\/09\\\/22\\\/joan-jett-el-rock-and-roll-no-es-exclusivo-de-los-hombre\\\/#breadcrumb\",\"itemListElement\":[{\"@type\":\"ListItem\",\"position\":1,\"name\":\"Home\",\"item\":\"https:\\\/\\\/radiounodigital.com\\\/web\\\/\"},{\"@type\":\"ListItem\",\"position\":2,\"name\":\"Joan Jett: El Rock and Roll no es exclusivo de los hombres\"}]},{\"@type\":\"WebSite\",\"@id\":\"https:\\\/\\\/radiounodigital.com\\\/web\\\/#website\",\"url\":\"https:\\\/\\\/radiounodigital.com\\\/web\\\/\",\"name\":\"Radio UNO Digital\",\"description\":\"Donde la cultura del rock se siente\",\"potentialAction\":[{\"@type\":\"SearchAction\",\"target\":{\"@type\":\"EntryPoint\",\"urlTemplate\":\"https:\\\/\\\/radiounodigital.com\\\/web\\\/?s={search_term_string}\"},\"query-input\":{\"@type\":\"PropertyValueSpecification\",\"valueRequired\":true,\"valueName\":\"search_term_string\"}}],\"inLanguage\":\"es\"},{\"@type\":\"Person\",\"@id\":\"https:\\\/\\\/radiounodigital.com\\\/web\\\/#\\\/schema\\\/person\\\/00b93151fa54f619ecf9c183d1fc9758\",\"name\":\"diegoc\",\"image\":{\"@type\":\"ImageObject\",\"inLanguage\":\"es\",\"@id\":\"https:\\\/\\\/secure.gravatar.com\\\/avatar\\\/0a67041d44c702fb0660d81a5a32c7ce6007341cf92afeb718b75883bf415864?s=96&d=blank&r=g\",\"url\":\"https:\\\/\\\/secure.gravatar.com\\\/avatar\\\/0a67041d44c702fb0660d81a5a32c7ce6007341cf92afeb718b75883bf415864?s=96&d=blank&r=g\",\"contentUrl\":\"https:\\\/\\\/secure.gravatar.com\\\/avatar\\\/0a67041d44c702fb0660d81a5a32c7ce6007341cf92afeb718b75883bf415864?s=96&d=blank&r=g\",\"caption\":\"diegoc\"},\"url\":\"https:\\\/\\\/radiounodigital.com\\\/web\\\/author\\\/diegoc\\\/\"}]}<\/script>\n<!-- \/ Yoast SEO plugin. -->","yoast_head_json":{"title":"Joan Jett: El Rock and Roll no es exclusivo de los hombres - Radio UNO Digital","robots":{"index":"index","follow":"follow","max-snippet":"max-snippet:-1","max-image-preview":"max-image-preview:large","max-video-preview":"max-video-preview:-1"},"canonical":"https:\/\/radiounodigital.com\/web\/2021\/09\/22\/joan-jett-el-rock-and-roll-no-es-exclusivo-de-los-hombre\/","og_locale":"es_ES","og_type":"article","og_title":"Joan Jett: El Rock and Roll no es exclusivo de los hombres - Radio UNO Digital","og_description":"La ex integrante de The Runaways junto a Lita Ford, y rock star como solista hace cuatro d\u00e9cadas sopla el d\u00eda de hoy 63 velitas. Joan Jett no es una m\u00e1s en la escena del rock mundial. Es el perfecto ejemplo que nos deja en claro (si es que alguien piensa lo contrario) que el... Read More","og_url":"https:\/\/radiounodigital.com\/web\/2021\/09\/22\/joan-jett-el-rock-and-roll-no-es-exclusivo-de-los-hombre\/","og_site_name":"Radio UNO Digital","article_published_time":"2021-09-22T14:58:44+00:00","article_modified_time":"2021-09-22T15:00:57+00:00","og_image":[{"width":512,"height":342,"url":"https:\/\/radiounodigital.com\/web\/wp-content\/uploads\/2021\/09\/joanjett.jpg","type":"image\/jpeg"}],"author":"diegoc","twitter_card":"summary_large_image","twitter_misc":{"Escrito por":"diegoc","Tiempo de lectura":"1 minuto"},"schema":{"@context":"https:\/\/schema.org","@graph":[{"@type":"Article","@id":"https:\/\/radiounodigital.com\/web\/2021\/09\/22\/joan-jett-el-rock-and-roll-no-es-exclusivo-de-los-hombre\/#article","isPartOf":{"@id":"https:\/\/radiounodigital.com\/web\/2021\/09\/22\/joan-jett-el-rock-and-roll-no-es-exclusivo-de-los-hombre\/"},"author":{"name":"diegoc","@id":"https:\/\/radiounodigital.com\/web\/#\/schema\/person\/00b93151fa54f619ecf9c183d1fc9758"},"headline":"Joan Jett: El Rock and Roll no es exclusivo de los hombres","datePublished":"2021-09-22T14:58:44+00:00","dateModified":"2021-09-22T15:00:57+00:00","mainEntityOfPage":{"@id":"https:\/\/radiounodigital.com\/web\/2021\/09\/22\/joan-jett-el-rock-and-roll-no-es-exclusivo-de-los-hombre\/"},"wordCount":107,"image":{"@id":"https:\/\/radiounodigital.com\/web\/2021\/09\/22\/joan-jett-el-rock-and-roll-no-es-exclusivo-de-los-hombre\/#primaryimage"},"thumbnailUrl":"https:\/\/radiounodigital.com\/web\/wp-content\/uploads\/2021\/09\/joanjett.jpg","keywords":["cumplea\u00f1os","joan jett"],"articleSection":["cumplea\u00f1os","news","Rock Clasico","videos"],"inLanguage":"es"},{"@type":"WebPage","@id":"https:\/\/radiounodigital.com\/web\/2021\/09\/22\/joan-jett-el-rock-and-roll-no-es-exclusivo-de-los-hombre\/","url":"https:\/\/radiounodigital.com\/web\/2021\/09\/22\/joan-jett-el-rock-and-roll-no-es-exclusivo-de-los-hombre\/","name":"Joan Jett: El Rock and Roll no es exclusivo de los hombres - Radio UNO Digital","isPartOf":{"@id":"https:\/\/radiounodigital.com\/web\/#website"},"primaryImageOfPage":{"@id":"https:\/\/radiounodigital.com\/web\/2021\/09\/22\/joan-jett-el-rock-and-roll-no-es-exclusivo-de-los-hombre\/#primaryimage"},"image":{"@id":"https:\/\/radiounodigital.com\/web\/2021\/09\/22\/joan-jett-el-rock-and-roll-no-es-exclusivo-de-los-hombre\/#primaryimage"},"thumbnailUrl":"https:\/\/radiounodigital.com\/web\/wp-content\/uploads\/2021\/09\/joanjett.jpg","datePublished":"2021-09-22T14:58:44+00:00","dateModified":"2021-09-22T15:00:57+00:00","author":{"@id":"https:\/\/radiounodigital.com\/web\/#\/schema\/person\/00b93151fa54f619ecf9c183d1fc9758"},"breadcrumb":{"@id":"https:\/\/radiounodigital.com\/web\/2021\/09\/22\/joan-jett-el-rock-and-roll-no-es-exclusivo-de-los-hombre\/#breadcrumb"},"inLanguage":"es","potentialAction":[{"@type":"ReadAction","target":["https:\/\/radiounodigital.com\/web\/2021\/09\/22\/joan-jett-el-rock-and-roll-no-es-exclusivo-de-los-hombre\/"]}]},{"@type":"ImageObject","inLanguage":"es","@id":"https:\/\/radiounodigital.com\/web\/2021\/09\/22\/joan-jett-el-rock-and-roll-no-es-exclusivo-de-los-hombre\/#primaryimage","url":"https:\/\/radiounodigital.com\/web\/wp-content\/uploads\/2021\/09\/joanjett.jpg","contentUrl":"https:\/\/radiounodigital.com\/web\/wp-content\/uploads\/2021\/09\/joanjett.jpg","width":512,"height":342},{"@type":"BreadcrumbList","@id":"https:\/\/radiounodigital.com\/web\/2021\/09\/22\/joan-jett-el-rock-and-roll-no-es-exclusivo-de-los-hombre\/#breadcrumb","itemListElement":[{"@type":"ListItem","position":1,"name":"Home","item":"https:\/\/radiounodigital.com\/web\/"},{"@type":"ListItem","position":2,"name":"Joan Jett: El Rock and Roll no es exclusivo de los hombres"}]},{"@type":"WebSite","@id":"https:\/\/radiounodigital.com\/web\/#website","url":"https:\/\/radiounodigital.com\/web\/","name":"Radio UNO Digital","description":"Donde la cultura del rock se siente","potentialAction":[{"@type":"SearchAction","target":{"@type":"EntryPoint","urlTemplate":"https:\/\/radiounodigital.com\/web\/?s={search_term_string}"},"query-input":{"@type":"PropertyValueSpecification","valueRequired":true,"valueName":"search_term_string"}}],"inLanguage":"es"},{"@type":"Person","@id":"https:\/\/radiounodigital.com\/web\/#\/schema\/person\/00b93151fa54f619ecf9c183d1fc9758","name":"diegoc","image":{"@type":"ImageObject","inLanguage":"es","@id":"https:\/\/secure.gravatar.com\/avatar\/0a67041d44c702fb0660d81a5a32c7ce6007341cf92afeb718b75883bf415864?s=96&d=blank&r=g","url":"https:\/\/secure.gravatar.com\/avatar\/0a67041d44c702fb0660d81a5a32c7ce6007341cf92afeb718b75883bf415864?s=96&d=blank&r=g","contentUrl":"https:\/\/secure.gravatar.com\/avatar\/0a67041d44c702fb0660d81a5a32c7ce6007341cf92afeb718b75883bf415864?s=96&d=blank&r=g","caption":"diegoc"},"url":"https:\/\/radiounodigital.com\/web\/author\/diegoc\/"}]}},"_links":{"self":[{"href":"https:\/\/radiounodigital.com\/web\/wp-json\/wp\/v2\/posts\/6420","targetHints":{"allow":["GET"]}}],"collection":[{"href":"https:\/\/radiounodigital.com\/web\/wp-json\/wp\/v2\/posts"}],"about":[{"href":"https:\/\/radiounodigital.com\/web\/wp-json\/wp\/v2\/types\/post"}],"author":[{"embeddable":true,"href":"https:\/\/radiounodigital.com\/web\/wp-json\/wp\/v2\/users\/1"}],"replies":[{"embeddable":true,"href":"https:\/\/radiounodigital.com\/web\/wp-json\/wp\/v2\/comments?post=6420"}],"version-history":[{"count":2,"href":"https:\/\/radiounodigital.com\/web\/wp-json\/wp\/v2\/posts\/6420\/revisions"}],"predecessor-version":[{"id":6435,"href":"https:\/\/radiounodigital.com\/web\/wp-json\/wp\/v2\/posts\/6420\/revisions\/6435"}],"wp:featuredmedia":[{"embeddable":true,"href":"https:\/\/radiounodigital.com\/web\/wp-json\/wp\/v2\/media\/6433"}],"wp:attachment":[{"href":"https:\/\/radiounodigital.com\/web\/wp-json\/wp\/v2\/media?parent=6420"}],"wp:term":[{"taxonomy":"category","embeddable":true,"href":"https:\/\/radiounodigital.com\/web\/wp-json\/wp\/v2\/categories?post=6420"},{"taxonomy":"post_tag","embeddable":true,"href":"https:\/\/radiounodigital.com\/web\/wp-json\/wp\/v2\/tags?post=6420"}],"curies":[{"name":"wp","href":"https:\/\/api.w.org\/{rel}","templated":true}]}}