{"id":6457,"date":"2021-09-29T19:30:50","date_gmt":"2021-09-29T22:30:50","guid":{"rendered":"https:\/\/radiounodigital.com\/web\/?p=6457"},"modified":"2021-09-29T19:30:50","modified_gmt":"2021-09-29T22:30:50","slug":"mick-jagger-es-extrano-estar-sin-el-en-el-escenario","status":"publish","type":"post","link":"https:\/\/radiounodigital.com\/web\/2021\/09\/29\/mick-jagger-es-extrano-estar-sin-el-en-el-escenario\/","title":{"rendered":"Mick Jagger: \u00abEs extra\u00f1o estar sin \u00e9l en el escenario\u00bb"},"content":{"rendered":"<h3>Mick Jagger se ha abierto sobre los Rolling Stones de gira sin su \u00ablatido\u00bb Charlie Watts.<\/h3>\n<p>El antiguo baterista de los Stones muri\u00f3 a la edad de 80 a\u00f1os el mes pasado (24 de agosto), lo que provoc\u00f3 una gran avalancha de tributos del mundo de la m\u00fasica y m\u00e1s all\u00e1. Sus compa\u00f1eros de banda sobrevivientes reflexionaron sobre la \u00abgran p\u00e9rdida\u00bb de la semana pasada, y m\u00e1s tarde dedicaron su primer show de 2021 a Watts.<br \/>\nDurante una nueva entrevista con Howard Stern hoy (29 de septiembre), Jagger describi\u00f3 al difunto sticksman como \u00abel latido del coraz\u00f3n de la banda, y tambi\u00e9n una personalidad muy estable\u00bb.<br \/>\n\u201c\u00c9l no debe ser perturbado. Era una persona muy confiable, no era una diva, eso es lo \u00faltimo que quieres en un baterista \u00ab, continu\u00f3 el l\u00edder.<\/p>\n<div id=\"attachment_6458\" style=\"width: 660px\" class=\"wp-caption aligncenter\"><img loading=\"lazy\" decoding=\"async\" aria-describedby=\"caption-attachment-6458\" class=\"size-full wp-image-6458\" src=\"https:\/\/radiounodigital.com\/web\/wp-content\/uploads\/2021\/09\/charliewatts2-2000x1270-1-e1632954451600.jpg\" alt=\"\" width=\"650\" height=\"413\" \/><p id=\"caption-attachment-6458\" class=\"wp-caption-text\">English drummer Charlie Watts of the Rolling Stones, circa 1965. (Photo by Keystone Features\/Hulton Archive\/Getty Images)<\/p><\/div>\n<p>\u201cExtra\u00f1o a Charlie porque ten\u00eda un gran sentido del humor y tambi\u00e9n est\u00e1bamos &#8230; fuera de la banda, sol\u00edamos pasar el rato bastante y pasar momentos interesantes. Nos gustaban los deportes, \u00edbamos al f\u00fatbol, \u200b\u200b\u00edbamos a los juegos de cricket y ten\u00edamos otros intereses adem\u00e1s de la m\u00fasica \u00ab.<br \/>\nJagger luego reflexion\u00f3 sobre la experiencia de prepararse para tocar en vivo sin Watts, quien no se hab\u00eda perdido un show de los Stones desde su primera actuaci\u00f3n con la banda en 1963.<\/p>\n<p>\u201cCada vez que nos reunimos y ensayamos, decimos: &#8216;Oh, Charlie dir\u00eda esto, luego \u00e9l har\u00eda aquello&#8217;\u201d, dijo el cantante.<\/p>\n<p>\u201cHicimos tantos shows con \u00e9l y tantas giras y tantas sesiones de grabaci\u00f3n, es extra\u00f1o estar sin \u00e9l. Cuando estuvo enfermo, dijo: \u00abTienes que continuar y hacer esta gira. No te detengas por mi culpa &#8216;. As\u00ed lo hicimos \u00ab.<br \/>\nSteve Jordan, quien inicialmente intervino para que Watts pudiera recuperarse de la cirug\u00eda, ahora es el baterista permanente de gira de The Rolling Stones. Jagger explic\u00f3 anteriormente que Jordan era \u00abmuy respetuoso con Charlie\u00bb e \u00abhizo [su] tarea\u00bb.<br \/>\nDurante una entrevista separada este mes, dijo que Watts fue quien \u00abmantuvo a la banda unida durante tanto tiempo\u00bb, y agreg\u00f3: \u00abTuvimos algunas conversaciones realmente agradables en los \u00faltimos a\u00f1os sobre c\u00f3mo sucedi\u00f3 todo esto con la banda\u00bb.<\/p>\n<p>La gira estadounidense \u00abNo Filter\u00bb de los Rolling Stones comenz\u00f3 en St Louis, Missouri, el domingo (26 de septiembre). El concierto comenz\u00f3 con un escenario vac\u00edo y solo un tambor, con fotos de Watts apareciendo en las pantallas gigantes.<\/p>\n<p>\u00abExtra\u00f1aremos mucho a Charlie, dentro y fuera del escenario\u00bb, dijo Mick Jagger a la audiencia.<\/p>\n<p>Fuente: NME<\/p>\n<div class=\"fb-background-color\">\n\t\t\t  <div \n\t\t\t  \tclass = \"fb-comments\" \n\t\t\t  \tdata-href = \"https:\/\/radiounodigital.com\/web\/2021\/09\/29\/mick-jagger-es-extrano-estar-sin-el-en-el-escenario\/\"\n\t\t\t  \tdata-numposts = \"10\"\n\t\t\t  \tdata-lazy = \"true\"\n\t\t\t\tdata-colorscheme = \"dark\"\n\t\t\t\tdata-order-by = \"reverse_time\"\n\t\t\t\tdata-mobile=true>\n\t\t\t  <\/div><\/div>\n\t\t  <style>\n\t\t    .fb-background-color {\n\t\t\t\tbackground: #ffffff !important;\n\t\t\t}\n\t\t\t.fb_iframe_widget_fluid_desktop iframe {\n\t\t\t    width: 100% !important;\n\t\t\t}\n\t\t  <\/style>\n\t\t  ","protected":false},"excerpt":{"rendered":"<p>Mick Jagger se ha abierto sobre los Rolling Stones de gira sin su \u00ablatido\u00bb Charlie Watts. El antiguo baterista de los Stones muri\u00f3 a la edad de 80 a\u00f1os el mes pasado (24 de agosto), lo que provoc\u00f3 una gran avalancha de tributos del mundo de la m\u00fasica y m\u00e1s all\u00e1. Sus compa\u00f1eros de banda&#8230; <a href=\"https:\/\/radiounodigital.com\/web\/2021\/09\/29\/mick-jagger-es-extrano-estar-sin-el-en-el-escenario\/\" class=\"excerpt-read-more\">Read More<\/a><\/p>\n","protected":false},"author":1,"featured_media":6459,"comment_status":"closed","ping_status":"open","sticky":false,"template":"","format":"standard","meta":{"footnotes":""},"categories":[1706,180,128],"tags":[1829,73],"class_list":["post-6457","post","type-post","status-publish","format-standard","has-post-thumbnail","hentry","category-especiales","category-news","category-rock-clasico","tag-charlie-watts","tag-rolling-stones"],"yoast_head":"<!-- This site is optimized with the Yoast SEO plugin v27.4 - https:\/\/yoast.com\/product\/yoast-seo-wordpress\/ -->\n<title>Mick Jagger: &quot;Es extra\u00f1o estar sin \u00e9l en el escenario&quot; - Radio UNO Digital<\/title>\n<meta name=\"robots\" content=\"index, follow, max-snippet:-1, max-image-preview:large, max-video-preview:-1\" \/>\n<link rel=\"canonical\" href=\"https:\/\/radiounodigital.com\/web\/2021\/09\/29\/mick-jagger-es-extrano-estar-sin-el-en-el-escenario\/\" \/>\n<meta property=\"og:locale\" content=\"es_ES\" \/>\n<meta property=\"og:type\" content=\"article\" \/>\n<meta property=\"og:title\" content=\"Mick Jagger: &quot;Es extra\u00f1o estar sin \u00e9l en el escenario&quot; - Radio UNO Digital\" \/>\n<meta property=\"og:description\" content=\"Mick Jagger se ha abierto sobre los Rolling Stones de gira sin su \u00ablatido\u00bb Charlie Watts. El antiguo baterista de los Stones muri\u00f3 a la edad de 80 a\u00f1os el mes pasado (24 de agosto), lo que provoc\u00f3 una gran avalancha de tributos del mundo de la m\u00fasica y m\u00e1s all\u00e1. Sus compa\u00f1eros de banda... Read More\" \/>\n<meta property=\"og:url\" content=\"https:\/\/radiounodigital.com\/web\/2021\/09\/29\/mick-jagger-es-extrano-estar-sin-el-en-el-escenario\/\" \/>\n<meta property=\"og:site_name\" content=\"Radio UNO Digital\" \/>\n<meta property=\"article:published_time\" content=\"2021-09-29T22:30:50+00:00\" \/>\n<meta property=\"og:image\" content=\"https:\/\/radiounodigital.com\/web\/wp-content\/uploads\/2021\/09\/rolling-stones-e1632954634307.jpg\" \/>\n\t<meta property=\"og:image:width\" content=\"650\" \/>\n\t<meta property=\"og:image:height\" content=\"366\" \/>\n\t<meta property=\"og:image:type\" content=\"image\/jpeg\" \/>\n<meta name=\"author\" content=\"diegoc\" \/>\n<meta name=\"twitter:card\" content=\"summary_large_image\" \/>\n<meta name=\"twitter:label1\" content=\"Escrito por\" \/>\n\t<meta name=\"twitter:data1\" content=\"diegoc\" \/>\n\t<meta name=\"twitter:label2\" content=\"Tiempo de lectura\" \/>\n\t<meta name=\"twitter:data2\" content=\"3 minutos\" \/>\n<script type=\"application\/ld+json\" class=\"yoast-schema-graph\">{\"@context\":\"https:\\\/\\\/schema.org\",\"@graph\":[{\"@type\":\"Article\",\"@id\":\"https:\\\/\\\/radiounodigital.com\\\/web\\\/2021\\\/09\\\/29\\\/mick-jagger-es-extrano-estar-sin-el-en-el-escenario\\\/#article\",\"isPartOf\":{\"@id\":\"https:\\\/\\\/radiounodigital.com\\\/web\\\/2021\\\/09\\\/29\\\/mick-jagger-es-extrano-estar-sin-el-en-el-escenario\\\/\"},\"author\":{\"name\":\"diegoc\",\"@id\":\"https:\\\/\\\/radiounodigital.com\\\/web\\\/#\\\/schema\\\/person\\\/00b93151fa54f619ecf9c183d1fc9758\"},\"headline\":\"Mick Jagger: \u00abEs extra\u00f1o estar sin \u00e9l en el escenario\u00bb\",\"datePublished\":\"2021-09-29T22:30:50+00:00\",\"mainEntityOfPage\":{\"@id\":\"https:\\\/\\\/radiounodigital.com\\\/web\\\/2021\\\/09\\\/29\\\/mick-jagger-es-extrano-estar-sin-el-en-el-escenario\\\/\"},\"wordCount\":459,\"image\":{\"@id\":\"https:\\\/\\\/radiounodigital.com\\\/web\\\/2021\\\/09\\\/29\\\/mick-jagger-es-extrano-estar-sin-el-en-el-escenario\\\/#primaryimage\"},\"thumbnailUrl\":\"https:\\\/\\\/radiounodigital.com\\\/web\\\/wp-content\\\/uploads\\\/2021\\\/09\\\/rolling-stones-e1632954634307.jpg\",\"keywords\":[\"charlie watts\",\"rolling stones\"],\"articleSection\":[\"especiales\",\"news\",\"Rock Clasico\"],\"inLanguage\":\"es\"},{\"@type\":\"WebPage\",\"@id\":\"https:\\\/\\\/radiounodigital.com\\\/web\\\/2021\\\/09\\\/29\\\/mick-jagger-es-extrano-estar-sin-el-en-el-escenario\\\/\",\"url\":\"https:\\\/\\\/radiounodigital.com\\\/web\\\/2021\\\/09\\\/29\\\/mick-jagger-es-extrano-estar-sin-el-en-el-escenario\\\/\",\"name\":\"Mick Jagger: \\\"Es extra\u00f1o estar sin \u00e9l en el escenario\\\" - Radio UNO Digital\",\"isPartOf\":{\"@id\":\"https:\\\/\\\/radiounodigital.com\\\/web\\\/#website\"},\"primaryImageOfPage\":{\"@id\":\"https:\\\/\\\/radiounodigital.com\\\/web\\\/2021\\\/09\\\/29\\\/mick-jagger-es-extrano-estar-sin-el-en-el-escenario\\\/#primaryimage\"},\"image\":{\"@id\":\"https:\\\/\\\/radiounodigital.com\\\/web\\\/2021\\\/09\\\/29\\\/mick-jagger-es-extrano-estar-sin-el-en-el-escenario\\\/#primaryimage\"},\"thumbnailUrl\":\"https:\\\/\\\/radiounodigital.com\\\/web\\\/wp-content\\\/uploads\\\/2021\\\/09\\\/rolling-stones-e1632954634307.jpg\",\"datePublished\":\"2021-09-29T22:30:50+00:00\",\"author\":{\"@id\":\"https:\\\/\\\/radiounodigital.com\\\/web\\\/#\\\/schema\\\/person\\\/00b93151fa54f619ecf9c183d1fc9758\"},\"breadcrumb\":{\"@id\":\"https:\\\/\\\/radiounodigital.com\\\/web\\\/2021\\\/09\\\/29\\\/mick-jagger-es-extrano-estar-sin-el-en-el-escenario\\\/#breadcrumb\"},\"inLanguage\":\"es\",\"potentialAction\":[{\"@type\":\"ReadAction\",\"target\":[\"https:\\\/\\\/radiounodigital.com\\\/web\\\/2021\\\/09\\\/29\\\/mick-jagger-es-extrano-estar-sin-el-en-el-escenario\\\/\"]}]},{\"@type\":\"ImageObject\",\"inLanguage\":\"es\",\"@id\":\"https:\\\/\\\/radiounodigital.com\\\/web\\\/2021\\\/09\\\/29\\\/mick-jagger-es-extrano-estar-sin-el-en-el-escenario\\\/#primaryimage\",\"url\":\"https:\\\/\\\/radiounodigital.com\\\/web\\\/wp-content\\\/uploads\\\/2021\\\/09\\\/rolling-stones-e1632954634307.jpg\",\"contentUrl\":\"https:\\\/\\\/radiounodigital.com\\\/web\\\/wp-content\\\/uploads\\\/2021\\\/09\\\/rolling-stones-e1632954634307.jpg\",\"width\":650,\"height\":366},{\"@type\":\"BreadcrumbList\",\"@id\":\"https:\\\/\\\/radiounodigital.com\\\/web\\\/2021\\\/09\\\/29\\\/mick-jagger-es-extrano-estar-sin-el-en-el-escenario\\\/#breadcrumb\",\"itemListElement\":[{\"@type\":\"ListItem\",\"position\":1,\"name\":\"Home\",\"item\":\"https:\\\/\\\/radiounodigital.com\\\/web\\\/\"},{\"@type\":\"ListItem\",\"position\":2,\"name\":\"Mick Jagger: \u00abEs extra\u00f1o estar sin \u00e9l en el escenario\u00bb\"}]},{\"@type\":\"WebSite\",\"@id\":\"https:\\\/\\\/radiounodigital.com\\\/web\\\/#website\",\"url\":\"https:\\\/\\\/radiounodigital.com\\\/web\\\/\",\"name\":\"Radio UNO Digital\",\"description\":\"Donde la cultura del rock se siente\",\"potentialAction\":[{\"@type\":\"SearchAction\",\"target\":{\"@type\":\"EntryPoint\",\"urlTemplate\":\"https:\\\/\\\/radiounodigital.com\\\/web\\\/?s={search_term_string}\"},\"query-input\":{\"@type\":\"PropertyValueSpecification\",\"valueRequired\":true,\"valueName\":\"search_term_string\"}}],\"inLanguage\":\"es\"},{\"@type\":\"Person\",\"@id\":\"https:\\\/\\\/radiounodigital.com\\\/web\\\/#\\\/schema\\\/person\\\/00b93151fa54f619ecf9c183d1fc9758\",\"name\":\"diegoc\",\"image\":{\"@type\":\"ImageObject\",\"inLanguage\":\"es\",\"@id\":\"https:\\\/\\\/secure.gravatar.com\\\/avatar\\\/0a67041d44c702fb0660d81a5a32c7ce6007341cf92afeb718b75883bf415864?s=96&d=blank&r=g\",\"url\":\"https:\\\/\\\/secure.gravatar.com\\\/avatar\\\/0a67041d44c702fb0660d81a5a32c7ce6007341cf92afeb718b75883bf415864?s=96&d=blank&r=g\",\"contentUrl\":\"https:\\\/\\\/secure.gravatar.com\\\/avatar\\\/0a67041d44c702fb0660d81a5a32c7ce6007341cf92afeb718b75883bf415864?s=96&d=blank&r=g\",\"caption\":\"diegoc\"},\"url\":\"https:\\\/\\\/radiounodigital.com\\\/web\\\/author\\\/diegoc\\\/\"}]}<\/script>\n<!-- \/ Yoast SEO plugin. -->","yoast_head_json":{"title":"Mick Jagger: \"Es extra\u00f1o estar sin \u00e9l en el escenario\" - Radio UNO Digital","robots":{"index":"index","follow":"follow","max-snippet":"max-snippet:-1","max-image-preview":"max-image-preview:large","max-video-preview":"max-video-preview:-1"},"canonical":"https:\/\/radiounodigital.com\/web\/2021\/09\/29\/mick-jagger-es-extrano-estar-sin-el-en-el-escenario\/","og_locale":"es_ES","og_type":"article","og_title":"Mick Jagger: \"Es extra\u00f1o estar sin \u00e9l en el escenario\" - Radio UNO Digital","og_description":"Mick Jagger se ha abierto sobre los Rolling Stones de gira sin su \u00ablatido\u00bb Charlie Watts. El antiguo baterista de los Stones muri\u00f3 a la edad de 80 a\u00f1os el mes pasado (24 de agosto), lo que provoc\u00f3 una gran avalancha de tributos del mundo de la m\u00fasica y m\u00e1s all\u00e1. Sus compa\u00f1eros de banda... Read More","og_url":"https:\/\/radiounodigital.com\/web\/2021\/09\/29\/mick-jagger-es-extrano-estar-sin-el-en-el-escenario\/","og_site_name":"Radio UNO Digital","article_published_time":"2021-09-29T22:30:50+00:00","og_image":[{"width":650,"height":366,"url":"https:\/\/radiounodigital.com\/web\/wp-content\/uploads\/2021\/09\/rolling-stones-e1632954634307.jpg","type":"image\/jpeg"}],"author":"diegoc","twitter_card":"summary_large_image","twitter_misc":{"Escrito por":"diegoc","Tiempo de lectura":"3 minutos"},"schema":{"@context":"https:\/\/schema.org","@graph":[{"@type":"Article","@id":"https:\/\/radiounodigital.com\/web\/2021\/09\/29\/mick-jagger-es-extrano-estar-sin-el-en-el-escenario\/#article","isPartOf":{"@id":"https:\/\/radiounodigital.com\/web\/2021\/09\/29\/mick-jagger-es-extrano-estar-sin-el-en-el-escenario\/"},"author":{"name":"diegoc","@id":"https:\/\/radiounodigital.com\/web\/#\/schema\/person\/00b93151fa54f619ecf9c183d1fc9758"},"headline":"Mick Jagger: \u00abEs extra\u00f1o estar sin \u00e9l en el escenario\u00bb","datePublished":"2021-09-29T22:30:50+00:00","mainEntityOfPage":{"@id":"https:\/\/radiounodigital.com\/web\/2021\/09\/29\/mick-jagger-es-extrano-estar-sin-el-en-el-escenario\/"},"wordCount":459,"image":{"@id":"https:\/\/radiounodigital.com\/web\/2021\/09\/29\/mick-jagger-es-extrano-estar-sin-el-en-el-escenario\/#primaryimage"},"thumbnailUrl":"https:\/\/radiounodigital.com\/web\/wp-content\/uploads\/2021\/09\/rolling-stones-e1632954634307.jpg","keywords":["charlie watts","rolling stones"],"articleSection":["especiales","news","Rock Clasico"],"inLanguage":"es"},{"@type":"WebPage","@id":"https:\/\/radiounodigital.com\/web\/2021\/09\/29\/mick-jagger-es-extrano-estar-sin-el-en-el-escenario\/","url":"https:\/\/radiounodigital.com\/web\/2021\/09\/29\/mick-jagger-es-extrano-estar-sin-el-en-el-escenario\/","name":"Mick Jagger: \"Es extra\u00f1o estar sin \u00e9l en el escenario\" - Radio UNO Digital","isPartOf":{"@id":"https:\/\/radiounodigital.com\/web\/#website"},"primaryImageOfPage":{"@id":"https:\/\/radiounodigital.com\/web\/2021\/09\/29\/mick-jagger-es-extrano-estar-sin-el-en-el-escenario\/#primaryimage"},"image":{"@id":"https:\/\/radiounodigital.com\/web\/2021\/09\/29\/mick-jagger-es-extrano-estar-sin-el-en-el-escenario\/#primaryimage"},"thumbnailUrl":"https:\/\/radiounodigital.com\/web\/wp-content\/uploads\/2021\/09\/rolling-stones-e1632954634307.jpg","datePublished":"2021-09-29T22:30:50+00:00","author":{"@id":"https:\/\/radiounodigital.com\/web\/#\/schema\/person\/00b93151fa54f619ecf9c183d1fc9758"},"breadcrumb":{"@id":"https:\/\/radiounodigital.com\/web\/2021\/09\/29\/mick-jagger-es-extrano-estar-sin-el-en-el-escenario\/#breadcrumb"},"inLanguage":"es","potentialAction":[{"@type":"ReadAction","target":["https:\/\/radiounodigital.com\/web\/2021\/09\/29\/mick-jagger-es-extrano-estar-sin-el-en-el-escenario\/"]}]},{"@type":"ImageObject","inLanguage":"es","@id":"https:\/\/radiounodigital.com\/web\/2021\/09\/29\/mick-jagger-es-extrano-estar-sin-el-en-el-escenario\/#primaryimage","url":"https:\/\/radiounodigital.com\/web\/wp-content\/uploads\/2021\/09\/rolling-stones-e1632954634307.jpg","contentUrl":"https:\/\/radiounodigital.com\/web\/wp-content\/uploads\/2021\/09\/rolling-stones-e1632954634307.jpg","width":650,"height":366},{"@type":"BreadcrumbList","@id":"https:\/\/radiounodigital.com\/web\/2021\/09\/29\/mick-jagger-es-extrano-estar-sin-el-en-el-escenario\/#breadcrumb","itemListElement":[{"@type":"ListItem","position":1,"name":"Home","item":"https:\/\/radiounodigital.com\/web\/"},{"@type":"ListItem","position":2,"name":"Mick Jagger: \u00abEs extra\u00f1o estar sin \u00e9l en el escenario\u00bb"}]},{"@type":"WebSite","@id":"https:\/\/radiounodigital.com\/web\/#website","url":"https:\/\/radiounodigital.com\/web\/","name":"Radio UNO Digital","description":"Donde la cultura del rock se siente","potentialAction":[{"@type":"SearchAction","target":{"@type":"EntryPoint","urlTemplate":"https:\/\/radiounodigital.com\/web\/?s={search_term_string}"},"query-input":{"@type":"PropertyValueSpecification","valueRequired":true,"valueName":"search_term_string"}}],"inLanguage":"es"},{"@type":"Person","@id":"https:\/\/radiounodigital.com\/web\/#\/schema\/person\/00b93151fa54f619ecf9c183d1fc9758","name":"diegoc","image":{"@type":"ImageObject","inLanguage":"es","@id":"https:\/\/secure.gravatar.com\/avatar\/0a67041d44c702fb0660d81a5a32c7ce6007341cf92afeb718b75883bf415864?s=96&d=blank&r=g","url":"https:\/\/secure.gravatar.com\/avatar\/0a67041d44c702fb0660d81a5a32c7ce6007341cf92afeb718b75883bf415864?s=96&d=blank&r=g","contentUrl":"https:\/\/secure.gravatar.com\/avatar\/0a67041d44c702fb0660d81a5a32c7ce6007341cf92afeb718b75883bf415864?s=96&d=blank&r=g","caption":"diegoc"},"url":"https:\/\/radiounodigital.com\/web\/author\/diegoc\/"}]}},"_links":{"self":[{"href":"https:\/\/radiounodigital.com\/web\/wp-json\/wp\/v2\/posts\/6457","targetHints":{"allow":["GET"]}}],"collection":[{"href":"https:\/\/radiounodigital.com\/web\/wp-json\/wp\/v2\/posts"}],"about":[{"href":"https:\/\/radiounodigital.com\/web\/wp-json\/wp\/v2\/types\/post"}],"author":[{"embeddable":true,"href":"https:\/\/radiounodigital.com\/web\/wp-json\/wp\/v2\/users\/1"}],"replies":[{"embeddable":true,"href":"https:\/\/radiounodigital.com\/web\/wp-json\/wp\/v2\/comments?post=6457"}],"version-history":[{"count":1,"href":"https:\/\/radiounodigital.com\/web\/wp-json\/wp\/v2\/posts\/6457\/revisions"}],"predecessor-version":[{"id":6460,"href":"https:\/\/radiounodigital.com\/web\/wp-json\/wp\/v2\/posts\/6457\/revisions\/6460"}],"wp:featuredmedia":[{"embeddable":true,"href":"https:\/\/radiounodigital.com\/web\/wp-json\/wp\/v2\/media\/6459"}],"wp:attachment":[{"href":"https:\/\/radiounodigital.com\/web\/wp-json\/wp\/v2\/media?parent=6457"}],"wp:term":[{"taxonomy":"category","embeddable":true,"href":"https:\/\/radiounodigital.com\/web\/wp-json\/wp\/v2\/categories?post=6457"},{"taxonomy":"post_tag","embeddable":true,"href":"https:\/\/radiounodigital.com\/web\/wp-json\/wp\/v2\/tags?post=6457"}],"curies":[{"name":"wp","href":"https:\/\/api.w.org\/{rel}","templated":true}]}}