{"id":6467,"date":"2021-09-30T12:22:48","date_gmt":"2021-09-30T15:22:48","guid":{"rendered":"https:\/\/radiounodigital.com\/web\/?p=6467"},"modified":"2021-09-30T12:22:48","modified_gmt":"2021-09-30T15:22:48","slug":"ac-dc-presenta-el-video-oficial-de-the-mists-of-time","status":"publish","type":"post","link":"https:\/\/radiounodigital.com\/web\/2021\/09\/30\/ac-dc-presenta-el-video-oficial-de-the-mists-of-time\/","title":{"rendered":"AC\/DC presenta el video oficial de \u00abThe Mists of Time\u00bb"},"content":{"rendered":"<h3>AC \/ DC regresa con un quinto video de Power Up, el nost\u00e1lgico Through The Mists Of Time.<\/h3>\n<p>AC \/ DC ha compartido un video de Through The Mists Of Time, el \u00faltimo sencillo de su exitoso \u00e1lbum de regreso de 2020, Power Up.<\/p>\n<p>Es el tercer video lanzado este a\u00f1o del Mejor \u00e1lbum de rock cl\u00e1sico de 2020, luego del lanzamiento en enero de un clip promocional para la pista de apertura del \u00e1lbum, Realize, y el video de la actuaci\u00f3n de junio para Witch&#8217;s Spell.<\/p>\n<p>El vocalista Brian Johnson le dijo anteriormente a Classic Rock que la canci\u00f3n le \u00abpone la piel de gallina\u00bb.<br \/>\n\u00abEsa canci\u00f3n es simplemente una hermosa historia\u00bb, dijo. \u201cCada vez que lo escucho, se me pone la piel de gallina al pensar en Malcolm. Solo te estoy diciendo la verdad \u00ab.<br \/>\nLa cantante tambi\u00e9n habl\u00f3 sobre Through The Mists Of Time en una entrevista de noviembre de 2020 con Radio X.<\/p>\n<p>\u00abAngus escribi\u00f3 la letra de esa canci\u00f3n\u00bb, dijo Johnson, \u00aby creo que captur\u00f3 todo sobre los primeros d\u00edas en que comenz\u00f3 la banda, cuando el rock and roll era simplemente despreocupado, cuando nadie pensaba en nada excepto en tener una buena tiempo y juego. Y toda esta hermosa inocencia se hab\u00eda ido. Y creo que [la letra] encapsul\u00f3 [el sentimiento]. A decir verdad, cada vez que lo escucho, todav\u00eda se me pone la piel de gallina, y es un tributo a Malcolm: Through The Mists Of Time. Y es diferente. No s\u00e9 si es diferente a todo lo que hemos hecho antes, pero ciertamente se distingue \u201d.<\/p>\n<p>\u00abEs solo un viaje en el tiempo, de alguna manera\u00bb, dijo Angus Young a Classic Rock. \u00abUn peque\u00f1o viaje\u00bb.<\/p>\n<p>El 17 \u00b0 \u00e1lbum de estudio de la banda australiana de hard rock, Power Up, encabez\u00f3 las listas de \u00e9xitos en 21 pa\u00edses despu\u00e9s de su lanzamiento el 13 de noviembre de 2020. El \u00e1lbum est\u00e1 dedicado a la memoria de Malcolm Young, guitarrista r\u00edtmico fundador de AC \/ DC, quien muri\u00f3 en 2017.<\/p>\n<p>\u00abEs simplemente rock&#8217;n&#8217;roll, \u00bfsabes?\u00bb, Dijo Brian Johnson a Classic Rock. \u201cEs algo poderoso. A todo el mundo le encanta el rock&#8217;n&#8217;roll. \u00a1Y por crikey el mundo lo necesita ahora mismo! \u00bb<\/p>\n<p><iframe loading=\"lazy\" title=\"AC\/DC - Through The Mists Of Time (Official Video)\" width=\"960\" height=\"540\" src=\"https:\/\/www.youtube.com\/embed\/l7-bIFDMSFA?feature=oembed\" frameborder=\"0\" allow=\"accelerometer; autoplay; clipboard-write; encrypted-media; gyroscope; picture-in-picture\" allowfullscreen><\/iframe><\/p>\n<div class=\"fb-background-color\">\n\t\t\t  <div \n\t\t\t  \tclass = \"fb-comments\" \n\t\t\t  \tdata-href = \"https:\/\/radiounodigital.com\/web\/2021\/09\/30\/ac-dc-presenta-el-video-oficial-de-the-mists-of-time\/\"\n\t\t\t  \tdata-numposts = \"10\"\n\t\t\t  \tdata-lazy = \"true\"\n\t\t\t\tdata-colorscheme = \"dark\"\n\t\t\t\tdata-order-by = \"reverse_time\"\n\t\t\t\tdata-mobile=true>\n\t\t\t  <\/div><\/div>\n\t\t  <style>\n\t\t    .fb-background-color {\n\t\t\t\tbackground: #ffffff !important;\n\t\t\t}\n\t\t\t.fb_iframe_widget_fluid_desktop iframe {\n\t\t\t    width: 100% !important;\n\t\t\t}\n\t\t  <\/style>\n\t\t  ","protected":false},"excerpt":{"rendered":"<p>AC \/ DC regresa con un quinto video de Power Up, el nost\u00e1lgico Through The Mists Of Time. AC \/ DC ha compartido un video de Through The Mists Of Time, el \u00faltimo sencillo de su exitoso \u00e1lbum de regreso de 2020, Power Up. Es el tercer video lanzado este a\u00f1o del Mejor \u00e1lbum de&#8230; <a href=\"https:\/\/radiounodigital.com\/web\/2021\/09\/30\/ac-dc-presenta-el-video-oficial-de-the-mists-of-time\/\" class=\"excerpt-read-more\">Read More<\/a><\/p>\n","protected":false},"author":1,"featured_media":6468,"comment_status":"closed","ping_status":"open","sticky":false,"template":"","format":"standard","meta":{"footnotes":""},"categories":[1098,180,128,1359],"tags":[148,132,2051,24],"class_list":["post-6467","post","type-post","status-publish","format-standard","has-post-thumbnail","hentry","category-estrenos","category-news","category-rock-clasico","category-videos","tag-ac-dc","tag-nuevo","tag-the-mists-of-time","tag-video"],"yoast_head":"<!-- This site is optimized with the Yoast SEO plugin v27.4 - https:\/\/yoast.com\/product\/yoast-seo-wordpress\/ -->\n<title>AC\/DC presenta el video oficial de &quot;The Mists of Time&quot; - Radio UNO Digital<\/title>\n<meta name=\"robots\" content=\"index, follow, max-snippet:-1, max-image-preview:large, max-video-preview:-1\" \/>\n<link rel=\"canonical\" href=\"https:\/\/radiounodigital.com\/web\/2021\/09\/30\/ac-dc-presenta-el-video-oficial-de-the-mists-of-time\/\" \/>\n<meta property=\"og:locale\" content=\"es_ES\" \/>\n<meta property=\"og:type\" content=\"article\" \/>\n<meta property=\"og:title\" content=\"AC\/DC presenta el video oficial de &quot;The Mists of Time&quot; - Radio UNO Digital\" \/>\n<meta property=\"og:description\" content=\"AC \/ DC regresa con un quinto video de Power Up, el nost\u00e1lgico Through The Mists Of Time. AC \/ DC ha compartido un video de Through The Mists Of Time, el \u00faltimo sencillo de su exitoso \u00e1lbum de regreso de 2020, Power Up. Es el tercer video lanzado este a\u00f1o del Mejor \u00e1lbum de... Read More\" \/>\n<meta property=\"og:url\" content=\"https:\/\/radiounodigital.com\/web\/2021\/09\/30\/ac-dc-presenta-el-video-oficial-de-the-mists-of-time\/\" \/>\n<meta property=\"og:site_name\" content=\"Radio UNO Digital\" \/>\n<meta property=\"article:published_time\" content=\"2021-09-30T15:22:48+00:00\" \/>\n<meta property=\"og:image\" content=\"https:\/\/radiounodigital.com\/web\/wp-content\/uploads\/2021\/09\/acdc-video-e1633015354354.jpg\" \/>\n\t<meta property=\"og:image:width\" content=\"650\" \/>\n\t<meta property=\"og:image:height\" content=\"366\" \/>\n\t<meta property=\"og:image:type\" content=\"image\/jpeg\" \/>\n<meta name=\"author\" content=\"diegoc\" \/>\n<meta name=\"twitter:card\" content=\"summary_large_image\" \/>\n<meta name=\"twitter:label1\" content=\"Escrito por\" \/>\n\t<meta name=\"twitter:data1\" content=\"diegoc\" \/>\n\t<meta name=\"twitter:label2\" content=\"Tiempo de lectura\" \/>\n\t<meta name=\"twitter:data2\" content=\"2 minutos\" \/>\n<script type=\"application\/ld+json\" class=\"yoast-schema-graph\">{\"@context\":\"https:\\\/\\\/schema.org\",\"@graph\":[{\"@type\":\"Article\",\"@id\":\"https:\\\/\\\/radiounodigital.com\\\/web\\\/2021\\\/09\\\/30\\\/ac-dc-presenta-el-video-oficial-de-the-mists-of-time\\\/#article\",\"isPartOf\":{\"@id\":\"https:\\\/\\\/radiounodigital.com\\\/web\\\/2021\\\/09\\\/30\\\/ac-dc-presenta-el-video-oficial-de-the-mists-of-time\\\/\"},\"author\":{\"name\":\"diegoc\",\"@id\":\"https:\\\/\\\/radiounodigital.com\\\/web\\\/#\\\/schema\\\/person\\\/00b93151fa54f619ecf9c183d1fc9758\"},\"headline\":\"AC\\\/DC presenta el video oficial de \u00abThe Mists of Time\u00bb\",\"datePublished\":\"2021-09-30T15:22:48+00:00\",\"mainEntityOfPage\":{\"@id\":\"https:\\\/\\\/radiounodigital.com\\\/web\\\/2021\\\/09\\\/30\\\/ac-dc-presenta-el-video-oficial-de-the-mists-of-time\\\/\"},\"wordCount\":392,\"image\":{\"@id\":\"https:\\\/\\\/radiounodigital.com\\\/web\\\/2021\\\/09\\\/30\\\/ac-dc-presenta-el-video-oficial-de-the-mists-of-time\\\/#primaryimage\"},\"thumbnailUrl\":\"https:\\\/\\\/radiounodigital.com\\\/web\\\/wp-content\\\/uploads\\\/2021\\\/09\\\/acdc-video-e1633015354354.jpg\",\"keywords\":[\"AC\\\/DC\",\"nuevo\",\"The Mists Of Time\",\"Video\"],\"articleSection\":[\"estrenos\",\"news\",\"Rock Clasico\",\"videos\"],\"inLanguage\":\"es\"},{\"@type\":\"WebPage\",\"@id\":\"https:\\\/\\\/radiounodigital.com\\\/web\\\/2021\\\/09\\\/30\\\/ac-dc-presenta-el-video-oficial-de-the-mists-of-time\\\/\",\"url\":\"https:\\\/\\\/radiounodigital.com\\\/web\\\/2021\\\/09\\\/30\\\/ac-dc-presenta-el-video-oficial-de-the-mists-of-time\\\/\",\"name\":\"AC\\\/DC presenta el video oficial de \\\"The Mists of Time\\\" - Radio UNO Digital\",\"isPartOf\":{\"@id\":\"https:\\\/\\\/radiounodigital.com\\\/web\\\/#website\"},\"primaryImageOfPage\":{\"@id\":\"https:\\\/\\\/radiounodigital.com\\\/web\\\/2021\\\/09\\\/30\\\/ac-dc-presenta-el-video-oficial-de-the-mists-of-time\\\/#primaryimage\"},\"image\":{\"@id\":\"https:\\\/\\\/radiounodigital.com\\\/web\\\/2021\\\/09\\\/30\\\/ac-dc-presenta-el-video-oficial-de-the-mists-of-time\\\/#primaryimage\"},\"thumbnailUrl\":\"https:\\\/\\\/radiounodigital.com\\\/web\\\/wp-content\\\/uploads\\\/2021\\\/09\\\/acdc-video-e1633015354354.jpg\",\"datePublished\":\"2021-09-30T15:22:48+00:00\",\"author\":{\"@id\":\"https:\\\/\\\/radiounodigital.com\\\/web\\\/#\\\/schema\\\/person\\\/00b93151fa54f619ecf9c183d1fc9758\"},\"breadcrumb\":{\"@id\":\"https:\\\/\\\/radiounodigital.com\\\/web\\\/2021\\\/09\\\/30\\\/ac-dc-presenta-el-video-oficial-de-the-mists-of-time\\\/#breadcrumb\"},\"inLanguage\":\"es\",\"potentialAction\":[{\"@type\":\"ReadAction\",\"target\":[\"https:\\\/\\\/radiounodigital.com\\\/web\\\/2021\\\/09\\\/30\\\/ac-dc-presenta-el-video-oficial-de-the-mists-of-time\\\/\"]}]},{\"@type\":\"ImageObject\",\"inLanguage\":\"es\",\"@id\":\"https:\\\/\\\/radiounodigital.com\\\/web\\\/2021\\\/09\\\/30\\\/ac-dc-presenta-el-video-oficial-de-the-mists-of-time\\\/#primaryimage\",\"url\":\"https:\\\/\\\/radiounodigital.com\\\/web\\\/wp-content\\\/uploads\\\/2021\\\/09\\\/acdc-video-e1633015354354.jpg\",\"contentUrl\":\"https:\\\/\\\/radiounodigital.com\\\/web\\\/wp-content\\\/uploads\\\/2021\\\/09\\\/acdc-video-e1633015354354.jpg\",\"width\":650,\"height\":366},{\"@type\":\"BreadcrumbList\",\"@id\":\"https:\\\/\\\/radiounodigital.com\\\/web\\\/2021\\\/09\\\/30\\\/ac-dc-presenta-el-video-oficial-de-the-mists-of-time\\\/#breadcrumb\",\"itemListElement\":[{\"@type\":\"ListItem\",\"position\":1,\"name\":\"Home\",\"item\":\"https:\\\/\\\/radiounodigital.com\\\/web\\\/\"},{\"@type\":\"ListItem\",\"position\":2,\"name\":\"AC\\\/DC presenta el video oficial de \u00abThe Mists of Time\u00bb\"}]},{\"@type\":\"WebSite\",\"@id\":\"https:\\\/\\\/radiounodigital.com\\\/web\\\/#website\",\"url\":\"https:\\\/\\\/radiounodigital.com\\\/web\\\/\",\"name\":\"Radio UNO Digital\",\"description\":\"Donde la cultura del rock se siente\",\"potentialAction\":[{\"@type\":\"SearchAction\",\"target\":{\"@type\":\"EntryPoint\",\"urlTemplate\":\"https:\\\/\\\/radiounodigital.com\\\/web\\\/?s={search_term_string}\"},\"query-input\":{\"@type\":\"PropertyValueSpecification\",\"valueRequired\":true,\"valueName\":\"search_term_string\"}}],\"inLanguage\":\"es\"},{\"@type\":\"Person\",\"@id\":\"https:\\\/\\\/radiounodigital.com\\\/web\\\/#\\\/schema\\\/person\\\/00b93151fa54f619ecf9c183d1fc9758\",\"name\":\"diegoc\",\"image\":{\"@type\":\"ImageObject\",\"inLanguage\":\"es\",\"@id\":\"https:\\\/\\\/secure.gravatar.com\\\/avatar\\\/0a67041d44c702fb0660d81a5a32c7ce6007341cf92afeb718b75883bf415864?s=96&d=blank&r=g\",\"url\":\"https:\\\/\\\/secure.gravatar.com\\\/avatar\\\/0a67041d44c702fb0660d81a5a32c7ce6007341cf92afeb718b75883bf415864?s=96&d=blank&r=g\",\"contentUrl\":\"https:\\\/\\\/secure.gravatar.com\\\/avatar\\\/0a67041d44c702fb0660d81a5a32c7ce6007341cf92afeb718b75883bf415864?s=96&d=blank&r=g\",\"caption\":\"diegoc\"},\"url\":\"https:\\\/\\\/radiounodigital.com\\\/web\\\/author\\\/diegoc\\\/\"}]}<\/script>\n<!-- \/ Yoast SEO plugin. -->","yoast_head_json":{"title":"AC\/DC presenta el video oficial de \"The Mists of Time\" - Radio UNO Digital","robots":{"index":"index","follow":"follow","max-snippet":"max-snippet:-1","max-image-preview":"max-image-preview:large","max-video-preview":"max-video-preview:-1"},"canonical":"https:\/\/radiounodigital.com\/web\/2021\/09\/30\/ac-dc-presenta-el-video-oficial-de-the-mists-of-time\/","og_locale":"es_ES","og_type":"article","og_title":"AC\/DC presenta el video oficial de \"The Mists of Time\" - Radio UNO Digital","og_description":"AC \/ DC regresa con un quinto video de Power Up, el nost\u00e1lgico Through The Mists Of Time. AC \/ DC ha compartido un video de Through The Mists Of Time, el \u00faltimo sencillo de su exitoso \u00e1lbum de regreso de 2020, Power Up. Es el tercer video lanzado este a\u00f1o del Mejor \u00e1lbum de... Read More","og_url":"https:\/\/radiounodigital.com\/web\/2021\/09\/30\/ac-dc-presenta-el-video-oficial-de-the-mists-of-time\/","og_site_name":"Radio UNO Digital","article_published_time":"2021-09-30T15:22:48+00:00","og_image":[{"width":650,"height":366,"url":"https:\/\/radiounodigital.com\/web\/wp-content\/uploads\/2021\/09\/acdc-video-e1633015354354.jpg","type":"image\/jpeg"}],"author":"diegoc","twitter_card":"summary_large_image","twitter_misc":{"Escrito por":"diegoc","Tiempo de lectura":"2 minutos"},"schema":{"@context":"https:\/\/schema.org","@graph":[{"@type":"Article","@id":"https:\/\/radiounodigital.com\/web\/2021\/09\/30\/ac-dc-presenta-el-video-oficial-de-the-mists-of-time\/#article","isPartOf":{"@id":"https:\/\/radiounodigital.com\/web\/2021\/09\/30\/ac-dc-presenta-el-video-oficial-de-the-mists-of-time\/"},"author":{"name":"diegoc","@id":"https:\/\/radiounodigital.com\/web\/#\/schema\/person\/00b93151fa54f619ecf9c183d1fc9758"},"headline":"AC\/DC presenta el video oficial de \u00abThe Mists of Time\u00bb","datePublished":"2021-09-30T15:22:48+00:00","mainEntityOfPage":{"@id":"https:\/\/radiounodigital.com\/web\/2021\/09\/30\/ac-dc-presenta-el-video-oficial-de-the-mists-of-time\/"},"wordCount":392,"image":{"@id":"https:\/\/radiounodigital.com\/web\/2021\/09\/30\/ac-dc-presenta-el-video-oficial-de-the-mists-of-time\/#primaryimage"},"thumbnailUrl":"https:\/\/radiounodigital.com\/web\/wp-content\/uploads\/2021\/09\/acdc-video-e1633015354354.jpg","keywords":["AC\/DC","nuevo","The Mists Of Time","Video"],"articleSection":["estrenos","news","Rock Clasico","videos"],"inLanguage":"es"},{"@type":"WebPage","@id":"https:\/\/radiounodigital.com\/web\/2021\/09\/30\/ac-dc-presenta-el-video-oficial-de-the-mists-of-time\/","url":"https:\/\/radiounodigital.com\/web\/2021\/09\/30\/ac-dc-presenta-el-video-oficial-de-the-mists-of-time\/","name":"AC\/DC presenta el video oficial de \"The Mists of Time\" - Radio UNO Digital","isPartOf":{"@id":"https:\/\/radiounodigital.com\/web\/#website"},"primaryImageOfPage":{"@id":"https:\/\/radiounodigital.com\/web\/2021\/09\/30\/ac-dc-presenta-el-video-oficial-de-the-mists-of-time\/#primaryimage"},"image":{"@id":"https:\/\/radiounodigital.com\/web\/2021\/09\/30\/ac-dc-presenta-el-video-oficial-de-the-mists-of-time\/#primaryimage"},"thumbnailUrl":"https:\/\/radiounodigital.com\/web\/wp-content\/uploads\/2021\/09\/acdc-video-e1633015354354.jpg","datePublished":"2021-09-30T15:22:48+00:00","author":{"@id":"https:\/\/radiounodigital.com\/web\/#\/schema\/person\/00b93151fa54f619ecf9c183d1fc9758"},"breadcrumb":{"@id":"https:\/\/radiounodigital.com\/web\/2021\/09\/30\/ac-dc-presenta-el-video-oficial-de-the-mists-of-time\/#breadcrumb"},"inLanguage":"es","potentialAction":[{"@type":"ReadAction","target":["https:\/\/radiounodigital.com\/web\/2021\/09\/30\/ac-dc-presenta-el-video-oficial-de-the-mists-of-time\/"]}]},{"@type":"ImageObject","inLanguage":"es","@id":"https:\/\/radiounodigital.com\/web\/2021\/09\/30\/ac-dc-presenta-el-video-oficial-de-the-mists-of-time\/#primaryimage","url":"https:\/\/radiounodigital.com\/web\/wp-content\/uploads\/2021\/09\/acdc-video-e1633015354354.jpg","contentUrl":"https:\/\/radiounodigital.com\/web\/wp-content\/uploads\/2021\/09\/acdc-video-e1633015354354.jpg","width":650,"height":366},{"@type":"BreadcrumbList","@id":"https:\/\/radiounodigital.com\/web\/2021\/09\/30\/ac-dc-presenta-el-video-oficial-de-the-mists-of-time\/#breadcrumb","itemListElement":[{"@type":"ListItem","position":1,"name":"Home","item":"https:\/\/radiounodigital.com\/web\/"},{"@type":"ListItem","position":2,"name":"AC\/DC presenta el video oficial de \u00abThe Mists of Time\u00bb"}]},{"@type":"WebSite","@id":"https:\/\/radiounodigital.com\/web\/#website","url":"https:\/\/radiounodigital.com\/web\/","name":"Radio UNO Digital","description":"Donde la cultura del rock se siente","potentialAction":[{"@type":"SearchAction","target":{"@type":"EntryPoint","urlTemplate":"https:\/\/radiounodigital.com\/web\/?s={search_term_string}"},"query-input":{"@type":"PropertyValueSpecification","valueRequired":true,"valueName":"search_term_string"}}],"inLanguage":"es"},{"@type":"Person","@id":"https:\/\/radiounodigital.com\/web\/#\/schema\/person\/00b93151fa54f619ecf9c183d1fc9758","name":"diegoc","image":{"@type":"ImageObject","inLanguage":"es","@id":"https:\/\/secure.gravatar.com\/avatar\/0a67041d44c702fb0660d81a5a32c7ce6007341cf92afeb718b75883bf415864?s=96&d=blank&r=g","url":"https:\/\/secure.gravatar.com\/avatar\/0a67041d44c702fb0660d81a5a32c7ce6007341cf92afeb718b75883bf415864?s=96&d=blank&r=g","contentUrl":"https:\/\/secure.gravatar.com\/avatar\/0a67041d44c702fb0660d81a5a32c7ce6007341cf92afeb718b75883bf415864?s=96&d=blank&r=g","caption":"diegoc"},"url":"https:\/\/radiounodigital.com\/web\/author\/diegoc\/"}]}},"_links":{"self":[{"href":"https:\/\/radiounodigital.com\/web\/wp-json\/wp\/v2\/posts\/6467","targetHints":{"allow":["GET"]}}],"collection":[{"href":"https:\/\/radiounodigital.com\/web\/wp-json\/wp\/v2\/posts"}],"about":[{"href":"https:\/\/radiounodigital.com\/web\/wp-json\/wp\/v2\/types\/post"}],"author":[{"embeddable":true,"href":"https:\/\/radiounodigital.com\/web\/wp-json\/wp\/v2\/users\/1"}],"replies":[{"embeddable":true,"href":"https:\/\/radiounodigital.com\/web\/wp-json\/wp\/v2\/comments?post=6467"}],"version-history":[{"count":1,"href":"https:\/\/radiounodigital.com\/web\/wp-json\/wp\/v2\/posts\/6467\/revisions"}],"predecessor-version":[{"id":6469,"href":"https:\/\/radiounodigital.com\/web\/wp-json\/wp\/v2\/posts\/6467\/revisions\/6469"}],"wp:featuredmedia":[{"embeddable":true,"href":"https:\/\/radiounodigital.com\/web\/wp-json\/wp\/v2\/media\/6468"}],"wp:attachment":[{"href":"https:\/\/radiounodigital.com\/web\/wp-json\/wp\/v2\/media?parent=6467"}],"wp:term":[{"taxonomy":"category","embeddable":true,"href":"https:\/\/radiounodigital.com\/web\/wp-json\/wp\/v2\/categories?post=6467"},{"taxonomy":"post_tag","embeddable":true,"href":"https:\/\/radiounodigital.com\/web\/wp-json\/wp\/v2\/tags?post=6467"}],"curies":[{"name":"wp","href":"https:\/\/api.w.org\/{rel}","templated":true}]}}