{"id":6499,"date":"2021-10-05T20:33:56","date_gmt":"2021-10-05T23:33:56","guid":{"rendered":"https:\/\/radiounodigital.com\/web\/?p=6499"},"modified":"2021-10-05T20:33:56","modified_gmt":"2021-10-05T23:33:56","slug":"steve-miller-la-vigencia-del-rock-clasico","status":"publish","type":"post","link":"https:\/\/radiounodigital.com\/web\/2021\/10\/05\/steve-miller-la-vigencia-del-rock-clasico\/","title":{"rendered":"Steve Miller: La vigencia del rock cl\u00e1sico"},"content":{"rendered":"<h3>El l\u00edder de Steve Miller Band cumple 78 en el d\u00eda de hoy y los celebramos con su m\u00fasica.<\/h3>\n<p>&nbsp;<\/p>\n<p><iframe loading=\"lazy\" title=\"Steve Miller Band - The Joker\" width=\"960\" height=\"540\" src=\"https:\/\/www.youtube.com\/embed\/dV3AziKTBUo?feature=oembed\" frameborder=\"0\" allow=\"accelerometer; autoplay; clipboard-write; encrypted-media; gyroscope; picture-in-picture\" allowfullscreen><\/iframe><\/p>\n<p>&nbsp;<\/p>\n<p><iframe loading=\"lazy\" title=\"Midnight Special-Steve Miller Band  &quot;Fly Like An Eagle&quot;\" width=\"960\" height=\"720\" src=\"https:\/\/www.youtube.com\/embed\/6a6lAwbE1J4?feature=oembed\" frameborder=\"0\" allow=\"accelerometer; autoplay; clipboard-write; encrypted-media; gyroscope; picture-in-picture\" allowfullscreen><\/iframe><\/p>\n<p><iframe loading=\"lazy\" title=\"Steve Miller Band - Jet Airliner (Live)\" width=\"960\" height=\"720\" src=\"https:\/\/www.youtube.com\/embed\/pEp_IAfyldo?feature=oembed\" frameborder=\"0\" allow=\"accelerometer; autoplay; clipboard-write; encrypted-media; gyroscope; picture-in-picture\" allowfullscreen><\/iframe><\/p>\n<p>&nbsp;<\/p>\n<div class=\"fb-background-color\">\n\t\t\t  <div \n\t\t\t  \tclass = \"fb-comments\" \n\t\t\t  \tdata-href = \"https:\/\/radiounodigital.com\/web\/2021\/10\/05\/steve-miller-la-vigencia-del-rock-clasico\/\"\n\t\t\t  \tdata-numposts = \"10\"\n\t\t\t  \tdata-lazy = \"true\"\n\t\t\t\tdata-colorscheme = \"dark\"\n\t\t\t\tdata-order-by = \"reverse_time\"\n\t\t\t\tdata-mobile=true>\n\t\t\t  <\/div><\/div>\n\t\t  <style>\n\t\t    .fb-background-color {\n\t\t\t\tbackground: #ffffff !important;\n\t\t\t}\n\t\t\t.fb_iframe_widget_fluid_desktop iframe {\n\t\t\t    width: 100% !important;\n\t\t\t}\n\t\t  <\/style>\n\t\t  ","protected":false},"excerpt":{"rendered":"<p>El l\u00edder de Steve Miller Band cumple 78 en el d\u00eda de hoy y los celebramos con su m\u00fasica. &nbsp; &nbsp; &nbsp;<\/p>\n","protected":false},"author":1,"featured_media":6500,"comment_status":"closed","ping_status":"open","sticky":false,"template":"","format":"standard","meta":{"footnotes":""},"categories":[184,1547,180,128,1359],"tags":[472,1699,1074],"class_list":["post-6499","post","type-post","status-publish","format-standard","has-post-thumbnail","hentry","category-1001-canciones","category-cumpleanos","category-news","category-rock-clasico","category-videos","tag-cumpleanos","tag-steve-miller","tag-steve-miller-band"],"yoast_head":"<!-- This site is optimized with the Yoast SEO plugin v27.4 - https:\/\/yoast.com\/product\/yoast-seo-wordpress\/ -->\n<title>Steve Miller: La vigencia del rock cl\u00e1sico - Radio UNO Digital<\/title>\n<meta name=\"robots\" content=\"index, follow, max-snippet:-1, max-image-preview:large, max-video-preview:-1\" \/>\n<link rel=\"canonical\" href=\"https:\/\/radiounodigital.com\/web\/2021\/10\/05\/steve-miller-la-vigencia-del-rock-clasico\/\" \/>\n<meta property=\"og:locale\" content=\"es_ES\" \/>\n<meta property=\"og:type\" content=\"article\" \/>\n<meta property=\"og:title\" content=\"Steve Miller: La vigencia del rock cl\u00e1sico - Radio UNO Digital\" \/>\n<meta property=\"og:description\" content=\"El l\u00edder de Steve Miller Band cumple 78 en el d\u00eda de hoy y los celebramos con su m\u00fasica. &nbsp; &nbsp; &nbsp;\" \/>\n<meta property=\"og:url\" content=\"https:\/\/radiounodigital.com\/web\/2021\/10\/05\/steve-miller-la-vigencia-del-rock-clasico\/\" \/>\n<meta property=\"og:site_name\" content=\"Radio UNO Digital\" \/>\n<meta property=\"article:published_time\" content=\"2021-10-05T23:33:56+00:00\" \/>\n<meta property=\"og:image\" content=\"https:\/\/radiounodigital.com\/web\/wp-content\/uploads\/2021\/10\/steve-miller-band.jpg\" \/>\n\t<meta property=\"og:image:width\" content=\"635\" \/>\n\t<meta property=\"og:image:height\" content=\"412\" \/>\n\t<meta property=\"og:image:type\" content=\"image\/jpeg\" \/>\n<meta name=\"author\" content=\"diegoc\" \/>\n<meta name=\"twitter:card\" content=\"summary_large_image\" \/>\n<meta name=\"twitter:label1\" content=\"Escrito por\" \/>\n\t<meta name=\"twitter:data1\" content=\"diegoc\" \/>\n\t<meta name=\"twitter:label2\" content=\"Tiempo de lectura\" \/>\n\t<meta name=\"twitter:data2\" content=\"1 minuto\" \/>\n<script type=\"application\/ld+json\" class=\"yoast-schema-graph\">{\"@context\":\"https:\\\/\\\/schema.org\",\"@graph\":[{\"@type\":\"Article\",\"@id\":\"https:\\\/\\\/radiounodigital.com\\\/web\\\/2021\\\/10\\\/05\\\/steve-miller-la-vigencia-del-rock-clasico\\\/#article\",\"isPartOf\":{\"@id\":\"https:\\\/\\\/radiounodigital.com\\\/web\\\/2021\\\/10\\\/05\\\/steve-miller-la-vigencia-del-rock-clasico\\\/\"},\"author\":{\"name\":\"diegoc\",\"@id\":\"https:\\\/\\\/radiounodigital.com\\\/web\\\/#\\\/schema\\\/person\\\/00b93151fa54f619ecf9c183d1fc9758\"},\"headline\":\"Steve Miller: La vigencia del rock cl\u00e1sico\",\"datePublished\":\"2021-10-05T23:33:56+00:00\",\"mainEntityOfPage\":{\"@id\":\"https:\\\/\\\/radiounodigital.com\\\/web\\\/2021\\\/10\\\/05\\\/steve-miller-la-vigencia-del-rock-clasico\\\/\"},\"wordCount\":57,\"image\":{\"@id\":\"https:\\\/\\\/radiounodigital.com\\\/web\\\/2021\\\/10\\\/05\\\/steve-miller-la-vigencia-del-rock-clasico\\\/#primaryimage\"},\"thumbnailUrl\":\"https:\\\/\\\/radiounodigital.com\\\/web\\\/wp-content\\\/uploads\\\/2021\\\/10\\\/steve-miller-band.jpg\",\"keywords\":[\"cumplea\u00f1os\",\"steve miller\",\"Steve Miller Band\"],\"articleSection\":[\"1001 Canciones\",\"cumplea\u00f1os\",\"news\",\"Rock Clasico\",\"videos\"],\"inLanguage\":\"es\"},{\"@type\":\"WebPage\",\"@id\":\"https:\\\/\\\/radiounodigital.com\\\/web\\\/2021\\\/10\\\/05\\\/steve-miller-la-vigencia-del-rock-clasico\\\/\",\"url\":\"https:\\\/\\\/radiounodigital.com\\\/web\\\/2021\\\/10\\\/05\\\/steve-miller-la-vigencia-del-rock-clasico\\\/\",\"name\":\"Steve Miller: La vigencia del rock cl\u00e1sico - Radio UNO Digital\",\"isPartOf\":{\"@id\":\"https:\\\/\\\/radiounodigital.com\\\/web\\\/#website\"},\"primaryImageOfPage\":{\"@id\":\"https:\\\/\\\/radiounodigital.com\\\/web\\\/2021\\\/10\\\/05\\\/steve-miller-la-vigencia-del-rock-clasico\\\/#primaryimage\"},\"image\":{\"@id\":\"https:\\\/\\\/radiounodigital.com\\\/web\\\/2021\\\/10\\\/05\\\/steve-miller-la-vigencia-del-rock-clasico\\\/#primaryimage\"},\"thumbnailUrl\":\"https:\\\/\\\/radiounodigital.com\\\/web\\\/wp-content\\\/uploads\\\/2021\\\/10\\\/steve-miller-band.jpg\",\"datePublished\":\"2021-10-05T23:33:56+00:00\",\"author\":{\"@id\":\"https:\\\/\\\/radiounodigital.com\\\/web\\\/#\\\/schema\\\/person\\\/00b93151fa54f619ecf9c183d1fc9758\"},\"breadcrumb\":{\"@id\":\"https:\\\/\\\/radiounodigital.com\\\/web\\\/2021\\\/10\\\/05\\\/steve-miller-la-vigencia-del-rock-clasico\\\/#breadcrumb\"},\"inLanguage\":\"es\",\"potentialAction\":[{\"@type\":\"ReadAction\",\"target\":[\"https:\\\/\\\/radiounodigital.com\\\/web\\\/2021\\\/10\\\/05\\\/steve-miller-la-vigencia-del-rock-clasico\\\/\"]}]},{\"@type\":\"ImageObject\",\"inLanguage\":\"es\",\"@id\":\"https:\\\/\\\/radiounodigital.com\\\/web\\\/2021\\\/10\\\/05\\\/steve-miller-la-vigencia-del-rock-clasico\\\/#primaryimage\",\"url\":\"https:\\\/\\\/radiounodigital.com\\\/web\\\/wp-content\\\/uploads\\\/2021\\\/10\\\/steve-miller-band.jpg\",\"contentUrl\":\"https:\\\/\\\/radiounodigital.com\\\/web\\\/wp-content\\\/uploads\\\/2021\\\/10\\\/steve-miller-band.jpg\",\"width\":635,\"height\":412},{\"@type\":\"BreadcrumbList\",\"@id\":\"https:\\\/\\\/radiounodigital.com\\\/web\\\/2021\\\/10\\\/05\\\/steve-miller-la-vigencia-del-rock-clasico\\\/#breadcrumb\",\"itemListElement\":[{\"@type\":\"ListItem\",\"position\":1,\"name\":\"Home\",\"item\":\"https:\\\/\\\/radiounodigital.com\\\/web\\\/\"},{\"@type\":\"ListItem\",\"position\":2,\"name\":\"Steve Miller: La vigencia del rock cl\u00e1sico\"}]},{\"@type\":\"WebSite\",\"@id\":\"https:\\\/\\\/radiounodigital.com\\\/web\\\/#website\",\"url\":\"https:\\\/\\\/radiounodigital.com\\\/web\\\/\",\"name\":\"Radio UNO Digital\",\"description\":\"Donde la cultura del rock se siente\",\"potentialAction\":[{\"@type\":\"SearchAction\",\"target\":{\"@type\":\"EntryPoint\",\"urlTemplate\":\"https:\\\/\\\/radiounodigital.com\\\/web\\\/?s={search_term_string}\"},\"query-input\":{\"@type\":\"PropertyValueSpecification\",\"valueRequired\":true,\"valueName\":\"search_term_string\"}}],\"inLanguage\":\"es\"},{\"@type\":\"Person\",\"@id\":\"https:\\\/\\\/radiounodigital.com\\\/web\\\/#\\\/schema\\\/person\\\/00b93151fa54f619ecf9c183d1fc9758\",\"name\":\"diegoc\",\"image\":{\"@type\":\"ImageObject\",\"inLanguage\":\"es\",\"@id\":\"https:\\\/\\\/secure.gravatar.com\\\/avatar\\\/0a67041d44c702fb0660d81a5a32c7ce6007341cf92afeb718b75883bf415864?s=96&d=blank&r=g\",\"url\":\"https:\\\/\\\/secure.gravatar.com\\\/avatar\\\/0a67041d44c702fb0660d81a5a32c7ce6007341cf92afeb718b75883bf415864?s=96&d=blank&r=g\",\"contentUrl\":\"https:\\\/\\\/secure.gravatar.com\\\/avatar\\\/0a67041d44c702fb0660d81a5a32c7ce6007341cf92afeb718b75883bf415864?s=96&d=blank&r=g\",\"caption\":\"diegoc\"},\"url\":\"https:\\\/\\\/radiounodigital.com\\\/web\\\/author\\\/diegoc\\\/\"}]}<\/script>\n<!-- \/ Yoast SEO plugin. -->","yoast_head_json":{"title":"Steve Miller: La vigencia del rock cl\u00e1sico - Radio UNO Digital","robots":{"index":"index","follow":"follow","max-snippet":"max-snippet:-1","max-image-preview":"max-image-preview:large","max-video-preview":"max-video-preview:-1"},"canonical":"https:\/\/radiounodigital.com\/web\/2021\/10\/05\/steve-miller-la-vigencia-del-rock-clasico\/","og_locale":"es_ES","og_type":"article","og_title":"Steve Miller: La vigencia del rock cl\u00e1sico - Radio UNO Digital","og_description":"El l\u00edder de Steve Miller Band cumple 78 en el d\u00eda de hoy y los celebramos con su m\u00fasica. &nbsp; &nbsp; &nbsp;","og_url":"https:\/\/radiounodigital.com\/web\/2021\/10\/05\/steve-miller-la-vigencia-del-rock-clasico\/","og_site_name":"Radio UNO Digital","article_published_time":"2021-10-05T23:33:56+00:00","og_image":[{"width":635,"height":412,"url":"https:\/\/radiounodigital.com\/web\/wp-content\/uploads\/2021\/10\/steve-miller-band.jpg","type":"image\/jpeg"}],"author":"diegoc","twitter_card":"summary_large_image","twitter_misc":{"Escrito por":"diegoc","Tiempo de lectura":"1 minuto"},"schema":{"@context":"https:\/\/schema.org","@graph":[{"@type":"Article","@id":"https:\/\/radiounodigital.com\/web\/2021\/10\/05\/steve-miller-la-vigencia-del-rock-clasico\/#article","isPartOf":{"@id":"https:\/\/radiounodigital.com\/web\/2021\/10\/05\/steve-miller-la-vigencia-del-rock-clasico\/"},"author":{"name":"diegoc","@id":"https:\/\/radiounodigital.com\/web\/#\/schema\/person\/00b93151fa54f619ecf9c183d1fc9758"},"headline":"Steve Miller: La vigencia del rock cl\u00e1sico","datePublished":"2021-10-05T23:33:56+00:00","mainEntityOfPage":{"@id":"https:\/\/radiounodigital.com\/web\/2021\/10\/05\/steve-miller-la-vigencia-del-rock-clasico\/"},"wordCount":57,"image":{"@id":"https:\/\/radiounodigital.com\/web\/2021\/10\/05\/steve-miller-la-vigencia-del-rock-clasico\/#primaryimage"},"thumbnailUrl":"https:\/\/radiounodigital.com\/web\/wp-content\/uploads\/2021\/10\/steve-miller-band.jpg","keywords":["cumplea\u00f1os","steve miller","Steve Miller Band"],"articleSection":["1001 Canciones","cumplea\u00f1os","news","Rock Clasico","videos"],"inLanguage":"es"},{"@type":"WebPage","@id":"https:\/\/radiounodigital.com\/web\/2021\/10\/05\/steve-miller-la-vigencia-del-rock-clasico\/","url":"https:\/\/radiounodigital.com\/web\/2021\/10\/05\/steve-miller-la-vigencia-del-rock-clasico\/","name":"Steve Miller: La vigencia del rock cl\u00e1sico - Radio UNO Digital","isPartOf":{"@id":"https:\/\/radiounodigital.com\/web\/#website"},"primaryImageOfPage":{"@id":"https:\/\/radiounodigital.com\/web\/2021\/10\/05\/steve-miller-la-vigencia-del-rock-clasico\/#primaryimage"},"image":{"@id":"https:\/\/radiounodigital.com\/web\/2021\/10\/05\/steve-miller-la-vigencia-del-rock-clasico\/#primaryimage"},"thumbnailUrl":"https:\/\/radiounodigital.com\/web\/wp-content\/uploads\/2021\/10\/steve-miller-band.jpg","datePublished":"2021-10-05T23:33:56+00:00","author":{"@id":"https:\/\/radiounodigital.com\/web\/#\/schema\/person\/00b93151fa54f619ecf9c183d1fc9758"},"breadcrumb":{"@id":"https:\/\/radiounodigital.com\/web\/2021\/10\/05\/steve-miller-la-vigencia-del-rock-clasico\/#breadcrumb"},"inLanguage":"es","potentialAction":[{"@type":"ReadAction","target":["https:\/\/radiounodigital.com\/web\/2021\/10\/05\/steve-miller-la-vigencia-del-rock-clasico\/"]}]},{"@type":"ImageObject","inLanguage":"es","@id":"https:\/\/radiounodigital.com\/web\/2021\/10\/05\/steve-miller-la-vigencia-del-rock-clasico\/#primaryimage","url":"https:\/\/radiounodigital.com\/web\/wp-content\/uploads\/2021\/10\/steve-miller-band.jpg","contentUrl":"https:\/\/radiounodigital.com\/web\/wp-content\/uploads\/2021\/10\/steve-miller-band.jpg","width":635,"height":412},{"@type":"BreadcrumbList","@id":"https:\/\/radiounodigital.com\/web\/2021\/10\/05\/steve-miller-la-vigencia-del-rock-clasico\/#breadcrumb","itemListElement":[{"@type":"ListItem","position":1,"name":"Home","item":"https:\/\/radiounodigital.com\/web\/"},{"@type":"ListItem","position":2,"name":"Steve Miller: La vigencia del rock cl\u00e1sico"}]},{"@type":"WebSite","@id":"https:\/\/radiounodigital.com\/web\/#website","url":"https:\/\/radiounodigital.com\/web\/","name":"Radio UNO Digital","description":"Donde la cultura del rock se siente","potentialAction":[{"@type":"SearchAction","target":{"@type":"EntryPoint","urlTemplate":"https:\/\/radiounodigital.com\/web\/?s={search_term_string}"},"query-input":{"@type":"PropertyValueSpecification","valueRequired":true,"valueName":"search_term_string"}}],"inLanguage":"es"},{"@type":"Person","@id":"https:\/\/radiounodigital.com\/web\/#\/schema\/person\/00b93151fa54f619ecf9c183d1fc9758","name":"diegoc","image":{"@type":"ImageObject","inLanguage":"es","@id":"https:\/\/secure.gravatar.com\/avatar\/0a67041d44c702fb0660d81a5a32c7ce6007341cf92afeb718b75883bf415864?s=96&d=blank&r=g","url":"https:\/\/secure.gravatar.com\/avatar\/0a67041d44c702fb0660d81a5a32c7ce6007341cf92afeb718b75883bf415864?s=96&d=blank&r=g","contentUrl":"https:\/\/secure.gravatar.com\/avatar\/0a67041d44c702fb0660d81a5a32c7ce6007341cf92afeb718b75883bf415864?s=96&d=blank&r=g","caption":"diegoc"},"url":"https:\/\/radiounodigital.com\/web\/author\/diegoc\/"}]}},"_links":{"self":[{"href":"https:\/\/radiounodigital.com\/web\/wp-json\/wp\/v2\/posts\/6499","targetHints":{"allow":["GET"]}}],"collection":[{"href":"https:\/\/radiounodigital.com\/web\/wp-json\/wp\/v2\/posts"}],"about":[{"href":"https:\/\/radiounodigital.com\/web\/wp-json\/wp\/v2\/types\/post"}],"author":[{"embeddable":true,"href":"https:\/\/radiounodigital.com\/web\/wp-json\/wp\/v2\/users\/1"}],"replies":[{"embeddable":true,"href":"https:\/\/radiounodigital.com\/web\/wp-json\/wp\/v2\/comments?post=6499"}],"version-history":[{"count":1,"href":"https:\/\/radiounodigital.com\/web\/wp-json\/wp\/v2\/posts\/6499\/revisions"}],"predecessor-version":[{"id":6501,"href":"https:\/\/radiounodigital.com\/web\/wp-json\/wp\/v2\/posts\/6499\/revisions\/6501"}],"wp:featuredmedia":[{"embeddable":true,"href":"https:\/\/radiounodigital.com\/web\/wp-json\/wp\/v2\/media\/6500"}],"wp:attachment":[{"href":"https:\/\/radiounodigital.com\/web\/wp-json\/wp\/v2\/media?parent=6499"}],"wp:term":[{"taxonomy":"category","embeddable":true,"href":"https:\/\/radiounodigital.com\/web\/wp-json\/wp\/v2\/categories?post=6499"},{"taxonomy":"post_tag","embeddable":true,"href":"https:\/\/radiounodigital.com\/web\/wp-json\/wp\/v2\/tags?post=6499"}],"curies":[{"name":"wp","href":"https:\/\/api.w.org\/{rel}","templated":true}]}}