{"id":6502,"date":"2021-10-06T07:41:38","date_gmt":"2021-10-06T10:41:38","guid":{"rendered":"https:\/\/radiounodigital.com\/web\/?p=6502"},"modified":"2021-10-07T07:47:20","modified_gmt":"2021-10-07T10:47:20","slug":"eddie-van-halen-el-sonido-que-no-se-detiene","status":"publish","type":"post","link":"https:\/\/radiounodigital.com\/web\/2021\/10\/06\/eddie-van-halen-el-sonido-que-no-se-detiene\/","title":{"rendered":"Eddie Van Halen: El sonido que no se detiene"},"content":{"rendered":"<h3>A un a\u00f1o de su partida, la guitarra de Eddie sigue sonando fuerte en todos los dispositivos. Nunca ser\u00e1s olvidado.<\/h3>\n<p>Una de las guitarras m\u00e1s importantes en la historia del rock part\u00eda hace ya un a\u00f1o, dejando un legado de canciones que siguen a diario en nuestros oidos.<\/p>\n<p>Como si esto fuera poco, el hijo de Eddie Wolfang Van Halen ha lanzado su carrera a todo trapo en lo que va de este a\u00f1o.<\/p>\n<p>Gracias por todo Eddie, siempre estaras en nuestros corazones y &#8230;.oidos.<\/p>\n<p>&nbsp;<\/p>\n<p><iframe loading=\"lazy\" title=\"Van Halen Eruption Guitar Solo\" width=\"960\" height=\"540\" src=\"https:\/\/www.youtube.com\/embed\/L9r-NxuYszg?feature=oembed\" frameborder=\"0\" allow=\"accelerometer; autoplay; clipboard-write; encrypted-media; gyroscope; picture-in-picture\" allowfullscreen><\/iframe><\/p>\n<p>&nbsp;<\/p>\n<p><iframe loading=\"lazy\" title=\"Van Halen - Right Here Right Now Concert (HD) - The (remastered) audio file link is in description\" width=\"960\" height=\"540\" src=\"https:\/\/www.youtube.com\/embed\/qdBqQ_ZA2Os?feature=oembed\" frameborder=\"0\" allow=\"accelerometer; autoplay; clipboard-write; encrypted-media; gyroscope; picture-in-picture\" allowfullscreen><\/iframe><\/p>\n<p><iframe loading=\"lazy\" title=\"Van Halen - Right Here Right Now Concert (HD) - The (remastered) audio file link is in description\" width=\"960\" height=\"540\" src=\"https:\/\/www.youtube.com\/embed\/qdBqQ_ZA2Os?feature=oembed\" frameborder=\"0\" allow=\"accelerometer; autoplay; clipboard-write; encrypted-media; gyroscope; picture-in-picture\" allowfullscreen><\/iframe><\/p>\n<div class=\"fb-background-color\">\n\t\t\t  <div \n\t\t\t  \tclass = \"fb-comments\" \n\t\t\t  \tdata-href = \"https:\/\/radiounodigital.com\/web\/2021\/10\/06\/eddie-van-halen-el-sonido-que-no-se-detiene\/\"\n\t\t\t  \tdata-numposts = \"10\"\n\t\t\t  \tdata-lazy = \"true\"\n\t\t\t\tdata-colorscheme = \"dark\"\n\t\t\t\tdata-order-by = \"reverse_time\"\n\t\t\t\tdata-mobile=true>\n\t\t\t  <\/div><\/div>\n\t\t  <style>\n\t\t    .fb-background-color {\n\t\t\t\tbackground: #ffffff !important;\n\t\t\t}\n\t\t\t.fb_iframe_widget_fluid_desktop iframe {\n\t\t\t    width: 100% !important;\n\t\t\t}\n\t\t  <\/style>\n\t\t  ","protected":false},"excerpt":{"rendered":"<p>A un a\u00f1o de su partida, la guitarra de Eddie sigue sonando fuerte en todos los dispositivos. Nunca ser\u00e1s olvidado. Una de las guitarras m\u00e1s importantes en la historia del rock part\u00eda hace ya un a\u00f1o, dejando un legado de canciones que siguen a diario en nuestros oidos. Como si esto fuera poco, el hijo&#8230; <a href=\"https:\/\/radiounodigital.com\/web\/2021\/10\/06\/eddie-van-halen-el-sonido-que-no-se-detiene\/\" class=\"excerpt-read-more\">Read More<\/a><\/p>\n","protected":false},"author":1,"featured_media":4690,"comment_status":"closed","ping_status":"open","sticky":false,"template":"","format":"standard","meta":{"footnotes":""},"categories":[180,128,1359],"tags":[1308,84,2064],"class_list":["post-6502","post","type-post","status-publish","format-standard","has-post-thumbnail","hentry","category-news","category-rock-clasico","category-videos","tag-eddie-van-halen","tag-muerte","tag-un-ano"],"yoast_head":"<!-- This site is optimized with the Yoast SEO plugin v27.4 - https:\/\/yoast.com\/product\/yoast-seo-wordpress\/ -->\n<title>Eddie Van Halen: El sonido que no se detiene - Radio UNO Digital<\/title>\n<meta name=\"robots\" content=\"index, follow, max-snippet:-1, max-image-preview:large, max-video-preview:-1\" \/>\n<link rel=\"canonical\" href=\"https:\/\/radiounodigital.com\/web\/2021\/10\/06\/eddie-van-halen-el-sonido-que-no-se-detiene\/\" \/>\n<meta property=\"og:locale\" content=\"es_ES\" \/>\n<meta property=\"og:type\" content=\"article\" \/>\n<meta property=\"og:title\" content=\"Eddie Van Halen: El sonido que no se detiene - Radio UNO Digital\" \/>\n<meta property=\"og:description\" content=\"A un a\u00f1o de su partida, la guitarra de Eddie sigue sonando fuerte en todos los dispositivos. Nunca ser\u00e1s olvidado. Una de las guitarras m\u00e1s importantes en la historia del rock part\u00eda hace ya un a\u00f1o, dejando un legado de canciones que siguen a diario en nuestros oidos. Como si esto fuera poco, el hijo... Read More\" \/>\n<meta property=\"og:url\" content=\"https:\/\/radiounodigital.com\/web\/2021\/10\/06\/eddie-van-halen-el-sonido-que-no-se-detiene\/\" \/>\n<meta property=\"og:site_name\" content=\"Radio UNO Digital\" \/>\n<meta property=\"article:published_time\" content=\"2021-10-06T10:41:38+00:00\" \/>\n<meta property=\"article:modified_time\" content=\"2021-10-07T10:47:20+00:00\" \/>\n<meta property=\"og:image\" content=\"https:\/\/radiounodigital.com\/web\/wp-content\/uploads\/2020\/10\/Eddie-Van-Halen-1024x576-1.jpg\" \/>\n\t<meta property=\"og:image:width\" content=\"1024\" \/>\n\t<meta property=\"og:image:height\" content=\"576\" \/>\n\t<meta property=\"og:image:type\" content=\"image\/jpeg\" \/>\n<meta name=\"author\" content=\"diegoc\" \/>\n<meta name=\"twitter:card\" content=\"summary_large_image\" \/>\n<meta name=\"twitter:label1\" content=\"Escrito por\" \/>\n\t<meta name=\"twitter:data1\" content=\"diegoc\" \/>\n\t<meta name=\"twitter:label2\" content=\"Tiempo de lectura\" \/>\n\t<meta name=\"twitter:data2\" content=\"1 minuto\" \/>\n<script type=\"application\/ld+json\" class=\"yoast-schema-graph\">{\"@context\":\"https:\\\/\\\/schema.org\",\"@graph\":[{\"@type\":\"Article\",\"@id\":\"https:\\\/\\\/radiounodigital.com\\\/web\\\/2021\\\/10\\\/06\\\/eddie-van-halen-el-sonido-que-no-se-detiene\\\/#article\",\"isPartOf\":{\"@id\":\"https:\\\/\\\/radiounodigital.com\\\/web\\\/2021\\\/10\\\/06\\\/eddie-van-halen-el-sonido-que-no-se-detiene\\\/\"},\"author\":{\"name\":\"diegoc\",\"@id\":\"https:\\\/\\\/radiounodigital.com\\\/web\\\/#\\\/schema\\\/person\\\/00b93151fa54f619ecf9c183d1fc9758\"},\"headline\":\"Eddie Van Halen: El sonido que no se detiene\",\"datePublished\":\"2021-10-06T10:41:38+00:00\",\"dateModified\":\"2021-10-07T10:47:20+00:00\",\"mainEntityOfPage\":{\"@id\":\"https:\\\/\\\/radiounodigital.com\\\/web\\\/2021\\\/10\\\/06\\\/eddie-van-halen-el-sonido-que-no-se-detiene\\\/\"},\"wordCount\":128,\"image\":{\"@id\":\"https:\\\/\\\/radiounodigital.com\\\/web\\\/2021\\\/10\\\/06\\\/eddie-van-halen-el-sonido-que-no-se-detiene\\\/#primaryimage\"},\"thumbnailUrl\":\"https:\\\/\\\/radiounodigital.com\\\/web\\\/wp-content\\\/uploads\\\/2020\\\/10\\\/Eddie-Van-Halen-1024x576-1.jpg\",\"keywords\":[\"eddie van halen\",\"muerte\",\"un a\u00f1o\"],\"articleSection\":[\"news\",\"Rock Clasico\",\"videos\"],\"inLanguage\":\"es\"},{\"@type\":\"WebPage\",\"@id\":\"https:\\\/\\\/radiounodigital.com\\\/web\\\/2021\\\/10\\\/06\\\/eddie-van-halen-el-sonido-que-no-se-detiene\\\/\",\"url\":\"https:\\\/\\\/radiounodigital.com\\\/web\\\/2021\\\/10\\\/06\\\/eddie-van-halen-el-sonido-que-no-se-detiene\\\/\",\"name\":\"Eddie Van Halen: El sonido que no se detiene - Radio UNO Digital\",\"isPartOf\":{\"@id\":\"https:\\\/\\\/radiounodigital.com\\\/web\\\/#website\"},\"primaryImageOfPage\":{\"@id\":\"https:\\\/\\\/radiounodigital.com\\\/web\\\/2021\\\/10\\\/06\\\/eddie-van-halen-el-sonido-que-no-se-detiene\\\/#primaryimage\"},\"image\":{\"@id\":\"https:\\\/\\\/radiounodigital.com\\\/web\\\/2021\\\/10\\\/06\\\/eddie-van-halen-el-sonido-que-no-se-detiene\\\/#primaryimage\"},\"thumbnailUrl\":\"https:\\\/\\\/radiounodigital.com\\\/web\\\/wp-content\\\/uploads\\\/2020\\\/10\\\/Eddie-Van-Halen-1024x576-1.jpg\",\"datePublished\":\"2021-10-06T10:41:38+00:00\",\"dateModified\":\"2021-10-07T10:47:20+00:00\",\"author\":{\"@id\":\"https:\\\/\\\/radiounodigital.com\\\/web\\\/#\\\/schema\\\/person\\\/00b93151fa54f619ecf9c183d1fc9758\"},\"breadcrumb\":{\"@id\":\"https:\\\/\\\/radiounodigital.com\\\/web\\\/2021\\\/10\\\/06\\\/eddie-van-halen-el-sonido-que-no-se-detiene\\\/#breadcrumb\"},\"inLanguage\":\"es\",\"potentialAction\":[{\"@type\":\"ReadAction\",\"target\":[\"https:\\\/\\\/radiounodigital.com\\\/web\\\/2021\\\/10\\\/06\\\/eddie-van-halen-el-sonido-que-no-se-detiene\\\/\"]}]},{\"@type\":\"ImageObject\",\"inLanguage\":\"es\",\"@id\":\"https:\\\/\\\/radiounodigital.com\\\/web\\\/2021\\\/10\\\/06\\\/eddie-van-halen-el-sonido-que-no-se-detiene\\\/#primaryimage\",\"url\":\"https:\\\/\\\/radiounodigital.com\\\/web\\\/wp-content\\\/uploads\\\/2020\\\/10\\\/Eddie-Van-Halen-1024x576-1.jpg\",\"contentUrl\":\"https:\\\/\\\/radiounodigital.com\\\/web\\\/wp-content\\\/uploads\\\/2020\\\/10\\\/Eddie-Van-Halen-1024x576-1.jpg\",\"width\":1024,\"height\":576},{\"@type\":\"BreadcrumbList\",\"@id\":\"https:\\\/\\\/radiounodigital.com\\\/web\\\/2021\\\/10\\\/06\\\/eddie-van-halen-el-sonido-que-no-se-detiene\\\/#breadcrumb\",\"itemListElement\":[{\"@type\":\"ListItem\",\"position\":1,\"name\":\"Home\",\"item\":\"https:\\\/\\\/radiounodigital.com\\\/web\\\/\"},{\"@type\":\"ListItem\",\"position\":2,\"name\":\"Eddie Van Halen: El sonido que no se detiene\"}]},{\"@type\":\"WebSite\",\"@id\":\"https:\\\/\\\/radiounodigital.com\\\/web\\\/#website\",\"url\":\"https:\\\/\\\/radiounodigital.com\\\/web\\\/\",\"name\":\"Radio UNO Digital\",\"description\":\"Donde la cultura del rock se siente\",\"potentialAction\":[{\"@type\":\"SearchAction\",\"target\":{\"@type\":\"EntryPoint\",\"urlTemplate\":\"https:\\\/\\\/radiounodigital.com\\\/web\\\/?s={search_term_string}\"},\"query-input\":{\"@type\":\"PropertyValueSpecification\",\"valueRequired\":true,\"valueName\":\"search_term_string\"}}],\"inLanguage\":\"es\"},{\"@type\":\"Person\",\"@id\":\"https:\\\/\\\/radiounodigital.com\\\/web\\\/#\\\/schema\\\/person\\\/00b93151fa54f619ecf9c183d1fc9758\",\"name\":\"diegoc\",\"image\":{\"@type\":\"ImageObject\",\"inLanguage\":\"es\",\"@id\":\"https:\\\/\\\/secure.gravatar.com\\\/avatar\\\/0a67041d44c702fb0660d81a5a32c7ce6007341cf92afeb718b75883bf415864?s=96&d=blank&r=g\",\"url\":\"https:\\\/\\\/secure.gravatar.com\\\/avatar\\\/0a67041d44c702fb0660d81a5a32c7ce6007341cf92afeb718b75883bf415864?s=96&d=blank&r=g\",\"contentUrl\":\"https:\\\/\\\/secure.gravatar.com\\\/avatar\\\/0a67041d44c702fb0660d81a5a32c7ce6007341cf92afeb718b75883bf415864?s=96&d=blank&r=g\",\"caption\":\"diegoc\"},\"url\":\"https:\\\/\\\/radiounodigital.com\\\/web\\\/author\\\/diegoc\\\/\"}]}<\/script>\n<!-- \/ Yoast SEO plugin. -->","yoast_head_json":{"title":"Eddie Van Halen: El sonido que no se detiene - Radio UNO Digital","robots":{"index":"index","follow":"follow","max-snippet":"max-snippet:-1","max-image-preview":"max-image-preview:large","max-video-preview":"max-video-preview:-1"},"canonical":"https:\/\/radiounodigital.com\/web\/2021\/10\/06\/eddie-van-halen-el-sonido-que-no-se-detiene\/","og_locale":"es_ES","og_type":"article","og_title":"Eddie Van Halen: El sonido que no se detiene - Radio UNO Digital","og_description":"A un a\u00f1o de su partida, la guitarra de Eddie sigue sonando fuerte en todos los dispositivos. Nunca ser\u00e1s olvidado. Una de las guitarras m\u00e1s importantes en la historia del rock part\u00eda hace ya un a\u00f1o, dejando un legado de canciones que siguen a diario en nuestros oidos. Como si esto fuera poco, el hijo... Read More","og_url":"https:\/\/radiounodigital.com\/web\/2021\/10\/06\/eddie-van-halen-el-sonido-que-no-se-detiene\/","og_site_name":"Radio UNO Digital","article_published_time":"2021-10-06T10:41:38+00:00","article_modified_time":"2021-10-07T10:47:20+00:00","og_image":[{"width":1024,"height":576,"url":"https:\/\/radiounodigital.com\/web\/wp-content\/uploads\/2020\/10\/Eddie-Van-Halen-1024x576-1.jpg","type":"image\/jpeg"}],"author":"diegoc","twitter_card":"summary_large_image","twitter_misc":{"Escrito por":"diegoc","Tiempo de lectura":"1 minuto"},"schema":{"@context":"https:\/\/schema.org","@graph":[{"@type":"Article","@id":"https:\/\/radiounodigital.com\/web\/2021\/10\/06\/eddie-van-halen-el-sonido-que-no-se-detiene\/#article","isPartOf":{"@id":"https:\/\/radiounodigital.com\/web\/2021\/10\/06\/eddie-van-halen-el-sonido-que-no-se-detiene\/"},"author":{"name":"diegoc","@id":"https:\/\/radiounodigital.com\/web\/#\/schema\/person\/00b93151fa54f619ecf9c183d1fc9758"},"headline":"Eddie Van Halen: El sonido que no se detiene","datePublished":"2021-10-06T10:41:38+00:00","dateModified":"2021-10-07T10:47:20+00:00","mainEntityOfPage":{"@id":"https:\/\/radiounodigital.com\/web\/2021\/10\/06\/eddie-van-halen-el-sonido-que-no-se-detiene\/"},"wordCount":128,"image":{"@id":"https:\/\/radiounodigital.com\/web\/2021\/10\/06\/eddie-van-halen-el-sonido-que-no-se-detiene\/#primaryimage"},"thumbnailUrl":"https:\/\/radiounodigital.com\/web\/wp-content\/uploads\/2020\/10\/Eddie-Van-Halen-1024x576-1.jpg","keywords":["eddie van halen","muerte","un a\u00f1o"],"articleSection":["news","Rock Clasico","videos"],"inLanguage":"es"},{"@type":"WebPage","@id":"https:\/\/radiounodigital.com\/web\/2021\/10\/06\/eddie-van-halen-el-sonido-que-no-se-detiene\/","url":"https:\/\/radiounodigital.com\/web\/2021\/10\/06\/eddie-van-halen-el-sonido-que-no-se-detiene\/","name":"Eddie Van Halen: El sonido que no se detiene - Radio UNO Digital","isPartOf":{"@id":"https:\/\/radiounodigital.com\/web\/#website"},"primaryImageOfPage":{"@id":"https:\/\/radiounodigital.com\/web\/2021\/10\/06\/eddie-van-halen-el-sonido-que-no-se-detiene\/#primaryimage"},"image":{"@id":"https:\/\/radiounodigital.com\/web\/2021\/10\/06\/eddie-van-halen-el-sonido-que-no-se-detiene\/#primaryimage"},"thumbnailUrl":"https:\/\/radiounodigital.com\/web\/wp-content\/uploads\/2020\/10\/Eddie-Van-Halen-1024x576-1.jpg","datePublished":"2021-10-06T10:41:38+00:00","dateModified":"2021-10-07T10:47:20+00:00","author":{"@id":"https:\/\/radiounodigital.com\/web\/#\/schema\/person\/00b93151fa54f619ecf9c183d1fc9758"},"breadcrumb":{"@id":"https:\/\/radiounodigital.com\/web\/2021\/10\/06\/eddie-van-halen-el-sonido-que-no-se-detiene\/#breadcrumb"},"inLanguage":"es","potentialAction":[{"@type":"ReadAction","target":["https:\/\/radiounodigital.com\/web\/2021\/10\/06\/eddie-van-halen-el-sonido-que-no-se-detiene\/"]}]},{"@type":"ImageObject","inLanguage":"es","@id":"https:\/\/radiounodigital.com\/web\/2021\/10\/06\/eddie-van-halen-el-sonido-que-no-se-detiene\/#primaryimage","url":"https:\/\/radiounodigital.com\/web\/wp-content\/uploads\/2020\/10\/Eddie-Van-Halen-1024x576-1.jpg","contentUrl":"https:\/\/radiounodigital.com\/web\/wp-content\/uploads\/2020\/10\/Eddie-Van-Halen-1024x576-1.jpg","width":1024,"height":576},{"@type":"BreadcrumbList","@id":"https:\/\/radiounodigital.com\/web\/2021\/10\/06\/eddie-van-halen-el-sonido-que-no-se-detiene\/#breadcrumb","itemListElement":[{"@type":"ListItem","position":1,"name":"Home","item":"https:\/\/radiounodigital.com\/web\/"},{"@type":"ListItem","position":2,"name":"Eddie Van Halen: El sonido que no se detiene"}]},{"@type":"WebSite","@id":"https:\/\/radiounodigital.com\/web\/#website","url":"https:\/\/radiounodigital.com\/web\/","name":"Radio UNO Digital","description":"Donde la cultura del rock se siente","potentialAction":[{"@type":"SearchAction","target":{"@type":"EntryPoint","urlTemplate":"https:\/\/radiounodigital.com\/web\/?s={search_term_string}"},"query-input":{"@type":"PropertyValueSpecification","valueRequired":true,"valueName":"search_term_string"}}],"inLanguage":"es"},{"@type":"Person","@id":"https:\/\/radiounodigital.com\/web\/#\/schema\/person\/00b93151fa54f619ecf9c183d1fc9758","name":"diegoc","image":{"@type":"ImageObject","inLanguage":"es","@id":"https:\/\/secure.gravatar.com\/avatar\/0a67041d44c702fb0660d81a5a32c7ce6007341cf92afeb718b75883bf415864?s=96&d=blank&r=g","url":"https:\/\/secure.gravatar.com\/avatar\/0a67041d44c702fb0660d81a5a32c7ce6007341cf92afeb718b75883bf415864?s=96&d=blank&r=g","contentUrl":"https:\/\/secure.gravatar.com\/avatar\/0a67041d44c702fb0660d81a5a32c7ce6007341cf92afeb718b75883bf415864?s=96&d=blank&r=g","caption":"diegoc"},"url":"https:\/\/radiounodigital.com\/web\/author\/diegoc\/"}]}},"_links":{"self":[{"href":"https:\/\/radiounodigital.com\/web\/wp-json\/wp\/v2\/posts\/6502","targetHints":{"allow":["GET"]}}],"collection":[{"href":"https:\/\/radiounodigital.com\/web\/wp-json\/wp\/v2\/posts"}],"about":[{"href":"https:\/\/radiounodigital.com\/web\/wp-json\/wp\/v2\/types\/post"}],"author":[{"embeddable":true,"href":"https:\/\/radiounodigital.com\/web\/wp-json\/wp\/v2\/users\/1"}],"replies":[{"embeddable":true,"href":"https:\/\/radiounodigital.com\/web\/wp-json\/wp\/v2\/comments?post=6502"}],"version-history":[{"count":1,"href":"https:\/\/radiounodigital.com\/web\/wp-json\/wp\/v2\/posts\/6502\/revisions"}],"predecessor-version":[{"id":6503,"href":"https:\/\/radiounodigital.com\/web\/wp-json\/wp\/v2\/posts\/6502\/revisions\/6503"}],"wp:featuredmedia":[{"embeddable":true,"href":"https:\/\/radiounodigital.com\/web\/wp-json\/wp\/v2\/media\/4690"}],"wp:attachment":[{"href":"https:\/\/radiounodigital.com\/web\/wp-json\/wp\/v2\/media?parent=6502"}],"wp:term":[{"taxonomy":"category","embeddable":true,"href":"https:\/\/radiounodigital.com\/web\/wp-json\/wp\/v2\/categories?post=6502"},{"taxonomy":"post_tag","embeddable":true,"href":"https:\/\/radiounodigital.com\/web\/wp-json\/wp\/v2\/tags?post=6502"}],"curies":[{"name":"wp","href":"https:\/\/api.w.org\/{rel}","templated":true}]}}