{"id":6504,"date":"2021-10-07T08:38:19","date_gmt":"2021-10-07T11:38:19","guid":{"rendered":"https:\/\/radiounodigital.com\/web\/?p=6504"},"modified":"2021-10-07T08:38:19","modified_gmt":"2021-10-07T11:38:19","slug":"john-mellencamp-a-los-70-todavia-en-la-carretera","status":"publish","type":"post","link":"https:\/\/radiounodigital.com\/web\/2021\/10\/07\/john-mellencamp-a-los-70-todavia-en-la-carretera\/","title":{"rendered":"John Mellencamp a los 70 todav\u00eda en la carretera"},"content":{"rendered":"<h3>Nada m\u00e1s ni menos que 70 primaveras cumple John Mellencamp que esta lejos de su retiro.<\/h3>\n<p>Y prueba de ello es su reciente trabajo junto a Bruce Springsteen. Gracias por mantenerte en la carretera John<\/p>\n<p><iframe loading=\"lazy\" title=\"John Mellencamp, Bruce Springsteen - Wasted Days (Official Video)\" width=\"960\" height=\"540\" src=\"https:\/\/www.youtube.com\/embed\/hHLGZxlBpLA?feature=oembed\" frameborder=\"0\" allow=\"accelerometer; autoplay; clipboard-write; encrypted-media; gyroscope; picture-in-picture\" allowfullscreen><\/iframe><\/p>\n<p>&nbsp;<\/p>\n<p><iframe loading=\"lazy\" title=\"&quot;Small Town&quot; Live at Farm Aid 2021\" width=\"960\" height=\"540\" src=\"https:\/\/www.youtube.com\/embed\/MUUd8oINw2s?feature=oembed\" frameborder=\"0\" allow=\"accelerometer; autoplay; clipboard-write; encrypted-media; gyroscope; picture-in-picture\" allowfullscreen><\/iframe><\/p>\n<p>&nbsp;<\/p>\n<p><iframe loading=\"lazy\" title=\"&quot;Rain On The Scarecrow&quot; live at Farm Aid 2021\" width=\"960\" height=\"540\" src=\"https:\/\/www.youtube.com\/embed\/6izLRvp88B8?feature=oembed\" frameborder=\"0\" allow=\"accelerometer; autoplay; clipboard-write; encrypted-media; gyroscope; picture-in-picture\" allowfullscreen><\/iframe><\/p>\n<p>&nbsp;<\/p>\n<p><iframe loading=\"lazy\" title=\"&quot;Pink Houses&quot; live at Farm Aid 2021\" width=\"960\" height=\"540\" src=\"https:\/\/www.youtube.com\/embed\/SyeR-XaMvWs?feature=oembed\" frameborder=\"0\" allow=\"accelerometer; autoplay; clipboard-write; encrypted-media; gyroscope; picture-in-picture\" allowfullscreen><\/iframe><\/p>\n<p>&nbsp;<\/p>\n<p><iframe loading=\"lazy\" title=\"&quot;Jack &amp; Diane&quot; live a t Farm Aid 2021\" width=\"960\" height=\"540\" src=\"https:\/\/www.youtube.com\/embed\/TQOVoqn0WvA?feature=oembed\" frameborder=\"0\" allow=\"accelerometer; autoplay; clipboard-write; encrypted-media; gyroscope; picture-in-picture\" allowfullscreen><\/iframe><\/p>\n<p>&nbsp;<\/p>\n<p><iframe loading=\"lazy\" title=\"&quot;Check It Out&quot; live at Farm Aid 2021\" width=\"960\" height=\"540\" src=\"https:\/\/www.youtube.com\/embed\/KWYhLBOCtHY?feature=oembed\" frameborder=\"0\" allow=\"accelerometer; autoplay; clipboard-write; encrypted-media; gyroscope; picture-in-picture\" allowfullscreen><\/iframe><\/p>\n<p>&nbsp;<\/p>\n<div class=\"fb-background-color\">\n\t\t\t  <div \n\t\t\t  \tclass = \"fb-comments\" \n\t\t\t  \tdata-href = \"https:\/\/radiounodigital.com\/web\/2021\/10\/07\/john-mellencamp-a-los-70-todavia-en-la-carretera\/\"\n\t\t\t  \tdata-numposts = \"10\"\n\t\t\t  \tdata-lazy = \"true\"\n\t\t\t\tdata-colorscheme = \"dark\"\n\t\t\t\tdata-order-by = \"reverse_time\"\n\t\t\t\tdata-mobile=true>\n\t\t\t  <\/div><\/div>\n\t\t  <style>\n\t\t    .fb-background-color {\n\t\t\t\tbackground: #ffffff !important;\n\t\t\t}\n\t\t\t.fb_iframe_widget_fluid_desktop iframe {\n\t\t\t    width: 100% !important;\n\t\t\t}\n\t\t  <\/style>\n\t\t  ","protected":false},"excerpt":{"rendered":"<p>Nada m\u00e1s ni menos que 70 primaveras cumple John Mellencamp que esta lejos de su retiro. Y prueba de ello es su reciente trabajo junto a Bruce Springsteen. Gracias por mantenerte en la carretera John &nbsp; &nbsp; &nbsp; &nbsp; &nbsp; &nbsp;<\/p>\n","protected":false},"author":1,"featured_media":6505,"comment_status":"closed","ping_status":"open","sticky":false,"template":"","format":"standard","meta":{"footnotes":""},"categories":[184,1547,180,128,1359],"tags":[1549,472,2052],"class_list":["post-6504","post","type-post","status-publish","format-standard","has-post-thumbnail","hentry","category-1001-canciones","category-cumpleanos","category-news","category-rock-clasico","category-videos","tag-70-anos","tag-cumpleanos","tag-john-mellencamp"],"yoast_head":"<!-- This site is optimized with the Yoast SEO plugin v27.4 - https:\/\/yoast.com\/product\/yoast-seo-wordpress\/ -->\n<title>John Mellencamp a los 70 todav\u00eda en la carretera - Radio UNO Digital<\/title>\n<meta name=\"robots\" content=\"index, follow, max-snippet:-1, max-image-preview:large, max-video-preview:-1\" \/>\n<link rel=\"canonical\" href=\"https:\/\/radiounodigital.com\/web\/2021\/10\/07\/john-mellencamp-a-los-70-todavia-en-la-carretera\/\" \/>\n<meta property=\"og:locale\" content=\"es_ES\" \/>\n<meta property=\"og:type\" content=\"article\" \/>\n<meta property=\"og:title\" content=\"John Mellencamp a los 70 todav\u00eda en la carretera - Radio UNO Digital\" \/>\n<meta property=\"og:description\" content=\"Nada m\u00e1s ni menos que 70 primaveras cumple John Mellencamp que esta lejos de su retiro. Y prueba de ello es su reciente trabajo junto a Bruce Springsteen. Gracias por mantenerte en la carretera John &nbsp; &nbsp; &nbsp; &nbsp; &nbsp; &nbsp;\" \/>\n<meta property=\"og:url\" content=\"https:\/\/radiounodigital.com\/web\/2021\/10\/07\/john-mellencamp-a-los-70-todavia-en-la-carretera\/\" \/>\n<meta property=\"og:site_name\" content=\"Radio UNO Digital\" \/>\n<meta property=\"article:published_time\" content=\"2021-10-07T11:38:19+00:00\" \/>\n<meta property=\"og:image\" content=\"https:\/\/radiounodigital.com\/web\/wp-content\/uploads\/2021\/10\/john-mellencamp-e1633606689633.jpg\" \/>\n\t<meta property=\"og:image:width\" content=\"650\" \/>\n\t<meta property=\"og:image:height\" content=\"366\" \/>\n\t<meta property=\"og:image:type\" content=\"image\/jpeg\" \/>\n<meta name=\"author\" content=\"diegoc\" \/>\n<meta name=\"twitter:card\" content=\"summary_large_image\" \/>\n<meta name=\"twitter:label1\" content=\"Escrito por\" \/>\n\t<meta name=\"twitter:data1\" content=\"diegoc\" \/>\n<script type=\"application\/ld+json\" class=\"yoast-schema-graph\">{\"@context\":\"https:\\\/\\\/schema.org\",\"@graph\":[{\"@type\":\"Article\",\"@id\":\"https:\\\/\\\/radiounodigital.com\\\/web\\\/2021\\\/10\\\/07\\\/john-mellencamp-a-los-70-todavia-en-la-carretera\\\/#article\",\"isPartOf\":{\"@id\":\"https:\\\/\\\/radiounodigital.com\\\/web\\\/2021\\\/10\\\/07\\\/john-mellencamp-a-los-70-todavia-en-la-carretera\\\/\"},\"author\":{\"name\":\"diegoc\",\"@id\":\"https:\\\/\\\/radiounodigital.com\\\/web\\\/#\\\/schema\\\/person\\\/00b93151fa54f619ecf9c183d1fc9758\"},\"headline\":\"John Mellencamp a los 70 todav\u00eda en la carretera\",\"datePublished\":\"2021-10-07T11:38:19+00:00\",\"mainEntityOfPage\":{\"@id\":\"https:\\\/\\\/radiounodigital.com\\\/web\\\/2021\\\/10\\\/07\\\/john-mellencamp-a-los-70-todavia-en-la-carretera\\\/\"},\"wordCount\":96,\"image\":{\"@id\":\"https:\\\/\\\/radiounodigital.com\\\/web\\\/2021\\\/10\\\/07\\\/john-mellencamp-a-los-70-todavia-en-la-carretera\\\/#primaryimage\"},\"thumbnailUrl\":\"https:\\\/\\\/radiounodigital.com\\\/web\\\/wp-content\\\/uploads\\\/2021\\\/10\\\/john-mellencamp-e1633606689633.jpg\",\"keywords\":[\"70 a\u00f1os\",\"cumplea\u00f1os\",\"john mellencamp\"],\"articleSection\":[\"1001 Canciones\",\"cumplea\u00f1os\",\"news\",\"Rock Clasico\",\"videos\"],\"inLanguage\":\"es\"},{\"@type\":\"WebPage\",\"@id\":\"https:\\\/\\\/radiounodigital.com\\\/web\\\/2021\\\/10\\\/07\\\/john-mellencamp-a-los-70-todavia-en-la-carretera\\\/\",\"url\":\"https:\\\/\\\/radiounodigital.com\\\/web\\\/2021\\\/10\\\/07\\\/john-mellencamp-a-los-70-todavia-en-la-carretera\\\/\",\"name\":\"John Mellencamp a los 70 todav\u00eda en la carretera - Radio UNO Digital\",\"isPartOf\":{\"@id\":\"https:\\\/\\\/radiounodigital.com\\\/web\\\/#website\"},\"primaryImageOfPage\":{\"@id\":\"https:\\\/\\\/radiounodigital.com\\\/web\\\/2021\\\/10\\\/07\\\/john-mellencamp-a-los-70-todavia-en-la-carretera\\\/#primaryimage\"},\"image\":{\"@id\":\"https:\\\/\\\/radiounodigital.com\\\/web\\\/2021\\\/10\\\/07\\\/john-mellencamp-a-los-70-todavia-en-la-carretera\\\/#primaryimage\"},\"thumbnailUrl\":\"https:\\\/\\\/radiounodigital.com\\\/web\\\/wp-content\\\/uploads\\\/2021\\\/10\\\/john-mellencamp-e1633606689633.jpg\",\"datePublished\":\"2021-10-07T11:38:19+00:00\",\"author\":{\"@id\":\"https:\\\/\\\/radiounodigital.com\\\/web\\\/#\\\/schema\\\/person\\\/00b93151fa54f619ecf9c183d1fc9758\"},\"breadcrumb\":{\"@id\":\"https:\\\/\\\/radiounodigital.com\\\/web\\\/2021\\\/10\\\/07\\\/john-mellencamp-a-los-70-todavia-en-la-carretera\\\/#breadcrumb\"},\"inLanguage\":\"es\",\"potentialAction\":[{\"@type\":\"ReadAction\",\"target\":[\"https:\\\/\\\/radiounodigital.com\\\/web\\\/2021\\\/10\\\/07\\\/john-mellencamp-a-los-70-todavia-en-la-carretera\\\/\"]}]},{\"@type\":\"ImageObject\",\"inLanguage\":\"es\",\"@id\":\"https:\\\/\\\/radiounodigital.com\\\/web\\\/2021\\\/10\\\/07\\\/john-mellencamp-a-los-70-todavia-en-la-carretera\\\/#primaryimage\",\"url\":\"https:\\\/\\\/radiounodigital.com\\\/web\\\/wp-content\\\/uploads\\\/2021\\\/10\\\/john-mellencamp-e1633606689633.jpg\",\"contentUrl\":\"https:\\\/\\\/radiounodigital.com\\\/web\\\/wp-content\\\/uploads\\\/2021\\\/10\\\/john-mellencamp-e1633606689633.jpg\",\"width\":650,\"height\":366},{\"@type\":\"BreadcrumbList\",\"@id\":\"https:\\\/\\\/radiounodigital.com\\\/web\\\/2021\\\/10\\\/07\\\/john-mellencamp-a-los-70-todavia-en-la-carretera\\\/#breadcrumb\",\"itemListElement\":[{\"@type\":\"ListItem\",\"position\":1,\"name\":\"Home\",\"item\":\"https:\\\/\\\/radiounodigital.com\\\/web\\\/\"},{\"@type\":\"ListItem\",\"position\":2,\"name\":\"John Mellencamp a los 70 todav\u00eda en la carretera\"}]},{\"@type\":\"WebSite\",\"@id\":\"https:\\\/\\\/radiounodigital.com\\\/web\\\/#website\",\"url\":\"https:\\\/\\\/radiounodigital.com\\\/web\\\/\",\"name\":\"Radio UNO Digital\",\"description\":\"Donde la cultura del rock se siente\",\"potentialAction\":[{\"@type\":\"SearchAction\",\"target\":{\"@type\":\"EntryPoint\",\"urlTemplate\":\"https:\\\/\\\/radiounodigital.com\\\/web\\\/?s={search_term_string}\"},\"query-input\":{\"@type\":\"PropertyValueSpecification\",\"valueRequired\":true,\"valueName\":\"search_term_string\"}}],\"inLanguage\":\"es\"},{\"@type\":\"Person\",\"@id\":\"https:\\\/\\\/radiounodigital.com\\\/web\\\/#\\\/schema\\\/person\\\/00b93151fa54f619ecf9c183d1fc9758\",\"name\":\"diegoc\",\"image\":{\"@type\":\"ImageObject\",\"inLanguage\":\"es\",\"@id\":\"https:\\\/\\\/secure.gravatar.com\\\/avatar\\\/0a67041d44c702fb0660d81a5a32c7ce6007341cf92afeb718b75883bf415864?s=96&d=blank&r=g\",\"url\":\"https:\\\/\\\/secure.gravatar.com\\\/avatar\\\/0a67041d44c702fb0660d81a5a32c7ce6007341cf92afeb718b75883bf415864?s=96&d=blank&r=g\",\"contentUrl\":\"https:\\\/\\\/secure.gravatar.com\\\/avatar\\\/0a67041d44c702fb0660d81a5a32c7ce6007341cf92afeb718b75883bf415864?s=96&d=blank&r=g\",\"caption\":\"diegoc\"},\"url\":\"https:\\\/\\\/radiounodigital.com\\\/web\\\/author\\\/diegoc\\\/\"}]}<\/script>\n<!-- \/ Yoast SEO plugin. -->","yoast_head_json":{"title":"John Mellencamp a los 70 todav\u00eda en la carretera - Radio UNO Digital","robots":{"index":"index","follow":"follow","max-snippet":"max-snippet:-1","max-image-preview":"max-image-preview:large","max-video-preview":"max-video-preview:-1"},"canonical":"https:\/\/radiounodigital.com\/web\/2021\/10\/07\/john-mellencamp-a-los-70-todavia-en-la-carretera\/","og_locale":"es_ES","og_type":"article","og_title":"John Mellencamp a los 70 todav\u00eda en la carretera - Radio UNO Digital","og_description":"Nada m\u00e1s ni menos que 70 primaveras cumple John Mellencamp que esta lejos de su retiro. Y prueba de ello es su reciente trabajo junto a Bruce Springsteen. Gracias por mantenerte en la carretera John &nbsp; &nbsp; &nbsp; &nbsp; &nbsp; &nbsp;","og_url":"https:\/\/radiounodigital.com\/web\/2021\/10\/07\/john-mellencamp-a-los-70-todavia-en-la-carretera\/","og_site_name":"Radio UNO Digital","article_published_time":"2021-10-07T11:38:19+00:00","og_image":[{"width":650,"height":366,"url":"https:\/\/radiounodigital.com\/web\/wp-content\/uploads\/2021\/10\/john-mellencamp-e1633606689633.jpg","type":"image\/jpeg"}],"author":"diegoc","twitter_card":"summary_large_image","twitter_misc":{"Escrito por":"diegoc"},"schema":{"@context":"https:\/\/schema.org","@graph":[{"@type":"Article","@id":"https:\/\/radiounodigital.com\/web\/2021\/10\/07\/john-mellencamp-a-los-70-todavia-en-la-carretera\/#article","isPartOf":{"@id":"https:\/\/radiounodigital.com\/web\/2021\/10\/07\/john-mellencamp-a-los-70-todavia-en-la-carretera\/"},"author":{"name":"diegoc","@id":"https:\/\/radiounodigital.com\/web\/#\/schema\/person\/00b93151fa54f619ecf9c183d1fc9758"},"headline":"John Mellencamp a los 70 todav\u00eda en la carretera","datePublished":"2021-10-07T11:38:19+00:00","mainEntityOfPage":{"@id":"https:\/\/radiounodigital.com\/web\/2021\/10\/07\/john-mellencamp-a-los-70-todavia-en-la-carretera\/"},"wordCount":96,"image":{"@id":"https:\/\/radiounodigital.com\/web\/2021\/10\/07\/john-mellencamp-a-los-70-todavia-en-la-carretera\/#primaryimage"},"thumbnailUrl":"https:\/\/radiounodigital.com\/web\/wp-content\/uploads\/2021\/10\/john-mellencamp-e1633606689633.jpg","keywords":["70 a\u00f1os","cumplea\u00f1os","john mellencamp"],"articleSection":["1001 Canciones","cumplea\u00f1os","news","Rock Clasico","videos"],"inLanguage":"es"},{"@type":"WebPage","@id":"https:\/\/radiounodigital.com\/web\/2021\/10\/07\/john-mellencamp-a-los-70-todavia-en-la-carretera\/","url":"https:\/\/radiounodigital.com\/web\/2021\/10\/07\/john-mellencamp-a-los-70-todavia-en-la-carretera\/","name":"John Mellencamp a los 70 todav\u00eda en la carretera - Radio UNO Digital","isPartOf":{"@id":"https:\/\/radiounodigital.com\/web\/#website"},"primaryImageOfPage":{"@id":"https:\/\/radiounodigital.com\/web\/2021\/10\/07\/john-mellencamp-a-los-70-todavia-en-la-carretera\/#primaryimage"},"image":{"@id":"https:\/\/radiounodigital.com\/web\/2021\/10\/07\/john-mellencamp-a-los-70-todavia-en-la-carretera\/#primaryimage"},"thumbnailUrl":"https:\/\/radiounodigital.com\/web\/wp-content\/uploads\/2021\/10\/john-mellencamp-e1633606689633.jpg","datePublished":"2021-10-07T11:38:19+00:00","author":{"@id":"https:\/\/radiounodigital.com\/web\/#\/schema\/person\/00b93151fa54f619ecf9c183d1fc9758"},"breadcrumb":{"@id":"https:\/\/radiounodigital.com\/web\/2021\/10\/07\/john-mellencamp-a-los-70-todavia-en-la-carretera\/#breadcrumb"},"inLanguage":"es","potentialAction":[{"@type":"ReadAction","target":["https:\/\/radiounodigital.com\/web\/2021\/10\/07\/john-mellencamp-a-los-70-todavia-en-la-carretera\/"]}]},{"@type":"ImageObject","inLanguage":"es","@id":"https:\/\/radiounodigital.com\/web\/2021\/10\/07\/john-mellencamp-a-los-70-todavia-en-la-carretera\/#primaryimage","url":"https:\/\/radiounodigital.com\/web\/wp-content\/uploads\/2021\/10\/john-mellencamp-e1633606689633.jpg","contentUrl":"https:\/\/radiounodigital.com\/web\/wp-content\/uploads\/2021\/10\/john-mellencamp-e1633606689633.jpg","width":650,"height":366},{"@type":"BreadcrumbList","@id":"https:\/\/radiounodigital.com\/web\/2021\/10\/07\/john-mellencamp-a-los-70-todavia-en-la-carretera\/#breadcrumb","itemListElement":[{"@type":"ListItem","position":1,"name":"Home","item":"https:\/\/radiounodigital.com\/web\/"},{"@type":"ListItem","position":2,"name":"John Mellencamp a los 70 todav\u00eda en la carretera"}]},{"@type":"WebSite","@id":"https:\/\/radiounodigital.com\/web\/#website","url":"https:\/\/radiounodigital.com\/web\/","name":"Radio UNO Digital","description":"Donde la cultura del rock se siente","potentialAction":[{"@type":"SearchAction","target":{"@type":"EntryPoint","urlTemplate":"https:\/\/radiounodigital.com\/web\/?s={search_term_string}"},"query-input":{"@type":"PropertyValueSpecification","valueRequired":true,"valueName":"search_term_string"}}],"inLanguage":"es"},{"@type":"Person","@id":"https:\/\/radiounodigital.com\/web\/#\/schema\/person\/00b93151fa54f619ecf9c183d1fc9758","name":"diegoc","image":{"@type":"ImageObject","inLanguage":"es","@id":"https:\/\/secure.gravatar.com\/avatar\/0a67041d44c702fb0660d81a5a32c7ce6007341cf92afeb718b75883bf415864?s=96&d=blank&r=g","url":"https:\/\/secure.gravatar.com\/avatar\/0a67041d44c702fb0660d81a5a32c7ce6007341cf92afeb718b75883bf415864?s=96&d=blank&r=g","contentUrl":"https:\/\/secure.gravatar.com\/avatar\/0a67041d44c702fb0660d81a5a32c7ce6007341cf92afeb718b75883bf415864?s=96&d=blank&r=g","caption":"diegoc"},"url":"https:\/\/radiounodigital.com\/web\/author\/diegoc\/"}]}},"_links":{"self":[{"href":"https:\/\/radiounodigital.com\/web\/wp-json\/wp\/v2\/posts\/6504","targetHints":{"allow":["GET"]}}],"collection":[{"href":"https:\/\/radiounodigital.com\/web\/wp-json\/wp\/v2\/posts"}],"about":[{"href":"https:\/\/radiounodigital.com\/web\/wp-json\/wp\/v2\/types\/post"}],"author":[{"embeddable":true,"href":"https:\/\/radiounodigital.com\/web\/wp-json\/wp\/v2\/users\/1"}],"replies":[{"embeddable":true,"href":"https:\/\/radiounodigital.com\/web\/wp-json\/wp\/v2\/comments?post=6504"}],"version-history":[{"count":1,"href":"https:\/\/radiounodigital.com\/web\/wp-json\/wp\/v2\/posts\/6504\/revisions"}],"predecessor-version":[{"id":6506,"href":"https:\/\/radiounodigital.com\/web\/wp-json\/wp\/v2\/posts\/6504\/revisions\/6506"}],"wp:featuredmedia":[{"embeddable":true,"href":"https:\/\/radiounodigital.com\/web\/wp-json\/wp\/v2\/media\/6505"}],"wp:attachment":[{"href":"https:\/\/radiounodigital.com\/web\/wp-json\/wp\/v2\/media?parent=6504"}],"wp:term":[{"taxonomy":"category","embeddable":true,"href":"https:\/\/radiounodigital.com\/web\/wp-json\/wp\/v2\/categories?post=6504"},{"taxonomy":"post_tag","embeddable":true,"href":"https:\/\/radiounodigital.com\/web\/wp-json\/wp\/v2\/tags?post=6504"}],"curies":[{"name":"wp","href":"https:\/\/api.w.org\/{rel}","templated":true}]}}