{"id":6533,"date":"2021-10-12T13:09:19","date_gmt":"2021-10-12T16:09:19","guid":{"rendered":"https:\/\/radiounodigital.com\/web\/?p=6533"},"modified":"2021-10-12T13:09:19","modified_gmt":"2021-10-12T16:09:19","slug":"bryan-adams-comparte-la-cancion-principal-de-su-nuevo-album-so-happy-it-hurts","status":"publish","type":"post","link":"https:\/\/radiounodigital.com\/web\/2021\/10\/12\/bryan-adams-comparte-la-cancion-principal-de-su-nuevo-album-so-happy-it-hurts\/","title":{"rendered":"Bryan Adams comparte la canci\u00f3n principal de su nuevo \u00e1lbum So Happy It Hurts"},"content":{"rendered":"<h3>Bryan Adams lanzar\u00e1 su decimoquinto \u00e1lbum de estudio, So Happy It Hurts, el 11 de marzo a trav\u00e9s de BMG. Y puedes escuchar la canci\u00f3n principal aqu\u00ed.<\/h3>\n<p><iframe loading=\"lazy\" title=\"Bryan Adams - So Happy It Hurts\" width=\"960\" height=\"540\" src=\"https:\/\/www.youtube.com\/embed\/d0caIWs0O9c?feature=oembed\" frameborder=\"0\" allow=\"accelerometer; autoplay; clipboard-write; encrypted-media; gyroscope; picture-in-picture\" allowfullscreen><\/iframe><\/p>\n<p>\u00abLa pandemia y el encierro realmente nos trajeron a casa la verdad de que se puede quitar la espontaneidad\u00bb, dice la cantante y compositora canadiense. \u201cDe repente, todas las giras se detuvieron, nadie pod\u00eda subirse al coche e irse. El t\u00edtulo de la canci\u00f3n So Happy It Hurts trata sobre la libertad, la autonom\u00eda, la espontaneidad y la emoci\u00f3n de la carretera. El \u00e1lbum del mismo nombre toca muchas de las cosas ef\u00edmeras de la vida que son realmente el secreto de la felicidad, y lo m\u00e1s importante, la conexi\u00f3n humana \u00ab.<\/p>\n<p>El \u00e1lbum incluye 12 nuevas canciones co escritas por el rockero de 61 a\u00f1os. El \u00e1lbum estar\u00e1 disponible en todas las plataformas digitales, as\u00ed como en una variedad de formatos f\u00edsicos que incluyen CD est\u00e1ndar, CD de lujo con cubierta lenticular y libro de tapa dura y vinilo. Un vinilo de color exclusivo y una caja de edici\u00f3n limitada que incluye el CD de lujo, el vinilo, el libro de tapa dura y la foto firmada tambi\u00e9n est\u00e1n <a href=\"https:\/\/bryanadams.lnk.to\/SoHappyItHurtsAlbum\">disponibles para pre-ordenar.<\/a><\/p>\n<div class=\"fb-background-color\">\n\t\t\t  <div \n\t\t\t  \tclass = \"fb-comments\" \n\t\t\t  \tdata-href = \"https:\/\/radiounodigital.com\/web\/2021\/10\/12\/bryan-adams-comparte-la-cancion-principal-de-su-nuevo-album-so-happy-it-hurts\/\"\n\t\t\t  \tdata-numposts = \"10\"\n\t\t\t  \tdata-lazy = \"true\"\n\t\t\t\tdata-colorscheme = \"dark\"\n\t\t\t\tdata-order-by = \"reverse_time\"\n\t\t\t\tdata-mobile=true>\n\t\t\t  <\/div><\/div>\n\t\t  <style>\n\t\t    .fb-background-color {\n\t\t\t\tbackground: #ffffff !important;\n\t\t\t}\n\t\t\t.fb_iframe_widget_fluid_desktop iframe {\n\t\t\t    width: 100% !important;\n\t\t\t}\n\t\t  <\/style>\n\t\t  ","protected":false},"excerpt":{"rendered":"<p>Bryan Adams lanzar\u00e1 su decimoquinto \u00e1lbum de estudio, So Happy It Hurts, el 11 de marzo a trav\u00e9s de BMG. Y puedes escuchar la canci\u00f3n principal aqu\u00ed. \u00abLa pandemia y el encierro realmente nos trajeron a casa la verdad de que se puede quitar la espontaneidad\u00bb, dice la cantante y compositora canadiense. \u201cDe repente, todas&#8230; <a href=\"https:\/\/radiounodigital.com\/web\/2021\/10\/12\/bryan-adams-comparte-la-cancion-principal-de-su-nuevo-album-so-happy-it-hurts\/\" class=\"excerpt-read-more\">Read More<\/a><\/p>\n","protected":false},"author":1,"featured_media":6534,"comment_status":"closed","ping_status":"open","sticky":false,"template":"","format":"standard","meta":{"footnotes":""},"categories":[1098,1097,180,127,1359],"tags":[121,2072,132,537,2073],"class_list":["post-6533","post","type-post","status-publish","format-standard","has-post-thumbnail","hentry","category-estrenos","category-lo-nuevo","category-news","category-rock","category-videos","tag-album","tag-bryan-adams","tag-nuevo","tag-sencillo","tag-so-happy-it-hurts"],"yoast_head":"<!-- This site is optimized with the Yoast SEO plugin v27.4 - https:\/\/yoast.com\/product\/yoast-seo-wordpress\/ -->\n<title>Bryan Adams comparte la canci\u00f3n principal de su nuevo \u00e1lbum So Happy It Hurts - Radio UNO Digital<\/title>\n<meta name=\"robots\" content=\"index, follow, max-snippet:-1, max-image-preview:large, max-video-preview:-1\" \/>\n<link rel=\"canonical\" href=\"https:\/\/radiounodigital.com\/web\/2021\/10\/12\/bryan-adams-comparte-la-cancion-principal-de-su-nuevo-album-so-happy-it-hurts\/\" \/>\n<meta property=\"og:locale\" content=\"es_ES\" \/>\n<meta property=\"og:type\" content=\"article\" \/>\n<meta property=\"og:title\" content=\"Bryan Adams comparte la canci\u00f3n principal de su nuevo \u00e1lbum So Happy It Hurts - Radio UNO Digital\" \/>\n<meta property=\"og:description\" content=\"Bryan Adams lanzar\u00e1 su decimoquinto \u00e1lbum de estudio, So Happy It Hurts, el 11 de marzo a trav\u00e9s de BMG. Y puedes escuchar la canci\u00f3n principal aqu\u00ed. \u00abLa pandemia y el encierro realmente nos trajeron a casa la verdad de que se puede quitar la espontaneidad\u00bb, dice la cantante y compositora canadiense. \u201cDe repente, todas... Read More\" \/>\n<meta property=\"og:url\" content=\"https:\/\/radiounodigital.com\/web\/2021\/10\/12\/bryan-adams-comparte-la-cancion-principal-de-su-nuevo-album-so-happy-it-hurts\/\" \/>\n<meta property=\"og:site_name\" content=\"Radio UNO Digital\" \/>\n<meta property=\"article:published_time\" content=\"2021-10-12T16:09:19+00:00\" \/>\n<meta property=\"og:image\" content=\"https:\/\/radiounodigital.com\/web\/wp-content\/uploads\/2021\/10\/bryan-adams-1024x576-1-e1634054935745.jpg\" \/>\n\t<meta property=\"og:image:width\" content=\"650\" \/>\n\t<meta property=\"og:image:height\" content=\"366\" \/>\n\t<meta property=\"og:image:type\" content=\"image\/jpeg\" \/>\n<meta name=\"author\" content=\"diegoc\" \/>\n<meta name=\"twitter:card\" content=\"summary_large_image\" \/>\n<meta name=\"twitter:label1\" content=\"Escrito por\" \/>\n\t<meta name=\"twitter:data1\" content=\"diegoc\" \/>\n\t<meta name=\"twitter:label2\" content=\"Tiempo de lectura\" \/>\n\t<meta name=\"twitter:data2\" content=\"1 minuto\" \/>\n<script type=\"application\/ld+json\" class=\"yoast-schema-graph\">{\"@context\":\"https:\\\/\\\/schema.org\",\"@graph\":[{\"@type\":\"Article\",\"@id\":\"https:\\\/\\\/radiounodigital.com\\\/web\\\/2021\\\/10\\\/12\\\/bryan-adams-comparte-la-cancion-principal-de-su-nuevo-album-so-happy-it-hurts\\\/#article\",\"isPartOf\":{\"@id\":\"https:\\\/\\\/radiounodigital.com\\\/web\\\/2021\\\/10\\\/12\\\/bryan-adams-comparte-la-cancion-principal-de-su-nuevo-album-so-happy-it-hurts\\\/\"},\"author\":{\"name\":\"diegoc\",\"@id\":\"https:\\\/\\\/radiounodigital.com\\\/web\\\/#\\\/schema\\\/person\\\/00b93151fa54f619ecf9c183d1fc9758\"},\"headline\":\"Bryan Adams comparte la canci\u00f3n principal de su nuevo \u00e1lbum So Happy It Hurts\",\"datePublished\":\"2021-10-12T16:09:19+00:00\",\"mainEntityOfPage\":{\"@id\":\"https:\\\/\\\/radiounodigital.com\\\/web\\\/2021\\\/10\\\/12\\\/bryan-adams-comparte-la-cancion-principal-de-su-nuevo-album-so-happy-it-hurts\\\/\"},\"wordCount\":237,\"image\":{\"@id\":\"https:\\\/\\\/radiounodigital.com\\\/web\\\/2021\\\/10\\\/12\\\/bryan-adams-comparte-la-cancion-principal-de-su-nuevo-album-so-happy-it-hurts\\\/#primaryimage\"},\"thumbnailUrl\":\"https:\\\/\\\/radiounodigital.com\\\/web\\\/wp-content\\\/uploads\\\/2021\\\/10\\\/bryan-adams-1024x576-1-e1634054935745.jpg\",\"keywords\":[\"album\",\"bryan adams\",\"nuevo\",\"sencillo\",\"So Happy It Hurts\"],\"articleSection\":[\"estrenos\",\"lo nuevo\",\"news\",\"Rock\",\"videos\"],\"inLanguage\":\"es\"},{\"@type\":\"WebPage\",\"@id\":\"https:\\\/\\\/radiounodigital.com\\\/web\\\/2021\\\/10\\\/12\\\/bryan-adams-comparte-la-cancion-principal-de-su-nuevo-album-so-happy-it-hurts\\\/\",\"url\":\"https:\\\/\\\/radiounodigital.com\\\/web\\\/2021\\\/10\\\/12\\\/bryan-adams-comparte-la-cancion-principal-de-su-nuevo-album-so-happy-it-hurts\\\/\",\"name\":\"Bryan Adams comparte la canci\u00f3n principal de su nuevo \u00e1lbum So Happy It Hurts - Radio UNO Digital\",\"isPartOf\":{\"@id\":\"https:\\\/\\\/radiounodigital.com\\\/web\\\/#website\"},\"primaryImageOfPage\":{\"@id\":\"https:\\\/\\\/radiounodigital.com\\\/web\\\/2021\\\/10\\\/12\\\/bryan-adams-comparte-la-cancion-principal-de-su-nuevo-album-so-happy-it-hurts\\\/#primaryimage\"},\"image\":{\"@id\":\"https:\\\/\\\/radiounodigital.com\\\/web\\\/2021\\\/10\\\/12\\\/bryan-adams-comparte-la-cancion-principal-de-su-nuevo-album-so-happy-it-hurts\\\/#primaryimage\"},\"thumbnailUrl\":\"https:\\\/\\\/radiounodigital.com\\\/web\\\/wp-content\\\/uploads\\\/2021\\\/10\\\/bryan-adams-1024x576-1-e1634054935745.jpg\",\"datePublished\":\"2021-10-12T16:09:19+00:00\",\"author\":{\"@id\":\"https:\\\/\\\/radiounodigital.com\\\/web\\\/#\\\/schema\\\/person\\\/00b93151fa54f619ecf9c183d1fc9758\"},\"breadcrumb\":{\"@id\":\"https:\\\/\\\/radiounodigital.com\\\/web\\\/2021\\\/10\\\/12\\\/bryan-adams-comparte-la-cancion-principal-de-su-nuevo-album-so-happy-it-hurts\\\/#breadcrumb\"},\"inLanguage\":\"es\",\"potentialAction\":[{\"@type\":\"ReadAction\",\"target\":[\"https:\\\/\\\/radiounodigital.com\\\/web\\\/2021\\\/10\\\/12\\\/bryan-adams-comparte-la-cancion-principal-de-su-nuevo-album-so-happy-it-hurts\\\/\"]}]},{\"@type\":\"ImageObject\",\"inLanguage\":\"es\",\"@id\":\"https:\\\/\\\/radiounodigital.com\\\/web\\\/2021\\\/10\\\/12\\\/bryan-adams-comparte-la-cancion-principal-de-su-nuevo-album-so-happy-it-hurts\\\/#primaryimage\",\"url\":\"https:\\\/\\\/radiounodigital.com\\\/web\\\/wp-content\\\/uploads\\\/2021\\\/10\\\/bryan-adams-1024x576-1-e1634054935745.jpg\",\"contentUrl\":\"https:\\\/\\\/radiounodigital.com\\\/web\\\/wp-content\\\/uploads\\\/2021\\\/10\\\/bryan-adams-1024x576-1-e1634054935745.jpg\",\"width\":650,\"height\":366},{\"@type\":\"BreadcrumbList\",\"@id\":\"https:\\\/\\\/radiounodigital.com\\\/web\\\/2021\\\/10\\\/12\\\/bryan-adams-comparte-la-cancion-principal-de-su-nuevo-album-so-happy-it-hurts\\\/#breadcrumb\",\"itemListElement\":[{\"@type\":\"ListItem\",\"position\":1,\"name\":\"Home\",\"item\":\"https:\\\/\\\/radiounodigital.com\\\/web\\\/\"},{\"@type\":\"ListItem\",\"position\":2,\"name\":\"Bryan Adams comparte la canci\u00f3n principal de su nuevo \u00e1lbum So Happy It Hurts\"}]},{\"@type\":\"WebSite\",\"@id\":\"https:\\\/\\\/radiounodigital.com\\\/web\\\/#website\",\"url\":\"https:\\\/\\\/radiounodigital.com\\\/web\\\/\",\"name\":\"Radio UNO Digital\",\"description\":\"Donde la cultura del rock se siente\",\"potentialAction\":[{\"@type\":\"SearchAction\",\"target\":{\"@type\":\"EntryPoint\",\"urlTemplate\":\"https:\\\/\\\/radiounodigital.com\\\/web\\\/?s={search_term_string}\"},\"query-input\":{\"@type\":\"PropertyValueSpecification\",\"valueRequired\":true,\"valueName\":\"search_term_string\"}}],\"inLanguage\":\"es\"},{\"@type\":\"Person\",\"@id\":\"https:\\\/\\\/radiounodigital.com\\\/web\\\/#\\\/schema\\\/person\\\/00b93151fa54f619ecf9c183d1fc9758\",\"name\":\"diegoc\",\"image\":{\"@type\":\"ImageObject\",\"inLanguage\":\"es\",\"@id\":\"https:\\\/\\\/secure.gravatar.com\\\/avatar\\\/0a67041d44c702fb0660d81a5a32c7ce6007341cf92afeb718b75883bf415864?s=96&d=blank&r=g\",\"url\":\"https:\\\/\\\/secure.gravatar.com\\\/avatar\\\/0a67041d44c702fb0660d81a5a32c7ce6007341cf92afeb718b75883bf415864?s=96&d=blank&r=g\",\"contentUrl\":\"https:\\\/\\\/secure.gravatar.com\\\/avatar\\\/0a67041d44c702fb0660d81a5a32c7ce6007341cf92afeb718b75883bf415864?s=96&d=blank&r=g\",\"caption\":\"diegoc\"},\"url\":\"https:\\\/\\\/radiounodigital.com\\\/web\\\/author\\\/diegoc\\\/\"}]}<\/script>\n<!-- \/ Yoast SEO plugin. -->","yoast_head_json":{"title":"Bryan Adams comparte la canci\u00f3n principal de su nuevo \u00e1lbum So Happy It Hurts - Radio UNO Digital","robots":{"index":"index","follow":"follow","max-snippet":"max-snippet:-1","max-image-preview":"max-image-preview:large","max-video-preview":"max-video-preview:-1"},"canonical":"https:\/\/radiounodigital.com\/web\/2021\/10\/12\/bryan-adams-comparte-la-cancion-principal-de-su-nuevo-album-so-happy-it-hurts\/","og_locale":"es_ES","og_type":"article","og_title":"Bryan Adams comparte la canci\u00f3n principal de su nuevo \u00e1lbum So Happy It Hurts - Radio UNO Digital","og_description":"Bryan Adams lanzar\u00e1 su decimoquinto \u00e1lbum de estudio, So Happy It Hurts, el 11 de marzo a trav\u00e9s de BMG. Y puedes escuchar la canci\u00f3n principal aqu\u00ed. \u00abLa pandemia y el encierro realmente nos trajeron a casa la verdad de que se puede quitar la espontaneidad\u00bb, dice la cantante y compositora canadiense. \u201cDe repente, todas... Read More","og_url":"https:\/\/radiounodigital.com\/web\/2021\/10\/12\/bryan-adams-comparte-la-cancion-principal-de-su-nuevo-album-so-happy-it-hurts\/","og_site_name":"Radio UNO Digital","article_published_time":"2021-10-12T16:09:19+00:00","og_image":[{"width":650,"height":366,"url":"https:\/\/radiounodigital.com\/web\/wp-content\/uploads\/2021\/10\/bryan-adams-1024x576-1-e1634054935745.jpg","type":"image\/jpeg"}],"author":"diegoc","twitter_card":"summary_large_image","twitter_misc":{"Escrito por":"diegoc","Tiempo de lectura":"1 minuto"},"schema":{"@context":"https:\/\/schema.org","@graph":[{"@type":"Article","@id":"https:\/\/radiounodigital.com\/web\/2021\/10\/12\/bryan-adams-comparte-la-cancion-principal-de-su-nuevo-album-so-happy-it-hurts\/#article","isPartOf":{"@id":"https:\/\/radiounodigital.com\/web\/2021\/10\/12\/bryan-adams-comparte-la-cancion-principal-de-su-nuevo-album-so-happy-it-hurts\/"},"author":{"name":"diegoc","@id":"https:\/\/radiounodigital.com\/web\/#\/schema\/person\/00b93151fa54f619ecf9c183d1fc9758"},"headline":"Bryan Adams comparte la canci\u00f3n principal de su nuevo \u00e1lbum So Happy It Hurts","datePublished":"2021-10-12T16:09:19+00:00","mainEntityOfPage":{"@id":"https:\/\/radiounodigital.com\/web\/2021\/10\/12\/bryan-adams-comparte-la-cancion-principal-de-su-nuevo-album-so-happy-it-hurts\/"},"wordCount":237,"image":{"@id":"https:\/\/radiounodigital.com\/web\/2021\/10\/12\/bryan-adams-comparte-la-cancion-principal-de-su-nuevo-album-so-happy-it-hurts\/#primaryimage"},"thumbnailUrl":"https:\/\/radiounodigital.com\/web\/wp-content\/uploads\/2021\/10\/bryan-adams-1024x576-1-e1634054935745.jpg","keywords":["album","bryan adams","nuevo","sencillo","So Happy It Hurts"],"articleSection":["estrenos","lo nuevo","news","Rock","videos"],"inLanguage":"es"},{"@type":"WebPage","@id":"https:\/\/radiounodigital.com\/web\/2021\/10\/12\/bryan-adams-comparte-la-cancion-principal-de-su-nuevo-album-so-happy-it-hurts\/","url":"https:\/\/radiounodigital.com\/web\/2021\/10\/12\/bryan-adams-comparte-la-cancion-principal-de-su-nuevo-album-so-happy-it-hurts\/","name":"Bryan Adams comparte la canci\u00f3n principal de su nuevo \u00e1lbum So Happy It Hurts - Radio UNO Digital","isPartOf":{"@id":"https:\/\/radiounodigital.com\/web\/#website"},"primaryImageOfPage":{"@id":"https:\/\/radiounodigital.com\/web\/2021\/10\/12\/bryan-adams-comparte-la-cancion-principal-de-su-nuevo-album-so-happy-it-hurts\/#primaryimage"},"image":{"@id":"https:\/\/radiounodigital.com\/web\/2021\/10\/12\/bryan-adams-comparte-la-cancion-principal-de-su-nuevo-album-so-happy-it-hurts\/#primaryimage"},"thumbnailUrl":"https:\/\/radiounodigital.com\/web\/wp-content\/uploads\/2021\/10\/bryan-adams-1024x576-1-e1634054935745.jpg","datePublished":"2021-10-12T16:09:19+00:00","author":{"@id":"https:\/\/radiounodigital.com\/web\/#\/schema\/person\/00b93151fa54f619ecf9c183d1fc9758"},"breadcrumb":{"@id":"https:\/\/radiounodigital.com\/web\/2021\/10\/12\/bryan-adams-comparte-la-cancion-principal-de-su-nuevo-album-so-happy-it-hurts\/#breadcrumb"},"inLanguage":"es","potentialAction":[{"@type":"ReadAction","target":["https:\/\/radiounodigital.com\/web\/2021\/10\/12\/bryan-adams-comparte-la-cancion-principal-de-su-nuevo-album-so-happy-it-hurts\/"]}]},{"@type":"ImageObject","inLanguage":"es","@id":"https:\/\/radiounodigital.com\/web\/2021\/10\/12\/bryan-adams-comparte-la-cancion-principal-de-su-nuevo-album-so-happy-it-hurts\/#primaryimage","url":"https:\/\/radiounodigital.com\/web\/wp-content\/uploads\/2021\/10\/bryan-adams-1024x576-1-e1634054935745.jpg","contentUrl":"https:\/\/radiounodigital.com\/web\/wp-content\/uploads\/2021\/10\/bryan-adams-1024x576-1-e1634054935745.jpg","width":650,"height":366},{"@type":"BreadcrumbList","@id":"https:\/\/radiounodigital.com\/web\/2021\/10\/12\/bryan-adams-comparte-la-cancion-principal-de-su-nuevo-album-so-happy-it-hurts\/#breadcrumb","itemListElement":[{"@type":"ListItem","position":1,"name":"Home","item":"https:\/\/radiounodigital.com\/web\/"},{"@type":"ListItem","position":2,"name":"Bryan Adams comparte la canci\u00f3n principal de su nuevo \u00e1lbum So Happy It Hurts"}]},{"@type":"WebSite","@id":"https:\/\/radiounodigital.com\/web\/#website","url":"https:\/\/radiounodigital.com\/web\/","name":"Radio UNO Digital","description":"Donde la cultura del rock se siente","potentialAction":[{"@type":"SearchAction","target":{"@type":"EntryPoint","urlTemplate":"https:\/\/radiounodigital.com\/web\/?s={search_term_string}"},"query-input":{"@type":"PropertyValueSpecification","valueRequired":true,"valueName":"search_term_string"}}],"inLanguage":"es"},{"@type":"Person","@id":"https:\/\/radiounodigital.com\/web\/#\/schema\/person\/00b93151fa54f619ecf9c183d1fc9758","name":"diegoc","image":{"@type":"ImageObject","inLanguage":"es","@id":"https:\/\/secure.gravatar.com\/avatar\/0a67041d44c702fb0660d81a5a32c7ce6007341cf92afeb718b75883bf415864?s=96&d=blank&r=g","url":"https:\/\/secure.gravatar.com\/avatar\/0a67041d44c702fb0660d81a5a32c7ce6007341cf92afeb718b75883bf415864?s=96&d=blank&r=g","contentUrl":"https:\/\/secure.gravatar.com\/avatar\/0a67041d44c702fb0660d81a5a32c7ce6007341cf92afeb718b75883bf415864?s=96&d=blank&r=g","caption":"diegoc"},"url":"https:\/\/radiounodigital.com\/web\/author\/diegoc\/"}]}},"_links":{"self":[{"href":"https:\/\/radiounodigital.com\/web\/wp-json\/wp\/v2\/posts\/6533","targetHints":{"allow":["GET"]}}],"collection":[{"href":"https:\/\/radiounodigital.com\/web\/wp-json\/wp\/v2\/posts"}],"about":[{"href":"https:\/\/radiounodigital.com\/web\/wp-json\/wp\/v2\/types\/post"}],"author":[{"embeddable":true,"href":"https:\/\/radiounodigital.com\/web\/wp-json\/wp\/v2\/users\/1"}],"replies":[{"embeddable":true,"href":"https:\/\/radiounodigital.com\/web\/wp-json\/wp\/v2\/comments?post=6533"}],"version-history":[{"count":1,"href":"https:\/\/radiounodigital.com\/web\/wp-json\/wp\/v2\/posts\/6533\/revisions"}],"predecessor-version":[{"id":6535,"href":"https:\/\/radiounodigital.com\/web\/wp-json\/wp\/v2\/posts\/6533\/revisions\/6535"}],"wp:featuredmedia":[{"embeddable":true,"href":"https:\/\/radiounodigital.com\/web\/wp-json\/wp\/v2\/media\/6534"}],"wp:attachment":[{"href":"https:\/\/radiounodigital.com\/web\/wp-json\/wp\/v2\/media?parent=6533"}],"wp:term":[{"taxonomy":"category","embeddable":true,"href":"https:\/\/radiounodigital.com\/web\/wp-json\/wp\/v2\/categories?post=6533"},{"taxonomy":"post_tag","embeddable":true,"href":"https:\/\/radiounodigital.com\/web\/wp-json\/wp\/v2\/tags?post=6533"}],"curies":[{"name":"wp","href":"https:\/\/api.w.org\/{rel}","templated":true}]}}