{"id":6826,"date":"2023-01-12T08:35:26","date_gmt":"2023-01-12T11:35:26","guid":{"rendered":"https:\/\/radiounodigital.com\/web\/?p=6826"},"modified":"2023-01-12T08:53:22","modified_gmt":"2023-01-12T11:53:22","slug":"las-canciones-infaltables-para-recordar-a-jeff-beck","status":"publish","type":"post","link":"https:\/\/radiounodigital.com\/web\/2023\/01\/12\/las-canciones-infaltables-para-recordar-a-jeff-beck\/","title":{"rendered":"Las canciones infaltables para recordar a Jeff Beck"},"content":{"rendered":"<h3>La noticia nos golpeo fuerte a ultima hora del d\u00eda de ayer, no por la sorpresa, sino por la perdida que sufre el mundo de la m\u00fasica de uno de los mejores guitarristas de la historia.<\/h3>\n<p><iframe loading=\"lazy\" title=\"Beth Hart &amp; Jeff Beck - I&#039;d Rather Go Blind (Kennedy Center Honors 2012)\" width=\"960\" height=\"540\" src=\"https:\/\/www.youtube.com\/embed\/fALdOkf_eCM?feature=oembed\" frameborder=\"0\" allow=\"accelerometer; autoplay; clipboard-write; encrypted-media; gyroscope; picture-in-picture; web-share\" allowfullscreen><\/iframe><\/p>\n<p>Su sonido inconfundible, \u00fanico y extraordinario que hacia cantar a su guitarra de una forma m\u00e1s que incre\u00edble.<\/p>\n<p>Creador de grandes \u00e9xitos y versiones desde los Yardbirds en los 60, o m\u00e1s tarde con Rod Stewart y Stevie Wonder entre otros.<\/p>\n<p>Desde las sombras, Jeff Beck, era uno de los guitarristas m\u00e1s respetados entre sus colegas, y muchos se dieron el gusto de poder tocar con \u00e9l. Y \u00e9l tambi\u00e9n se dio el gusto de tocar con los m\u00e1s grandes, entre ellos B.B. King y Buddy Guy de los cuales era muy amigo.<\/p>\n<p>No nos vamos a poner a recorrer su carrera, porque la nota ser\u00eda demasiado larga y para ello abunda informaci\u00f3n y videos en el red.<\/p>\n<p>Hoy, y a modo de homenaje les proponemos un playlist y algunos videos que no podes dejar de ver y escuchar.<\/p>\n<p>Gracias Jeff !<\/p>\n<p><iframe loading=\"lazy\" style=\"border-radius: 12px;\" src=\"https:\/\/open.spotify.com\/embed\/playlist\/3pb4B2KcJeTZrBAo2yKiQN?utm_source=generator\" width=\"100%\" height=\"580\" frameborder=\"0\" allowfullscreen=\"allowfullscreen\"><span data-mce-type=\"bookmark\" style=\"display: inline-block; width: 0px; overflow: hidden; line-height: 0;\" class=\"mce_SELRES_start\">\ufeff<\/span><\/iframe><\/p>\n<p>&nbsp;<\/p>\n<p>&nbsp;<\/p>\n<div class=\"fb-background-color\">\n\t\t\t  <div \n\t\t\t  \tclass = \"fb-comments\" \n\t\t\t  \tdata-href = \"https:\/\/radiounodigital.com\/web\/2023\/01\/12\/las-canciones-infaltables-para-recordar-a-jeff-beck\/\"\n\t\t\t  \tdata-numposts = \"10\"\n\t\t\t  \tdata-lazy = \"true\"\n\t\t\t\tdata-colorscheme = \"dark\"\n\t\t\t\tdata-order-by = \"reverse_time\"\n\t\t\t\tdata-mobile=true>\n\t\t\t  <\/div><\/div>\n\t\t  <style>\n\t\t    .fb-background-color {\n\t\t\t\tbackground: #ffffff !important;\n\t\t\t}\n\t\t\t.fb_iframe_widget_fluid_desktop iframe {\n\t\t\t    width: 100% !important;\n\t\t\t}\n\t\t  <\/style>\n\t\t  ","protected":false},"excerpt":{"rendered":"<p>La noticia nos golpeo fuerte a ultima hora del d\u00eda de ayer, no por la sorpresa, sino por la perdida que sufre el mundo de la m\u00fasica de uno de los mejores guitarristas de la historia. Su sonido inconfundible, \u00fanico y extraordinario que hacia cantar a su guitarra de una forma m\u00e1s que incre\u00edble. Creador&#8230; <a href=\"https:\/\/radiounodigital.com\/web\/2023\/01\/12\/las-canciones-infaltables-para-recordar-a-jeff-beck\/\" class=\"excerpt-read-more\">Read More<\/a><\/p>\n","protected":false},"author":1,"featured_media":6827,"comment_status":"closed","ping_status":"open","sticky":false,"template":"","format":"standard","meta":{"footnotes":""},"categories":[4,126,1706,1097,180],"tags":[174,261,298,84,1442,2122],"class_list":["post-6826","post","type-post","status-publish","format-standard","has-post-thumbnail","hentry","category-noticias","category-blues","category-especiales","category-lo-nuevo","category-news","tag-canciones","tag-jeff-beck","tag-mejores","tag-muerte","tag-playlist","tag-the-best"],"yoast_head":"<!-- This site is optimized with the Yoast SEO plugin v27.4 - https:\/\/yoast.com\/product\/yoast-seo-wordpress\/ -->\n<title>Las canciones infaltables para recordar a Jeff Beck - Radio UNO Digital<\/title>\n<meta name=\"robots\" content=\"index, follow, max-snippet:-1, max-image-preview:large, max-video-preview:-1\" \/>\n<link rel=\"canonical\" href=\"https:\/\/radiounodigital.com\/web\/2023\/01\/12\/las-canciones-infaltables-para-recordar-a-jeff-beck\/\" \/>\n<meta property=\"og:locale\" content=\"es_ES\" \/>\n<meta property=\"og:type\" content=\"article\" \/>\n<meta property=\"og:title\" content=\"Las canciones infaltables para recordar a Jeff Beck - Radio UNO Digital\" \/>\n<meta property=\"og:description\" content=\"La noticia nos golpeo fuerte a ultima hora del d\u00eda de ayer, no por la sorpresa, sino por la perdida que sufre el mundo de la m\u00fasica de uno de los mejores guitarristas de la historia. Su sonido inconfundible, \u00fanico y extraordinario que hacia cantar a su guitarra de una forma m\u00e1s que incre\u00edble. Creador... Read More\" \/>\n<meta property=\"og:url\" content=\"https:\/\/radiounodigital.com\/web\/2023\/01\/12\/las-canciones-infaltables-para-recordar-a-jeff-beck\/\" \/>\n<meta property=\"og:site_name\" content=\"Radio UNO Digital\" \/>\n<meta property=\"article:published_time\" content=\"2023-01-12T11:35:26+00:00\" \/>\n<meta property=\"article:modified_time\" content=\"2023-01-12T11:53:22+00:00\" \/>\n<meta property=\"og:image\" content=\"https:\/\/radiounodigital.com\/web\/wp-content\/uploads\/2023\/01\/jeff-beck.jpg\" \/>\n\t<meta property=\"og:image:width\" content=\"1200\" \/>\n\t<meta property=\"og:image:height\" content=\"900\" \/>\n\t<meta property=\"og:image:type\" content=\"image\/jpeg\" \/>\n<meta name=\"author\" content=\"diegoc\" \/>\n<meta name=\"twitter:card\" content=\"summary_large_image\" \/>\n<meta name=\"twitter:label1\" content=\"Escrito por\" \/>\n\t<meta name=\"twitter:data1\" content=\"diegoc\" \/>\n\t<meta name=\"twitter:label2\" content=\"Tiempo de lectura\" \/>\n\t<meta name=\"twitter:data2\" content=\"1 minuto\" \/>\n<script type=\"application\/ld+json\" class=\"yoast-schema-graph\">{\"@context\":\"https:\\\/\\\/schema.org\",\"@graph\":[{\"@type\":\"Article\",\"@id\":\"https:\\\/\\\/radiounodigital.com\\\/web\\\/2023\\\/01\\\/12\\\/las-canciones-infaltables-para-recordar-a-jeff-beck\\\/#article\",\"isPartOf\":{\"@id\":\"https:\\\/\\\/radiounodigital.com\\\/web\\\/2023\\\/01\\\/12\\\/las-canciones-infaltables-para-recordar-a-jeff-beck\\\/\"},\"author\":{\"name\":\"diegoc\",\"@id\":\"https:\\\/\\\/radiounodigital.com\\\/web\\\/#\\\/schema\\\/person\\\/00b93151fa54f619ecf9c183d1fc9758\"},\"headline\":\"Las canciones infaltables para recordar a Jeff Beck\",\"datePublished\":\"2023-01-12T11:35:26+00:00\",\"dateModified\":\"2023-01-12T11:53:22+00:00\",\"mainEntityOfPage\":{\"@id\":\"https:\\\/\\\/radiounodigital.com\\\/web\\\/2023\\\/01\\\/12\\\/las-canciones-infaltables-para-recordar-a-jeff-beck\\\/\"},\"wordCount\":205,\"image\":{\"@id\":\"https:\\\/\\\/radiounodigital.com\\\/web\\\/2023\\\/01\\\/12\\\/las-canciones-infaltables-para-recordar-a-jeff-beck\\\/#primaryimage\"},\"thumbnailUrl\":\"https:\\\/\\\/radiounodigital.com\\\/web\\\/wp-content\\\/uploads\\\/2023\\\/01\\\/jeff-beck.jpg\",\"keywords\":[\"canciones\",\"Jeff Beck\",\"mejores\",\"muerte\",\"playlist\",\"the best\"],\"articleSection\":[\"Blog\",\"Blues\",\"especiales\",\"lo nuevo\",\"news\"],\"inLanguage\":\"es\"},{\"@type\":\"WebPage\",\"@id\":\"https:\\\/\\\/radiounodigital.com\\\/web\\\/2023\\\/01\\\/12\\\/las-canciones-infaltables-para-recordar-a-jeff-beck\\\/\",\"url\":\"https:\\\/\\\/radiounodigital.com\\\/web\\\/2023\\\/01\\\/12\\\/las-canciones-infaltables-para-recordar-a-jeff-beck\\\/\",\"name\":\"Las canciones infaltables para recordar a Jeff Beck - Radio UNO Digital\",\"isPartOf\":{\"@id\":\"https:\\\/\\\/radiounodigital.com\\\/web\\\/#website\"},\"primaryImageOfPage\":{\"@id\":\"https:\\\/\\\/radiounodigital.com\\\/web\\\/2023\\\/01\\\/12\\\/las-canciones-infaltables-para-recordar-a-jeff-beck\\\/#primaryimage\"},\"image\":{\"@id\":\"https:\\\/\\\/radiounodigital.com\\\/web\\\/2023\\\/01\\\/12\\\/las-canciones-infaltables-para-recordar-a-jeff-beck\\\/#primaryimage\"},\"thumbnailUrl\":\"https:\\\/\\\/radiounodigital.com\\\/web\\\/wp-content\\\/uploads\\\/2023\\\/01\\\/jeff-beck.jpg\",\"datePublished\":\"2023-01-12T11:35:26+00:00\",\"dateModified\":\"2023-01-12T11:53:22+00:00\",\"author\":{\"@id\":\"https:\\\/\\\/radiounodigital.com\\\/web\\\/#\\\/schema\\\/person\\\/00b93151fa54f619ecf9c183d1fc9758\"},\"breadcrumb\":{\"@id\":\"https:\\\/\\\/radiounodigital.com\\\/web\\\/2023\\\/01\\\/12\\\/las-canciones-infaltables-para-recordar-a-jeff-beck\\\/#breadcrumb\"},\"inLanguage\":\"es\",\"potentialAction\":[{\"@type\":\"ReadAction\",\"target\":[\"https:\\\/\\\/radiounodigital.com\\\/web\\\/2023\\\/01\\\/12\\\/las-canciones-infaltables-para-recordar-a-jeff-beck\\\/\"]}]},{\"@type\":\"ImageObject\",\"inLanguage\":\"es\",\"@id\":\"https:\\\/\\\/radiounodigital.com\\\/web\\\/2023\\\/01\\\/12\\\/las-canciones-infaltables-para-recordar-a-jeff-beck\\\/#primaryimage\",\"url\":\"https:\\\/\\\/radiounodigital.com\\\/web\\\/wp-content\\\/uploads\\\/2023\\\/01\\\/jeff-beck.jpg\",\"contentUrl\":\"https:\\\/\\\/radiounodigital.com\\\/web\\\/wp-content\\\/uploads\\\/2023\\\/01\\\/jeff-beck.jpg\",\"width\":1200,\"height\":900},{\"@type\":\"BreadcrumbList\",\"@id\":\"https:\\\/\\\/radiounodigital.com\\\/web\\\/2023\\\/01\\\/12\\\/las-canciones-infaltables-para-recordar-a-jeff-beck\\\/#breadcrumb\",\"itemListElement\":[{\"@type\":\"ListItem\",\"position\":1,\"name\":\"Home\",\"item\":\"https:\\\/\\\/radiounodigital.com\\\/web\\\/\"},{\"@type\":\"ListItem\",\"position\":2,\"name\":\"Las canciones infaltables para recordar a Jeff Beck\"}]},{\"@type\":\"WebSite\",\"@id\":\"https:\\\/\\\/radiounodigital.com\\\/web\\\/#website\",\"url\":\"https:\\\/\\\/radiounodigital.com\\\/web\\\/\",\"name\":\"Radio UNO Digital\",\"description\":\"Donde la cultura del rock se siente\",\"potentialAction\":[{\"@type\":\"SearchAction\",\"target\":{\"@type\":\"EntryPoint\",\"urlTemplate\":\"https:\\\/\\\/radiounodigital.com\\\/web\\\/?s={search_term_string}\"},\"query-input\":{\"@type\":\"PropertyValueSpecification\",\"valueRequired\":true,\"valueName\":\"search_term_string\"}}],\"inLanguage\":\"es\"},{\"@type\":\"Person\",\"@id\":\"https:\\\/\\\/radiounodigital.com\\\/web\\\/#\\\/schema\\\/person\\\/00b93151fa54f619ecf9c183d1fc9758\",\"name\":\"diegoc\",\"image\":{\"@type\":\"ImageObject\",\"inLanguage\":\"es\",\"@id\":\"https:\\\/\\\/secure.gravatar.com\\\/avatar\\\/0a67041d44c702fb0660d81a5a32c7ce6007341cf92afeb718b75883bf415864?s=96&d=blank&r=g\",\"url\":\"https:\\\/\\\/secure.gravatar.com\\\/avatar\\\/0a67041d44c702fb0660d81a5a32c7ce6007341cf92afeb718b75883bf415864?s=96&d=blank&r=g\",\"contentUrl\":\"https:\\\/\\\/secure.gravatar.com\\\/avatar\\\/0a67041d44c702fb0660d81a5a32c7ce6007341cf92afeb718b75883bf415864?s=96&d=blank&r=g\",\"caption\":\"diegoc\"},\"url\":\"https:\\\/\\\/radiounodigital.com\\\/web\\\/author\\\/diegoc\\\/\"}]}<\/script>\n<!-- \/ Yoast SEO plugin. -->","yoast_head_json":{"title":"Las canciones infaltables para recordar a Jeff Beck - Radio UNO Digital","robots":{"index":"index","follow":"follow","max-snippet":"max-snippet:-1","max-image-preview":"max-image-preview:large","max-video-preview":"max-video-preview:-1"},"canonical":"https:\/\/radiounodigital.com\/web\/2023\/01\/12\/las-canciones-infaltables-para-recordar-a-jeff-beck\/","og_locale":"es_ES","og_type":"article","og_title":"Las canciones infaltables para recordar a Jeff Beck - Radio UNO Digital","og_description":"La noticia nos golpeo fuerte a ultima hora del d\u00eda de ayer, no por la sorpresa, sino por la perdida que sufre el mundo de la m\u00fasica de uno de los mejores guitarristas de la historia. Su sonido inconfundible, \u00fanico y extraordinario que hacia cantar a su guitarra de una forma m\u00e1s que incre\u00edble. Creador... Read More","og_url":"https:\/\/radiounodigital.com\/web\/2023\/01\/12\/las-canciones-infaltables-para-recordar-a-jeff-beck\/","og_site_name":"Radio UNO Digital","article_published_time":"2023-01-12T11:35:26+00:00","article_modified_time":"2023-01-12T11:53:22+00:00","og_image":[{"width":1200,"height":900,"url":"https:\/\/radiounodigital.com\/web\/wp-content\/uploads\/2023\/01\/jeff-beck.jpg","type":"image\/jpeg"}],"author":"diegoc","twitter_card":"summary_large_image","twitter_misc":{"Escrito por":"diegoc","Tiempo de lectura":"1 minuto"},"schema":{"@context":"https:\/\/schema.org","@graph":[{"@type":"Article","@id":"https:\/\/radiounodigital.com\/web\/2023\/01\/12\/las-canciones-infaltables-para-recordar-a-jeff-beck\/#article","isPartOf":{"@id":"https:\/\/radiounodigital.com\/web\/2023\/01\/12\/las-canciones-infaltables-para-recordar-a-jeff-beck\/"},"author":{"name":"diegoc","@id":"https:\/\/radiounodigital.com\/web\/#\/schema\/person\/00b93151fa54f619ecf9c183d1fc9758"},"headline":"Las canciones infaltables para recordar a Jeff Beck","datePublished":"2023-01-12T11:35:26+00:00","dateModified":"2023-01-12T11:53:22+00:00","mainEntityOfPage":{"@id":"https:\/\/radiounodigital.com\/web\/2023\/01\/12\/las-canciones-infaltables-para-recordar-a-jeff-beck\/"},"wordCount":205,"image":{"@id":"https:\/\/radiounodigital.com\/web\/2023\/01\/12\/las-canciones-infaltables-para-recordar-a-jeff-beck\/#primaryimage"},"thumbnailUrl":"https:\/\/radiounodigital.com\/web\/wp-content\/uploads\/2023\/01\/jeff-beck.jpg","keywords":["canciones","Jeff Beck","mejores","muerte","playlist","the best"],"articleSection":["Blog","Blues","especiales","lo nuevo","news"],"inLanguage":"es"},{"@type":"WebPage","@id":"https:\/\/radiounodigital.com\/web\/2023\/01\/12\/las-canciones-infaltables-para-recordar-a-jeff-beck\/","url":"https:\/\/radiounodigital.com\/web\/2023\/01\/12\/las-canciones-infaltables-para-recordar-a-jeff-beck\/","name":"Las canciones infaltables para recordar a Jeff Beck - Radio UNO Digital","isPartOf":{"@id":"https:\/\/radiounodigital.com\/web\/#website"},"primaryImageOfPage":{"@id":"https:\/\/radiounodigital.com\/web\/2023\/01\/12\/las-canciones-infaltables-para-recordar-a-jeff-beck\/#primaryimage"},"image":{"@id":"https:\/\/radiounodigital.com\/web\/2023\/01\/12\/las-canciones-infaltables-para-recordar-a-jeff-beck\/#primaryimage"},"thumbnailUrl":"https:\/\/radiounodigital.com\/web\/wp-content\/uploads\/2023\/01\/jeff-beck.jpg","datePublished":"2023-01-12T11:35:26+00:00","dateModified":"2023-01-12T11:53:22+00:00","author":{"@id":"https:\/\/radiounodigital.com\/web\/#\/schema\/person\/00b93151fa54f619ecf9c183d1fc9758"},"breadcrumb":{"@id":"https:\/\/radiounodigital.com\/web\/2023\/01\/12\/las-canciones-infaltables-para-recordar-a-jeff-beck\/#breadcrumb"},"inLanguage":"es","potentialAction":[{"@type":"ReadAction","target":["https:\/\/radiounodigital.com\/web\/2023\/01\/12\/las-canciones-infaltables-para-recordar-a-jeff-beck\/"]}]},{"@type":"ImageObject","inLanguage":"es","@id":"https:\/\/radiounodigital.com\/web\/2023\/01\/12\/las-canciones-infaltables-para-recordar-a-jeff-beck\/#primaryimage","url":"https:\/\/radiounodigital.com\/web\/wp-content\/uploads\/2023\/01\/jeff-beck.jpg","contentUrl":"https:\/\/radiounodigital.com\/web\/wp-content\/uploads\/2023\/01\/jeff-beck.jpg","width":1200,"height":900},{"@type":"BreadcrumbList","@id":"https:\/\/radiounodigital.com\/web\/2023\/01\/12\/las-canciones-infaltables-para-recordar-a-jeff-beck\/#breadcrumb","itemListElement":[{"@type":"ListItem","position":1,"name":"Home","item":"https:\/\/radiounodigital.com\/web\/"},{"@type":"ListItem","position":2,"name":"Las canciones infaltables para recordar a Jeff Beck"}]},{"@type":"WebSite","@id":"https:\/\/radiounodigital.com\/web\/#website","url":"https:\/\/radiounodigital.com\/web\/","name":"Radio UNO Digital","description":"Donde la cultura del rock se siente","potentialAction":[{"@type":"SearchAction","target":{"@type":"EntryPoint","urlTemplate":"https:\/\/radiounodigital.com\/web\/?s={search_term_string}"},"query-input":{"@type":"PropertyValueSpecification","valueRequired":true,"valueName":"search_term_string"}}],"inLanguage":"es"},{"@type":"Person","@id":"https:\/\/radiounodigital.com\/web\/#\/schema\/person\/00b93151fa54f619ecf9c183d1fc9758","name":"diegoc","image":{"@type":"ImageObject","inLanguage":"es","@id":"https:\/\/secure.gravatar.com\/avatar\/0a67041d44c702fb0660d81a5a32c7ce6007341cf92afeb718b75883bf415864?s=96&d=blank&r=g","url":"https:\/\/secure.gravatar.com\/avatar\/0a67041d44c702fb0660d81a5a32c7ce6007341cf92afeb718b75883bf415864?s=96&d=blank&r=g","contentUrl":"https:\/\/secure.gravatar.com\/avatar\/0a67041d44c702fb0660d81a5a32c7ce6007341cf92afeb718b75883bf415864?s=96&d=blank&r=g","caption":"diegoc"},"url":"https:\/\/radiounodigital.com\/web\/author\/diegoc\/"}]}},"_links":{"self":[{"href":"https:\/\/radiounodigital.com\/web\/wp-json\/wp\/v2\/posts\/6826","targetHints":{"allow":["GET"]}}],"collection":[{"href":"https:\/\/radiounodigital.com\/web\/wp-json\/wp\/v2\/posts"}],"about":[{"href":"https:\/\/radiounodigital.com\/web\/wp-json\/wp\/v2\/types\/post"}],"author":[{"embeddable":true,"href":"https:\/\/radiounodigital.com\/web\/wp-json\/wp\/v2\/users\/1"}],"replies":[{"embeddable":true,"href":"https:\/\/radiounodigital.com\/web\/wp-json\/wp\/v2\/comments?post=6826"}],"version-history":[{"count":1,"href":"https:\/\/radiounodigital.com\/web\/wp-json\/wp\/v2\/posts\/6826\/revisions"}],"predecessor-version":[{"id":6828,"href":"https:\/\/radiounodigital.com\/web\/wp-json\/wp\/v2\/posts\/6826\/revisions\/6828"}],"wp:featuredmedia":[{"embeddable":true,"href":"https:\/\/radiounodigital.com\/web\/wp-json\/wp\/v2\/media\/6827"}],"wp:attachment":[{"href":"https:\/\/radiounodigital.com\/web\/wp-json\/wp\/v2\/media?parent=6826"}],"wp:term":[{"taxonomy":"category","embeddable":true,"href":"https:\/\/radiounodigital.com\/web\/wp-json\/wp\/v2\/categories?post=6826"},{"taxonomy":"post_tag","embeddable":true,"href":"https:\/\/radiounodigital.com\/web\/wp-json\/wp\/v2\/tags?post=6826"}],"curies":[{"name":"wp","href":"https:\/\/api.w.org\/{rel}","templated":true}]}}