{"id":6853,"date":"2023-07-22T10:31:12","date_gmt":"2023-07-22T13:31:12","guid":{"rendered":"https:\/\/radiounodigital.com\/web\/?p=6853"},"modified":"2023-07-30T10:38:03","modified_gmt":"2023-07-30T13:38:03","slug":"roger-waters-grabara-nuevamente-the-dark-side-of-the-moon-como-solista","status":"publish","type":"post","link":"https:\/\/radiounodigital.com\/web\/2023\/07\/22\/roger-waters-grabara-nuevamente-the-dark-side-of-the-moon-como-solista\/","title":{"rendered":"Roger Waters grabara nuevamente The Dark side of the moon como solista"},"content":{"rendered":"<h3>Waters anunci\u00f3 recientemente que hab\u00eda vuelto a grabar Dark Side Of The Moon sin ninguno de los miembros actuales de Pink Floyd.<\/h3>\n<p>Roger Waters ha anunciado que publicar\u00e1 su versi\u00f3n regrabada del cl\u00e1sico de Pink Floyd The Dark Side Of The Moon, que anunci\u00f3 en febrero, a trav\u00e9s de SGB Records el 6 de octubre.<\/p>\n<p>La noticia llega un d\u00eda despu\u00e9s de que Waters publicara un breve clip con un fragmento de la nueva versi\u00f3n. Hoy ha publicado un nuevo lyric video para Money, que puedes ver \u00edntegro a continuaci\u00f3n.<\/p>\n<p>Adem\u00e1s de reimaginar cada uno de los diez temas originales de The Dark Side of the Moon, el LP The Dark Side of the Moon Redux incluir\u00e1 como tema final una composici\u00f3n original de 13 minutos inspirada en la regrabaci\u00f3n. El nuevo \u00e1lbum no incluye a ninguno de los miembros actuales de Pink Floyd.<\/p>\n<p>&nbsp;<\/p>\n<p><iframe loading=\"lazy\" title=\"Roger Waters - Money (Official Lyric Video, DSOTM REDUX)\" width=\"960\" height=\"540\" src=\"https:\/\/www.youtube.com\/embed\/SUVmeYgo1Iw?feature=oembed\" frameborder=\"0\" allow=\"accelerometer; autoplay; clipboard-write; encrypted-media; gyroscope; picture-in-picture; web-share\" allowfullscreen><\/iframe><\/p>\n<p>&nbsp;<\/p>\n<p>El Dark Side Of The Moon original parece en cierto modo el lamento de un ser anciano sobre la condici\u00f3n humana. Pero Dave, Rick, Nick y yo \u00e9ramos muy j\u00f3venes cuando la hicimos, y cuando miras el mundo que nos rodea, est\u00e1 claro que el mensaje no ha calado. Por eso empec\u00e9 a considerar lo que la sabidur\u00eda de un octogenario podr\u00eda aportar a una versi\u00f3n reimaginada.<\/p>\n<p>\u00abCuando mencion\u00e9 por primera vez la idea de regrabar The Dark Side Of The Moon a Gus y Sean, todos pensamos que estaba loco, pero cuanto m\u00e1s lo consider\u00e1bamos, m\u00e1s pens\u00e1bamos &#8216;\u00bfno se trata de eso? Estoy inmensamente orgulloso de lo que hemos creado, una obra que puede sentarse orgullosamente junto a la original, mano a mano a trav\u00e9s de medio siglo de tiempo\u00bb.<\/p>\n<p>La nueva versi\u00f3n, descrita por el bater\u00eda de Pink Floyd, Nick Mason, como \u00ab\u00a1Absolutamente brillante! \u00ab, ha sido producida por Waters y Gus Seyffert con direcci\u00f3n art\u00edstica y dise\u00f1o de Sean Evans y cuenta con Waters a la voz, bajo en Any Colour, VSC3, Gus Seyffert: bajo, guitarra, percusi\u00f3n, teclas, sintetizador, coros, Joey Waronker: bater\u00eda, percusi\u00f3n, Jonathan Wilson: guitarras, sintetizador, \u00f3rgano, Johnny Shepherd: \u00f3rgano, piano, Via Mardot: theremin, Azniv Korkejian: voces, Gabe Noel: arreglos de cuerda, cuerdas, sarangi, Jon Carin: teclados, lap steel, sintetizador, \u00f3rgano, Robert Walter: piano en Great Gig.<\/p>\n<p>&nbsp;<\/p>\n<div class=\"fb-background-color\">\n\t\t\t  <div \n\t\t\t  \tclass = \"fb-comments\" \n\t\t\t  \tdata-href = \"https:\/\/radiounodigital.com\/web\/2023\/07\/22\/roger-waters-grabara-nuevamente-the-dark-side-of-the-moon-como-solista\/\"\n\t\t\t  \tdata-numposts = \"10\"\n\t\t\t  \tdata-lazy = \"true\"\n\t\t\t\tdata-colorscheme = \"dark\"\n\t\t\t\tdata-order-by = \"reverse_time\"\n\t\t\t\tdata-mobile=true>\n\t\t\t  <\/div><\/div>\n\t\t  <style>\n\t\t    .fb-background-color {\n\t\t\t\tbackground: #ffffff !important;\n\t\t\t}\n\t\t\t.fb_iframe_widget_fluid_desktop iframe {\n\t\t\t    width: 100% !important;\n\t\t\t}\n\t\t  <\/style>\n\t\t  ","protected":false},"excerpt":{"rendered":"<p>Waters anunci\u00f3 recientemente que hab\u00eda vuelto a grabar Dark Side Of The Moon sin ninguno de los miembros actuales de Pink Floyd. Roger Waters ha anunciado que publicar\u00e1 su versi\u00f3n regrabada del cl\u00e1sico de Pink Floyd The Dark Side Of The Moon, que anunci\u00f3 en febrero, a trav\u00e9s de SGB Records el 6 de octubre&#8230;. <a href=\"https:\/\/radiounodigital.com\/web\/2023\/07\/22\/roger-waters-grabara-nuevamente-the-dark-side-of-the-moon-como-solista\/\" class=\"excerpt-read-more\">Read More<\/a><\/p>\n","protected":false},"author":1,"featured_media":5264,"comment_status":"closed","ping_status":"open","sticky":false,"template":"","format":"standard","meta":{"footnotes":""},"categories":[4,180,128],"tags":[1404,216,2124,952,2125,2123],"class_list":["post-6853","post","type-post","status-publish","format-standard","has-post-thumbnail","hentry","category-noticias","category-news","category-rock-clasico","tag-grabacion","tag-pink-floyd","tag-relanzamiento","tag-roger-waters","tag-solitario","tag-the-dark-side-of-the-moon"],"yoast_head":"<!-- This site is optimized with the Yoast SEO plugin v27.4 - https:\/\/yoast.com\/product\/yoast-seo-wordpress\/ -->\n<title>Roger Waters grabara nuevamente The Dark side of the moon como solista - Radio UNO Digital<\/title>\n<meta name=\"description\" content=\"Waters anunci\u00f3 recientemente que hab\u00eda vuelto a grabar Dark Side Of The Moon sin ninguno de los miembros actuales de Pink Floyd.\" \/>\n<meta name=\"robots\" content=\"index, follow, max-snippet:-1, max-image-preview:large, max-video-preview:-1\" \/>\n<link rel=\"canonical\" href=\"https:\/\/radiounodigital.com\/web\/2023\/07\/22\/roger-waters-grabara-nuevamente-the-dark-side-of-the-moon-como-solista\/\" \/>\n<meta property=\"og:locale\" content=\"es_ES\" \/>\n<meta property=\"og:type\" content=\"article\" \/>\n<meta property=\"og:title\" content=\"Roger Waters grabara nuevamente The Dark side of the moon como solista - Radio UNO Digital\" \/>\n<meta property=\"og:description\" content=\"Waters anunci\u00f3 recientemente que hab\u00eda vuelto a grabar Dark Side Of The Moon sin ninguno de los miembros actuales de Pink Floyd.\" \/>\n<meta property=\"og:url\" content=\"https:\/\/radiounodigital.com\/web\/2023\/07\/22\/roger-waters-grabara-nuevamente-the-dark-side-of-the-moon-como-solista\/\" \/>\n<meta property=\"og:site_name\" content=\"Radio UNO Digital\" \/>\n<meta property=\"article:published_time\" content=\"2023-07-22T13:31:12+00:00\" \/>\n<meta property=\"article:modified_time\" content=\"2023-07-30T13:38:03+00:00\" \/>\n<meta property=\"og:image\" content=\"https:\/\/radiounodigital.com\/web\/wp-content\/uploads\/2021\/01\/Roger-Waters.jpg\" \/>\n\t<meta property=\"og:image:width\" content=\"807\" \/>\n\t<meta property=\"og:image:height\" content=\"454\" \/>\n\t<meta property=\"og:image:type\" content=\"image\/jpeg\" \/>\n<meta name=\"author\" content=\"diegoc\" \/>\n<meta name=\"twitter:card\" content=\"summary_large_image\" \/>\n<meta name=\"twitter:label1\" content=\"Escrito por\" \/>\n\t<meta name=\"twitter:data1\" content=\"diegoc\" \/>\n\t<meta name=\"twitter:label2\" content=\"Tiempo de lectura\" \/>\n\t<meta name=\"twitter:data2\" content=\"2 minutos\" \/>\n<script type=\"application\/ld+json\" class=\"yoast-schema-graph\">{\"@context\":\"https:\\\/\\\/schema.org\",\"@graph\":[{\"@type\":\"Article\",\"@id\":\"https:\\\/\\\/radiounodigital.com\\\/web\\\/2023\\\/07\\\/22\\\/roger-waters-grabara-nuevamente-the-dark-side-of-the-moon-como-solista\\\/#article\",\"isPartOf\":{\"@id\":\"https:\\\/\\\/radiounodigital.com\\\/web\\\/2023\\\/07\\\/22\\\/roger-waters-grabara-nuevamente-the-dark-side-of-the-moon-como-solista\\\/\"},\"author\":{\"name\":\"diegoc\",\"@id\":\"https:\\\/\\\/radiounodigital.com\\\/web\\\/#\\\/schema\\\/person\\\/00b93151fa54f619ecf9c183d1fc9758\"},\"headline\":\"Roger Waters grabara nuevamente The Dark side of the moon como solista\",\"datePublished\":\"2023-07-22T13:31:12+00:00\",\"dateModified\":\"2023-07-30T13:38:03+00:00\",\"mainEntityOfPage\":{\"@id\":\"https:\\\/\\\/radiounodigital.com\\\/web\\\/2023\\\/07\\\/22\\\/roger-waters-grabara-nuevamente-the-dark-side-of-the-moon-como-solista\\\/\"},\"wordCount\":412,\"image\":{\"@id\":\"https:\\\/\\\/radiounodigital.com\\\/web\\\/2023\\\/07\\\/22\\\/roger-waters-grabara-nuevamente-the-dark-side-of-the-moon-como-solista\\\/#primaryimage\"},\"thumbnailUrl\":\"https:\\\/\\\/radiounodigital.com\\\/web\\\/wp-content\\\/uploads\\\/2021\\\/01\\\/Roger-Waters.jpg\",\"keywords\":[\"grabacion\",\"pink floyd\",\"relanzamiento\",\"roger waters\",\"solitario\",\"the dark side of the moon\"],\"articleSection\":[\"Blog\",\"news\",\"Rock Clasico\"],\"inLanguage\":\"es\"},{\"@type\":\"WebPage\",\"@id\":\"https:\\\/\\\/radiounodigital.com\\\/web\\\/2023\\\/07\\\/22\\\/roger-waters-grabara-nuevamente-the-dark-side-of-the-moon-como-solista\\\/\",\"url\":\"https:\\\/\\\/radiounodigital.com\\\/web\\\/2023\\\/07\\\/22\\\/roger-waters-grabara-nuevamente-the-dark-side-of-the-moon-como-solista\\\/\",\"name\":\"Roger Waters grabara nuevamente The Dark side of the moon como solista - Radio UNO Digital\",\"isPartOf\":{\"@id\":\"https:\\\/\\\/radiounodigital.com\\\/web\\\/#website\"},\"primaryImageOfPage\":{\"@id\":\"https:\\\/\\\/radiounodigital.com\\\/web\\\/2023\\\/07\\\/22\\\/roger-waters-grabara-nuevamente-the-dark-side-of-the-moon-como-solista\\\/#primaryimage\"},\"image\":{\"@id\":\"https:\\\/\\\/radiounodigital.com\\\/web\\\/2023\\\/07\\\/22\\\/roger-waters-grabara-nuevamente-the-dark-side-of-the-moon-como-solista\\\/#primaryimage\"},\"thumbnailUrl\":\"https:\\\/\\\/radiounodigital.com\\\/web\\\/wp-content\\\/uploads\\\/2021\\\/01\\\/Roger-Waters.jpg\",\"datePublished\":\"2023-07-22T13:31:12+00:00\",\"dateModified\":\"2023-07-30T13:38:03+00:00\",\"author\":{\"@id\":\"https:\\\/\\\/radiounodigital.com\\\/web\\\/#\\\/schema\\\/person\\\/00b93151fa54f619ecf9c183d1fc9758\"},\"description\":\"Waters anunci\u00f3 recientemente que hab\u00eda vuelto a grabar Dark Side Of The Moon sin ninguno de los miembros actuales de Pink Floyd.\",\"breadcrumb\":{\"@id\":\"https:\\\/\\\/radiounodigital.com\\\/web\\\/2023\\\/07\\\/22\\\/roger-waters-grabara-nuevamente-the-dark-side-of-the-moon-como-solista\\\/#breadcrumb\"},\"inLanguage\":\"es\",\"potentialAction\":[{\"@type\":\"ReadAction\",\"target\":[\"https:\\\/\\\/radiounodigital.com\\\/web\\\/2023\\\/07\\\/22\\\/roger-waters-grabara-nuevamente-the-dark-side-of-the-moon-como-solista\\\/\"]}]},{\"@type\":\"ImageObject\",\"inLanguage\":\"es\",\"@id\":\"https:\\\/\\\/radiounodigital.com\\\/web\\\/2023\\\/07\\\/22\\\/roger-waters-grabara-nuevamente-the-dark-side-of-the-moon-como-solista\\\/#primaryimage\",\"url\":\"https:\\\/\\\/radiounodigital.com\\\/web\\\/wp-content\\\/uploads\\\/2021\\\/01\\\/Roger-Waters.jpg\",\"contentUrl\":\"https:\\\/\\\/radiounodigital.com\\\/web\\\/wp-content\\\/uploads\\\/2021\\\/01\\\/Roger-Waters.jpg\",\"width\":807,\"height\":454},{\"@type\":\"BreadcrumbList\",\"@id\":\"https:\\\/\\\/radiounodigital.com\\\/web\\\/2023\\\/07\\\/22\\\/roger-waters-grabara-nuevamente-the-dark-side-of-the-moon-como-solista\\\/#breadcrumb\",\"itemListElement\":[{\"@type\":\"ListItem\",\"position\":1,\"name\":\"Home\",\"item\":\"https:\\\/\\\/radiounodigital.com\\\/web\\\/\"},{\"@type\":\"ListItem\",\"position\":2,\"name\":\"Roger Waters grabara nuevamente The Dark side of the moon como solista\"}]},{\"@type\":\"WebSite\",\"@id\":\"https:\\\/\\\/radiounodigital.com\\\/web\\\/#website\",\"url\":\"https:\\\/\\\/radiounodigital.com\\\/web\\\/\",\"name\":\"Radio UNO Digital\",\"description\":\"Donde la cultura del rock se siente\",\"potentialAction\":[{\"@type\":\"SearchAction\",\"target\":{\"@type\":\"EntryPoint\",\"urlTemplate\":\"https:\\\/\\\/radiounodigital.com\\\/web\\\/?s={search_term_string}\"},\"query-input\":{\"@type\":\"PropertyValueSpecification\",\"valueRequired\":true,\"valueName\":\"search_term_string\"}}],\"inLanguage\":\"es\"},{\"@type\":\"Person\",\"@id\":\"https:\\\/\\\/radiounodigital.com\\\/web\\\/#\\\/schema\\\/person\\\/00b93151fa54f619ecf9c183d1fc9758\",\"name\":\"diegoc\",\"image\":{\"@type\":\"ImageObject\",\"inLanguage\":\"es\",\"@id\":\"https:\\\/\\\/secure.gravatar.com\\\/avatar\\\/0a67041d44c702fb0660d81a5a32c7ce6007341cf92afeb718b75883bf415864?s=96&d=blank&r=g\",\"url\":\"https:\\\/\\\/secure.gravatar.com\\\/avatar\\\/0a67041d44c702fb0660d81a5a32c7ce6007341cf92afeb718b75883bf415864?s=96&d=blank&r=g\",\"contentUrl\":\"https:\\\/\\\/secure.gravatar.com\\\/avatar\\\/0a67041d44c702fb0660d81a5a32c7ce6007341cf92afeb718b75883bf415864?s=96&d=blank&r=g\",\"caption\":\"diegoc\"},\"url\":\"https:\\\/\\\/radiounodigital.com\\\/web\\\/author\\\/diegoc\\\/\"}]}<\/script>\n<!-- \/ Yoast SEO plugin. -->","yoast_head_json":{"title":"Roger Waters grabara nuevamente The Dark side of the moon como solista - Radio UNO Digital","description":"Waters anunci\u00f3 recientemente que hab\u00eda vuelto a grabar Dark Side Of The Moon sin ninguno de los miembros actuales de Pink Floyd.","robots":{"index":"index","follow":"follow","max-snippet":"max-snippet:-1","max-image-preview":"max-image-preview:large","max-video-preview":"max-video-preview:-1"},"canonical":"https:\/\/radiounodigital.com\/web\/2023\/07\/22\/roger-waters-grabara-nuevamente-the-dark-side-of-the-moon-como-solista\/","og_locale":"es_ES","og_type":"article","og_title":"Roger Waters grabara nuevamente The Dark side of the moon como solista - Radio UNO Digital","og_description":"Waters anunci\u00f3 recientemente que hab\u00eda vuelto a grabar Dark Side Of The Moon sin ninguno de los miembros actuales de Pink Floyd.","og_url":"https:\/\/radiounodigital.com\/web\/2023\/07\/22\/roger-waters-grabara-nuevamente-the-dark-side-of-the-moon-como-solista\/","og_site_name":"Radio UNO Digital","article_published_time":"2023-07-22T13:31:12+00:00","article_modified_time":"2023-07-30T13:38:03+00:00","og_image":[{"width":807,"height":454,"url":"https:\/\/radiounodigital.com\/web\/wp-content\/uploads\/2021\/01\/Roger-Waters.jpg","type":"image\/jpeg"}],"author":"diegoc","twitter_card":"summary_large_image","twitter_misc":{"Escrito por":"diegoc","Tiempo de lectura":"2 minutos"},"schema":{"@context":"https:\/\/schema.org","@graph":[{"@type":"Article","@id":"https:\/\/radiounodigital.com\/web\/2023\/07\/22\/roger-waters-grabara-nuevamente-the-dark-side-of-the-moon-como-solista\/#article","isPartOf":{"@id":"https:\/\/radiounodigital.com\/web\/2023\/07\/22\/roger-waters-grabara-nuevamente-the-dark-side-of-the-moon-como-solista\/"},"author":{"name":"diegoc","@id":"https:\/\/radiounodigital.com\/web\/#\/schema\/person\/00b93151fa54f619ecf9c183d1fc9758"},"headline":"Roger Waters grabara nuevamente The Dark side of the moon como solista","datePublished":"2023-07-22T13:31:12+00:00","dateModified":"2023-07-30T13:38:03+00:00","mainEntityOfPage":{"@id":"https:\/\/radiounodigital.com\/web\/2023\/07\/22\/roger-waters-grabara-nuevamente-the-dark-side-of-the-moon-como-solista\/"},"wordCount":412,"image":{"@id":"https:\/\/radiounodigital.com\/web\/2023\/07\/22\/roger-waters-grabara-nuevamente-the-dark-side-of-the-moon-como-solista\/#primaryimage"},"thumbnailUrl":"https:\/\/radiounodigital.com\/web\/wp-content\/uploads\/2021\/01\/Roger-Waters.jpg","keywords":["grabacion","pink floyd","relanzamiento","roger waters","solitario","the dark side of the moon"],"articleSection":["Blog","news","Rock Clasico"],"inLanguage":"es"},{"@type":"WebPage","@id":"https:\/\/radiounodigital.com\/web\/2023\/07\/22\/roger-waters-grabara-nuevamente-the-dark-side-of-the-moon-como-solista\/","url":"https:\/\/radiounodigital.com\/web\/2023\/07\/22\/roger-waters-grabara-nuevamente-the-dark-side-of-the-moon-como-solista\/","name":"Roger Waters grabara nuevamente The Dark side of the moon como solista - Radio UNO Digital","isPartOf":{"@id":"https:\/\/radiounodigital.com\/web\/#website"},"primaryImageOfPage":{"@id":"https:\/\/radiounodigital.com\/web\/2023\/07\/22\/roger-waters-grabara-nuevamente-the-dark-side-of-the-moon-como-solista\/#primaryimage"},"image":{"@id":"https:\/\/radiounodigital.com\/web\/2023\/07\/22\/roger-waters-grabara-nuevamente-the-dark-side-of-the-moon-como-solista\/#primaryimage"},"thumbnailUrl":"https:\/\/radiounodigital.com\/web\/wp-content\/uploads\/2021\/01\/Roger-Waters.jpg","datePublished":"2023-07-22T13:31:12+00:00","dateModified":"2023-07-30T13:38:03+00:00","author":{"@id":"https:\/\/radiounodigital.com\/web\/#\/schema\/person\/00b93151fa54f619ecf9c183d1fc9758"},"description":"Waters anunci\u00f3 recientemente que hab\u00eda vuelto a grabar Dark Side Of The Moon sin ninguno de los miembros actuales de Pink Floyd.","breadcrumb":{"@id":"https:\/\/radiounodigital.com\/web\/2023\/07\/22\/roger-waters-grabara-nuevamente-the-dark-side-of-the-moon-como-solista\/#breadcrumb"},"inLanguage":"es","potentialAction":[{"@type":"ReadAction","target":["https:\/\/radiounodigital.com\/web\/2023\/07\/22\/roger-waters-grabara-nuevamente-the-dark-side-of-the-moon-como-solista\/"]}]},{"@type":"ImageObject","inLanguage":"es","@id":"https:\/\/radiounodigital.com\/web\/2023\/07\/22\/roger-waters-grabara-nuevamente-the-dark-side-of-the-moon-como-solista\/#primaryimage","url":"https:\/\/radiounodigital.com\/web\/wp-content\/uploads\/2021\/01\/Roger-Waters.jpg","contentUrl":"https:\/\/radiounodigital.com\/web\/wp-content\/uploads\/2021\/01\/Roger-Waters.jpg","width":807,"height":454},{"@type":"BreadcrumbList","@id":"https:\/\/radiounodigital.com\/web\/2023\/07\/22\/roger-waters-grabara-nuevamente-the-dark-side-of-the-moon-como-solista\/#breadcrumb","itemListElement":[{"@type":"ListItem","position":1,"name":"Home","item":"https:\/\/radiounodigital.com\/web\/"},{"@type":"ListItem","position":2,"name":"Roger Waters grabara nuevamente The Dark side of the moon como solista"}]},{"@type":"WebSite","@id":"https:\/\/radiounodigital.com\/web\/#website","url":"https:\/\/radiounodigital.com\/web\/","name":"Radio UNO Digital","description":"Donde la cultura del rock se siente","potentialAction":[{"@type":"SearchAction","target":{"@type":"EntryPoint","urlTemplate":"https:\/\/radiounodigital.com\/web\/?s={search_term_string}"},"query-input":{"@type":"PropertyValueSpecification","valueRequired":true,"valueName":"search_term_string"}}],"inLanguage":"es"},{"@type":"Person","@id":"https:\/\/radiounodigital.com\/web\/#\/schema\/person\/00b93151fa54f619ecf9c183d1fc9758","name":"diegoc","image":{"@type":"ImageObject","inLanguage":"es","@id":"https:\/\/secure.gravatar.com\/avatar\/0a67041d44c702fb0660d81a5a32c7ce6007341cf92afeb718b75883bf415864?s=96&d=blank&r=g","url":"https:\/\/secure.gravatar.com\/avatar\/0a67041d44c702fb0660d81a5a32c7ce6007341cf92afeb718b75883bf415864?s=96&d=blank&r=g","contentUrl":"https:\/\/secure.gravatar.com\/avatar\/0a67041d44c702fb0660d81a5a32c7ce6007341cf92afeb718b75883bf415864?s=96&d=blank&r=g","caption":"diegoc"},"url":"https:\/\/radiounodigital.com\/web\/author\/diegoc\/"}]}},"_links":{"self":[{"href":"https:\/\/radiounodigital.com\/web\/wp-json\/wp\/v2\/posts\/6853","targetHints":{"allow":["GET"]}}],"collection":[{"href":"https:\/\/radiounodigital.com\/web\/wp-json\/wp\/v2\/posts"}],"about":[{"href":"https:\/\/radiounodigital.com\/web\/wp-json\/wp\/v2\/types\/post"}],"author":[{"embeddable":true,"href":"https:\/\/radiounodigital.com\/web\/wp-json\/wp\/v2\/users\/1"}],"replies":[{"embeddable":true,"href":"https:\/\/radiounodigital.com\/web\/wp-json\/wp\/v2\/comments?post=6853"}],"version-history":[{"count":1,"href":"https:\/\/radiounodigital.com\/web\/wp-json\/wp\/v2\/posts\/6853\/revisions"}],"predecessor-version":[{"id":6854,"href":"https:\/\/radiounodigital.com\/web\/wp-json\/wp\/v2\/posts\/6853\/revisions\/6854"}],"wp:featuredmedia":[{"embeddable":true,"href":"https:\/\/radiounodigital.com\/web\/wp-json\/wp\/v2\/media\/5264"}],"wp:attachment":[{"href":"https:\/\/radiounodigital.com\/web\/wp-json\/wp\/v2\/media?parent=6853"}],"wp:term":[{"taxonomy":"category","embeddable":true,"href":"https:\/\/radiounodigital.com\/web\/wp-json\/wp\/v2\/categories?post=6853"},{"taxonomy":"post_tag","embeddable":true,"href":"https:\/\/radiounodigital.com\/web\/wp-json\/wp\/v2\/tags?post=6853"}],"curies":[{"name":"wp","href":"https:\/\/api.w.org\/{rel}","templated":true}]}}