{"id":6856,"date":"2023-07-31T10:07:26","date_gmt":"2023-07-31T13:07:26","guid":{"rendered":"https:\/\/radiounodigital.com\/web\/?p=6856"},"modified":"2023-07-31T10:07:26","modified_gmt":"2023-07-31T13:07:26","slug":"b-springsteen-tom-morello-y-eddie-vedder-hacen-cover-de-ac-dc","status":"publish","type":"post","link":"https:\/\/radiounodigital.com\/web\/2023\/07\/31\/b-springsteen-tom-morello-y-eddie-vedder-hacen-cover-de-ac-dc\/","title":{"rendered":"B Springsteen Tom Morello y Eddie Vedder hacen cover de AC\/DC"},"content":{"rendered":"<h3>\u00abFue un momento cumbre en la historia del rock&#8217;n&#8217;roll en directo\u00bb: dijo Tom Morello sobre la noche en que se uni\u00f3 a Bruce Springsteen y Eddie Vedder para interpretar una versi\u00f3n de AC\/DC.<\/h3>\n<p>El tr\u00edo se reuni\u00f3 para interpretar Highway To Hell en Melbourne en 2014, y Rage Against The Machine fue el hombre que lo hizo posible<\/p>\n<p>En 2013, Bruce Springsteen &amp; The E Street Band sal\u00edan de gira con un hombre menos: el guitarrista de toda la vida y estrella de Los Soprano Steve Van Zandt estaba comprometido con el rodaje de su espect\u00e1culo Lilyhammer y no pudo acudir. En su lugar, Springsteen invit\u00f3 a Tom Morello, de Rage Against The Machine, a unirse a la banda. Cuando la gira lleg\u00f3 a su etapa australiana a principios de 2014, los fans de Australia disfrutaron de una de las combinaciones en directo m\u00e1s ic\u00f3nicas de la historia.<\/p>\n<p>Todo fue idea de Morello, seg\u00fan explic\u00f3 el guitarrista a Niall Doherty, de Louder. \u00abEst\u00e1bamos tocando en Perth, la ciudad natal de Bon Scott, y una noche visit\u00e9 su tumba para presentarle mis respetos\u00bb, explica Morello. \u00abEstuve all\u00ed y no pude encontrar su tumba. Es un cementerio grande y la tumba de Bon Scott no tiene ning\u00fan foco. Y de la oscuridad sale una moto y all\u00ed estamos un tipo en moto y yo en medio del cementerio. Y el tipo tiene como un casco alem\u00e1n de la Segunda Guerra Mundial y una camiseta que dice \u00abMe importa una mierda, pero si lo hiciera, t\u00fa eres el \u00fanico al que se lo dar\u00eda\u00bb. Yo estaba como, \u00abese tipo probablemente va a saber d\u00f3nde est\u00e1 la tumba de Bon Scott\u00bb. Efectivamente, lo sab\u00eda, y le present\u00e9 mis respetos\u00bb.<\/p>\n<p>La experiencia le dio una idea, sin embargo, y cuando volvi\u00f3 al hotel, le pregunt\u00f3 a Springsteen, \u00ab\u00bfhay alguna forma de que el c\u00edrculo de AC\/DC y el c\u00edrculo de la E Street Band se solapen de alguna manera?\u00bb. \u00abTal vez\u00bb, respondi\u00f3 The Boss. \u00abEmpezamos a ensayar Highway To Hell en la prueba de sonido\u00bb, continu\u00f3 Morello, \u00aby unos d\u00edas m\u00e1s tarde, est\u00e1bamos tocando en un enorme estadio de f\u00fatbol en Melbourne y Eddie Vedder casualmente estaba en el concierto, \u00e9l estaba de gira en solitario en ese momento.\u00bb<\/p>\n<p><iframe loading=\"lazy\" title=\"Highway To Hell - Eddie Vedder w\/ Bruce Springsteen &amp; Tom Morello - 2014-02-15 -Melbourne- [Multcam]\" width=\"960\" height=\"540\" src=\"https:\/\/www.youtube.com\/embed\/NquraA9-z5E?feature=oembed\" frameborder=\"0\" allow=\"accelerometer; autoplay; clipboard-write; encrypted-media; gyroscope; picture-in-picture; web-share\" allowfullscreen><\/iframe><\/p>\n<p>Adem\u00e1s de su primera idea, ahora Morello ten\u00eda otra y ten\u00eda que ver con el l\u00edder de Pearl Jam. \u00abLlam\u00e9 a la puerta del camerino de Bruce\u00bb, explic\u00f3 Morello, \u00aby se me ocurri\u00f3 la idea de &#8216;\u00bfy si aqu\u00ed, en la casa donde AC\/DC es el rey, donde la canci\u00f3n Highway To Hell es como el himno nacional no oficial, y si abrimos el concierto con Highway To Hell con Eddie Vedder?&#8217;. Y Bruce estaba como, &#8216;eso suena como una muy buena idea&#8217;. As\u00ed que lo hicimos y fue un momento cumbre en la historia del rock&#8217;n&#8217;roll en vivo. Quiero decir, si crees que has visto a la gente perder la cabeza, no lo has hecho, a menos que estuvieras all\u00ed\u00bb.<\/p>\n<div class=\"fb-background-color\">\n\t\t\t  <div \n\t\t\t  \tclass = \"fb-comments\" \n\t\t\t  \tdata-href = \"https:\/\/radiounodigital.com\/web\/2023\/07\/31\/b-springsteen-tom-morello-y-eddie-vedder-hacen-cover-de-ac-dc\/\"\n\t\t\t  \tdata-numposts = \"10\"\n\t\t\t  \tdata-lazy = \"true\"\n\t\t\t\tdata-colorscheme = \"dark\"\n\t\t\t\tdata-order-by = \"reverse_time\"\n\t\t\t\tdata-mobile=true>\n\t\t\t  <\/div><\/div>\n\t\t  <style>\n\t\t    .fb-background-color {\n\t\t\t\tbackground: #ffffff !important;\n\t\t\t}\n\t\t\t.fb_iframe_widget_fluid_desktop iframe {\n\t\t\t    width: 100% !important;\n\t\t\t}\n\t\t  <\/style>\n\t\t  ","protected":false},"excerpt":{"rendered":"<p>\u00abFue un momento cumbre en la historia del rock&#8217;n&#8217;roll en directo\u00bb: dijo Tom Morello sobre la noche en que se uni\u00f3 a Bruce Springsteen y Eddie Vedder para interpretar una versi\u00f3n de AC\/DC. El tr\u00edo se reuni\u00f3 para interpretar Highway To Hell en Melbourne en 2014, y Rage Against The Machine fue el hombre que&#8230; <a href=\"https:\/\/radiounodigital.com\/web\/2023\/07\/31\/b-springsteen-tom-morello-y-eddie-vedder-hacen-cover-de-ac-dc\/\" class=\"excerpt-read-more\">Read More<\/a><\/p>\n","protected":false},"author":1,"featured_media":6858,"comment_status":"closed","ping_status":"open","sticky":false,"template":"","format":"standard","meta":{"footnotes":""},"categories":[184,179,180],"tags":[148,194,182,769,74,2126,1363],"class_list":["post-6856","post","type-post","status-publish","format-standard","has-post-thumbnail","hentry","category-1001-canciones","category-covers","category-news","tag-ac-dc","tag-bruce-springsteen","tag-cover","tag-eddie-vedder","tag-en-vivo","tag-the-e-street-band","tag-tom-morello"],"yoast_head":"<!-- This site is optimized with the Yoast SEO plugin v27.4 - https:\/\/yoast.com\/product\/yoast-seo-wordpress\/ -->\n<title>B Springsteen Tom Morello y Eddie Vedder hacen cover de AC\/DC - Radio UNO Digital<\/title>\n<meta name=\"robots\" content=\"index, follow, max-snippet:-1, max-image-preview:large, max-video-preview:-1\" \/>\n<link rel=\"canonical\" href=\"https:\/\/radiounodigital.com\/web\/2023\/07\/31\/b-springsteen-tom-morello-y-eddie-vedder-hacen-cover-de-ac-dc\/\" \/>\n<meta property=\"og:locale\" content=\"es_ES\" \/>\n<meta property=\"og:type\" content=\"article\" \/>\n<meta property=\"og:title\" content=\"B Springsteen Tom Morello y Eddie Vedder hacen cover de AC\/DC - Radio UNO Digital\" \/>\n<meta property=\"og:description\" content=\"\u00abFue un momento cumbre en la historia del rock&#8217;n&#8217;roll en directo\u00bb: dijo Tom Morello sobre la noche en que se uni\u00f3 a Bruce Springsteen y Eddie Vedder para interpretar una versi\u00f3n de AC\/DC. El tr\u00edo se reuni\u00f3 para interpretar Highway To Hell en Melbourne en 2014, y Rage Against The Machine fue el hombre que... Read More\" \/>\n<meta property=\"og:url\" content=\"https:\/\/radiounodigital.com\/web\/2023\/07\/31\/b-springsteen-tom-morello-y-eddie-vedder-hacen-cover-de-ac-dc\/\" \/>\n<meta property=\"og:site_name\" content=\"Radio UNO Digital\" \/>\n<meta property=\"article:published_time\" content=\"2023-07-31T13:07:26+00:00\" \/>\n<meta property=\"og:image\" content=\"https:\/\/radiounodigital.com\/web\/wp-content\/uploads\/2023\/07\/springsteen-vedder-morello.jpg\" \/>\n\t<meta property=\"og:image:width\" content=\"650\" \/>\n\t<meta property=\"og:image:height\" content=\"379\" \/>\n\t<meta property=\"og:image:type\" content=\"image\/jpeg\" \/>\n<meta name=\"author\" content=\"diegoc\" \/>\n<meta name=\"twitter:card\" content=\"summary_large_image\" \/>\n<meta name=\"twitter:label1\" content=\"Escrito por\" \/>\n\t<meta name=\"twitter:data1\" content=\"diegoc\" \/>\n\t<meta name=\"twitter:label2\" content=\"Tiempo de lectura\" \/>\n\t<meta name=\"twitter:data2\" content=\"3 minutos\" \/>\n<script type=\"application\/ld+json\" class=\"yoast-schema-graph\">{\"@context\":\"https:\\\/\\\/schema.org\",\"@graph\":[{\"@type\":\"Article\",\"@id\":\"https:\\\/\\\/radiounodigital.com\\\/web\\\/2023\\\/07\\\/31\\\/b-springsteen-tom-morello-y-eddie-vedder-hacen-cover-de-ac-dc\\\/#article\",\"isPartOf\":{\"@id\":\"https:\\\/\\\/radiounodigital.com\\\/web\\\/2023\\\/07\\\/31\\\/b-springsteen-tom-morello-y-eddie-vedder-hacen-cover-de-ac-dc\\\/\"},\"author\":{\"name\":\"diegoc\",\"@id\":\"https:\\\/\\\/radiounodigital.com\\\/web\\\/#\\\/schema\\\/person\\\/00b93151fa54f619ecf9c183d1fc9758\"},\"headline\":\"B Springsteen Tom Morello y Eddie Vedder hacen cover de AC\\\/DC\",\"datePublished\":\"2023-07-31T13:07:26+00:00\",\"mainEntityOfPage\":{\"@id\":\"https:\\\/\\\/radiounodigital.com\\\/web\\\/2023\\\/07\\\/31\\\/b-springsteen-tom-morello-y-eddie-vedder-hacen-cover-de-ac-dc\\\/\"},\"wordCount\":541,\"image\":{\"@id\":\"https:\\\/\\\/radiounodigital.com\\\/web\\\/2023\\\/07\\\/31\\\/b-springsteen-tom-morello-y-eddie-vedder-hacen-cover-de-ac-dc\\\/#primaryimage\"},\"thumbnailUrl\":\"https:\\\/\\\/radiounodigital.com\\\/web\\\/wp-content\\\/uploads\\\/2023\\\/07\\\/springsteen-vedder-morello.jpg\",\"keywords\":[\"AC\\\/DC\",\"bruce springsteen\",\"cover\",\"eddie vedder\",\"en vivo\",\"the e street band\",\"tom morello\"],\"articleSection\":[\"1001 Canciones\",\"Covers\",\"news\"],\"inLanguage\":\"es\"},{\"@type\":\"WebPage\",\"@id\":\"https:\\\/\\\/radiounodigital.com\\\/web\\\/2023\\\/07\\\/31\\\/b-springsteen-tom-morello-y-eddie-vedder-hacen-cover-de-ac-dc\\\/\",\"url\":\"https:\\\/\\\/radiounodigital.com\\\/web\\\/2023\\\/07\\\/31\\\/b-springsteen-tom-morello-y-eddie-vedder-hacen-cover-de-ac-dc\\\/\",\"name\":\"B Springsteen Tom Morello y Eddie Vedder hacen cover de AC\\\/DC - Radio UNO Digital\",\"isPartOf\":{\"@id\":\"https:\\\/\\\/radiounodigital.com\\\/web\\\/#website\"},\"primaryImageOfPage\":{\"@id\":\"https:\\\/\\\/radiounodigital.com\\\/web\\\/2023\\\/07\\\/31\\\/b-springsteen-tom-morello-y-eddie-vedder-hacen-cover-de-ac-dc\\\/#primaryimage\"},\"image\":{\"@id\":\"https:\\\/\\\/radiounodigital.com\\\/web\\\/2023\\\/07\\\/31\\\/b-springsteen-tom-morello-y-eddie-vedder-hacen-cover-de-ac-dc\\\/#primaryimage\"},\"thumbnailUrl\":\"https:\\\/\\\/radiounodigital.com\\\/web\\\/wp-content\\\/uploads\\\/2023\\\/07\\\/springsteen-vedder-morello.jpg\",\"datePublished\":\"2023-07-31T13:07:26+00:00\",\"author\":{\"@id\":\"https:\\\/\\\/radiounodigital.com\\\/web\\\/#\\\/schema\\\/person\\\/00b93151fa54f619ecf9c183d1fc9758\"},\"breadcrumb\":{\"@id\":\"https:\\\/\\\/radiounodigital.com\\\/web\\\/2023\\\/07\\\/31\\\/b-springsteen-tom-morello-y-eddie-vedder-hacen-cover-de-ac-dc\\\/#breadcrumb\"},\"inLanguage\":\"es\",\"potentialAction\":[{\"@type\":\"ReadAction\",\"target\":[\"https:\\\/\\\/radiounodigital.com\\\/web\\\/2023\\\/07\\\/31\\\/b-springsteen-tom-morello-y-eddie-vedder-hacen-cover-de-ac-dc\\\/\"]}]},{\"@type\":\"ImageObject\",\"inLanguage\":\"es\",\"@id\":\"https:\\\/\\\/radiounodigital.com\\\/web\\\/2023\\\/07\\\/31\\\/b-springsteen-tom-morello-y-eddie-vedder-hacen-cover-de-ac-dc\\\/#primaryimage\",\"url\":\"https:\\\/\\\/radiounodigital.com\\\/web\\\/wp-content\\\/uploads\\\/2023\\\/07\\\/springsteen-vedder-morello.jpg\",\"contentUrl\":\"https:\\\/\\\/radiounodigital.com\\\/web\\\/wp-content\\\/uploads\\\/2023\\\/07\\\/springsteen-vedder-morello.jpg\",\"width\":650,\"height\":379},{\"@type\":\"BreadcrumbList\",\"@id\":\"https:\\\/\\\/radiounodigital.com\\\/web\\\/2023\\\/07\\\/31\\\/b-springsteen-tom-morello-y-eddie-vedder-hacen-cover-de-ac-dc\\\/#breadcrumb\",\"itemListElement\":[{\"@type\":\"ListItem\",\"position\":1,\"name\":\"Home\",\"item\":\"https:\\\/\\\/radiounodigital.com\\\/web\\\/\"},{\"@type\":\"ListItem\",\"position\":2,\"name\":\"B Springsteen Tom Morello y Eddie Vedder hacen cover de AC\\\/DC\"}]},{\"@type\":\"WebSite\",\"@id\":\"https:\\\/\\\/radiounodigital.com\\\/web\\\/#website\",\"url\":\"https:\\\/\\\/radiounodigital.com\\\/web\\\/\",\"name\":\"Radio UNO Digital\",\"description\":\"Donde la cultura del rock se siente\",\"potentialAction\":[{\"@type\":\"SearchAction\",\"target\":{\"@type\":\"EntryPoint\",\"urlTemplate\":\"https:\\\/\\\/radiounodigital.com\\\/web\\\/?s={search_term_string}\"},\"query-input\":{\"@type\":\"PropertyValueSpecification\",\"valueRequired\":true,\"valueName\":\"search_term_string\"}}],\"inLanguage\":\"es\"},{\"@type\":\"Person\",\"@id\":\"https:\\\/\\\/radiounodigital.com\\\/web\\\/#\\\/schema\\\/person\\\/00b93151fa54f619ecf9c183d1fc9758\",\"name\":\"diegoc\",\"image\":{\"@type\":\"ImageObject\",\"inLanguage\":\"es\",\"@id\":\"https:\\\/\\\/secure.gravatar.com\\\/avatar\\\/0a67041d44c702fb0660d81a5a32c7ce6007341cf92afeb718b75883bf415864?s=96&d=blank&r=g\",\"url\":\"https:\\\/\\\/secure.gravatar.com\\\/avatar\\\/0a67041d44c702fb0660d81a5a32c7ce6007341cf92afeb718b75883bf415864?s=96&d=blank&r=g\",\"contentUrl\":\"https:\\\/\\\/secure.gravatar.com\\\/avatar\\\/0a67041d44c702fb0660d81a5a32c7ce6007341cf92afeb718b75883bf415864?s=96&d=blank&r=g\",\"caption\":\"diegoc\"},\"url\":\"https:\\\/\\\/radiounodigital.com\\\/web\\\/author\\\/diegoc\\\/\"}]}<\/script>\n<!-- \/ Yoast SEO plugin. -->","yoast_head_json":{"title":"B Springsteen Tom Morello y Eddie Vedder hacen cover de AC\/DC - Radio UNO Digital","robots":{"index":"index","follow":"follow","max-snippet":"max-snippet:-1","max-image-preview":"max-image-preview:large","max-video-preview":"max-video-preview:-1"},"canonical":"https:\/\/radiounodigital.com\/web\/2023\/07\/31\/b-springsteen-tom-morello-y-eddie-vedder-hacen-cover-de-ac-dc\/","og_locale":"es_ES","og_type":"article","og_title":"B Springsteen Tom Morello y Eddie Vedder hacen cover de AC\/DC - Radio UNO Digital","og_description":"\u00abFue un momento cumbre en la historia del rock&#8217;n&#8217;roll en directo\u00bb: dijo Tom Morello sobre la noche en que se uni\u00f3 a Bruce Springsteen y Eddie Vedder para interpretar una versi\u00f3n de AC\/DC. El tr\u00edo se reuni\u00f3 para interpretar Highway To Hell en Melbourne en 2014, y Rage Against The Machine fue el hombre que... Read More","og_url":"https:\/\/radiounodigital.com\/web\/2023\/07\/31\/b-springsteen-tom-morello-y-eddie-vedder-hacen-cover-de-ac-dc\/","og_site_name":"Radio UNO Digital","article_published_time":"2023-07-31T13:07:26+00:00","og_image":[{"width":650,"height":379,"url":"https:\/\/radiounodigital.com\/web\/wp-content\/uploads\/2023\/07\/springsteen-vedder-morello.jpg","type":"image\/jpeg"}],"author":"diegoc","twitter_card":"summary_large_image","twitter_misc":{"Escrito por":"diegoc","Tiempo de lectura":"3 minutos"},"schema":{"@context":"https:\/\/schema.org","@graph":[{"@type":"Article","@id":"https:\/\/radiounodigital.com\/web\/2023\/07\/31\/b-springsteen-tom-morello-y-eddie-vedder-hacen-cover-de-ac-dc\/#article","isPartOf":{"@id":"https:\/\/radiounodigital.com\/web\/2023\/07\/31\/b-springsteen-tom-morello-y-eddie-vedder-hacen-cover-de-ac-dc\/"},"author":{"name":"diegoc","@id":"https:\/\/radiounodigital.com\/web\/#\/schema\/person\/00b93151fa54f619ecf9c183d1fc9758"},"headline":"B Springsteen Tom Morello y Eddie Vedder hacen cover de AC\/DC","datePublished":"2023-07-31T13:07:26+00:00","mainEntityOfPage":{"@id":"https:\/\/radiounodigital.com\/web\/2023\/07\/31\/b-springsteen-tom-morello-y-eddie-vedder-hacen-cover-de-ac-dc\/"},"wordCount":541,"image":{"@id":"https:\/\/radiounodigital.com\/web\/2023\/07\/31\/b-springsteen-tom-morello-y-eddie-vedder-hacen-cover-de-ac-dc\/#primaryimage"},"thumbnailUrl":"https:\/\/radiounodigital.com\/web\/wp-content\/uploads\/2023\/07\/springsteen-vedder-morello.jpg","keywords":["AC\/DC","bruce springsteen","cover","eddie vedder","en vivo","the e street band","tom morello"],"articleSection":["1001 Canciones","Covers","news"],"inLanguage":"es"},{"@type":"WebPage","@id":"https:\/\/radiounodigital.com\/web\/2023\/07\/31\/b-springsteen-tom-morello-y-eddie-vedder-hacen-cover-de-ac-dc\/","url":"https:\/\/radiounodigital.com\/web\/2023\/07\/31\/b-springsteen-tom-morello-y-eddie-vedder-hacen-cover-de-ac-dc\/","name":"B Springsteen Tom Morello y Eddie Vedder hacen cover de AC\/DC - Radio UNO Digital","isPartOf":{"@id":"https:\/\/radiounodigital.com\/web\/#website"},"primaryImageOfPage":{"@id":"https:\/\/radiounodigital.com\/web\/2023\/07\/31\/b-springsteen-tom-morello-y-eddie-vedder-hacen-cover-de-ac-dc\/#primaryimage"},"image":{"@id":"https:\/\/radiounodigital.com\/web\/2023\/07\/31\/b-springsteen-tom-morello-y-eddie-vedder-hacen-cover-de-ac-dc\/#primaryimage"},"thumbnailUrl":"https:\/\/radiounodigital.com\/web\/wp-content\/uploads\/2023\/07\/springsteen-vedder-morello.jpg","datePublished":"2023-07-31T13:07:26+00:00","author":{"@id":"https:\/\/radiounodigital.com\/web\/#\/schema\/person\/00b93151fa54f619ecf9c183d1fc9758"},"breadcrumb":{"@id":"https:\/\/radiounodigital.com\/web\/2023\/07\/31\/b-springsteen-tom-morello-y-eddie-vedder-hacen-cover-de-ac-dc\/#breadcrumb"},"inLanguage":"es","potentialAction":[{"@type":"ReadAction","target":["https:\/\/radiounodigital.com\/web\/2023\/07\/31\/b-springsteen-tom-morello-y-eddie-vedder-hacen-cover-de-ac-dc\/"]}]},{"@type":"ImageObject","inLanguage":"es","@id":"https:\/\/radiounodigital.com\/web\/2023\/07\/31\/b-springsteen-tom-morello-y-eddie-vedder-hacen-cover-de-ac-dc\/#primaryimage","url":"https:\/\/radiounodigital.com\/web\/wp-content\/uploads\/2023\/07\/springsteen-vedder-morello.jpg","contentUrl":"https:\/\/radiounodigital.com\/web\/wp-content\/uploads\/2023\/07\/springsteen-vedder-morello.jpg","width":650,"height":379},{"@type":"BreadcrumbList","@id":"https:\/\/radiounodigital.com\/web\/2023\/07\/31\/b-springsteen-tom-morello-y-eddie-vedder-hacen-cover-de-ac-dc\/#breadcrumb","itemListElement":[{"@type":"ListItem","position":1,"name":"Home","item":"https:\/\/radiounodigital.com\/web\/"},{"@type":"ListItem","position":2,"name":"B Springsteen Tom Morello y Eddie Vedder hacen cover de AC\/DC"}]},{"@type":"WebSite","@id":"https:\/\/radiounodigital.com\/web\/#website","url":"https:\/\/radiounodigital.com\/web\/","name":"Radio UNO Digital","description":"Donde la cultura del rock se siente","potentialAction":[{"@type":"SearchAction","target":{"@type":"EntryPoint","urlTemplate":"https:\/\/radiounodigital.com\/web\/?s={search_term_string}"},"query-input":{"@type":"PropertyValueSpecification","valueRequired":true,"valueName":"search_term_string"}}],"inLanguage":"es"},{"@type":"Person","@id":"https:\/\/radiounodigital.com\/web\/#\/schema\/person\/00b93151fa54f619ecf9c183d1fc9758","name":"diegoc","image":{"@type":"ImageObject","inLanguage":"es","@id":"https:\/\/secure.gravatar.com\/avatar\/0a67041d44c702fb0660d81a5a32c7ce6007341cf92afeb718b75883bf415864?s=96&d=blank&r=g","url":"https:\/\/secure.gravatar.com\/avatar\/0a67041d44c702fb0660d81a5a32c7ce6007341cf92afeb718b75883bf415864?s=96&d=blank&r=g","contentUrl":"https:\/\/secure.gravatar.com\/avatar\/0a67041d44c702fb0660d81a5a32c7ce6007341cf92afeb718b75883bf415864?s=96&d=blank&r=g","caption":"diegoc"},"url":"https:\/\/radiounodigital.com\/web\/author\/diegoc\/"}]}},"_links":{"self":[{"href":"https:\/\/radiounodigital.com\/web\/wp-json\/wp\/v2\/posts\/6856","targetHints":{"allow":["GET"]}}],"collection":[{"href":"https:\/\/radiounodigital.com\/web\/wp-json\/wp\/v2\/posts"}],"about":[{"href":"https:\/\/radiounodigital.com\/web\/wp-json\/wp\/v2\/types\/post"}],"author":[{"embeddable":true,"href":"https:\/\/radiounodigital.com\/web\/wp-json\/wp\/v2\/users\/1"}],"replies":[{"embeddable":true,"href":"https:\/\/radiounodigital.com\/web\/wp-json\/wp\/v2\/comments?post=6856"}],"version-history":[{"count":1,"href":"https:\/\/radiounodigital.com\/web\/wp-json\/wp\/v2\/posts\/6856\/revisions"}],"predecessor-version":[{"id":6859,"href":"https:\/\/radiounodigital.com\/web\/wp-json\/wp\/v2\/posts\/6856\/revisions\/6859"}],"wp:featuredmedia":[{"embeddable":true,"href":"https:\/\/radiounodigital.com\/web\/wp-json\/wp\/v2\/media\/6858"}],"wp:attachment":[{"href":"https:\/\/radiounodigital.com\/web\/wp-json\/wp\/v2\/media?parent=6856"}],"wp:term":[{"taxonomy":"category","embeddable":true,"href":"https:\/\/radiounodigital.com\/web\/wp-json\/wp\/v2\/categories?post=6856"},{"taxonomy":"post_tag","embeddable":true,"href":"https:\/\/radiounodigital.com\/web\/wp-json\/wp\/v2\/tags?post=6856"}],"curies":[{"name":"wp","href":"https:\/\/api.w.org\/{rel}","templated":true}]}}