{"id":6956,"date":"2024-02-12T22:00:49","date_gmt":"2024-02-13T01:00:49","guid":{"rendered":"https:\/\/radiounodigital.com\/web\/?p=6956"},"modified":"2024-02-12T22:00:49","modified_gmt":"2024-02-13T01:00:49","slug":"ac-dc-sale-de-gira-este-2024","status":"publish","type":"post","link":"https:\/\/radiounodigital.com\/web\/2024\/02\/12\/ac-dc-sale-de-gira-este-2024\/","title":{"rendered":"AC\/DC sale de gira este 2024"},"content":{"rendered":"<h3>AC\/DC ha anunciado una gira europea de 10 ciudades y 21 fechas. La banda, que regres\u00f3 a los escenarios el a\u00f1o pasado en el festival Power Trip de California, iniciar\u00e1 su gira Power Up el 17 de mayo en Alemania.<\/h3>\n<p><img loading=\"lazy\" decoding=\"async\" class=\"aligncenter size-full wp-image-6957\" src=\"https:\/\/radiounodigital.com\/web\/wp-content\/uploads\/2024\/02\/acdc-2024.jpg\" alt=\"\" width=\"640\" height=\"480\" srcset=\"https:\/\/radiounodigital.com\/web\/wp-content\/uploads\/2024\/02\/acdc-2024.jpg 640w, https:\/\/radiounodigital.com\/web\/wp-content\/uploads\/2024\/02\/acdc-2024-300x225.jpg 300w, https:\/\/radiounodigital.com\/web\/wp-content\/uploads\/2024\/02\/acdc-2024-400x300.jpg 400w\" sizes=\"auto, (max-width: 640px) 100vw, 640px\" \/><\/p>\n<p>Las entradas saldr\u00e1n a la venta el 16 de febrero a las 10 de la ma\u00f1ana, hora local.<\/p>\n<p>La banda tambi\u00e9n ha confirmado la formaci\u00f3n para la gira, en la que Brian Johnson, Angus Young y Stevie Young se unir\u00e1n al bater\u00eda Matt Laug, que sustituy\u00f3 a Phil Rudd en Power Trip, y al ex bajista de Jane&#8217;s Addiction Chris Chaney, que sustituir\u00e1 a Cliff Williams. Williams se retir\u00f3 inicialmente de la banda al final de la gira Rock Or Bust en 2016, pero regres\u00f3 para el \u00e1lbum Power Up de 2020.<\/p>\n<div class=\"fb-background-color\">\n\t\t\t  <div \n\t\t\t  \tclass = \"fb-comments\" \n\t\t\t  \tdata-href = \"https:\/\/radiounodigital.com\/web\/2024\/02\/12\/ac-dc-sale-de-gira-este-2024\/\"\n\t\t\t  \tdata-numposts = \"10\"\n\t\t\t  \tdata-lazy = \"true\"\n\t\t\t\tdata-colorscheme = \"dark\"\n\t\t\t\tdata-order-by = \"reverse_time\"\n\t\t\t\tdata-mobile=true>\n\t\t\t  <\/div><\/div>\n\t\t  <style>\n\t\t    .fb-background-color {\n\t\t\t\tbackground: #ffffff !important;\n\t\t\t}\n\t\t\t.fb_iframe_widget_fluid_desktop iframe {\n\t\t\t    width: 100% !important;\n\t\t\t}\n\t\t  <\/style>\n\t\t  ","protected":false},"excerpt":{"rendered":"<p>AC\/DC ha anunciado una gira europea de 10 ciudades y 21 fechas. La banda, que regres\u00f3 a los escenarios el a\u00f1o pasado en el festival Power Trip de California, iniciar\u00e1 su gira Power Up el 17 de mayo en Alemania. Las entradas saldr\u00e1n a la venta el 16 de febrero a las 10 de la&#8230; <a href=\"https:\/\/radiounodigital.com\/web\/2024\/02\/12\/ac-dc-sale-de-gira-este-2024\/\" class=\"excerpt-read-more\">Read More<\/a><\/p>\n","protected":false},"author":1,"featured_media":3498,"comment_status":"closed","ping_status":"open","sticky":false,"template":"","format":"standard","meta":{"footnotes":""},"categories":[1097,180],"tags":[2130,148,2129],"class_list":["post-6956","post","type-post","status-publish","format-standard","has-post-thumbnail","hentry","category-lo-nuevo","category-news","tag-2130","tag-ac-dc","tag-power-up-tour"],"yoast_head":"<!-- This site is optimized with the Yoast SEO plugin v27.4 - https:\/\/yoast.com\/product\/yoast-seo-wordpress\/ -->\n<title>AC\/DC sale de gira este 2024 - Radio UNO Digital<\/title>\n<meta name=\"description\" content=\"AC\/DC sale de gira por Europa en este 2024. Mira cuales son todas las fechas de la banda australiana en el viejo continente.\" \/>\n<meta name=\"robots\" content=\"index, follow, max-snippet:-1, max-image-preview:large, max-video-preview:-1\" \/>\n<link rel=\"canonical\" href=\"https:\/\/radiounodigital.com\/web\/2024\/02\/12\/ac-dc-sale-de-gira-este-2024\/\" \/>\n<meta property=\"og:locale\" content=\"es_ES\" \/>\n<meta property=\"og:type\" content=\"article\" \/>\n<meta property=\"og:title\" content=\"AC\/DC sale de gira este 2024 - Radio UNO Digital\" \/>\n<meta property=\"og:description\" content=\"AC\/DC sale de gira por Europa en este 2024. Mira cuales son todas las fechas de la banda australiana en el viejo continente.\" \/>\n<meta property=\"og:url\" content=\"https:\/\/radiounodigital.com\/web\/2024\/02\/12\/ac-dc-sale-de-gira-este-2024\/\" \/>\n<meta property=\"og:site_name\" content=\"Radio UNO Digital\" \/>\n<meta property=\"article:published_time\" content=\"2024-02-13T01:00:49+00:00\" \/>\n<meta property=\"og:image\" content=\"https:\/\/radiounodigital.com\/web\/wp-content\/uploads\/2020\/02\/acdc-ACDCs-Brian-Johnson-and-Angus-Young-Image-credit-Martin-PhilbeyRedferns-Getty.jpg\" \/>\n\t<meta property=\"og:image:width\" content=\"970\" \/>\n\t<meta property=\"og:image:height\" content=\"546\" \/>\n\t<meta property=\"og:image:type\" content=\"image\/jpeg\" \/>\n<meta name=\"author\" content=\"diegoc\" \/>\n<meta name=\"twitter:card\" content=\"summary_large_image\" \/>\n<meta name=\"twitter:label1\" content=\"Escrito por\" \/>\n\t<meta name=\"twitter:data1\" content=\"diegoc\" \/>\n\t<meta name=\"twitter:label2\" content=\"Tiempo de lectura\" \/>\n\t<meta name=\"twitter:data2\" content=\"2 minutos\" \/>\n<script type=\"application\/ld+json\" class=\"yoast-schema-graph\">{\"@context\":\"https:\\\/\\\/schema.org\",\"@graph\":[{\"@type\":\"Article\",\"@id\":\"https:\\\/\\\/radiounodigital.com\\\/web\\\/2024\\\/02\\\/12\\\/ac-dc-sale-de-gira-este-2024\\\/#article\",\"isPartOf\":{\"@id\":\"https:\\\/\\\/radiounodigital.com\\\/web\\\/2024\\\/02\\\/12\\\/ac-dc-sale-de-gira-este-2024\\\/\"},\"author\":{\"name\":\"diegoc\",\"@id\":\"https:\\\/\\\/radiounodigital.com\\\/web\\\/#\\\/schema\\\/person\\\/00b93151fa54f619ecf9c183d1fc9758\"},\"headline\":\"AC\\\/DC sale de gira este 2024\",\"datePublished\":\"2024-02-13T01:00:49+00:00\",\"mainEntityOfPage\":{\"@id\":\"https:\\\/\\\/radiounodigital.com\\\/web\\\/2024\\\/02\\\/12\\\/ac-dc-sale-de-gira-este-2024\\\/\"},\"wordCount\":140,\"image\":{\"@id\":\"https:\\\/\\\/radiounodigital.com\\\/web\\\/2024\\\/02\\\/12\\\/ac-dc-sale-de-gira-este-2024\\\/#primaryimage\"},\"thumbnailUrl\":\"https:\\\/\\\/radiounodigital.com\\\/web\\\/wp-content\\\/uploads\\\/2020\\\/02\\\/acdc-ACDCs-Brian-Johnson-and-Angus-Young-Image-credit-Martin-PhilbeyRedferns-Getty.jpg\",\"keywords\":[\"2024\",\"AC\\\/DC\",\"power up tour\"],\"articleSection\":[\"lo nuevo\",\"news\"],\"inLanguage\":\"es\"},{\"@type\":\"WebPage\",\"@id\":\"https:\\\/\\\/radiounodigital.com\\\/web\\\/2024\\\/02\\\/12\\\/ac-dc-sale-de-gira-este-2024\\\/\",\"url\":\"https:\\\/\\\/radiounodigital.com\\\/web\\\/2024\\\/02\\\/12\\\/ac-dc-sale-de-gira-este-2024\\\/\",\"name\":\"AC\\\/DC sale de gira este 2024 - Radio UNO Digital\",\"isPartOf\":{\"@id\":\"https:\\\/\\\/radiounodigital.com\\\/web\\\/#website\"},\"primaryImageOfPage\":{\"@id\":\"https:\\\/\\\/radiounodigital.com\\\/web\\\/2024\\\/02\\\/12\\\/ac-dc-sale-de-gira-este-2024\\\/#primaryimage\"},\"image\":{\"@id\":\"https:\\\/\\\/radiounodigital.com\\\/web\\\/2024\\\/02\\\/12\\\/ac-dc-sale-de-gira-este-2024\\\/#primaryimage\"},\"thumbnailUrl\":\"https:\\\/\\\/radiounodigital.com\\\/web\\\/wp-content\\\/uploads\\\/2020\\\/02\\\/acdc-ACDCs-Brian-Johnson-and-Angus-Young-Image-credit-Martin-PhilbeyRedferns-Getty.jpg\",\"datePublished\":\"2024-02-13T01:00:49+00:00\",\"author\":{\"@id\":\"https:\\\/\\\/radiounodigital.com\\\/web\\\/#\\\/schema\\\/person\\\/00b93151fa54f619ecf9c183d1fc9758\"},\"description\":\"AC\\\/DC sale de gira por Europa en este 2024. Mira cuales son todas las fechas de la banda australiana en el viejo continente.\",\"breadcrumb\":{\"@id\":\"https:\\\/\\\/radiounodigital.com\\\/web\\\/2024\\\/02\\\/12\\\/ac-dc-sale-de-gira-este-2024\\\/#breadcrumb\"},\"inLanguage\":\"es\",\"potentialAction\":[{\"@type\":\"ReadAction\",\"target\":[\"https:\\\/\\\/radiounodigital.com\\\/web\\\/2024\\\/02\\\/12\\\/ac-dc-sale-de-gira-este-2024\\\/\"]}]},{\"@type\":\"ImageObject\",\"inLanguage\":\"es\",\"@id\":\"https:\\\/\\\/radiounodigital.com\\\/web\\\/2024\\\/02\\\/12\\\/ac-dc-sale-de-gira-este-2024\\\/#primaryimage\",\"url\":\"https:\\\/\\\/radiounodigital.com\\\/web\\\/wp-content\\\/uploads\\\/2020\\\/02\\\/acdc-ACDCs-Brian-Johnson-and-Angus-Young-Image-credit-Martin-PhilbeyRedferns-Getty.jpg\",\"contentUrl\":\"https:\\\/\\\/radiounodigital.com\\\/web\\\/wp-content\\\/uploads\\\/2020\\\/02\\\/acdc-ACDCs-Brian-Johnson-and-Angus-Young-Image-credit-Martin-PhilbeyRedferns-Getty.jpg\",\"width\":970,\"height\":546,\"caption\":\"AC\\\/DC's Brian Johnson and Angus Young (Image credit: Martin Philbey\\\/Redferns - Getty)\"},{\"@type\":\"BreadcrumbList\",\"@id\":\"https:\\\/\\\/radiounodigital.com\\\/web\\\/2024\\\/02\\\/12\\\/ac-dc-sale-de-gira-este-2024\\\/#breadcrumb\",\"itemListElement\":[{\"@type\":\"ListItem\",\"position\":1,\"name\":\"Home\",\"item\":\"https:\\\/\\\/radiounodigital.com\\\/web\\\/\"},{\"@type\":\"ListItem\",\"position\":2,\"name\":\"AC\\\/DC sale de gira este 2024\"}]},{\"@type\":\"WebSite\",\"@id\":\"https:\\\/\\\/radiounodigital.com\\\/web\\\/#website\",\"url\":\"https:\\\/\\\/radiounodigital.com\\\/web\\\/\",\"name\":\"Radio UNO Digital\",\"description\":\"Donde la cultura del rock se siente\",\"potentialAction\":[{\"@type\":\"SearchAction\",\"target\":{\"@type\":\"EntryPoint\",\"urlTemplate\":\"https:\\\/\\\/radiounodigital.com\\\/web\\\/?s={search_term_string}\"},\"query-input\":{\"@type\":\"PropertyValueSpecification\",\"valueRequired\":true,\"valueName\":\"search_term_string\"}}],\"inLanguage\":\"es\"},{\"@type\":\"Person\",\"@id\":\"https:\\\/\\\/radiounodigital.com\\\/web\\\/#\\\/schema\\\/person\\\/00b93151fa54f619ecf9c183d1fc9758\",\"name\":\"diegoc\",\"image\":{\"@type\":\"ImageObject\",\"inLanguage\":\"es\",\"@id\":\"https:\\\/\\\/secure.gravatar.com\\\/avatar\\\/0a67041d44c702fb0660d81a5a32c7ce6007341cf92afeb718b75883bf415864?s=96&d=blank&r=g\",\"url\":\"https:\\\/\\\/secure.gravatar.com\\\/avatar\\\/0a67041d44c702fb0660d81a5a32c7ce6007341cf92afeb718b75883bf415864?s=96&d=blank&r=g\",\"contentUrl\":\"https:\\\/\\\/secure.gravatar.com\\\/avatar\\\/0a67041d44c702fb0660d81a5a32c7ce6007341cf92afeb718b75883bf415864?s=96&d=blank&r=g\",\"caption\":\"diegoc\"},\"url\":\"https:\\\/\\\/radiounodigital.com\\\/web\\\/author\\\/diegoc\\\/\"}]}<\/script>\n<!-- \/ Yoast SEO plugin. -->","yoast_head_json":{"title":"AC\/DC sale de gira este 2024 - Radio UNO Digital","description":"AC\/DC sale de gira por Europa en este 2024. Mira cuales son todas las fechas de la banda australiana en el viejo continente.","robots":{"index":"index","follow":"follow","max-snippet":"max-snippet:-1","max-image-preview":"max-image-preview:large","max-video-preview":"max-video-preview:-1"},"canonical":"https:\/\/radiounodigital.com\/web\/2024\/02\/12\/ac-dc-sale-de-gira-este-2024\/","og_locale":"es_ES","og_type":"article","og_title":"AC\/DC sale de gira este 2024 - Radio UNO Digital","og_description":"AC\/DC sale de gira por Europa en este 2024. Mira cuales son todas las fechas de la banda australiana en el viejo continente.","og_url":"https:\/\/radiounodigital.com\/web\/2024\/02\/12\/ac-dc-sale-de-gira-este-2024\/","og_site_name":"Radio UNO Digital","article_published_time":"2024-02-13T01:00:49+00:00","og_image":[{"width":970,"height":546,"url":"https:\/\/radiounodigital.com\/web\/wp-content\/uploads\/2020\/02\/acdc-ACDCs-Brian-Johnson-and-Angus-Young-Image-credit-Martin-PhilbeyRedferns-Getty.jpg","type":"image\/jpeg"}],"author":"diegoc","twitter_card":"summary_large_image","twitter_misc":{"Escrito por":"diegoc","Tiempo de lectura":"2 minutos"},"schema":{"@context":"https:\/\/schema.org","@graph":[{"@type":"Article","@id":"https:\/\/radiounodigital.com\/web\/2024\/02\/12\/ac-dc-sale-de-gira-este-2024\/#article","isPartOf":{"@id":"https:\/\/radiounodigital.com\/web\/2024\/02\/12\/ac-dc-sale-de-gira-este-2024\/"},"author":{"name":"diegoc","@id":"https:\/\/radiounodigital.com\/web\/#\/schema\/person\/00b93151fa54f619ecf9c183d1fc9758"},"headline":"AC\/DC sale de gira este 2024","datePublished":"2024-02-13T01:00:49+00:00","mainEntityOfPage":{"@id":"https:\/\/radiounodigital.com\/web\/2024\/02\/12\/ac-dc-sale-de-gira-este-2024\/"},"wordCount":140,"image":{"@id":"https:\/\/radiounodigital.com\/web\/2024\/02\/12\/ac-dc-sale-de-gira-este-2024\/#primaryimage"},"thumbnailUrl":"https:\/\/radiounodigital.com\/web\/wp-content\/uploads\/2020\/02\/acdc-ACDCs-Brian-Johnson-and-Angus-Young-Image-credit-Martin-PhilbeyRedferns-Getty.jpg","keywords":["2024","AC\/DC","power up tour"],"articleSection":["lo nuevo","news"],"inLanguage":"es"},{"@type":"WebPage","@id":"https:\/\/radiounodigital.com\/web\/2024\/02\/12\/ac-dc-sale-de-gira-este-2024\/","url":"https:\/\/radiounodigital.com\/web\/2024\/02\/12\/ac-dc-sale-de-gira-este-2024\/","name":"AC\/DC sale de gira este 2024 - Radio UNO Digital","isPartOf":{"@id":"https:\/\/radiounodigital.com\/web\/#website"},"primaryImageOfPage":{"@id":"https:\/\/radiounodigital.com\/web\/2024\/02\/12\/ac-dc-sale-de-gira-este-2024\/#primaryimage"},"image":{"@id":"https:\/\/radiounodigital.com\/web\/2024\/02\/12\/ac-dc-sale-de-gira-este-2024\/#primaryimage"},"thumbnailUrl":"https:\/\/radiounodigital.com\/web\/wp-content\/uploads\/2020\/02\/acdc-ACDCs-Brian-Johnson-and-Angus-Young-Image-credit-Martin-PhilbeyRedferns-Getty.jpg","datePublished":"2024-02-13T01:00:49+00:00","author":{"@id":"https:\/\/radiounodigital.com\/web\/#\/schema\/person\/00b93151fa54f619ecf9c183d1fc9758"},"description":"AC\/DC sale de gira por Europa en este 2024. Mira cuales son todas las fechas de la banda australiana en el viejo continente.","breadcrumb":{"@id":"https:\/\/radiounodigital.com\/web\/2024\/02\/12\/ac-dc-sale-de-gira-este-2024\/#breadcrumb"},"inLanguage":"es","potentialAction":[{"@type":"ReadAction","target":["https:\/\/radiounodigital.com\/web\/2024\/02\/12\/ac-dc-sale-de-gira-este-2024\/"]}]},{"@type":"ImageObject","inLanguage":"es","@id":"https:\/\/radiounodigital.com\/web\/2024\/02\/12\/ac-dc-sale-de-gira-este-2024\/#primaryimage","url":"https:\/\/radiounodigital.com\/web\/wp-content\/uploads\/2020\/02\/acdc-ACDCs-Brian-Johnson-and-Angus-Young-Image-credit-Martin-PhilbeyRedferns-Getty.jpg","contentUrl":"https:\/\/radiounodigital.com\/web\/wp-content\/uploads\/2020\/02\/acdc-ACDCs-Brian-Johnson-and-Angus-Young-Image-credit-Martin-PhilbeyRedferns-Getty.jpg","width":970,"height":546,"caption":"AC\/DC's Brian Johnson and Angus Young (Image credit: Martin Philbey\/Redferns - Getty)"},{"@type":"BreadcrumbList","@id":"https:\/\/radiounodigital.com\/web\/2024\/02\/12\/ac-dc-sale-de-gira-este-2024\/#breadcrumb","itemListElement":[{"@type":"ListItem","position":1,"name":"Home","item":"https:\/\/radiounodigital.com\/web\/"},{"@type":"ListItem","position":2,"name":"AC\/DC sale de gira este 2024"}]},{"@type":"WebSite","@id":"https:\/\/radiounodigital.com\/web\/#website","url":"https:\/\/radiounodigital.com\/web\/","name":"Radio UNO Digital","description":"Donde la cultura del rock se siente","potentialAction":[{"@type":"SearchAction","target":{"@type":"EntryPoint","urlTemplate":"https:\/\/radiounodigital.com\/web\/?s={search_term_string}"},"query-input":{"@type":"PropertyValueSpecification","valueRequired":true,"valueName":"search_term_string"}}],"inLanguage":"es"},{"@type":"Person","@id":"https:\/\/radiounodigital.com\/web\/#\/schema\/person\/00b93151fa54f619ecf9c183d1fc9758","name":"diegoc","image":{"@type":"ImageObject","inLanguage":"es","@id":"https:\/\/secure.gravatar.com\/avatar\/0a67041d44c702fb0660d81a5a32c7ce6007341cf92afeb718b75883bf415864?s=96&d=blank&r=g","url":"https:\/\/secure.gravatar.com\/avatar\/0a67041d44c702fb0660d81a5a32c7ce6007341cf92afeb718b75883bf415864?s=96&d=blank&r=g","contentUrl":"https:\/\/secure.gravatar.com\/avatar\/0a67041d44c702fb0660d81a5a32c7ce6007341cf92afeb718b75883bf415864?s=96&d=blank&r=g","caption":"diegoc"},"url":"https:\/\/radiounodigital.com\/web\/author\/diegoc\/"}]}},"_links":{"self":[{"href":"https:\/\/radiounodigital.com\/web\/wp-json\/wp\/v2\/posts\/6956","targetHints":{"allow":["GET"]}}],"collection":[{"href":"https:\/\/radiounodigital.com\/web\/wp-json\/wp\/v2\/posts"}],"about":[{"href":"https:\/\/radiounodigital.com\/web\/wp-json\/wp\/v2\/types\/post"}],"author":[{"embeddable":true,"href":"https:\/\/radiounodigital.com\/web\/wp-json\/wp\/v2\/users\/1"}],"replies":[{"embeddable":true,"href":"https:\/\/radiounodigital.com\/web\/wp-json\/wp\/v2\/comments?post=6956"}],"version-history":[{"count":1,"href":"https:\/\/radiounodigital.com\/web\/wp-json\/wp\/v2\/posts\/6956\/revisions"}],"predecessor-version":[{"id":6958,"href":"https:\/\/radiounodigital.com\/web\/wp-json\/wp\/v2\/posts\/6956\/revisions\/6958"}],"wp:featuredmedia":[{"embeddable":true,"href":"https:\/\/radiounodigital.com\/web\/wp-json\/wp\/v2\/media\/3498"}],"wp:attachment":[{"href":"https:\/\/radiounodigital.com\/web\/wp-json\/wp\/v2\/media?parent=6956"}],"wp:term":[{"taxonomy":"category","embeddable":true,"href":"https:\/\/radiounodigital.com\/web\/wp-json\/wp\/v2\/categories?post=6956"},{"taxonomy":"post_tag","embeddable":true,"href":"https:\/\/radiounodigital.com\/web\/wp-json\/wp\/v2\/tags?post=6956"}],"curies":[{"name":"wp","href":"https:\/\/api.w.org\/{rel}","templated":true}]}}