{"id":6965,"date":"2024-02-16T20:39:11","date_gmt":"2024-02-16T23:39:11","guid":{"rendered":"https:\/\/radiounodigital.com\/web\/?p=6965"},"modified":"2024-02-16T20:39:11","modified_gmt":"2024-02-16T23:39:11","slug":"pearl-jam-confirma-detalles-del-album-dark-matter-y-anuncia-gira-mundial","status":"publish","type":"post","link":"https:\/\/radiounodigital.com\/web\/2024\/02\/16\/pearl-jam-confirma-detalles-del-album-dark-matter-y-anuncia-gira-mundial\/","title":{"rendered":"Pearl Jam confirma detalles del \u00e1lbum Dark Matter y anuncia gira mundial"},"content":{"rendered":"<h3>Pearl Jam, que ha lanzado en estos dias la canci\u00f3n que da t\u00edtulo a su pr\u00f3ximo \u00e1lbum, Dark Matter, ha confirmado que realizar\u00e1 una gira mundial a finales de este a\u00f1o.<\/h3>\n<p><img loading=\"lazy\" decoding=\"async\" class=\"aligncenter wp-image-6966\" src=\"https:\/\/radiounodigital.com\/web\/wp-content\/uploads\/2024\/02\/images-1.jpeg\" alt=\"\" width=\"600\" height=\"336\" \/><\/p>\n<p>La banda ha programado 35 fechas entre mayo y noviembre, que comenzar\u00e1n con un par de conciertos en el Rogers Arena de Vancouver los d\u00edas 4 y 5 de mayo.<\/p>\n<p>La primera parte de la gira terminar\u00e1 el 30 de mayo en el Climate Pledge Arena de Seattle, antes de que la banda se dirija a Europa en junio para una serie de actuaciones que incluyen conciertos en Dubl\u00edn, Manchester y Londres.<\/p>\n<p>La segunda parte de la gira por Norteam\u00e9rica tendr\u00e1 lugar en agosto y septiembre, antes de que la banda se dirija a las Ant\u00edpodas para cuatro conciertos veraniegos en Nueva Zelanda y Australia. La preventa est\u00e1 disponible para los miembros del Ten Club, y los fans que deseen participar en la venta general deben inscribirse en la venta de registro del Dark Matter World Tour 2024.<\/p>\n<h4>La banda tambi\u00e9n ha confirmado el tracklist (abajo) del \u00e1lbum Dark Matter, que fue grabado con el productor Andrew Watt en los estudios Shangri-La de Malib\u00fa.<\/h4>\n<p>\u00abMe dan escalofr\u00edos, porque tengo buenos recuerdos\u00bb, dijo el l\u00edder Eddie Vedder durante una fiesta de escucha a finales del mes pasado. \u00abSeguimos buscando formas de comunicarnos. Estamos en un momento de nuestras vidas en el que puedes hacerlo o no, pero seguimos preocup\u00e1ndonos por sacar algo que tenga sentido y que, con suerte, pensamos que es nuestro mejor trabajo. Sin hip\u00e9rboles, creo que es nuestro mejor trabajo\u00bb.<\/p>\n<p>\u00abLo que dijo Ed sobre meternos en una habitaci\u00f3n en este momento, sent\u00edamos que est\u00e1bamos a punto de hacer un disco realmente importante\u00bb, a\u00f1adi\u00f3 Jeff Ament. \u00abMucho de eso tuvo que ver con la atm\u00f3sfera que cre\u00f3 Andrew. Tiene un conocimiento enciclop\u00e9dico de nuestra historia, no s\u00f3lo como banda y c\u00f3mo escrib\u00edamos canciones, sino como m\u00fasicos.<\/p>\n<p>\u00abEra capaz de se\u00f1alar cosas que hab\u00edamos hecho en canciones antiguas hasta el punto de que yo pensaba: &#8216;\u00bfDe qu\u00e9 co\u00f1o est\u00e1 hablando? Es una fuerza. S\u00f3lo quiero darle las gracias por mantenernos en el buen camino. No podr\u00eda estar m\u00e1s orgulloso de nosotros como banda. Me siento muy agradecido por los fans, pero sobre todo por mis hermanos y por esta gente con la que he hecho m\u00fasica.\u00bb<\/p>\n<p><iframe loading=\"lazy\" title=\"Pearl Jam - Dark Matter (Official Visualizer)\" width=\"960\" height=\"540\" src=\"https:\/\/www.youtube.com\/embed\/6Fx8LprPMIU?feature=oembed\" frameborder=\"0\" allow=\"accelerometer; autoplay; clipboard-write; encrypted-media; gyroscope; picture-in-picture; web-share\" allowfullscreen><\/iframe><\/p>\n<p>&nbsp;<\/p>\n<div class=\"fb-background-color\">\n\t\t\t  <div \n\t\t\t  \tclass = \"fb-comments\" \n\t\t\t  \tdata-href = \"https:\/\/radiounodigital.com\/web\/2024\/02\/16\/pearl-jam-confirma-detalles-del-album-dark-matter-y-anuncia-gira-mundial\/\"\n\t\t\t  \tdata-numposts = \"10\"\n\t\t\t  \tdata-lazy = \"true\"\n\t\t\t\tdata-colorscheme = \"dark\"\n\t\t\t\tdata-order-by = \"reverse_time\"\n\t\t\t\tdata-mobile=true>\n\t\t\t  <\/div><\/div>\n\t\t  <style>\n\t\t    .fb-background-color {\n\t\t\t\tbackground: #ffffff !important;\n\t\t\t}\n\t\t\t.fb_iframe_widget_fluid_desktop iframe {\n\t\t\t    width: 100% !important;\n\t\t\t}\n\t\t  <\/style>\n\t\t  ","protected":false},"excerpt":{"rendered":"<p>Pearl Jam, que ha lanzado en estos dias la canci\u00f3n que da t\u00edtulo a su pr\u00f3ximo \u00e1lbum, Dark Matter, ha confirmado que realizar\u00e1 una gira mundial a finales de este a\u00f1o. La banda ha programado 35 fechas entre mayo y noviembre, que comenzar\u00e1n con un par de conciertos en el Rogers Arena de Vancouver los&#8230; <a href=\"https:\/\/radiounodigital.com\/web\/2024\/02\/16\/pearl-jam-confirma-detalles-del-album-dark-matter-y-anuncia-gira-mundial\/\" class=\"excerpt-read-more\">Read More<\/a><\/p>\n","protected":false},"author":1,"featured_media":6967,"comment_status":"closed","ping_status":"open","sticky":false,"template":"","format":"standard","meta":{"footnotes":""},"categories":[1097,180],"tags":[2133,529,486],"class_list":["post-6965","post","type-post","status-publish","format-standard","has-post-thumbnail","hentry","category-lo-nuevo","category-news","tag-dark-matter","tag-lanzamiento","tag-pearl-jam"],"yoast_head":"<!-- This site is optimized with the Yoast SEO plugin v27.4 - https:\/\/yoast.com\/product\/yoast-seo-wordpress\/ -->\n<title>Pearl Jam confirma detalles del \u00e1lbum Dark Matter y anuncia gira mundial - Radio UNO Digital<\/title>\n<meta name=\"robots\" content=\"index, follow, max-snippet:-1, max-image-preview:large, max-video-preview:-1\" \/>\n<link rel=\"canonical\" href=\"https:\/\/radiounodigital.com\/web\/2024\/02\/16\/pearl-jam-confirma-detalles-del-album-dark-matter-y-anuncia-gira-mundial\/\" \/>\n<meta property=\"og:locale\" content=\"es_ES\" \/>\n<meta property=\"og:type\" content=\"article\" \/>\n<meta property=\"og:title\" content=\"Pearl Jam confirma detalles del \u00e1lbum Dark Matter y anuncia gira mundial - Radio UNO Digital\" \/>\n<meta property=\"og:description\" content=\"Pearl Jam, que ha lanzado en estos dias la canci\u00f3n que da t\u00edtulo a su pr\u00f3ximo \u00e1lbum, Dark Matter, ha confirmado que realizar\u00e1 una gira mundial a finales de este a\u00f1o. La banda ha programado 35 fechas entre mayo y noviembre, que comenzar\u00e1n con un par de conciertos en el Rogers Arena de Vancouver los... Read More\" \/>\n<meta property=\"og:url\" content=\"https:\/\/radiounodigital.com\/web\/2024\/02\/16\/pearl-jam-confirma-detalles-del-album-dark-matter-y-anuncia-gira-mundial\/\" \/>\n<meta property=\"og:site_name\" content=\"Radio UNO Digital\" \/>\n<meta property=\"article:published_time\" content=\"2024-02-16T23:39:11+00:00\" \/>\n<meta property=\"og:image\" content=\"https:\/\/radiounodigital.com\/web\/wp-content\/uploads\/2024\/02\/Pearl-Jam-anuncia-su-proximo-album-de-estudio-Dark-Matter.jpg\" \/>\n\t<meta property=\"og:image:width\" content=\"1280\" \/>\n\t<meta property=\"og:image:height\" content=\"770\" \/>\n\t<meta property=\"og:image:type\" content=\"image\/jpeg\" \/>\n<meta name=\"author\" content=\"diegoc\" \/>\n<meta name=\"twitter:card\" content=\"summary_large_image\" \/>\n<meta name=\"twitter:label1\" content=\"Escrito por\" \/>\n\t<meta name=\"twitter:data1\" content=\"diegoc\" \/>\n\t<meta name=\"twitter:label2\" content=\"Tiempo de lectura\" \/>\n\t<meta name=\"twitter:data2\" content=\"3 minutos\" \/>\n<script type=\"application\/ld+json\" class=\"yoast-schema-graph\">{\"@context\":\"https:\\\/\\\/schema.org\",\"@graph\":[{\"@type\":\"Article\",\"@id\":\"https:\\\/\\\/radiounodigital.com\\\/web\\\/2024\\\/02\\\/16\\\/pearl-jam-confirma-detalles-del-album-dark-matter-y-anuncia-gira-mundial\\\/#article\",\"isPartOf\":{\"@id\":\"https:\\\/\\\/radiounodigital.com\\\/web\\\/2024\\\/02\\\/16\\\/pearl-jam-confirma-detalles-del-album-dark-matter-y-anuncia-gira-mundial\\\/\"},\"author\":{\"name\":\"diegoc\",\"@id\":\"https:\\\/\\\/radiounodigital.com\\\/web\\\/#\\\/schema\\\/person\\\/00b93151fa54f619ecf9c183d1fc9758\"},\"headline\":\"Pearl Jam confirma detalles del \u00e1lbum Dark Matter y anuncia gira mundial\",\"datePublished\":\"2024-02-16T23:39:11+00:00\",\"mainEntityOfPage\":{\"@id\":\"https:\\\/\\\/radiounodigital.com\\\/web\\\/2024\\\/02\\\/16\\\/pearl-jam-confirma-detalles-del-album-dark-matter-y-anuncia-gira-mundial\\\/\"},\"wordCount\":432,\"image\":{\"@id\":\"https:\\\/\\\/radiounodigital.com\\\/web\\\/2024\\\/02\\\/16\\\/pearl-jam-confirma-detalles-del-album-dark-matter-y-anuncia-gira-mundial\\\/#primaryimage\"},\"thumbnailUrl\":\"https:\\\/\\\/radiounodigital.com\\\/web\\\/wp-content\\\/uploads\\\/2024\\\/02\\\/Pearl-Jam-anuncia-su-proximo-album-de-estudio-Dark-Matter.jpg\",\"keywords\":[\"dark matter\",\"lanzamiento\",\"pearl jam\"],\"articleSection\":[\"lo nuevo\",\"news\"],\"inLanguage\":\"es\"},{\"@type\":\"WebPage\",\"@id\":\"https:\\\/\\\/radiounodigital.com\\\/web\\\/2024\\\/02\\\/16\\\/pearl-jam-confirma-detalles-del-album-dark-matter-y-anuncia-gira-mundial\\\/\",\"url\":\"https:\\\/\\\/radiounodigital.com\\\/web\\\/2024\\\/02\\\/16\\\/pearl-jam-confirma-detalles-del-album-dark-matter-y-anuncia-gira-mundial\\\/\",\"name\":\"Pearl Jam confirma detalles del \u00e1lbum Dark Matter y anuncia gira mundial - Radio UNO Digital\",\"isPartOf\":{\"@id\":\"https:\\\/\\\/radiounodigital.com\\\/web\\\/#website\"},\"primaryImageOfPage\":{\"@id\":\"https:\\\/\\\/radiounodigital.com\\\/web\\\/2024\\\/02\\\/16\\\/pearl-jam-confirma-detalles-del-album-dark-matter-y-anuncia-gira-mundial\\\/#primaryimage\"},\"image\":{\"@id\":\"https:\\\/\\\/radiounodigital.com\\\/web\\\/2024\\\/02\\\/16\\\/pearl-jam-confirma-detalles-del-album-dark-matter-y-anuncia-gira-mundial\\\/#primaryimage\"},\"thumbnailUrl\":\"https:\\\/\\\/radiounodigital.com\\\/web\\\/wp-content\\\/uploads\\\/2024\\\/02\\\/Pearl-Jam-anuncia-su-proximo-album-de-estudio-Dark-Matter.jpg\",\"datePublished\":\"2024-02-16T23:39:11+00:00\",\"author\":{\"@id\":\"https:\\\/\\\/radiounodigital.com\\\/web\\\/#\\\/schema\\\/person\\\/00b93151fa54f619ecf9c183d1fc9758\"},\"breadcrumb\":{\"@id\":\"https:\\\/\\\/radiounodigital.com\\\/web\\\/2024\\\/02\\\/16\\\/pearl-jam-confirma-detalles-del-album-dark-matter-y-anuncia-gira-mundial\\\/#breadcrumb\"},\"inLanguage\":\"es\",\"potentialAction\":[{\"@type\":\"ReadAction\",\"target\":[\"https:\\\/\\\/radiounodigital.com\\\/web\\\/2024\\\/02\\\/16\\\/pearl-jam-confirma-detalles-del-album-dark-matter-y-anuncia-gira-mundial\\\/\"]}]},{\"@type\":\"ImageObject\",\"inLanguage\":\"es\",\"@id\":\"https:\\\/\\\/radiounodigital.com\\\/web\\\/2024\\\/02\\\/16\\\/pearl-jam-confirma-detalles-del-album-dark-matter-y-anuncia-gira-mundial\\\/#primaryimage\",\"url\":\"https:\\\/\\\/radiounodigital.com\\\/web\\\/wp-content\\\/uploads\\\/2024\\\/02\\\/Pearl-Jam-anuncia-su-proximo-album-de-estudio-Dark-Matter.jpg\",\"contentUrl\":\"https:\\\/\\\/radiounodigital.com\\\/web\\\/wp-content\\\/uploads\\\/2024\\\/02\\\/Pearl-Jam-anuncia-su-proximo-album-de-estudio-Dark-Matter.jpg\",\"width\":1280,\"height\":770},{\"@type\":\"BreadcrumbList\",\"@id\":\"https:\\\/\\\/radiounodigital.com\\\/web\\\/2024\\\/02\\\/16\\\/pearl-jam-confirma-detalles-del-album-dark-matter-y-anuncia-gira-mundial\\\/#breadcrumb\",\"itemListElement\":[{\"@type\":\"ListItem\",\"position\":1,\"name\":\"Home\",\"item\":\"https:\\\/\\\/radiounodigital.com\\\/web\\\/\"},{\"@type\":\"ListItem\",\"position\":2,\"name\":\"Pearl Jam confirma detalles del \u00e1lbum Dark Matter y anuncia gira mundial\"}]},{\"@type\":\"WebSite\",\"@id\":\"https:\\\/\\\/radiounodigital.com\\\/web\\\/#website\",\"url\":\"https:\\\/\\\/radiounodigital.com\\\/web\\\/\",\"name\":\"Radio UNO Digital\",\"description\":\"Donde la cultura del rock se siente\",\"potentialAction\":[{\"@type\":\"SearchAction\",\"target\":{\"@type\":\"EntryPoint\",\"urlTemplate\":\"https:\\\/\\\/radiounodigital.com\\\/web\\\/?s={search_term_string}\"},\"query-input\":{\"@type\":\"PropertyValueSpecification\",\"valueRequired\":true,\"valueName\":\"search_term_string\"}}],\"inLanguage\":\"es\"},{\"@type\":\"Person\",\"@id\":\"https:\\\/\\\/radiounodigital.com\\\/web\\\/#\\\/schema\\\/person\\\/00b93151fa54f619ecf9c183d1fc9758\",\"name\":\"diegoc\",\"image\":{\"@type\":\"ImageObject\",\"inLanguage\":\"es\",\"@id\":\"https:\\\/\\\/secure.gravatar.com\\\/avatar\\\/0a67041d44c702fb0660d81a5a32c7ce6007341cf92afeb718b75883bf415864?s=96&d=blank&r=g\",\"url\":\"https:\\\/\\\/secure.gravatar.com\\\/avatar\\\/0a67041d44c702fb0660d81a5a32c7ce6007341cf92afeb718b75883bf415864?s=96&d=blank&r=g\",\"contentUrl\":\"https:\\\/\\\/secure.gravatar.com\\\/avatar\\\/0a67041d44c702fb0660d81a5a32c7ce6007341cf92afeb718b75883bf415864?s=96&d=blank&r=g\",\"caption\":\"diegoc\"},\"url\":\"https:\\\/\\\/radiounodigital.com\\\/web\\\/author\\\/diegoc\\\/\"}]}<\/script>\n<!-- \/ Yoast SEO plugin. -->","yoast_head_json":{"title":"Pearl Jam confirma detalles del \u00e1lbum Dark Matter y anuncia gira mundial - Radio UNO Digital","robots":{"index":"index","follow":"follow","max-snippet":"max-snippet:-1","max-image-preview":"max-image-preview:large","max-video-preview":"max-video-preview:-1"},"canonical":"https:\/\/radiounodigital.com\/web\/2024\/02\/16\/pearl-jam-confirma-detalles-del-album-dark-matter-y-anuncia-gira-mundial\/","og_locale":"es_ES","og_type":"article","og_title":"Pearl Jam confirma detalles del \u00e1lbum Dark Matter y anuncia gira mundial - Radio UNO Digital","og_description":"Pearl Jam, que ha lanzado en estos dias la canci\u00f3n que da t\u00edtulo a su pr\u00f3ximo \u00e1lbum, Dark Matter, ha confirmado que realizar\u00e1 una gira mundial a finales de este a\u00f1o. La banda ha programado 35 fechas entre mayo y noviembre, que comenzar\u00e1n con un par de conciertos en el Rogers Arena de Vancouver los... Read More","og_url":"https:\/\/radiounodigital.com\/web\/2024\/02\/16\/pearl-jam-confirma-detalles-del-album-dark-matter-y-anuncia-gira-mundial\/","og_site_name":"Radio UNO Digital","article_published_time":"2024-02-16T23:39:11+00:00","og_image":[{"width":1280,"height":770,"url":"https:\/\/radiounodigital.com\/web\/wp-content\/uploads\/2024\/02\/Pearl-Jam-anuncia-su-proximo-album-de-estudio-Dark-Matter.jpg","type":"image\/jpeg"}],"author":"diegoc","twitter_card":"summary_large_image","twitter_misc":{"Escrito por":"diegoc","Tiempo de lectura":"3 minutos"},"schema":{"@context":"https:\/\/schema.org","@graph":[{"@type":"Article","@id":"https:\/\/radiounodigital.com\/web\/2024\/02\/16\/pearl-jam-confirma-detalles-del-album-dark-matter-y-anuncia-gira-mundial\/#article","isPartOf":{"@id":"https:\/\/radiounodigital.com\/web\/2024\/02\/16\/pearl-jam-confirma-detalles-del-album-dark-matter-y-anuncia-gira-mundial\/"},"author":{"name":"diegoc","@id":"https:\/\/radiounodigital.com\/web\/#\/schema\/person\/00b93151fa54f619ecf9c183d1fc9758"},"headline":"Pearl Jam confirma detalles del \u00e1lbum Dark Matter y anuncia gira mundial","datePublished":"2024-02-16T23:39:11+00:00","mainEntityOfPage":{"@id":"https:\/\/radiounodigital.com\/web\/2024\/02\/16\/pearl-jam-confirma-detalles-del-album-dark-matter-y-anuncia-gira-mundial\/"},"wordCount":432,"image":{"@id":"https:\/\/radiounodigital.com\/web\/2024\/02\/16\/pearl-jam-confirma-detalles-del-album-dark-matter-y-anuncia-gira-mundial\/#primaryimage"},"thumbnailUrl":"https:\/\/radiounodigital.com\/web\/wp-content\/uploads\/2024\/02\/Pearl-Jam-anuncia-su-proximo-album-de-estudio-Dark-Matter.jpg","keywords":["dark matter","lanzamiento","pearl jam"],"articleSection":["lo nuevo","news"],"inLanguage":"es"},{"@type":"WebPage","@id":"https:\/\/radiounodigital.com\/web\/2024\/02\/16\/pearl-jam-confirma-detalles-del-album-dark-matter-y-anuncia-gira-mundial\/","url":"https:\/\/radiounodigital.com\/web\/2024\/02\/16\/pearl-jam-confirma-detalles-del-album-dark-matter-y-anuncia-gira-mundial\/","name":"Pearl Jam confirma detalles del \u00e1lbum Dark Matter y anuncia gira mundial - Radio UNO Digital","isPartOf":{"@id":"https:\/\/radiounodigital.com\/web\/#website"},"primaryImageOfPage":{"@id":"https:\/\/radiounodigital.com\/web\/2024\/02\/16\/pearl-jam-confirma-detalles-del-album-dark-matter-y-anuncia-gira-mundial\/#primaryimage"},"image":{"@id":"https:\/\/radiounodigital.com\/web\/2024\/02\/16\/pearl-jam-confirma-detalles-del-album-dark-matter-y-anuncia-gira-mundial\/#primaryimage"},"thumbnailUrl":"https:\/\/radiounodigital.com\/web\/wp-content\/uploads\/2024\/02\/Pearl-Jam-anuncia-su-proximo-album-de-estudio-Dark-Matter.jpg","datePublished":"2024-02-16T23:39:11+00:00","author":{"@id":"https:\/\/radiounodigital.com\/web\/#\/schema\/person\/00b93151fa54f619ecf9c183d1fc9758"},"breadcrumb":{"@id":"https:\/\/radiounodigital.com\/web\/2024\/02\/16\/pearl-jam-confirma-detalles-del-album-dark-matter-y-anuncia-gira-mundial\/#breadcrumb"},"inLanguage":"es","potentialAction":[{"@type":"ReadAction","target":["https:\/\/radiounodigital.com\/web\/2024\/02\/16\/pearl-jam-confirma-detalles-del-album-dark-matter-y-anuncia-gira-mundial\/"]}]},{"@type":"ImageObject","inLanguage":"es","@id":"https:\/\/radiounodigital.com\/web\/2024\/02\/16\/pearl-jam-confirma-detalles-del-album-dark-matter-y-anuncia-gira-mundial\/#primaryimage","url":"https:\/\/radiounodigital.com\/web\/wp-content\/uploads\/2024\/02\/Pearl-Jam-anuncia-su-proximo-album-de-estudio-Dark-Matter.jpg","contentUrl":"https:\/\/radiounodigital.com\/web\/wp-content\/uploads\/2024\/02\/Pearl-Jam-anuncia-su-proximo-album-de-estudio-Dark-Matter.jpg","width":1280,"height":770},{"@type":"BreadcrumbList","@id":"https:\/\/radiounodigital.com\/web\/2024\/02\/16\/pearl-jam-confirma-detalles-del-album-dark-matter-y-anuncia-gira-mundial\/#breadcrumb","itemListElement":[{"@type":"ListItem","position":1,"name":"Home","item":"https:\/\/radiounodigital.com\/web\/"},{"@type":"ListItem","position":2,"name":"Pearl Jam confirma detalles del \u00e1lbum Dark Matter y anuncia gira mundial"}]},{"@type":"WebSite","@id":"https:\/\/radiounodigital.com\/web\/#website","url":"https:\/\/radiounodigital.com\/web\/","name":"Radio UNO Digital","description":"Donde la cultura del rock se siente","potentialAction":[{"@type":"SearchAction","target":{"@type":"EntryPoint","urlTemplate":"https:\/\/radiounodigital.com\/web\/?s={search_term_string}"},"query-input":{"@type":"PropertyValueSpecification","valueRequired":true,"valueName":"search_term_string"}}],"inLanguage":"es"},{"@type":"Person","@id":"https:\/\/radiounodigital.com\/web\/#\/schema\/person\/00b93151fa54f619ecf9c183d1fc9758","name":"diegoc","image":{"@type":"ImageObject","inLanguage":"es","@id":"https:\/\/secure.gravatar.com\/avatar\/0a67041d44c702fb0660d81a5a32c7ce6007341cf92afeb718b75883bf415864?s=96&d=blank&r=g","url":"https:\/\/secure.gravatar.com\/avatar\/0a67041d44c702fb0660d81a5a32c7ce6007341cf92afeb718b75883bf415864?s=96&d=blank&r=g","contentUrl":"https:\/\/secure.gravatar.com\/avatar\/0a67041d44c702fb0660d81a5a32c7ce6007341cf92afeb718b75883bf415864?s=96&d=blank&r=g","caption":"diegoc"},"url":"https:\/\/radiounodigital.com\/web\/author\/diegoc\/"}]}},"_links":{"self":[{"href":"https:\/\/radiounodigital.com\/web\/wp-json\/wp\/v2\/posts\/6965","targetHints":{"allow":["GET"]}}],"collection":[{"href":"https:\/\/radiounodigital.com\/web\/wp-json\/wp\/v2\/posts"}],"about":[{"href":"https:\/\/radiounodigital.com\/web\/wp-json\/wp\/v2\/types\/post"}],"author":[{"embeddable":true,"href":"https:\/\/radiounodigital.com\/web\/wp-json\/wp\/v2\/users\/1"}],"replies":[{"embeddable":true,"href":"https:\/\/radiounodigital.com\/web\/wp-json\/wp\/v2\/comments?post=6965"}],"version-history":[{"count":1,"href":"https:\/\/radiounodigital.com\/web\/wp-json\/wp\/v2\/posts\/6965\/revisions"}],"predecessor-version":[{"id":6968,"href":"https:\/\/radiounodigital.com\/web\/wp-json\/wp\/v2\/posts\/6965\/revisions\/6968"}],"wp:featuredmedia":[{"embeddable":true,"href":"https:\/\/radiounodigital.com\/web\/wp-json\/wp\/v2\/media\/6967"}],"wp:attachment":[{"href":"https:\/\/radiounodigital.com\/web\/wp-json\/wp\/v2\/media?parent=6965"}],"wp:term":[{"taxonomy":"category","embeddable":true,"href":"https:\/\/radiounodigital.com\/web\/wp-json\/wp\/v2\/categories?post=6965"},{"taxonomy":"post_tag","embeddable":true,"href":"https:\/\/radiounodigital.com\/web\/wp-json\/wp\/v2\/tags?post=6965"}],"curies":[{"name":"wp","href":"https:\/\/api.w.org\/{rel}","templated":true}]}}