{"id":6969,"date":"2024-02-19T14:48:59","date_gmt":"2024-02-19T17:48:59","guid":{"rendered":"https:\/\/radiounodigital.com\/web\/?p=6969"},"modified":"2024-02-19T14:48:59","modified_gmt":"2024-02-19T17:48:59","slug":"esta-bon-scott-en-el-camino-al-infierno","status":"publish","type":"post","link":"https:\/\/radiounodigital.com\/web\/2024\/02\/19\/esta-bon-scott-en-el-camino-al-infierno\/","title":{"rendered":"\u00bfEsta Bon Scott en el camino al infierno?"},"content":{"rendered":"<h3>Un d\u00eda como hoy de 1980 nos dejaba el carism\u00e1tico vocalista de AC\/DC que no pod\u00eda haber tenido mejor remplazo que Brian Johnson. Pero muchos preguntamos y con justa raz\u00f3n, \u00bfque hubiera sido de AC\/DC si no hubiera muerto Bon Scott?<\/h3>\n<p>Hoy homenajeamos a quien con su impronta le dio el primer impulso a AC\/DC junto a los hermanos Young, quienes con el tiempo llevaron a la gloria a la banda australiana<\/p>\n<p><iframe loading=\"lazy\" title=\"AC\/DC - Highway to Hell (Official Video)\" width=\"960\" height=\"720\" src=\"https:\/\/www.youtube.com\/embed\/l482T0yNkeo?feature=oembed\" frameborder=\"0\" allow=\"accelerometer; autoplay; clipboard-write; encrypted-media; gyroscope; picture-in-picture; web-share\" allowfullscreen><\/iframe><\/p>\n<div class=\"fb-background-color\">\n\t\t\t  <div \n\t\t\t  \tclass = \"fb-comments\" \n\t\t\t  \tdata-href = \"https:\/\/radiounodigital.com\/web\/2024\/02\/19\/esta-bon-scott-en-el-camino-al-infierno\/\"\n\t\t\t  \tdata-numposts = \"10\"\n\t\t\t  \tdata-lazy = \"true\"\n\t\t\t\tdata-colorscheme = \"dark\"\n\t\t\t\tdata-order-by = \"reverse_time\"\n\t\t\t\tdata-mobile=true>\n\t\t\t  <\/div><\/div>\n\t\t  <style>\n\t\t    .fb-background-color {\n\t\t\t\tbackground: #ffffff !important;\n\t\t\t}\n\t\t\t.fb_iframe_widget_fluid_desktop iframe {\n\t\t\t    width: 100% !important;\n\t\t\t}\n\t\t  <\/style>\n\t\t  ","protected":false},"excerpt":{"rendered":"<p>Un d\u00eda como hoy de 1980 nos dejaba el carism\u00e1tico vocalista de AC\/DC que no pod\u00eda haber tenido mejor remplazo que Brian Johnson. Pero muchos preguntamos y con justa raz\u00f3n, \u00bfque hubiera sido de AC\/DC si no hubiera muerto Bon Scott? Hoy homenajeamos a quien con su impronta le dio el primer impulso a AC\/DC&#8230; <a href=\"https:\/\/radiounodigital.com\/web\/2024\/02\/19\/esta-bon-scott-en-el-camino-al-infierno\/\" class=\"excerpt-read-more\">Read More<\/a><\/p>\n","protected":false},"author":1,"featured_media":3540,"comment_status":"closed","ping_status":"open","sticky":false,"template":"","format":"standard","meta":{"footnotes":""},"categories":[184,1097,180],"tags":[148,301,146,84],"class_list":["post-6969","post","type-post","status-publish","format-standard","has-post-thumbnail","hentry","category-1001-canciones","category-lo-nuevo","category-news","tag-ac-dc","tag-aniversario","tag-bon-scott","tag-muerte"],"yoast_head":"<!-- This site is optimized with the Yoast SEO plugin v27.4 - https:\/\/yoast.com\/product\/yoast-seo-wordpress\/ -->\n<title>\u00bfEsta Bon Scott en el camino al infierno? - Radio UNO Digital<\/title>\n<meta name=\"description\" content=\"\u00bfBon Scott se dirige realmente al infierno? Un d\u00eda como hoy se iba hace 44 a\u00f1os el l\u00edder de AC\/DC y que dejara una huella imborrable.\" \/>\n<meta name=\"robots\" content=\"index, follow, max-snippet:-1, max-image-preview:large, max-video-preview:-1\" \/>\n<link rel=\"canonical\" href=\"https:\/\/radiounodigital.com\/web\/2024\/02\/19\/esta-bon-scott-en-el-camino-al-infierno\/\" \/>\n<meta property=\"og:locale\" content=\"es_ES\" \/>\n<meta property=\"og:type\" content=\"article\" \/>\n<meta property=\"og:title\" content=\"\u00bfEsta Bon Scott en el camino al infierno? - Radio UNO Digital\" \/>\n<meta property=\"og:description\" content=\"\u00bfBon Scott se dirige realmente al infierno? Un d\u00eda como hoy se iba hace 44 a\u00f1os el l\u00edder de AC\/DC y que dejara una huella imborrable.\" \/>\n<meta property=\"og:url\" content=\"https:\/\/radiounodigital.com\/web\/2024\/02\/19\/esta-bon-scott-en-el-camino-al-infierno\/\" \/>\n<meta property=\"og:site_name\" content=\"Radio UNO Digital\" \/>\n<meta property=\"article:published_time\" content=\"2024-02-19T17:48:59+00:00\" \/>\n<meta property=\"og:image\" content=\"https:\/\/radiounodigital.com\/web\/wp-content\/uploads\/2020\/02\/bon-scott-nota.jpg\" \/>\n\t<meta property=\"og:image:width\" content=\"1200\" \/>\n\t<meta property=\"og:image:height\" content=\"800\" \/>\n\t<meta property=\"og:image:type\" content=\"image\/jpeg\" \/>\n<meta name=\"author\" content=\"diegoc\" \/>\n<meta name=\"twitter:card\" content=\"summary_large_image\" \/>\n<meta name=\"twitter:label1\" content=\"Escrito por\" \/>\n\t<meta name=\"twitter:data1\" content=\"diegoc\" \/>\n\t<meta name=\"twitter:label2\" content=\"Tiempo de lectura\" \/>\n\t<meta name=\"twitter:data2\" content=\"1 minuto\" \/>\n<script type=\"application\/ld+json\" class=\"yoast-schema-graph\">{\"@context\":\"https:\\\/\\\/schema.org\",\"@graph\":[{\"@type\":\"Article\",\"@id\":\"https:\\\/\\\/radiounodigital.com\\\/web\\\/2024\\\/02\\\/19\\\/esta-bon-scott-en-el-camino-al-infierno\\\/#article\",\"isPartOf\":{\"@id\":\"https:\\\/\\\/radiounodigital.com\\\/web\\\/2024\\\/02\\\/19\\\/esta-bon-scott-en-el-camino-al-infierno\\\/\"},\"author\":{\"name\":\"diegoc\",\"@id\":\"https:\\\/\\\/radiounodigital.com\\\/web\\\/#\\\/schema\\\/person\\\/00b93151fa54f619ecf9c183d1fc9758\"},\"headline\":\"\u00bfEsta Bon Scott en el camino al infierno?\",\"datePublished\":\"2024-02-19T17:48:59+00:00\",\"mainEntityOfPage\":{\"@id\":\"https:\\\/\\\/radiounodigital.com\\\/web\\\/2024\\\/02\\\/19\\\/esta-bon-scott-en-el-camino-al-infierno\\\/\"},\"wordCount\":95,\"image\":{\"@id\":\"https:\\\/\\\/radiounodigital.com\\\/web\\\/2024\\\/02\\\/19\\\/esta-bon-scott-en-el-camino-al-infierno\\\/#primaryimage\"},\"thumbnailUrl\":\"https:\\\/\\\/radiounodigital.com\\\/web\\\/wp-content\\\/uploads\\\/2020\\\/02\\\/bon-scott-nota.jpg\",\"keywords\":[\"AC\\\/DC\",\"aniversario\",\"BON SCOTT\",\"muerte\"],\"articleSection\":[\"1001 Canciones\",\"lo nuevo\",\"news\"],\"inLanguage\":\"es\"},{\"@type\":\"WebPage\",\"@id\":\"https:\\\/\\\/radiounodigital.com\\\/web\\\/2024\\\/02\\\/19\\\/esta-bon-scott-en-el-camino-al-infierno\\\/\",\"url\":\"https:\\\/\\\/radiounodigital.com\\\/web\\\/2024\\\/02\\\/19\\\/esta-bon-scott-en-el-camino-al-infierno\\\/\",\"name\":\"\u00bfEsta Bon Scott en el camino al infierno? - Radio UNO Digital\",\"isPartOf\":{\"@id\":\"https:\\\/\\\/radiounodigital.com\\\/web\\\/#website\"},\"primaryImageOfPage\":{\"@id\":\"https:\\\/\\\/radiounodigital.com\\\/web\\\/2024\\\/02\\\/19\\\/esta-bon-scott-en-el-camino-al-infierno\\\/#primaryimage\"},\"image\":{\"@id\":\"https:\\\/\\\/radiounodigital.com\\\/web\\\/2024\\\/02\\\/19\\\/esta-bon-scott-en-el-camino-al-infierno\\\/#primaryimage\"},\"thumbnailUrl\":\"https:\\\/\\\/radiounodigital.com\\\/web\\\/wp-content\\\/uploads\\\/2020\\\/02\\\/bon-scott-nota.jpg\",\"datePublished\":\"2024-02-19T17:48:59+00:00\",\"author\":{\"@id\":\"https:\\\/\\\/radiounodigital.com\\\/web\\\/#\\\/schema\\\/person\\\/00b93151fa54f619ecf9c183d1fc9758\"},\"description\":\"\u00bfBon Scott se dirige realmente al infierno? Un d\u00eda como hoy se iba hace 44 a\u00f1os el l\u00edder de AC\\\/DC y que dejara una huella imborrable.\",\"breadcrumb\":{\"@id\":\"https:\\\/\\\/radiounodigital.com\\\/web\\\/2024\\\/02\\\/19\\\/esta-bon-scott-en-el-camino-al-infierno\\\/#breadcrumb\"},\"inLanguage\":\"es\",\"potentialAction\":[{\"@type\":\"ReadAction\",\"target\":[\"https:\\\/\\\/radiounodigital.com\\\/web\\\/2024\\\/02\\\/19\\\/esta-bon-scott-en-el-camino-al-infierno\\\/\"]}]},{\"@type\":\"ImageObject\",\"inLanguage\":\"es\",\"@id\":\"https:\\\/\\\/radiounodigital.com\\\/web\\\/2024\\\/02\\\/19\\\/esta-bon-scott-en-el-camino-al-infierno\\\/#primaryimage\",\"url\":\"https:\\\/\\\/radiounodigital.com\\\/web\\\/wp-content\\\/uploads\\\/2020\\\/02\\\/bon-scott-nota.jpg\",\"contentUrl\":\"https:\\\/\\\/radiounodigital.com\\\/web\\\/wp-content\\\/uploads\\\/2020\\\/02\\\/bon-scott-nota.jpg\",\"width\":1200,\"height\":800},{\"@type\":\"BreadcrumbList\",\"@id\":\"https:\\\/\\\/radiounodigital.com\\\/web\\\/2024\\\/02\\\/19\\\/esta-bon-scott-en-el-camino-al-infierno\\\/#breadcrumb\",\"itemListElement\":[{\"@type\":\"ListItem\",\"position\":1,\"name\":\"Home\",\"item\":\"https:\\\/\\\/radiounodigital.com\\\/web\\\/\"},{\"@type\":\"ListItem\",\"position\":2,\"name\":\"\u00bfEsta Bon Scott en el camino al infierno?\"}]},{\"@type\":\"WebSite\",\"@id\":\"https:\\\/\\\/radiounodigital.com\\\/web\\\/#website\",\"url\":\"https:\\\/\\\/radiounodigital.com\\\/web\\\/\",\"name\":\"Radio UNO Digital\",\"description\":\"Donde la cultura del rock se siente\",\"potentialAction\":[{\"@type\":\"SearchAction\",\"target\":{\"@type\":\"EntryPoint\",\"urlTemplate\":\"https:\\\/\\\/radiounodigital.com\\\/web\\\/?s={search_term_string}\"},\"query-input\":{\"@type\":\"PropertyValueSpecification\",\"valueRequired\":true,\"valueName\":\"search_term_string\"}}],\"inLanguage\":\"es\"},{\"@type\":\"Person\",\"@id\":\"https:\\\/\\\/radiounodigital.com\\\/web\\\/#\\\/schema\\\/person\\\/00b93151fa54f619ecf9c183d1fc9758\",\"name\":\"diegoc\",\"image\":{\"@type\":\"ImageObject\",\"inLanguage\":\"es\",\"@id\":\"https:\\\/\\\/secure.gravatar.com\\\/avatar\\\/0a67041d44c702fb0660d81a5a32c7ce6007341cf92afeb718b75883bf415864?s=96&d=blank&r=g\",\"url\":\"https:\\\/\\\/secure.gravatar.com\\\/avatar\\\/0a67041d44c702fb0660d81a5a32c7ce6007341cf92afeb718b75883bf415864?s=96&d=blank&r=g\",\"contentUrl\":\"https:\\\/\\\/secure.gravatar.com\\\/avatar\\\/0a67041d44c702fb0660d81a5a32c7ce6007341cf92afeb718b75883bf415864?s=96&d=blank&r=g\",\"caption\":\"diegoc\"},\"url\":\"https:\\\/\\\/radiounodigital.com\\\/web\\\/author\\\/diegoc\\\/\"}]}<\/script>\n<!-- \/ Yoast SEO plugin. -->","yoast_head_json":{"title":"\u00bfEsta Bon Scott en el camino al infierno? - Radio UNO Digital","description":"\u00bfBon Scott se dirige realmente al infierno? Un d\u00eda como hoy se iba hace 44 a\u00f1os el l\u00edder de AC\/DC y que dejara una huella imborrable.","robots":{"index":"index","follow":"follow","max-snippet":"max-snippet:-1","max-image-preview":"max-image-preview:large","max-video-preview":"max-video-preview:-1"},"canonical":"https:\/\/radiounodigital.com\/web\/2024\/02\/19\/esta-bon-scott-en-el-camino-al-infierno\/","og_locale":"es_ES","og_type":"article","og_title":"\u00bfEsta Bon Scott en el camino al infierno? - Radio UNO Digital","og_description":"\u00bfBon Scott se dirige realmente al infierno? Un d\u00eda como hoy se iba hace 44 a\u00f1os el l\u00edder de AC\/DC y que dejara una huella imborrable.","og_url":"https:\/\/radiounodigital.com\/web\/2024\/02\/19\/esta-bon-scott-en-el-camino-al-infierno\/","og_site_name":"Radio UNO Digital","article_published_time":"2024-02-19T17:48:59+00:00","og_image":[{"width":1200,"height":800,"url":"https:\/\/radiounodigital.com\/web\/wp-content\/uploads\/2020\/02\/bon-scott-nota.jpg","type":"image\/jpeg"}],"author":"diegoc","twitter_card":"summary_large_image","twitter_misc":{"Escrito por":"diegoc","Tiempo de lectura":"1 minuto"},"schema":{"@context":"https:\/\/schema.org","@graph":[{"@type":"Article","@id":"https:\/\/radiounodigital.com\/web\/2024\/02\/19\/esta-bon-scott-en-el-camino-al-infierno\/#article","isPartOf":{"@id":"https:\/\/radiounodigital.com\/web\/2024\/02\/19\/esta-bon-scott-en-el-camino-al-infierno\/"},"author":{"name":"diegoc","@id":"https:\/\/radiounodigital.com\/web\/#\/schema\/person\/00b93151fa54f619ecf9c183d1fc9758"},"headline":"\u00bfEsta Bon Scott en el camino al infierno?","datePublished":"2024-02-19T17:48:59+00:00","mainEntityOfPage":{"@id":"https:\/\/radiounodigital.com\/web\/2024\/02\/19\/esta-bon-scott-en-el-camino-al-infierno\/"},"wordCount":95,"image":{"@id":"https:\/\/radiounodigital.com\/web\/2024\/02\/19\/esta-bon-scott-en-el-camino-al-infierno\/#primaryimage"},"thumbnailUrl":"https:\/\/radiounodigital.com\/web\/wp-content\/uploads\/2020\/02\/bon-scott-nota.jpg","keywords":["AC\/DC","aniversario","BON SCOTT","muerte"],"articleSection":["1001 Canciones","lo nuevo","news"],"inLanguage":"es"},{"@type":"WebPage","@id":"https:\/\/radiounodigital.com\/web\/2024\/02\/19\/esta-bon-scott-en-el-camino-al-infierno\/","url":"https:\/\/radiounodigital.com\/web\/2024\/02\/19\/esta-bon-scott-en-el-camino-al-infierno\/","name":"\u00bfEsta Bon Scott en el camino al infierno? - Radio UNO Digital","isPartOf":{"@id":"https:\/\/radiounodigital.com\/web\/#website"},"primaryImageOfPage":{"@id":"https:\/\/radiounodigital.com\/web\/2024\/02\/19\/esta-bon-scott-en-el-camino-al-infierno\/#primaryimage"},"image":{"@id":"https:\/\/radiounodigital.com\/web\/2024\/02\/19\/esta-bon-scott-en-el-camino-al-infierno\/#primaryimage"},"thumbnailUrl":"https:\/\/radiounodigital.com\/web\/wp-content\/uploads\/2020\/02\/bon-scott-nota.jpg","datePublished":"2024-02-19T17:48:59+00:00","author":{"@id":"https:\/\/radiounodigital.com\/web\/#\/schema\/person\/00b93151fa54f619ecf9c183d1fc9758"},"description":"\u00bfBon Scott se dirige realmente al infierno? Un d\u00eda como hoy se iba hace 44 a\u00f1os el l\u00edder de AC\/DC y que dejara una huella imborrable.","breadcrumb":{"@id":"https:\/\/radiounodigital.com\/web\/2024\/02\/19\/esta-bon-scott-en-el-camino-al-infierno\/#breadcrumb"},"inLanguage":"es","potentialAction":[{"@type":"ReadAction","target":["https:\/\/radiounodigital.com\/web\/2024\/02\/19\/esta-bon-scott-en-el-camino-al-infierno\/"]}]},{"@type":"ImageObject","inLanguage":"es","@id":"https:\/\/radiounodigital.com\/web\/2024\/02\/19\/esta-bon-scott-en-el-camino-al-infierno\/#primaryimage","url":"https:\/\/radiounodigital.com\/web\/wp-content\/uploads\/2020\/02\/bon-scott-nota.jpg","contentUrl":"https:\/\/radiounodigital.com\/web\/wp-content\/uploads\/2020\/02\/bon-scott-nota.jpg","width":1200,"height":800},{"@type":"BreadcrumbList","@id":"https:\/\/radiounodigital.com\/web\/2024\/02\/19\/esta-bon-scott-en-el-camino-al-infierno\/#breadcrumb","itemListElement":[{"@type":"ListItem","position":1,"name":"Home","item":"https:\/\/radiounodigital.com\/web\/"},{"@type":"ListItem","position":2,"name":"\u00bfEsta Bon Scott en el camino al infierno?"}]},{"@type":"WebSite","@id":"https:\/\/radiounodigital.com\/web\/#website","url":"https:\/\/radiounodigital.com\/web\/","name":"Radio UNO Digital","description":"Donde la cultura del rock se siente","potentialAction":[{"@type":"SearchAction","target":{"@type":"EntryPoint","urlTemplate":"https:\/\/radiounodigital.com\/web\/?s={search_term_string}"},"query-input":{"@type":"PropertyValueSpecification","valueRequired":true,"valueName":"search_term_string"}}],"inLanguage":"es"},{"@type":"Person","@id":"https:\/\/radiounodigital.com\/web\/#\/schema\/person\/00b93151fa54f619ecf9c183d1fc9758","name":"diegoc","image":{"@type":"ImageObject","inLanguage":"es","@id":"https:\/\/secure.gravatar.com\/avatar\/0a67041d44c702fb0660d81a5a32c7ce6007341cf92afeb718b75883bf415864?s=96&d=blank&r=g","url":"https:\/\/secure.gravatar.com\/avatar\/0a67041d44c702fb0660d81a5a32c7ce6007341cf92afeb718b75883bf415864?s=96&d=blank&r=g","contentUrl":"https:\/\/secure.gravatar.com\/avatar\/0a67041d44c702fb0660d81a5a32c7ce6007341cf92afeb718b75883bf415864?s=96&d=blank&r=g","caption":"diegoc"},"url":"https:\/\/radiounodigital.com\/web\/author\/diegoc\/"}]}},"_links":{"self":[{"href":"https:\/\/radiounodigital.com\/web\/wp-json\/wp\/v2\/posts\/6969","targetHints":{"allow":["GET"]}}],"collection":[{"href":"https:\/\/radiounodigital.com\/web\/wp-json\/wp\/v2\/posts"}],"about":[{"href":"https:\/\/radiounodigital.com\/web\/wp-json\/wp\/v2\/types\/post"}],"author":[{"embeddable":true,"href":"https:\/\/radiounodigital.com\/web\/wp-json\/wp\/v2\/users\/1"}],"replies":[{"embeddable":true,"href":"https:\/\/radiounodigital.com\/web\/wp-json\/wp\/v2\/comments?post=6969"}],"version-history":[{"count":1,"href":"https:\/\/radiounodigital.com\/web\/wp-json\/wp\/v2\/posts\/6969\/revisions"}],"predecessor-version":[{"id":6970,"href":"https:\/\/radiounodigital.com\/web\/wp-json\/wp\/v2\/posts\/6969\/revisions\/6970"}],"wp:featuredmedia":[{"embeddable":true,"href":"https:\/\/radiounodigital.com\/web\/wp-json\/wp\/v2\/media\/3540"}],"wp:attachment":[{"href":"https:\/\/radiounodigital.com\/web\/wp-json\/wp\/v2\/media?parent=6969"}],"wp:term":[{"taxonomy":"category","embeddable":true,"href":"https:\/\/radiounodigital.com\/web\/wp-json\/wp\/v2\/categories?post=6969"},{"taxonomy":"post_tag","embeddable":true,"href":"https:\/\/radiounodigital.com\/web\/wp-json\/wp\/v2\/tags?post=6969"}],"curies":[{"name":"wp","href":"https:\/\/api.w.org\/{rel}","templated":true}]}}