{"id":7142,"date":"2025-04-05T17:47:25","date_gmt":"2025-04-05T20:47:25","guid":{"rendered":"https:\/\/radiounodigital.com\/web\/?p=7142"},"modified":"2025-04-05T17:51:41","modified_gmt":"2025-04-05T20:51:41","slug":"kurt-cobain-31-anos-de-un-legado-que-marco-la-historia-del-rock","status":"publish","type":"post","link":"https:\/\/radiounodigital.com\/web\/2025\/04\/05\/kurt-cobain-31-anos-de-un-legado-que-marco-la-historia-del-rock\/","title":{"rendered":"Kurt Cobain: 31 a\u00f1os de un legado que marc\u00f3 la historia del rock"},"content":{"rendered":"<h2 data-start=\"69\" data-end=\"431\">Hoy 5 de abril se cumplen 31 a\u00f1os de la tr\u00e1gica partida de Kurt Cobain, uno de los artistas que redefini\u00f3 por completo la escena musical de los a\u00f1os noventa.<\/h2>\n<p class=\"\" data-start=\"69\" data-end=\"431\">Desde sus primeros pasos en Aberdeen, Washington, hasta su consagraci\u00f3n mundial con Nirvana, Cobain se convirti\u00f3 en el s\u00edmbolo de una generaci\u00f3n que buscaba una voz aut\u00e9ntica y desencantada con el sistema.<\/p>\n<h3 class=\"\" data-start=\"433\" data-end=\"466\">Una voz que rompi\u00f3 esquemas<\/h3>\n<p class=\"\" data-start=\"467\" data-end=\"946\">Kurt Cobain naci\u00f3 el 20 de febrero de 1967 en Aberdeen. Su pasi\u00f3n por la m\u00fasica se gest\u00f3 a temprana edad, influenciada por el punk, el rock cl\u00e1sico y la necesidad de expresar sus sentimientos. En 1987, junto a Krist Novoselic, form\u00f3 <a href=\"https:\/\/www.nirvana.com\/\">Nirvana<\/a>, banda que pronto se transformar\u00eda en la punta de lanza del movimiento grunge. Con un sonido crudo y letras que reflejaban la frustraci\u00f3n y la rabia de toda una generaci\u00f3n, Nirvana cambi\u00f3 la forma en que el mundo ve\u00eda el rock alternativo.<\/p>\n<p class=\"\" data-start=\"948\" data-end=\"1423\">El \u00e1lbum <strong data-start=\"957\" data-end=\"972\">\u201cNevermind\u201d<\/strong> (1991) fue el golpe definitivo: con temas como \u201cSmells Like Teen Spirit\u201d, Nirvana pas\u00f3 de ser un grupo indie a ocupar los primeros puestos de popularidad. Pero m\u00e1s all\u00e1 de los hits, la banda se caracteriz\u00f3 por su sencillez en la instrumentaci\u00f3n, por una producci\u00f3n deliberadamente sucia y por la honestidad emocional de Cobain. Su voz, a veces mel\u00f3dica y otras desgarradora, se convirti\u00f3 en un \u00edcono que influir\u00eda a centenares de m\u00fasicos posteriores.<\/p>\n<h3 class=\"\" data-start=\"1425\" data-end=\"1455\">Una filosof\u00eda de ruptura<\/h3>\n<p class=\"\" data-start=\"1456\" data-end=\"1848\">Cobain no solo revolucion\u00f3 la m\u00fasica, sino tambi\u00e9n la manera de entender la fama. La banda se mostraba contraria a los lujos y la sobreexposici\u00f3n medi\u00e1tica. Con su arte, Kurt denunciaba la superficialidad de la industria, la hipocres\u00eda y la desconexi\u00f3n social. Su lucha con la presi\u00f3n del estrellato, sus problemas de salud y las adicciones terminaron jugando un rol dram\u00e1tico en su historia.<\/p>\n<p class=\"\" data-start=\"1850\" data-end=\"2193\">La noticia de la muerte de Kurt Cobain, el 5 de abril de 1994, estremeci\u00f3 al mundo y dej\u00f3 en evidencia la fragilidad de un joven que, a pesar de su genialidad, no logr\u00f3 manejar el peso de su propia influencia. Hoy, tres d\u00e9cadas despu\u00e9s, su legado sigue vivo en cada riff, en cada letra y en el impacto que tuvo en el rock de todos los tiempos.<\/p>\n<hr class=\"\" data-start=\"2195\" data-end=\"2198\" \/>\n<h2 class=\"\" data-start=\"2200\" data-end=\"2231\">Playlist esencial de Nirvana<\/h2>\n<p class=\"\" data-start=\"2233\" data-end=\"2419\">Para recordar a Kurt Cobain y a su banda, proponemos un <strong data-start=\"2289\" data-end=\"2301\">playlist<\/strong> que incluye tanto \u00e9xitos masivos como temas no tan populares, pero igualmente relevantes en la evoluci\u00f3n de la banda.<\/p>\n<p data-start=\"2233\" data-end=\"2419\"><iframe loading=\"lazy\" style=\"border-radius: 12px;\" src=\"https:\/\/open.spotify.com\/embed\/playlist\/14HvXrKN4nXGpN8Mb1QzDj?utm_source=generator\" width=\"100%\" height=\"352\" frameborder=\"0\" allowfullscreen=\"allowfullscreen\"><\/iframe><\/p>\n<p data-start=\"2233\" data-end=\"2419\">Diego C<\/p>\n<p data-start=\"2233\" data-end=\"2419\">Radio UNO Digital<\/p>\n<div class=\"fb-background-color\">\n\t\t\t  <div \n\t\t\t  \tclass = \"fb-comments\" \n\t\t\t  \tdata-href = \"https:\/\/radiounodigital.com\/web\/2025\/04\/05\/kurt-cobain-31-anos-de-un-legado-que-marco-la-historia-del-rock\/\"\n\t\t\t  \tdata-numposts = \"10\"\n\t\t\t  \tdata-lazy = \"true\"\n\t\t\t\tdata-colorscheme = \"dark\"\n\t\t\t\tdata-order-by = \"reverse_time\"\n\t\t\t\tdata-mobile=true>\n\t\t\t  <\/div><\/div>\n\t\t  <style>\n\t\t    .fb-background-color {\n\t\t\t\tbackground: #ffffff !important;\n\t\t\t}\n\t\t\t.fb_iframe_widget_fluid_desktop iframe {\n\t\t\t    width: 100% !important;\n\t\t\t}\n\t\t  <\/style>\n\t\t  ","protected":false},"excerpt":{"rendered":"<p>Hoy 5 de abril se cumplen 31 a\u00f1os de la tr\u00e1gica partida de Kurt Cobain, uno de los artistas que redefini\u00f3 por completo la escena musical de los a\u00f1os noventa. Desde sus primeros pasos en Aberdeen, Washington, hasta su consagraci\u00f3n mundial con Nirvana, Cobain se convirti\u00f3 en el s\u00edmbolo de una generaci\u00f3n que buscaba una&#8230; <a href=\"https:\/\/radiounodigital.com\/web\/2025\/04\/05\/kurt-cobain-31-anos-de-un-legado-que-marco-la-historia-del-rock\/\" class=\"excerpt-read-more\">Read More<\/a><\/p>\n","protected":false},"author":1,"featured_media":7146,"comment_status":"closed","ping_status":"open","sticky":false,"template":"","format":"standard","meta":{"footnotes":""},"categories":[180,128],"tags":[2154,2159,2163,2160,2156,740,2161,2157,2153,2155,463,2158,201,2146,2162],"class_list":["post-7142","post","type-post","status-publish","format-standard","has-post-thumbnail","hentry","category-news","category-rock-clasico","tag-aniversario-de-kurt-cobain","tag-canciones-de-nirvana","tag-critica-musical","tag-cultura-grunge","tag-in-utero","tag-kurt-cobain","tag-kurt-cobain-biografia","tag-legado-de-nirvana","tag-musica-grunge","tag-nevermind","tag-nirvana","tag-playlist-esencial","tag-radio-uno-digital","tag-rock-alternativo","tag-rock-de-los-90"],"yoast_head":"<!-- This site is optimized with the Yoast SEO plugin v27.4 - https:\/\/yoast.com\/product\/yoast-seo-wordpress\/ -->\n<title>Kurt Cobain: 31 a\u00f1os de un legado que marc\u00f3 la historia del rock - Radio UNO Digital<\/title>\n<meta name=\"description\" content=\"A 31 a\u00f1os de su partida, Kurt Cobain y Nirvana siguen marcando la historia del rock con su legado. Descubre su esencia y una playlist esencia\" \/>\n<meta name=\"robots\" content=\"index, follow, max-snippet:-1, max-image-preview:large, max-video-preview:-1\" \/>\n<link rel=\"canonical\" href=\"https:\/\/radiounodigital.com\/web\/2025\/04\/05\/kurt-cobain-31-anos-de-un-legado-que-marco-la-historia-del-rock\/\" \/>\n<meta property=\"og:locale\" content=\"es_ES\" \/>\n<meta property=\"og:type\" content=\"article\" \/>\n<meta property=\"og:title\" content=\"Kurt Cobain: 31 a\u00f1os de un legado que marc\u00f3 la historia del rock - Radio UNO Digital\" \/>\n<meta property=\"og:description\" content=\"A 31 a\u00f1os de su partida, Kurt Cobain y Nirvana siguen marcando la historia del rock con su legado. Descubre su esencia y una playlist esencia\" \/>\n<meta property=\"og:url\" content=\"https:\/\/radiounodigital.com\/web\/2025\/04\/05\/kurt-cobain-31-anos-de-un-legado-que-marco-la-historia-del-rock\/\" \/>\n<meta property=\"og:site_name\" content=\"Radio UNO Digital\" \/>\n<meta property=\"article:published_time\" content=\"2025-04-05T20:47:25+00:00\" \/>\n<meta property=\"article:modified_time\" content=\"2025-04-05T20:51:41+00:00\" \/>\n<meta property=\"og:image\" content=\"https:\/\/radiounodigital.com\/web\/wp-content\/uploads\/2025\/04\/Kurt-Cobain-Foto-Getty.jpg\" \/>\n\t<meta property=\"og:image:width\" content=\"820\" \/>\n\t<meta property=\"og:image:height\" content=\"547\" \/>\n\t<meta property=\"og:image:type\" content=\"image\/jpeg\" \/>\n<meta name=\"author\" content=\"diegoc\" \/>\n<meta name=\"twitter:card\" content=\"summary_large_image\" \/>\n<meta name=\"twitter:label1\" content=\"Escrito por\" \/>\n\t<meta name=\"twitter:data1\" content=\"diegoc\" \/>\n\t<meta name=\"twitter:label2\" content=\"Tiempo de lectura\" \/>\n\t<meta name=\"twitter:data2\" content=\"3 minutos\" \/>\n<script type=\"application\/ld+json\" class=\"yoast-schema-graph\">{\"@context\":\"https:\\\/\\\/schema.org\",\"@graph\":[{\"@type\":\"Article\",\"@id\":\"https:\\\/\\\/radiounodigital.com\\\/web\\\/2025\\\/04\\\/05\\\/kurt-cobain-31-anos-de-un-legado-que-marco-la-historia-del-rock\\\/#article\",\"isPartOf\":{\"@id\":\"https:\\\/\\\/radiounodigital.com\\\/web\\\/2025\\\/04\\\/05\\\/kurt-cobain-31-anos-de-un-legado-que-marco-la-historia-del-rock\\\/\"},\"author\":{\"name\":\"diegoc\",\"@id\":\"https:\\\/\\\/radiounodigital.com\\\/web\\\/#\\\/schema\\\/person\\\/00b93151fa54f619ecf9c183d1fc9758\"},\"headline\":\"Kurt Cobain: 31 a\u00f1os de un legado que marc\u00f3 la historia del rock\",\"datePublished\":\"2025-04-05T20:47:25+00:00\",\"dateModified\":\"2025-04-05T20:51:41+00:00\",\"mainEntityOfPage\":{\"@id\":\"https:\\\/\\\/radiounodigital.com\\\/web\\\/2025\\\/04\\\/05\\\/kurt-cobain-31-anos-de-un-legado-que-marco-la-historia-del-rock\\\/\"},\"wordCount\":442,\"image\":{\"@id\":\"https:\\\/\\\/radiounodigital.com\\\/web\\\/2025\\\/04\\\/05\\\/kurt-cobain-31-anos-de-un-legado-que-marco-la-historia-del-rock\\\/#primaryimage\"},\"thumbnailUrl\":\"https:\\\/\\\/radiounodigital.com\\\/web\\\/wp-content\\\/uploads\\\/2025\\\/04\\\/Kurt-Cobain-Foto-Getty.jpg\",\"keywords\":[\"aniversario de kurt cobain\",\"canciones de nirvana\",\"cr\u00edtica musical\",\"cultura grunge\",\"in utero\",\"kurt cobain\",\"kurt cobain biograf\u00eda\",\"legado de nirvana\",\"m\u00fasica grunge\",\"nevermind\",\"nirvana\",\"playlist esencial\",\"radio uno digital\",\"rock alternativo\",\"rock de los 90\"],\"articleSection\":[\"news\",\"Rock Clasico\"],\"inLanguage\":\"es\"},{\"@type\":\"WebPage\",\"@id\":\"https:\\\/\\\/radiounodigital.com\\\/web\\\/2025\\\/04\\\/05\\\/kurt-cobain-31-anos-de-un-legado-que-marco-la-historia-del-rock\\\/\",\"url\":\"https:\\\/\\\/radiounodigital.com\\\/web\\\/2025\\\/04\\\/05\\\/kurt-cobain-31-anos-de-un-legado-que-marco-la-historia-del-rock\\\/\",\"name\":\"Kurt Cobain: 31 a\u00f1os de un legado que marc\u00f3 la historia del rock - Radio UNO Digital\",\"isPartOf\":{\"@id\":\"https:\\\/\\\/radiounodigital.com\\\/web\\\/#website\"},\"primaryImageOfPage\":{\"@id\":\"https:\\\/\\\/radiounodigital.com\\\/web\\\/2025\\\/04\\\/05\\\/kurt-cobain-31-anos-de-un-legado-que-marco-la-historia-del-rock\\\/#primaryimage\"},\"image\":{\"@id\":\"https:\\\/\\\/radiounodigital.com\\\/web\\\/2025\\\/04\\\/05\\\/kurt-cobain-31-anos-de-un-legado-que-marco-la-historia-del-rock\\\/#primaryimage\"},\"thumbnailUrl\":\"https:\\\/\\\/radiounodigital.com\\\/web\\\/wp-content\\\/uploads\\\/2025\\\/04\\\/Kurt-Cobain-Foto-Getty.jpg\",\"datePublished\":\"2025-04-05T20:47:25+00:00\",\"dateModified\":\"2025-04-05T20:51:41+00:00\",\"author\":{\"@id\":\"https:\\\/\\\/radiounodigital.com\\\/web\\\/#\\\/schema\\\/person\\\/00b93151fa54f619ecf9c183d1fc9758\"},\"description\":\"A 31 a\u00f1os de su partida, Kurt Cobain y Nirvana siguen marcando la historia del rock con su legado. Descubre su esencia y una playlist esencia\",\"breadcrumb\":{\"@id\":\"https:\\\/\\\/radiounodigital.com\\\/web\\\/2025\\\/04\\\/05\\\/kurt-cobain-31-anos-de-un-legado-que-marco-la-historia-del-rock\\\/#breadcrumb\"},\"inLanguage\":\"es\",\"potentialAction\":[{\"@type\":\"ReadAction\",\"target\":[\"https:\\\/\\\/radiounodigital.com\\\/web\\\/2025\\\/04\\\/05\\\/kurt-cobain-31-anos-de-un-legado-que-marco-la-historia-del-rock\\\/\"]}]},{\"@type\":\"ImageObject\",\"inLanguage\":\"es\",\"@id\":\"https:\\\/\\\/radiounodigital.com\\\/web\\\/2025\\\/04\\\/05\\\/kurt-cobain-31-anos-de-un-legado-que-marco-la-historia-del-rock\\\/#primaryimage\",\"url\":\"https:\\\/\\\/radiounodigital.com\\\/web\\\/wp-content\\\/uploads\\\/2025\\\/04\\\/Kurt-Cobain-Foto-Getty.jpg\",\"contentUrl\":\"https:\\\/\\\/radiounodigital.com\\\/web\\\/wp-content\\\/uploads\\\/2025\\\/04\\\/Kurt-Cobain-Foto-Getty.jpg\",\"width\":820,\"height\":547},{\"@type\":\"BreadcrumbList\",\"@id\":\"https:\\\/\\\/radiounodigital.com\\\/web\\\/2025\\\/04\\\/05\\\/kurt-cobain-31-anos-de-un-legado-que-marco-la-historia-del-rock\\\/#breadcrumb\",\"itemListElement\":[{\"@type\":\"ListItem\",\"position\":1,\"name\":\"Home\",\"item\":\"https:\\\/\\\/radiounodigital.com\\\/web\\\/\"},{\"@type\":\"ListItem\",\"position\":2,\"name\":\"Kurt Cobain: 31 a\u00f1os de un legado que marc\u00f3 la historia del rock\"}]},{\"@type\":\"WebSite\",\"@id\":\"https:\\\/\\\/radiounodigital.com\\\/web\\\/#website\",\"url\":\"https:\\\/\\\/radiounodigital.com\\\/web\\\/\",\"name\":\"Radio UNO Digital\",\"description\":\"Donde la cultura del rock se siente\",\"potentialAction\":[{\"@type\":\"SearchAction\",\"target\":{\"@type\":\"EntryPoint\",\"urlTemplate\":\"https:\\\/\\\/radiounodigital.com\\\/web\\\/?s={search_term_string}\"},\"query-input\":{\"@type\":\"PropertyValueSpecification\",\"valueRequired\":true,\"valueName\":\"search_term_string\"}}],\"inLanguage\":\"es\"},{\"@type\":\"Person\",\"@id\":\"https:\\\/\\\/radiounodigital.com\\\/web\\\/#\\\/schema\\\/person\\\/00b93151fa54f619ecf9c183d1fc9758\",\"name\":\"diegoc\",\"image\":{\"@type\":\"ImageObject\",\"inLanguage\":\"es\",\"@id\":\"https:\\\/\\\/secure.gravatar.com\\\/avatar\\\/0a67041d44c702fb0660d81a5a32c7ce6007341cf92afeb718b75883bf415864?s=96&d=blank&r=g\",\"url\":\"https:\\\/\\\/secure.gravatar.com\\\/avatar\\\/0a67041d44c702fb0660d81a5a32c7ce6007341cf92afeb718b75883bf415864?s=96&d=blank&r=g\",\"contentUrl\":\"https:\\\/\\\/secure.gravatar.com\\\/avatar\\\/0a67041d44c702fb0660d81a5a32c7ce6007341cf92afeb718b75883bf415864?s=96&d=blank&r=g\",\"caption\":\"diegoc\"},\"url\":\"https:\\\/\\\/radiounodigital.com\\\/web\\\/author\\\/diegoc\\\/\"}]}<\/script>\n<!-- \/ Yoast SEO plugin. -->","yoast_head_json":{"title":"Kurt Cobain: 31 a\u00f1os de un legado que marc\u00f3 la historia del rock - Radio UNO Digital","description":"A 31 a\u00f1os de su partida, Kurt Cobain y Nirvana siguen marcando la historia del rock con su legado. Descubre su esencia y una playlist esencia","robots":{"index":"index","follow":"follow","max-snippet":"max-snippet:-1","max-image-preview":"max-image-preview:large","max-video-preview":"max-video-preview:-1"},"canonical":"https:\/\/radiounodigital.com\/web\/2025\/04\/05\/kurt-cobain-31-anos-de-un-legado-que-marco-la-historia-del-rock\/","og_locale":"es_ES","og_type":"article","og_title":"Kurt Cobain: 31 a\u00f1os de un legado que marc\u00f3 la historia del rock - Radio UNO Digital","og_description":"A 31 a\u00f1os de su partida, Kurt Cobain y Nirvana siguen marcando la historia del rock con su legado. Descubre su esencia y una playlist esencia","og_url":"https:\/\/radiounodigital.com\/web\/2025\/04\/05\/kurt-cobain-31-anos-de-un-legado-que-marco-la-historia-del-rock\/","og_site_name":"Radio UNO Digital","article_published_time":"2025-04-05T20:47:25+00:00","article_modified_time":"2025-04-05T20:51:41+00:00","og_image":[{"width":820,"height":547,"url":"https:\/\/radiounodigital.com\/web\/wp-content\/uploads\/2025\/04\/Kurt-Cobain-Foto-Getty.jpg","type":"image\/jpeg"}],"author":"diegoc","twitter_card":"summary_large_image","twitter_misc":{"Escrito por":"diegoc","Tiempo de lectura":"3 minutos"},"schema":{"@context":"https:\/\/schema.org","@graph":[{"@type":"Article","@id":"https:\/\/radiounodigital.com\/web\/2025\/04\/05\/kurt-cobain-31-anos-de-un-legado-que-marco-la-historia-del-rock\/#article","isPartOf":{"@id":"https:\/\/radiounodigital.com\/web\/2025\/04\/05\/kurt-cobain-31-anos-de-un-legado-que-marco-la-historia-del-rock\/"},"author":{"name":"diegoc","@id":"https:\/\/radiounodigital.com\/web\/#\/schema\/person\/00b93151fa54f619ecf9c183d1fc9758"},"headline":"Kurt Cobain: 31 a\u00f1os de un legado que marc\u00f3 la historia del rock","datePublished":"2025-04-05T20:47:25+00:00","dateModified":"2025-04-05T20:51:41+00:00","mainEntityOfPage":{"@id":"https:\/\/radiounodigital.com\/web\/2025\/04\/05\/kurt-cobain-31-anos-de-un-legado-que-marco-la-historia-del-rock\/"},"wordCount":442,"image":{"@id":"https:\/\/radiounodigital.com\/web\/2025\/04\/05\/kurt-cobain-31-anos-de-un-legado-que-marco-la-historia-del-rock\/#primaryimage"},"thumbnailUrl":"https:\/\/radiounodigital.com\/web\/wp-content\/uploads\/2025\/04\/Kurt-Cobain-Foto-Getty.jpg","keywords":["aniversario de kurt cobain","canciones de nirvana","cr\u00edtica musical","cultura grunge","in utero","kurt cobain","kurt cobain biograf\u00eda","legado de nirvana","m\u00fasica grunge","nevermind","nirvana","playlist esencial","radio uno digital","rock alternativo","rock de los 90"],"articleSection":["news","Rock Clasico"],"inLanguage":"es"},{"@type":"WebPage","@id":"https:\/\/radiounodigital.com\/web\/2025\/04\/05\/kurt-cobain-31-anos-de-un-legado-que-marco-la-historia-del-rock\/","url":"https:\/\/radiounodigital.com\/web\/2025\/04\/05\/kurt-cobain-31-anos-de-un-legado-que-marco-la-historia-del-rock\/","name":"Kurt Cobain: 31 a\u00f1os de un legado que marc\u00f3 la historia del rock - Radio UNO Digital","isPartOf":{"@id":"https:\/\/radiounodigital.com\/web\/#website"},"primaryImageOfPage":{"@id":"https:\/\/radiounodigital.com\/web\/2025\/04\/05\/kurt-cobain-31-anos-de-un-legado-que-marco-la-historia-del-rock\/#primaryimage"},"image":{"@id":"https:\/\/radiounodigital.com\/web\/2025\/04\/05\/kurt-cobain-31-anos-de-un-legado-que-marco-la-historia-del-rock\/#primaryimage"},"thumbnailUrl":"https:\/\/radiounodigital.com\/web\/wp-content\/uploads\/2025\/04\/Kurt-Cobain-Foto-Getty.jpg","datePublished":"2025-04-05T20:47:25+00:00","dateModified":"2025-04-05T20:51:41+00:00","author":{"@id":"https:\/\/radiounodigital.com\/web\/#\/schema\/person\/00b93151fa54f619ecf9c183d1fc9758"},"description":"A 31 a\u00f1os de su partida, Kurt Cobain y Nirvana siguen marcando la historia del rock con su legado. Descubre su esencia y una playlist esencia","breadcrumb":{"@id":"https:\/\/radiounodigital.com\/web\/2025\/04\/05\/kurt-cobain-31-anos-de-un-legado-que-marco-la-historia-del-rock\/#breadcrumb"},"inLanguage":"es","potentialAction":[{"@type":"ReadAction","target":["https:\/\/radiounodigital.com\/web\/2025\/04\/05\/kurt-cobain-31-anos-de-un-legado-que-marco-la-historia-del-rock\/"]}]},{"@type":"ImageObject","inLanguage":"es","@id":"https:\/\/radiounodigital.com\/web\/2025\/04\/05\/kurt-cobain-31-anos-de-un-legado-que-marco-la-historia-del-rock\/#primaryimage","url":"https:\/\/radiounodigital.com\/web\/wp-content\/uploads\/2025\/04\/Kurt-Cobain-Foto-Getty.jpg","contentUrl":"https:\/\/radiounodigital.com\/web\/wp-content\/uploads\/2025\/04\/Kurt-Cobain-Foto-Getty.jpg","width":820,"height":547},{"@type":"BreadcrumbList","@id":"https:\/\/radiounodigital.com\/web\/2025\/04\/05\/kurt-cobain-31-anos-de-un-legado-que-marco-la-historia-del-rock\/#breadcrumb","itemListElement":[{"@type":"ListItem","position":1,"name":"Home","item":"https:\/\/radiounodigital.com\/web\/"},{"@type":"ListItem","position":2,"name":"Kurt Cobain: 31 a\u00f1os de un legado que marc\u00f3 la historia del rock"}]},{"@type":"WebSite","@id":"https:\/\/radiounodigital.com\/web\/#website","url":"https:\/\/radiounodigital.com\/web\/","name":"Radio UNO Digital","description":"Donde la cultura del rock se siente","potentialAction":[{"@type":"SearchAction","target":{"@type":"EntryPoint","urlTemplate":"https:\/\/radiounodigital.com\/web\/?s={search_term_string}"},"query-input":{"@type":"PropertyValueSpecification","valueRequired":true,"valueName":"search_term_string"}}],"inLanguage":"es"},{"@type":"Person","@id":"https:\/\/radiounodigital.com\/web\/#\/schema\/person\/00b93151fa54f619ecf9c183d1fc9758","name":"diegoc","image":{"@type":"ImageObject","inLanguage":"es","@id":"https:\/\/secure.gravatar.com\/avatar\/0a67041d44c702fb0660d81a5a32c7ce6007341cf92afeb718b75883bf415864?s=96&d=blank&r=g","url":"https:\/\/secure.gravatar.com\/avatar\/0a67041d44c702fb0660d81a5a32c7ce6007341cf92afeb718b75883bf415864?s=96&d=blank&r=g","contentUrl":"https:\/\/secure.gravatar.com\/avatar\/0a67041d44c702fb0660d81a5a32c7ce6007341cf92afeb718b75883bf415864?s=96&d=blank&r=g","caption":"diegoc"},"url":"https:\/\/radiounodigital.com\/web\/author\/diegoc\/"}]}},"_links":{"self":[{"href":"https:\/\/radiounodigital.com\/web\/wp-json\/wp\/v2\/posts\/7142","targetHints":{"allow":["GET"]}}],"collection":[{"href":"https:\/\/radiounodigital.com\/web\/wp-json\/wp\/v2\/posts"}],"about":[{"href":"https:\/\/radiounodigital.com\/web\/wp-json\/wp\/v2\/types\/post"}],"author":[{"embeddable":true,"href":"https:\/\/radiounodigital.com\/web\/wp-json\/wp\/v2\/users\/1"}],"replies":[{"embeddable":true,"href":"https:\/\/radiounodigital.com\/web\/wp-json\/wp\/v2\/comments?post=7142"}],"version-history":[{"count":4,"href":"https:\/\/radiounodigital.com\/web\/wp-json\/wp\/v2\/posts\/7142\/revisions"}],"predecessor-version":[{"id":7147,"href":"https:\/\/radiounodigital.com\/web\/wp-json\/wp\/v2\/posts\/7142\/revisions\/7147"}],"wp:featuredmedia":[{"embeddable":true,"href":"https:\/\/radiounodigital.com\/web\/wp-json\/wp\/v2\/media\/7146"}],"wp:attachment":[{"href":"https:\/\/radiounodigital.com\/web\/wp-json\/wp\/v2\/media?parent=7142"}],"wp:term":[{"taxonomy":"category","embeddable":true,"href":"https:\/\/radiounodigital.com\/web\/wp-json\/wp\/v2\/categories?post=7142"},{"taxonomy":"post_tag","embeddable":true,"href":"https:\/\/radiounodigital.com\/web\/wp-json\/wp\/v2\/tags?post=7142"}],"curies":[{"name":"wp","href":"https:\/\/api.w.org\/{rel}","templated":true}]}}